{"id":23770,"date":"2020-11-24T21:01:42","date_gmt":"2020-11-24T21:01:42","guid":{"rendered":"http:\/\/historiografija.hr\/?p=23770"},"modified":"2020-11-24T21:02:08","modified_gmt":"2020-11-24T21:02:08","slug":"izlozba-u-gostima-povijesnom-sredistu-zagreba","status":"publish","type":"post","link":"https:\/\/historiografija.hr\/?p=23770","title":{"rendered":"Izlo\u017eba &#8216;U gostima povijesnom sredi\u0161tu Zagreba&#8217;"},"content":{"rendered":"\n<p>Galerija Modulor Centra za kulturu Tre\u0161njevka otvara izlo\u017ebu &#8216;U gostima povijesnom sredi\u0161tu Zagreba&#8217; u srijedu, 25. studenoga, s po\u010detkom u 19 sati. Autorica izlo\u017ebe je Josipa Bla\u017eevi\u0107-Peru\u0161i\u0107, d.i.a. Izlo\u017ebu se mo\u017ee pogledati do 10. prosinca 2020.<\/p>\n\n\n\n<hr class=\"wp-block-separator\"\/>\n\n\n\n<p>Va\u017ena informacija: obzirom na novu odluku sto\u017eera od 20.11. 2020. na otvorenje ne pozivamo goste ve\u0107 \u0107emo otvorenje snimiti. Izlo\u017ebu \u0107e biti mogu\u0107e pogledati od 26. 11.radnim danom od 10 do 14 sati i online, na linku koji dolazi nakon otvorenja.<\/p>\n\n\n\n<hr class=\"wp-block-separator\"\/>\n\n\n\n<p>Izlo\u017eba U GOSTIMA SREDI\u0160TU ZAGREBA nastoji mjesta tradicionalnog gostoprimstva Zagreba povezati s arhitekturom zgrada u kojima se ona nalaze, javnim prostorom koji ih okru\u017euje i pravilima na temelju kojih su nastajali i postojali. Brojna su zagreba\u010dka ugostiteljska mjesta \u010diji se zanemareni kulturni status tek odnedavno mijenja zanimanjem za istra\u017eivanje povijesti dru\u0161tvene svakodnevice. Zamjetan je su\u017eivot i intenzitet sadr\u017eaja zagreba\u010dkog ugostiteljstva u sredi\u0161njem prostoru povijesno urbane cjeline Zagreba, za\u0161ti\u0107ene kao kulturno dobro jo\u0161 1962. godine gotovo isklju\u010divo s pozicija kulturno povijesnih kriterija vrijednosti arhitekture i povijesnog prostora.<\/p>\n\n\n\n<p><br>Izlo\u017eba obuhva\u0107a razdoblje od kraja 18. stolje\u0107a do 1950. godine. To je vrijeme u kojem se Zagreb profilirao kao jedna urbana cjelina, jedinstvene fizionomije i mudrosti, vi\u0161eslojne dru\u0161tvene strukture, gospodarskog uzleta i nezamislivog bogatstva u kreiranju \u017eivotnog okvira svojih stanovnika. Bogat je niz sjajnih pojedinaca u osmi\u0161ljavanju i realizaciji ideja i planova razvoja Zagreba u neprestanoj \u017eelji za postizanje rezultata koji \u0107e ga pozicionirati u gradove ugodne za \u017eivot i bogate ljepotom ugo\u0111aja.<\/p>\n\n\n\n<p><br>Izlo\u017eba prikazuje na temelju izbora raspolo\u017eive arhivske i dokumentacije drugih izvora, kronolo\u0161kim slijedom pravni okvir, polo\u017eaj, funkcionalnu i prostornu shemu prema vrstama ugostiteljskih sadr\u017eaja. U tome su osobito zastupljene kavane i restauracije raspore\u0111ene naj\u010de\u0161\u0107e unutar arhitektonski artikuliranih uglovnica zagreba\u010dkih blokova, nagla\u0161avaju\u0107i simboli\u010dnu va\u017enost i prepoznatljivost lokacije, zgrade i njenog sadr\u017eaja.<\/p>\n\n\n\n<p><br>Istaknuti su i vrijedni primjeri arhitekture 19. i 20. stolje\u0107a, osobito oni za\u0161ti\u0107eni kao kulturno dobro. Naj\u010de\u0161\u0107e su to zgrade historicisti\u010dkog i secesijskog stila, a izdvajaju se i pojedini potezi i pojedina\u010dne lokacije projektirane za takvu namjenu. Prezentirane su i zgrade koje se u literaturi ne spominju \u010desto. Arhitektonsko oblikovanje zgrada i interijera , vanjski prostor i odnos prema (javnom) zelenilu va\u017ena je konceptualna odrednica takvih zgrada.<\/p>\n\n\n\n<p><br>Sadr\u017eaj izlo\u017ebe prezentiran je uva\u017eavaju\u0107i glavne gradske cjeline Zagreba: Gornji grad, Kaptol i Donji grad unutar kojeg se izdvajaju Trg bana J. Jela\u010di\u0107a, Ilica i prostor \u201cZelene potkove\u201c, te pojedine ulice ili lokacije zna\u010dajnijeg ugostiteljskog obilje\u017eja. Pregledna karta Zagreba omogu\u0107uje za obuhva\u0107eno razdoblje zbirno uvid u razmje\u0161taj do sada utvr\u0111enih lokacija zgrada prema vrsti ugostiteljskog sadr\u017eaja.<\/p>\n\n\n\n<p><br>Nesporno je ugostiteljstvo bilo oduvijek jedno od odrednica zagreba\u010dkog mentaliteta i gospodarstva, a u nekim razdobljima i na\u010din \u017eivota. Iako u promijenjenim uvjetima ono i danas opstaje u razli\u010ditim oblicima, nastavljaju\u0107i prilagodbu vremenu i prema prilikama \u010desto na marginama u stalnom naporu za priznanje neke od svojstvenih kvaliteta. Prostor i arhitektura to neizostavno zaslu\u017euju.<\/p>\n\n\n\n<p><br>Izlo\u017ebu su podr\u017eali: Ministarstvo kulture RH, Gradski ured za kulturu Grada Zagreba<\/p>\n\n\n\n<p><br>Partner izlo\u017ebe: Dr\u017eavni arhiv u Zagrebu<\/p>\n\n\n\n<p>Izvori:<\/p>\n\n\n\n<figure class=\"wp-block-embed-wordpress wp-block-embed is-type-wp-embed is-provider-cekate-centar-za-kulturu-tresnjevka\"><div class=\"wp-block-embed__wrapper\">\n<blockquote class=\"wp-embedded-content\" data-secret=\"bQEl3Z25Ql\"><a href=\"https:\/\/cekate.hr\/program\/u-gostima-povijesnom-sredistu-zagreba-otvorenje-izlozbe\/\">U gostima povijesnom sredi\u0161tu Zagreba, otvorenje izlo\u017ebe<\/a><\/blockquote><iframe loading=\"lazy\" class=\"wp-embedded-content\" sandbox=\"allow-scripts\" security=\"restricted\" style=\"position: absolute; clip: rect(1px, 1px, 1px, 1px);\" title=\"&#8220;U gostima povijesnom sredi\u0161tu Zagreba, otvorenje izlo\u017ebe&#8221; &#8212; Cekate - Centar za kulturu Tre\u0161njevka\" src=\"https:\/\/cekate.hr\/program\/u-gostima-povijesnom-sredistu-zagreba-otvorenje-izlozbe\/embed\/#?secret=bQEl3Z25Ql\" data-secret=\"bQEl3Z25Ql\" width=\"600\" height=\"338\" frameborder=\"0\" marginwidth=\"0\" marginheight=\"0\" scrolling=\"no\"><\/iframe>\n<\/div><\/figure>\n\n\n\n<p><a href=\"https:\/\/www.facebook.com\/events\/408321763705569\/\">https:\/\/www.facebook.com\/events\/408321763705569\/<\/a><\/p>\n\n\n\n<hr class=\"wp-block-separator\"\/>\n","protected":false},"excerpt":{"rendered":"","protected":false},"author":2,"featured_media":23771,"comment_status":"open","ping_status":"open","sticky":false,"template":"","format":"standard","meta":{"_acf_changed":false,"jetpack_post_was_ever_published":false,"_jetpack_newsletter_access":"","_jetpack_dont_email_post_to_subs":false,"_jetpack_newsletter_tier_id":0,"_jetpack_memberships_contains_paywalled_content":false,"_jetpack_memberships_contains_paid_content":false,"footnotes":"","jetpack_publicize_message":"","jetpack_publicize_feature_enabled":true,"jetpack_social_post_already_shared":true,"jetpack_social_options":{"image_generator_settings":{"template":"highway","default_image_id":0,"font":"","enabled":false},"version":2}},"categories":[10,3],"tags":[],"class_list":["post-23770","post","type-post","status-publish","format-standard","has-post-thumbnail","hentry","category-izlozbe","category-novosti"],"acf":{"facebook_opis":""},"jetpack_publicize_connections":[],"jetpack_featured_media_url":"https:\/\/i0.wp.com\/historiografija.hr\/wp-content\/uploads\/2020\/11\/Vlaska-ulica-razgl-oko-1905.jpg?fit=2048%2C1340&ssl=1","jetpack_sharing_enabled":true,"jetpack-related-posts":[{"id":52575,"url":"https:\/\/historiografija.hr\/?p=52575","url_meta":{"origin":23770,"position":0},"title":"Izlo\u017eba dje\u010djih radova \u201cU po\u010detku bija\u0161e crte\u017e\u2026\u201d","author":"Branimir Jankovi\u0107","date":"21. travnja 2026.","format":false,"excerpt":"U subotu, 25. travnja 2026. u 11 sati u Galeriji Klovi\u0107evi dvori sve\u010dano otvaramo izlo\u017ebu dje\u010djih radova pod nazivom U po\u010detku bija\u0161e crte\u017e\u2026 Radovi su nastali u sklopu likovnih radionica uz izlo\u017ebu U po\u010detku bija\u0161e kraljevstvo \u2013 izlo\u017eba povodom 1100 godina Hrvatskoga Kraljevstva. Na brojnim likovnim radionicama, uz \u0161kolsku djecu,\u2026","rel":"","context":"U &quot;Izlo\u017ebe&quot;","block_context":{"text":"Izlo\u017ebe","link":"https:\/\/historiografija.hr\/?cat=10"},"img":{"alt_text":"","src":"https:\/\/i0.wp.com\/historiografija.hr\/wp-content\/uploads\/2025\/10\/Klovicevi_sluzbeni-plakat.png?fit=840%2C1200&ssl=1&resize=350%2C200","width":350,"height":200,"srcset":"https:\/\/i0.wp.com\/historiografija.hr\/wp-content\/uploads\/2025\/10\/Klovicevi_sluzbeni-plakat.png?fit=840%2C1200&ssl=1&resize=350%2C200 1x, https:\/\/i0.wp.com\/historiografija.hr\/wp-content\/uploads\/2025\/10\/Klovicevi_sluzbeni-plakat.png?fit=840%2C1200&ssl=1&resize=525%2C300 1.5x, https:\/\/i0.wp.com\/historiografija.hr\/wp-content\/uploads\/2025\/10\/Klovicevi_sluzbeni-plakat.png?fit=840%2C1200&ssl=1&resize=700%2C400 2x"},"classes":[]},{"id":52760,"url":"https:\/\/historiografija.hr\/?p=52760","url_meta":{"origin":23770,"position":1},"title":"Izlo\u017eba \u201cLo\u0161injski brodovi, njihove zastave i ljudi\u201d, 4. svibnja u 19h","author":"Filip \u0160imunjak","date":"30. travnja 2026.","format":false,"excerpt":"Hrvatski pomorski muzej Split, Glagolja\u0161a 18 (Tvr\u0111ava Gripe) Nakon \u0161to je u rujnu 2025. godine na otoku Lo\u0161inju, u suradnji Lo\u0161injskog muzeja i Hrvatskog pomorskog muzeja Split, predstavljena izlo\u017eba posve\u0107ena bogatoj pomorskoj ba\u0161tini otoka, njezino pro\u0161ireno izdanje postavlja se u Splitu. Uo\u010di blagdana svetog Dujma splitskoj \u0107e se publici predstaviti\u2026","rel":"","context":"U &quot;Izlo\u017ebe&quot;","block_context":{"text":"Izlo\u017ebe","link":"https:\/\/historiografija.hr\/?cat=10"},"img":{"alt_text":"","src":"https:\/\/i0.wp.com\/historiografija.hr\/wp-content\/uploads\/2026\/04\/Losinjski-brodovi-Izlozba-1-scaled.webp?fit=840%2C1200&ssl=1&resize=350%2C200","width":350,"height":200,"srcset":"https:\/\/i0.wp.com\/historiografija.hr\/wp-content\/uploads\/2026\/04\/Losinjski-brodovi-Izlozba-1-scaled.webp?fit=840%2C1200&ssl=1&resize=350%2C200 1x, https:\/\/i0.wp.com\/historiografija.hr\/wp-content\/uploads\/2026\/04\/Losinjski-brodovi-Izlozba-1-scaled.webp?fit=840%2C1200&ssl=1&resize=525%2C300 1.5x, https:\/\/i0.wp.com\/historiografija.hr\/wp-content\/uploads\/2026\/04\/Losinjski-brodovi-Izlozba-1-scaled.webp?fit=840%2C1200&ssl=1&resize=700%2C400 2x"},"classes":[]},{"id":52505,"url":"https:\/\/historiografija.hr\/?p=52505","url_meta":{"origin":23770,"position":2},"title":"Izlo\u017eba &#8220;Eschenstock \/ Jasenov prut&#8221;","author":"Branimir Jankovi\u0107","date":"17. travnja 2026.","format":false,"excerpt":"Srpsko narodno vije\u0107e (SNV) i Vizura aperta postavljaju izlo\u017ebu \u0161vicarskog slikara Velimira Ili\u0161evi\u0107a: Eschenstock \/ Jasenov prut. Izlo\u017eba se uz prisustvo autora otvara povodom 81. godi\u0161njice proboja logora\u0161a iz usta\u0161kog logora smrti Jasenovac 22. aprila 2026. u 19 sati u Srpskom kulturnom centru (SKC) u Preradovi\u0107evoj ulici 21 u Zagrebu.\u2026","rel":"","context":"U &quot;Izlo\u017ebe&quot;","block_context":{"text":"Izlo\u017ebe","link":"https:\/\/historiografija.hr\/?cat=10"},"img":{"alt_text":"","src":"https:\/\/i0.wp.com\/historiografija.hr\/wp-content\/uploads\/2026\/04\/Jasenov_prut.jpg?fit=1024%2C640&ssl=1&resize=350%2C200","width":350,"height":200,"srcset":"https:\/\/i0.wp.com\/historiografija.hr\/wp-content\/uploads\/2026\/04\/Jasenov_prut.jpg?fit=1024%2C640&ssl=1&resize=350%2C200 1x, https:\/\/i0.wp.com\/historiografija.hr\/wp-content\/uploads\/2026\/04\/Jasenov_prut.jpg?fit=1024%2C640&ssl=1&resize=525%2C300 1.5x, https:\/\/i0.wp.com\/historiografija.hr\/wp-content\/uploads\/2026\/04\/Jasenov_prut.jpg?fit=1024%2C640&ssl=1&resize=700%2C400 2x"},"classes":[]},{"id":52573,"url":"https:\/\/historiografija.hr\/?p=52573","url_meta":{"origin":23770,"position":3},"title":"Znanstvena konferencija &#8220;Filozofija odgoja: povijest, praksa, perspektive&#8221;","author":"Branimir Jankovi\u0107","date":"21. travnja 2026.","format":false,"excerpt":"Znanstvena konferencija \"Filozofija odgoja: povijest, praksa, perspektive\" odr\u017eat \u0107e se 23. i 24. travnja 2026. u Konferencijskoj dvorani Knji\u017enice Filozofskog fakulteta u Zagrebu (2. kat).\u00a0Konferencija je organizirana u okviru projekta\u00a0SUMKOS (voditeljica prof. dr. sc. Ivana Zagorac, financiran\u00a0sredstvima NextGenerationEU), uz potporu Odsjeka za filozofiju.\u00a0 Uz izlaga\u010dki dio, konferencija obuhva\u0107a i izlo\u017ebu\u2026","rel":"","context":"U &quot;Novosti&quot;","block_context":{"text":"Novosti","link":"https:\/\/historiografija.hr\/?cat=3"},"img":{"alt_text":"","src":"","width":0,"height":0},"classes":[]},{"id":52511,"url":"https:\/\/historiografija.hr\/?p=52511","url_meta":{"origin":23770,"position":4},"title":"Izlo\u017eba &#8220;Lica Sljemena&#8221;","author":"Branimir Jankovi\u0107","date":"17. travnja 2026.","format":false,"excerpt":"Srda\u010dno vas pozivamo na otvorenje izlo\u017ebe Lica Sljemena koje \u0107e se odr\u017eati u srijedu 22. travnja 2026. u 18 h ispred Muzeja Prigorja (Trg Dragutina Domjani\u0107a 5, Sesvete). Izlo\u017eba proizlazi iz istra\u017eivanja Nevene \u0160krbi\u0107 Alempijevi\u0107, Petre Kelemen i Sanje Potkonjak te intervjua sa Sljemena\u0161icama i Sljemena\u0161ima, koji su provedeni u\u2026","rel":"","context":"U &quot;Izlo\u017ebe&quot;","block_context":{"text":"Izlo\u017ebe","link":"https:\/\/historiografija.hr\/?cat=10"},"img":{"alt_text":"","src":"https:\/\/i0.wp.com\/historiografija.hr\/wp-content\/uploads\/2026\/04\/Izlozba-Lica-Sljemena.png?fit=1080%2C686&ssl=1&resize=350%2C200","width":350,"height":200,"srcset":"https:\/\/i0.wp.com\/historiografija.hr\/wp-content\/uploads\/2026\/04\/Izlozba-Lica-Sljemena.png?fit=1080%2C686&ssl=1&resize=350%2C200 1x, https:\/\/i0.wp.com\/historiografija.hr\/wp-content\/uploads\/2026\/04\/Izlozba-Lica-Sljemena.png?fit=1080%2C686&ssl=1&resize=525%2C300 1.5x, https:\/\/i0.wp.com\/historiografija.hr\/wp-content\/uploads\/2026\/04\/Izlozba-Lica-Sljemena.png?fit=1080%2C686&ssl=1&resize=700%2C400 2x, https:\/\/i0.wp.com\/historiografija.hr\/wp-content\/uploads\/2026\/04\/Izlozba-Lica-Sljemena.png?fit=1080%2C686&ssl=1&resize=1050%2C600 3x"},"classes":[]},{"id":52669,"url":"https:\/\/historiografija.hr\/?p=52669","url_meta":{"origin":23770,"position":5},"title":"Predavanje Igora Dude &#8220;Odmor kao \u017eivotna potreba: o slobodnom vremenu u socijalisti\u010dkoj Jugoslaviji&#8221;","author":"Branimir Jankovi\u0107","date":"27. travnja 2026.","format":false,"excerpt":"U sklopu proljetnog ciklusa programa\u00a0Kriti\u010dka dramaturgija: pauza, u\u00a0subotu, 25. travnja 2026. u 19 sati\u00a0u prostoru Udru\u017eenja hrvatskih arhitekata povjesni\u010dar Igor Duda\u00a0odr\u017eao je predavanje naslovljeno\u00a0Odmor kao \u017eivotna potreba: o slobodnom vremenu u socijalisti\u010dkoj Jugoslaviji. Industrijalizacija i urbanizacija dru\u0161tava u povijesti su zna\u010dile i prelazak s predindustrijskog na industrijsko shva\u0107anje vremena. Ono\u2026","rel":"","context":"U &quot;Novosti&quot;","block_context":{"text":"Novosti","link":"https:\/\/historiografija.hr\/?cat=3"},"img":{"alt_text":"","src":"https:\/\/i0.wp.com\/historiografija.hr\/wp-content\/uploads\/2026\/04\/Duda.png?fit=1200%2C628&ssl=1&resize=350%2C200","width":350,"height":200,"srcset":"https:\/\/i0.wp.com\/historiografija.hr\/wp-content\/uploads\/2026\/04\/Duda.png?fit=1200%2C628&ssl=1&resize=350%2C200 1x, https:\/\/i0.wp.com\/historiografija.hr\/wp-content\/uploads\/2026\/04\/Duda.png?fit=1200%2C628&ssl=1&resize=525%2C300 1.5x, https:\/\/i0.wp.com\/historiografija.hr\/wp-content\/uploads\/2026\/04\/Duda.png?fit=1200%2C628&ssl=1&resize=700%2C400 2x, https:\/\/i0.wp.com\/historiografija.hr\/wp-content\/uploads\/2026\/04\/Duda.png?fit=1200%2C628&ssl=1&resize=1050%2C600 3x"},"classes":[]}],"_links":{"self":[{"href":"https:\/\/historiografija.hr\/index.php?rest_route=\/wp\/v2\/posts\/23770","targetHints":{"allow":["GET"]}}],"collection":[{"href":"https:\/\/historiografija.hr\/index.php?rest_route=\/wp\/v2\/posts"}],"about":[{"href":"https:\/\/historiografija.hr\/index.php?rest_route=\/wp\/v2\/types\/post"}],"author":[{"embeddable":true,"href":"https:\/\/historiografija.hr\/index.php?rest_route=\/wp\/v2\/users\/2"}],"replies":[{"embeddable":true,"href":"https:\/\/historiografija.hr\/index.php?rest_route=%2Fwp%2Fv2%2Fcomments&post=23770"}],"version-history":[{"count":2,"href":"https:\/\/historiografija.hr\/index.php?rest_route=\/wp\/v2\/posts\/23770\/revisions"}],"predecessor-version":[{"id":23773,"href":"https:\/\/historiografija.hr\/index.php?rest_route=\/wp\/v2\/posts\/23770\/revisions\/23773"}],"wp:featuredmedia":[{"embeddable":true,"href":"https:\/\/historiografija.hr\/index.php?rest_route=\/wp\/v2\/media\/23771"}],"wp:attachment":[{"href":"https:\/\/historiografija.hr\/index.php?rest_route=%2Fwp%2Fv2%2Fmedia&parent=23770"}],"wp:term":[{"taxonomy":"category","embeddable":true,"href":"https:\/\/historiografija.hr\/index.php?rest_route=%2Fwp%2Fv2%2Fcategories&post=23770"},{"taxonomy":"post_tag","embeddable":true,"href":"https:\/\/historiografija.hr\/index.php?rest_route=%2Fwp%2Fv2%2Ftags&post=23770"}],"curies":[{"name":"wp","href":"https:\/\/api.w.org\/{rel}","templated":true}]}}