{"id":23764,"date":"2020-11-24T20:34:09","date_gmt":"2020-11-24T20:34:09","guid":{"rendered":"http:\/\/historiografija.hr\/?p=23764"},"modified":"2020-11-24T20:34:09","modified_gmt":"2020-11-24T20:34:09","slug":"medunarodni-znanstveno-strucni-skup-500-godina-flaciusa","status":"publish","type":"post","link":"https:\/\/historiografija.hr\/?p=23764","title":{"rendered":"Me\u0111unarodni znanstveno-stru\u010dni skup \u201c500 godina Flaciusa\u201d"},"content":{"rendered":"\n<p>Dana 26. i 27. studenog 2020. na Sveu\u010dili\u0161tu Jurja Dobrile odr\u017eat \u0107e se znanstveno-stru\u010dni skup \u201e500 godina Flaciusa\u201c, na kojem \u0107e Sveu\u010dili\u0161na knji\u017enica i Narodni muzej u Labinu izlo\u017eiti raritetna izdanja djela Matije Vla\u010di\u0107a Ilirika, a nastavnici i studenti predstaviti svoja istra\u017eivanja i projekte. Sveu\u010dili\u0161te Jurja Dobrile u Puli pridru\u017euje se time sve\u010danom obilje\u017eavanju 500. godi\u0161njice ro\u0111enja Matije Vla\u010di\u0107a Ilirika (1520-1575), znamenitog Labinjana, prvaka europskog humanizma i reformacije. Skup \u0107e se mo\u0107i pratiti na poveznici <a href=\"https:\/\/ovh.unipu.hr\/b\/dar-ufy-wqw\" target=\"_blank\" rel=\"noreferrer noopener\">https:\/\/ovh.unipu.hr\/b\/dar-ufy-wqw<\/a><\/p>\n\n\n\n<p><a href=\"http:\/\/ipd-ssi.hr\/wp-content\/uploads\/2020\/11\/flacius-program-skupa-lektorirano_dat.korig-11.pdf\">Program<\/a><\/p>\n\n\n\n<p>Izvor: <\/p>\n\n\n\n<p><a href=\"http:\/\/ipd-ssi.hr\/?p=15499\">http:\/\/ipd-ssi.hr\/?p=15499<\/a><\/p>\n\n\n\n<p>Dodatne informacije:<\/p>\n\n\n\n<p><a href=\"https:\/\/www.unipu.hr\/znanost_i_istrazivanja\/novosti?@=2f58d\">https:\/\/www.unipu.hr\/znanost_i_istrazivanja\/novosti?@=2f58d<\/a><\/p>\n\n\n\n<hr class=\"wp-block-separator\"\/>\n","protected":false},"excerpt":{"rendered":"","protected":false},"author":2,"featured_media":23765,"comment_status":"open","ping_status":"open","sticky":false,"template":"","format":"standard","meta":{"_acf_changed":false,"jetpack_post_was_ever_published":false,"_jetpack_newsletter_access":"","_jetpack_dont_email_post_to_subs":false,"_jetpack_newsletter_tier_id":0,"_jetpack_memberships_contains_paywalled_content":false,"_jetpack_memberships_contains_paid_content":false,"footnotes":"","jetpack_publicize_message":"","jetpack_publicize_feature_enabled":true,"jetpack_social_post_already_shared":true,"jetpack_social_options":{"image_generator_settings":{"template":"highway","default_image_id":0,"font":"","enabled":false},"version":2}},"categories":[3,9],"tags":[],"class_list":["post-23764","post","type-post","status-publish","format-standard","has-post-thumbnail","hentry","category-novosti","category-skupovi"],"acf":{"facebook_opis":""},"jetpack_publicize_connections":[],"jetpack_featured_media_url":"https:\/\/i0.wp.com\/historiografija.hr\/wp-content\/uploads\/2020\/11\/Flacius.jpg?fit=800%2C450&ssl=1","jetpack_sharing_enabled":true,"jetpack-related-posts":[],"_links":{"self":[{"href":"https:\/\/historiografija.hr\/index.php?rest_route=\/wp\/v2\/posts\/23764","targetHints":{"allow":["GET"]}}],"collection":[{"href":"https:\/\/historiografija.hr\/index.php?rest_route=\/wp\/v2\/posts"}],"about":[{"href":"https:\/\/historiografija.hr\/index.php?rest_route=\/wp\/v2\/types\/post"}],"author":[{"embeddable":true,"href":"https:\/\/historiografija.hr\/index.php?rest_route=\/wp\/v2\/users\/2"}],"replies":[{"embeddable":true,"href":"https:\/\/historiografija.hr\/index.php?rest_route=%2Fwp%2Fv2%2Fcomments&post=23764"}],"version-history":[{"count":1,"href":"https:\/\/historiografija.hr\/index.php?rest_route=\/wp\/v2\/posts\/23764\/revisions"}],"predecessor-version":[{"id":23766,"href":"https:\/\/historiografija.hr\/index.php?rest_route=\/wp\/v2\/posts\/23764\/revisions\/23766"}],"wp:featuredmedia":[{"embeddable":true,"href":"https:\/\/historiografija.hr\/index.php?rest_route=\/wp\/v2\/media\/23765"}],"wp:attachment":[{"href":"https:\/\/historiografija.hr\/index.php?rest_route=%2Fwp%2Fv2%2Fmedia&parent=23764"}],"wp:term":[{"taxonomy":"category","embeddable":true,"href":"https:\/\/historiografija.hr\/index.php?rest_route=%2Fwp%2Fv2%2Fcategories&post=23764"},{"taxonomy":"post_tag","embeddable":true,"href":"https:\/\/historiografija.hr\/index.php?rest_route=%2Fwp%2Fv2%2Ftags&post=23764"}],"curies":[{"name":"wp","href":"https:\/\/api.w.org\/{rel}","templated":true}]}}