{"id":23755,"date":"2020-11-24T20:10:53","date_gmt":"2020-11-24T20:10:53","guid":{"rendered":"http:\/\/historiografija.hr\/?p=23755"},"modified":"2020-11-24T20:10:53","modified_gmt":"2020-11-24T20:10:53","slug":"krenuo-redovan-rad-muzeja-grada-rijeke-u-palaci-secera","status":"publish","type":"post","link":"https:\/\/historiografija.hr\/?p=23755","title":{"rendered":"Krenuo redovan rad Muzeja grada Rijeke u Pala\u010di \u0161e\u0107era"},"content":{"rendered":"\n<p>Od utorka, 24. studenoga 2020. krenuo je redovan rad Muzeja grada Rijeke u novom domu, obnovljenoj Pala\u010di \u0161e\u0107era, s novim stalnim postavom uzbudljive povijesti Rijeke.<\/p>\n\n\n\n<hr class=\"wp-block-separator\"\/>\n\n\n\n<p><strong>Krenuo redovan rad Muzeja u Pala\u010di \u0161e\u0107era, posjeti za gra\u0111ane od utorka do nedjelje<\/strong><\/p>\n\n\n\n<p>Nakon tjedna otvorenja Pala\u010de \u0161e\u0107era, tijekom kojeg je atraktivan stalni postav Muzeja grada u Kre\u0161imirovoj 28 obi\u0161lo 2.350 posjetitelja, od utorka, 24. studenog, Pala\u010da \u0107e za posjete biti otvorena u redovnom radnom vremenu Muzeja na toj lokaciji \u2013 od utorka do nedjelje, od 11 do 19 sati. Ponedjeljkom i blagdanom Muzej je zatvoren.<br>Pojedina\u010dne ulaznice za posjet Pala\u010di \u0161e\u0107era mogu se kupiti po cijeni od 40 kn na ulazu u Pala\u010du. Za grupne posjete (10 osoba i vi\u0161e) pojedina\u010dna cijena je 30 kuna. Cijena za u\u010denike, studente i umirovljenike je 20 kuna. Djeca do sedam godina i \u010dlanovi strukovnih organizacija ICOM i HMD u Pala\u010du mogu u\u0107i besplatno, uz predo\u010denje \u010dlanske iskaznice. Stru\u010dna vodstva postavom organiziraju se uz prethodnu najavu.<br>Zbog po\u0161tovanja epidemiolo\u0161kih mjera, broj osoba koje mogu istovremeno boraviti u prostoru Pala\u010de je ograni\u010den. Stoga \u0107e posjetitelji na ulazu dobiti informaciju je li kapacitet prostora u trenutku njihova dolaska popunjen. Ako jest, na ulazak u Pala\u010du \u010deka se do izlaska potrebnog broja posjetitelja kako bi novi mogli u\u0107i.<br>Muzej grada Rijeke zahvaljuje se svim posjetiteljima unaprijed na razumijevanju i po\u0161tovanju epidemiolo\u0161kih mjera tijekom boravka u Pala\u010di.<\/p>\n\n\n\n<p>Izvor: <a href=\"https:\/\/www.muzej-rijeka.hr\/krenuo-redovan-rad-muzeja-u-palaci-secera-posjeti-za-gradane-od-utorka-do-nedjelje\/\">https:\/\/www.muzej-rijeka.hr\/krenuo-redovan-rad-muzeja-u-palaci-secera-posjeti-za-gradane-od-utorka-do-nedjelje\/<\/a><\/p>\n\n\n\n<hr class=\"wp-block-separator\"\/>\n\n\n\n<h4 class=\"wp-block-heading\">Otvorena Pala\u010da \u0161e\u0107era, novi dom Muzeja grada Rijeke<\/h4>\n\n\n\n<p>U petak, 13. studenoga 2020., sve\u010dano je otvorena Pala\u010da \u0161e\u0107era, novi dom Muzeja grada Rijeke. Vojko Obersnel, rije\u010dki gradona\u010delnik, tom se prigodom zahvalio svima koji su sudjelovali u procesu obnove i ure\u0111enja pala\u010de, naglasiv\u0161i kako formiranjem kvarta kulture u biv\u0161em industrijskom kompleksu Ben\u010di\u0107 cijela zona dobiva novo lice, \u010dime ujedno nastaje novo gradsko sredi\u0161te. Sve\u010danom otvorenju bio je prisutan hrvatski premijer Andrej Plenkovi\u0107, a me\u0111u uzvanicima su bili ministrica kulture i medija Nina Obuljen Kor\u017einek, direktor Glavnog ureda Hrvatske turisti\u010dke zajednice Kristijan Stani\u010di\u0107, primorsko-goranski \u017eupan Zlatko Komadina i brojni drugi ugledni gosti.<\/p>\n\n\n\n<p>Dan potom, od subote, 14. studenog pa sve do subote, 21. studenoga,\u00a0 organizirano je otvorenje Pala\u010de \u0161e\u0107era namijenjeno\u00a0 javnosti, zaljubljenicima u Rijeku i njenu povijest, znati\u017eeljnicima, gra\u0111anima i gostima Rijeke. To zna\u010di kako se u tom razdoblju pozivu na posjet pala\u010di odazvao velik broj zainteresiranih, podi\u017eu\u0107i besplatne ulaznice u Ri info na Korzu. Sve su ulaznice podignute u roku od 24 sata, zbog \u010dega je uveden i dodatni svakodnevni termin razgledavanja. Posjeti su omogu\u0107eni uz stru\u010dno vodstvo muzejskog osoblja svaki dan u tom razdoblju od 11. do 18.30 sati, u razmacima od sat i pol. Redovi pred ulazom u pala\u010du svjedo\u010dili su o odli\u010dnom odazivu posjetitelja, koji su u predvi\u0111enim terminima ulazili u dvije grupe po 25 osoba, uz po\u0161tivanje za\u0161titnih epidemiolo\u0161kih mjera. Obilasci oba kata s izlo\u017ebenim postavom trajali su po 60 minuta, nakon \u010dega se prostor dezinficirao da bi bio siguran za ula\u017eenje sljede\u0107ih grupa posjetitelja. Reakcije posjetitelja na ono \u0161to mogu vidjeti u pala\u010di odreda su vi\u0161e nego pozitivne, vrlo \u010desto uz izraze odu\u0161evljenja i zdanjem i prikazom rije\u010dke povijesti u zdanju. Mnogima je 60 minuta bilo premalo, pa su po okon\u010danju razgledavanja najavili ponovno posje\u0107ivanje Muzeja, \u010dim se zavr\u0161i prvi val posje\u0107ivanja u sklopu otvaranja, sve da bi se mogli du\u017ee i detaljnije dru\u017eiti s rasko\u0161nim interijerom pala\u010de i sada ve\u0107 stalnom izlo\u017ebenom pri\u010dom o uzbudljivoj gradskoj pro\u0161losti.<\/p>\n\n\n\n<p>Izvor: <a href=\"https:\/\/www.muzej-rijeka.hr\/otvorena-palaca-secera-novi-dom-muzeja-grada-rijeke\/\">https:\/\/www.muzej-rijeka.hr\/otvorena-palaca-secera-novi-dom-muzeja-grada-rijeke\/<\/a><\/p>\n\n\n\n<hr class=\"wp-block-separator\"\/>\n\n\n\n<p>Dodatne informacije:<\/p>\n\n\n\n<figure class=\"wp-block-embed-wordpress wp-block-embed is-type-wp-embed is-provider-grad-rijeka\"><div class=\"wp-block-embed__wrapper\">\n<blockquote class=\"wp-embedded-content\" data-secret=\"2ybFiXq8kt\"><a href=\"https:\/\/www.rijeka.hr\/gradska-uprava\/gradski-projekti\/aktualni-projekti-2\/palaca-secerane-novi-dom-muzeja-grada-rijeke\/\">Pala\u010da \u0160e\u0107erane &#8211;  novi dom Muzeja grada Rijeke<\/a><\/blockquote><iframe loading=\"lazy\" class=\"wp-embedded-content\" sandbox=\"allow-scripts\" security=\"restricted\" style=\"position: absolute; clip: rect(1px, 1px, 1px, 1px);\" title=\"&#8220;Pala\u010da \u0160e\u0107erane &#8211;  novi dom Muzeja grada Rijeke&#8221; &#8212; Grad Rijeka\" src=\"https:\/\/www.rijeka.hr\/gradska-uprava\/gradski-projekti\/aktualni-projekti-2\/palaca-secerane-novi-dom-muzeja-grada-rijeke\/embed\/#?secret=2ybFiXq8kt\" data-secret=\"2ybFiXq8kt\" width=\"600\" height=\"338\" frameborder=\"0\" marginwidth=\"0\" marginheight=\"0\" scrolling=\"no\"><\/iframe>\n<\/div><\/figure>\n\n\n\n<figure class=\"wp-block-embed-wordpress wp-block-embed is-type-wp-embed is-provider-rijeka-2020\"><div class=\"wp-block-embed__wrapper\">\n<blockquote class=\"wp-embedded-content\" data-secret=\"NrWj5wusFS\"><a href=\"https:\/\/rijeka2020.eu\/otvoren-novi-muzej-grada-rijeke-u-prekrasnoj-palaci-secerane\/\">Otvoren novi Muzej grada Rijeke u prekrasnoj Pala\u010di \u0161e\u0107erane<\/a><\/blockquote><iframe loading=\"lazy\" class=\"wp-embedded-content\" sandbox=\"allow-scripts\" security=\"restricted\" style=\"position: absolute; clip: rect(1px, 1px, 1px, 1px);\" title=\"&#8220;Otvoren novi Muzej grada Rijeke u prekrasnoj Pala\u010di \u0161e\u0107erane&#8221; &#8212; Rijeka 2020\" src=\"https:\/\/rijeka2020.eu\/otvoren-novi-muzej-grada-rijeke-u-prekrasnoj-palaci-secerane\/embed\/#?secret=NrWj5wusFS\" data-secret=\"NrWj5wusFS\" width=\"600\" height=\"338\" frameborder=\"0\" marginwidth=\"0\" marginheight=\"0\" scrolling=\"no\"><\/iframe>\n<\/div><\/figure>\n\n\n\n<p><a href=\"https:\/\/www.jutarnji.hr\/kultura\/art\/palaca-secera-najljepsa-poslovna-barokna-palaca-u-hrvatskoj-sada-postaje-muzej-grada-15031044\">https:\/\/www.jutarnji.hr\/kultura\/art\/palaca-secera-najljepsa-poslovna-barokna-palaca-u-hrvatskoj-sada-postaje-muzej-grada-15031044<\/a><\/p>\n\n\n\n<p><a href=\"https:\/\/www.vecernji.hr\/kultura\/svecano-otvorena-rijecka-palaca-secerane-u-koju-je-uselio-muzej-grada-rijeke-1445944\">https:\/\/www.vecernji.hr\/kultura\/svecano-otvorena-rijecka-palaca-secerane-u-koju-je-uselio-muzej-grada-rijeke-1445944<\/a><\/p>\n\n\n\n<hr class=\"wp-block-separator\"\/>\n","protected":false},"excerpt":{"rendered":"","protected":false},"author":2,"featured_media":23756,"comment_status":"open","ping_status":"open","sticky":false,"template":"","format":"standard","meta":{"_acf_changed":false,"jetpack_post_was_ever_published":false,"_jetpack_newsletter_access":"","_jetpack_dont_email_post_to_subs":false,"_jetpack_newsletter_tier_id":0,"_jetpack_memberships_contains_paywalled_content":false,"_jetpack_memberships_contains_paid_content":false,"footnotes":"","jetpack_publicize_message":"","jetpack_publicize_feature_enabled":true,"jetpack_social_post_already_shared":true,"jetpack_social_options":{"image_generator_settings":{"template":"highway","default_image_id":0,"font":"","enabled":false},"version":2}},"categories":[10,3],"tags":[],"class_list":["post-23755","post","type-post","status-publish","format-standard","has-post-thumbnail","hentry","category-izlozbe","category-novosti"],"acf":{"facebook_opis":""},"jetpack_publicize_connections":[],"jetpack_featured_media_url":"https:\/\/i0.wp.com\/historiografija.hr\/wp-content\/uploads\/2020\/11\/Matija-Djanjesic-Cropix.jpg?fit=1024%2C536&ssl=1","jetpack_sharing_enabled":true,"jetpack-related-posts":[],"_links":{"self":[{"href":"https:\/\/historiografija.hr\/index.php?rest_route=\/wp\/v2\/posts\/23755","targetHints":{"allow":["GET"]}}],"collection":[{"href":"https:\/\/historiografija.hr\/index.php?rest_route=\/wp\/v2\/posts"}],"about":[{"href":"https:\/\/historiografija.hr\/index.php?rest_route=\/wp\/v2\/types\/post"}],"author":[{"embeddable":true,"href":"https:\/\/historiografija.hr\/index.php?rest_route=\/wp\/v2\/users\/2"}],"replies":[{"embeddable":true,"href":"https:\/\/historiografija.hr\/index.php?rest_route=%2Fwp%2Fv2%2Fcomments&post=23755"}],"version-history":[{"count":1,"href":"https:\/\/historiografija.hr\/index.php?rest_route=\/wp\/v2\/posts\/23755\/revisions"}],"predecessor-version":[{"id":23757,"href":"https:\/\/historiografija.hr\/index.php?rest_route=\/wp\/v2\/posts\/23755\/revisions\/23757"}],"wp:featuredmedia":[{"embeddable":true,"href":"https:\/\/historiografija.hr\/index.php?rest_route=\/wp\/v2\/media\/23756"}],"wp:attachment":[{"href":"https:\/\/historiografija.hr\/index.php?rest_route=%2Fwp%2Fv2%2Fmedia&parent=23755"}],"wp:term":[{"taxonomy":"category","embeddable":true,"href":"https:\/\/historiografija.hr\/index.php?rest_route=%2Fwp%2Fv2%2Fcategories&post=23755"},{"taxonomy":"post_tag","embeddable":true,"href":"https:\/\/historiografija.hr\/index.php?rest_route=%2Fwp%2Fv2%2Ftags&post=23755"}],"curies":[{"name":"wp","href":"https:\/\/api.w.org\/{rel}","templated":true}]}}