{"id":23739,"date":"2020-11-23T17:09:09","date_gmt":"2020-11-23T17:09:09","guid":{"rendered":"http:\/\/historiografija.hr\/?p=23739"},"modified":"2020-11-23T17:09:44","modified_gmt":"2020-11-23T17:09:44","slug":"izlozba-obrambeni-sustavi-republike-venecije-u-razdoblju-od-16-do-17-stoljeca","status":"publish","type":"post","link":"https:\/\/historiografija.hr\/?p=23739","title":{"rendered":"Izlo\u017eba \u201cObrambeni sustavi Republike Venecije u razdoblju od 16. do 17. stolje\u0107a\u201d"},"content":{"rendered":"\n<p>Otvorenje izlo\u017ebe \u201cObrambeni sustavi Republike Venecije u razdoblju od 16. do 17. stolje\u0107a\u201d (autori: Miljenko Domijan i Bruno Dikli\u0107) u organizaciji Grada Zadra, Narodnog muzeja Zadar i Koncertnog ureda Zadar odr\u017eat \u0107e se u ponedjeljak, 23. studenog 2020. s po\u010detkom u 20 sati u Gradskoj lo\u017ei. Ulaz na otvorenje i izlo\u017ebu je slobodan uz po\u0161tivanje epidemiolo\u0161kih mjera.<\/p>\n\n\n\n<hr class=\"wp-block-separator\"\/>\n\n\n\n<p><strong>Obrambeni sustavi Republike Venecije u razdoblju od 16. do 17. stolje\u0107a<\/strong><\/p>\n\n\n\n<p>Povodom obilje\u017eavanja Dana grada Zadra i blagdana sv. Kr\u0161evana, Grad Zadar, organizirao je izlo\u017ebu u Gradskoj lo\u017ei u Narodnom muzeju Zadar pod nazivom Obrambeni sustavi Republike Venecije u razdoblju od 16. do 17. stolje\u0107a na kojoj \u0107e biti predstavljena sva kulturna dobra s projekta Obrambeni sustavi Republike Venecije u razdoblju 16.\u201317. stolje\u0107a: Stato da terra-western stato da mar koja su prije tri godine uvr\u0161tena na UNESCO-ov Popis Svjetske ba\u0161tine.<\/p>\n\n\n\n<p>To zajedni\u010dko kulturno dobro obuhva\u0107a; utvr\u0111eni grad Bergamo, utvr\u0111eni grad Peschiera del Garda i grad-tvr\u0111avu Palmanova u Italiji, fortifikacijski sustav grada Zadra i \u0160ibensku tvr\u0111avu svetog Nikole u Hrvatskoj te Kotor u Crnoj Gori.<\/p>\n\n\n\n<p>Kulturno dobro predstavljeno na transnacionalnom projektu, prepoznato je od strane Odbora za Svjetsku ba\u0161tinu UNESCO-a te je upisano na Popis Svjetske kulturne ba\u0161tine na 41. sjednici spomenutog Odbora u Krakovu 2017. godine.<\/p>\n\n\n\n<p>Upisano dobro sastoji se od \u0161est komponenti koje imaju svoje specifi\u010dnosti pa tako npr.&nbsp; tvr\u0111ava Sv. Nikola u \u0160ibeniku je samostalna utvrda, Palmanova je grad-tvr\u0111ava, a Zadar je na Popisu upisan kroz sustav fortifikacija.<\/p>\n\n\n\n<p>Na izlo\u017ebi, u Gradskoj lo\u017ei, bit \u0107e predstavljen karakter svakog pojedinog kulturnog dobra kroz fotografiju i tekst na 20 kapafiks panoa. Autor izlo\u017ebe je arhitekt Bruno Dikli\u0107, a suradnik na izlo\u017ebi je gospodin Miljenko Domijan koji je ujedno bio i koordinator transnacionalnog projekta koji je rezultirao upisom dobra na Popis Svjetske ba\u0161tine. Projekt je prihva\u0107en od Ministarstva kulture i Ministarstva vanjskih poslova Republike Hrvatske i odgovaraju\u0107ih ministarstava drugih zemalja sudionica.<\/p>\n\n\n\n<p>Projekt Obrambeni sustavi Republike Venecije u razdoblju od 16. do 17. stolje\u0107a prenosi zna\u010dajnu poruku; Utvrde kao nekada\u0161nji predstavnici ratne tehnologije i rata postaju kulturno dobro koje povezuje narode i razli\u010dite dru\u0161tvene zajednice unutar zemalja Europske unije.<\/p>\n\n\n\n<p>Na izlo\u017ebi \u0107e biti predstavljena i izjava koju su potpisali svi gradona\u010delnici spomenutih gradova upravo s namjerom zbli\u017eavanja svih naroda i prepoznavanje vrsno\u0107e ne\u010dega \u0161to je nekad slu\u017eilo ratu, a danas slu\u017ei miru.<\/p>\n\n\n\n<p>Izlo\u017eba je organizirana povodom blagdana sv. Kr\u0161evana i Dana grada Zadra, ali i kao prate\u0107a informacija u kontekstu predstavljanja ure\u0111enja sjevernog poteza zadarskih bedema koji su se ponovno vratili, na radost Zadrana, kao mogu\u0107e mjesto za u\u017eivanje na otvorenom i upijanje panoramskih pogleda.<\/p>\n\n\n\n<p>Izvor: <a href=\"http:\/\/www.nmz.hr\/hr\/izlozbe\/otvorenje-izlozbe-obrambeni-sustavi-republike-venecije-u-razdoblju-od-16,2176.html\">http:\/\/www.nmz.hr\/hr\/izlozbe\/otvorenje-izlozbe-obrambeni-sustavi-republike-venecije-u-razdoblju-od-16,2176.html<\/a><\/p>\n\n\n\n<hr class=\"wp-block-separator\"\/>\n","protected":false},"excerpt":{"rendered":"","protected":false},"author":2,"featured_media":23740,"comment_status":"open","ping_status":"open","sticky":false,"template":"","format":"standard","meta":{"_acf_changed":false,"jetpack_post_was_ever_published":false,"_jetpack_newsletter_access":"","_jetpack_dont_email_post_to_subs":false,"_jetpack_newsletter_tier_id":0,"_jetpack_memberships_contains_paywalled_content":false,"_jetpack_memberships_contains_paid_content":false,"footnotes":"","jetpack_publicize_message":"","jetpack_publicize_feature_enabled":true,"jetpack_social_post_already_shared":true,"jetpack_social_options":{"image_generator_settings":{"template":"highway","default_image_id":0,"font":"","enabled":false},"version":2}},"categories":[10,3],"tags":[],"class_list":["post-23739","post","type-post","status-publish","format-standard","has-post-thumbnail","hentry","category-izlozbe","category-novosti"],"acf":{"facebook_opis":""},"jetpack_publicize_connections":[],"jetpack_featured_media_url":"https:\/\/i0.wp.com\/historiografija.hr\/wp-content\/uploads\/2020\/11\/plakat_nmz.jpg?fit=642%2C900&ssl=1","jetpack_sharing_enabled":true,"jetpack-related-posts":[],"_links":{"self":[{"href":"https:\/\/historiografija.hr\/index.php?rest_route=\/wp\/v2\/posts\/23739","targetHints":{"allow":["GET"]}}],"collection":[{"href":"https:\/\/historiografija.hr\/index.php?rest_route=\/wp\/v2\/posts"}],"about":[{"href":"https:\/\/historiografija.hr\/index.php?rest_route=\/wp\/v2\/types\/post"}],"author":[{"embeddable":true,"href":"https:\/\/historiografija.hr\/index.php?rest_route=\/wp\/v2\/users\/2"}],"replies":[{"embeddable":true,"href":"https:\/\/historiografija.hr\/index.php?rest_route=%2Fwp%2Fv2%2Fcomments&post=23739"}],"version-history":[{"count":2,"href":"https:\/\/historiografija.hr\/index.php?rest_route=\/wp\/v2\/posts\/23739\/revisions"}],"predecessor-version":[{"id":23742,"href":"https:\/\/historiografija.hr\/index.php?rest_route=\/wp\/v2\/posts\/23739\/revisions\/23742"}],"wp:featuredmedia":[{"embeddable":true,"href":"https:\/\/historiografija.hr\/index.php?rest_route=\/wp\/v2\/media\/23740"}],"wp:attachment":[{"href":"https:\/\/historiografija.hr\/index.php?rest_route=%2Fwp%2Fv2%2Fmedia&parent=23739"}],"wp:term":[{"taxonomy":"category","embeddable":true,"href":"https:\/\/historiografija.hr\/index.php?rest_route=%2Fwp%2Fv2%2Fcategories&post=23739"},{"taxonomy":"post_tag","embeddable":true,"href":"https:\/\/historiografija.hr\/index.php?rest_route=%2Fwp%2Fv2%2Ftags&post=23739"}],"curies":[{"name":"wp","href":"https:\/\/api.w.org\/{rel}","templated":true}]}}