{"id":23704,"date":"2020-11-19T21:11:25","date_gmt":"2020-11-19T21:11:25","guid":{"rendered":"http:\/\/historiografija.hr\/?p=23704"},"modified":"2020-11-19T21:11:25","modified_gmt":"2020-11-19T21:11:25","slug":"ljubinka-skodric-zena-u-okupiranoj-srbiji-1941-1944","status":"publish","type":"post","link":"https:\/\/historiografija.hr\/?p=23704","title":{"rendered":"Ljubinka \u0160kodri\u0107, \u201c\u017dena u okupiranoj Srbiji 1941-1944.\u201d"},"content":{"rendered":"\n<p>Izvrsno napisana knjiga Ljubinke \u0160kodri\u0107 je prva istorija \u017eene u Srbiji u dramati\u010dnim doga\u0111ajima Drugog svetskog rata.<br>Sudbina i pozicija \u017eene u okupiranoj Srbiji od 1941. do 1944. godine.<br>Od polo\u017eaja \u017eene u Tre\u0107em rajhu do dru\u0161tvenog polo\u017eaja \u017eene u Srbiji pod okupacijom.<br>Od saradnje sa okupatorom do represije nad \u017eenama.<br>Od intimnih veza sa okupatorom do svakodnevnog \u017eivota u selu i gradu pod okupacijom.<br>Od \u017eenskih udru\u017eenja pod okupacijom do u\u010de\u0161\u0107a u ratu i borbama.<br>Autorka ispituje najpre nasle\u0111enu poziciju \u017eene iz predratnog srpskog i jugoslovenskog dru\u0161tva, predstavljaju\u0107i \u017eenu u dru\u0161tvu Srbije (\u201eod tradicionalnog ka modernom\u201c) i istoriju \u017eenskog pitanja u Kraljevini Jugoslaviji.<br>Autorka se potom usredsre\u0111uje na poziciju \u017eene u razli\u010ditim ideolo\u0161kim i politi\u010dkim formacijama i strukturama koje su delovale na teritoriji Srbije: od istorije \u017eene pod okupatorskom, nacisti\u010dkom vla\u0161\u0107u, preko istorije \u017eene pod Nedi\u0107evom upravom, do istorije \u017eene u ravnogorskom pokretu i u partizanskom pokretu.<br>Jedinstvena, otkrivala\u010dka i neophodna knjiga.<\/p>\n\n\n\n<hr class=\"wp-block-separator\"\/>\n\n\n\n<p><strong>Ljubinka \u0160kodri\u0107 <\/strong>(Beograd, 1975), nau\u010dna saradnica Instituta za savremenu istoriju. Diplomirala je (2000), magistrirala (2008) i doktorirala (2015) na Odeljenju za istoriju Filozofskog fakulteta Univerziteta u Beogradu.<br>Od 2001. do 2018. godine bila je zaposlena u Arhivu Srbije gde je stekla zvanje arhivske savetnice.<br>Bavi se prou\u010davanjem istorije Srbije tokom Drugog svetskog rata.<br>Objavila je vi\u0161e radova iz kulturne i dru\u0161tvene istorije Srbije u Drugom svetskom ratu, kao i iz arhivistike.<br>Autorka je monografije <em>Ministarstvo prosvete i vera u Srbiji 1941-1944. Sudbina institucije pod okupacijom<\/em> (2009).<br>Sa Ivanom Panteli\u0107 i Jelenom Milinkovi\u0107, objavila je knjigu <em>Dvadeset \u017eena koje su obele\u017eile 20. vek u Srbiji<\/em> (2013).<br>Zajedno sa Jelicom Relji\u0107, priredila je monografsku studiju <em>Izlo\u017ebe Arhiva Srbije 1948\u20132018<\/em> (2019).<br>U\u010destvovala je u prire\u0111ivanju vi\u0161e zbornika dokumenata, me\u0111u kojima su: <em>Prvi svetski rat. U dokumentima Arhiva Srbije<\/em> (I\u2013III, 2014\u20132016); <em>\u041araljevina Srbija i \u041araljevina \u0160panija. Dokumenta<\/em> (2017); <em>\u041araljevina Srbija i Sjedinjene Ameri\u010dke Dr\u017eave. Dokumenta<\/em> (2018); <em>Istorija fondova Arhiva Srbije 1900\u20131922<\/em> (2019).<\/p>\n\n\n\n<hr class=\"wp-block-separator\"\/>\n\n\n\n<p><strong>Izvor, dodatne informacije, odjeci:<\/strong><\/p>\n\n\n\n<p><a href=\"http:\/\/www.arhipelag.rs\/knjige\/zena-u-okupiranoj-srbiji-1941-1944\/\">http:\/\/www.arhipelag.rs\/knjige\/zena-u-okupiranoj-srbiji-1941-1944\/<\/a><\/p>\n\n\n\n<figure class=\"wp-block-embed-wordpress wp-block-embed is-type-wp-embed is-provider-institut-za-savremenu-istoriju\"><div class=\"wp-block-embed__wrapper\">\n<blockquote class=\"wp-embedded-content\" data-secret=\"fJybNBEIBB\"><a href=\"https:\/\/isi.co.rs\/nova-izdanja\/\">NOVA IZDANJA<\/a><\/blockquote><iframe loading=\"lazy\" class=\"wp-embedded-content\" sandbox=\"allow-scripts\" security=\"restricted\" style=\"position: absolute; clip: rect(1px, 1px, 1px, 1px);\" title=\"&#132;NOVA IZDANJA&#147; &#8212; Institut za savremenu istoriju\" src=\"https:\/\/isi.co.rs\/nova-izdanja\/embed\/#?secret=fJybNBEIBB\" data-secret=\"fJybNBEIBB\" width=\"600\" height=\"338\" frameborder=\"0\" marginwidth=\"0\" marginheight=\"0\" scrolling=\"no\"><\/iframe>\n<\/div><\/figure>\n\n\n\n<p><a href=\"https:\/\/sinhro.rs\/zena-u-okupiranoj-srbiji-1941-1944-istoriografska-studija-ljubinke-skodric\/\">https:\/\/sinhro.rs\/zena-u-okupiranoj-srbiji-1941-1944-istoriografska-studija-ljubinke-skodric\/<\/a><\/p>\n\n\n\n<p><a href=\"https:\/\/www.vesti.rs\/Kultura\/Objavljena-istoriografska-studija-Zena-u-okupiranoj-Srbiji-19411944-Ljubinke-Skodric.html\">https:\/\/www.vesti.rs\/Kultura\/Objavljena-istoriografska-studija-Zena-u-okupiranoj-Srbiji-19411944-Ljubinke-Skodric.html<\/a><\/p>\n\n\n\n<p><a href=\"https:\/\/www.historiografija.ba\/article.php?id=262\">https:\/\/www.historiografija.ba\/article.php?id=262<\/a><\/p>\n\n\n\n<hr class=\"wp-block-separator\"\/>\n","protected":false},"excerpt":{"rendered":"","protected":false},"author":2,"featured_media":23705,"comment_status":"open","ping_status":"open","sticky":false,"template":"","format":"standard","meta":{"_acf_changed":false,"jetpack_post_was_ever_published":false,"_jetpack_newsletter_access":"","_jetpack_dont_email_post_to_subs":false,"_jetpack_newsletter_tier_id":0,"_jetpack_memberships_contains_paywalled_content":false,"_jetpack_memberships_contains_paid_content":false,"footnotes":"","jetpack_publicize_message":"","jetpack_publicize_feature_enabled":true,"jetpack_social_post_already_shared":true,"jetpack_social_options":{"image_generator_settings":{"template":"highway","default_image_id":0,"font":"","enabled":false},"version":2}},"categories":[8,3],"tags":[],"class_list":["post-23704","post","type-post","status-publish","format-standard","has-post-thumbnail","hentry","category-knjige","category-novosti"],"acf":{"facebook_opis":""},"jetpack_publicize_connections":[],"jetpack_featured_media_url":"https:\/\/i0.wp.com\/historiografija.hr\/wp-content\/uploads\/2020\/11\/Zena-u-okupiranoj-Srbiji.jpg?fit=184%2C280&ssl=1","jetpack_sharing_enabled":true,"jetpack-related-posts":[],"_links":{"self":[{"href":"https:\/\/historiografija.hr\/index.php?rest_route=\/wp\/v2\/posts\/23704","targetHints":{"allow":["GET"]}}],"collection":[{"href":"https:\/\/historiografija.hr\/index.php?rest_route=\/wp\/v2\/posts"}],"about":[{"href":"https:\/\/historiografija.hr\/index.php?rest_route=\/wp\/v2\/types\/post"}],"author":[{"embeddable":true,"href":"https:\/\/historiografija.hr\/index.php?rest_route=\/wp\/v2\/users\/2"}],"replies":[{"embeddable":true,"href":"https:\/\/historiografija.hr\/index.php?rest_route=%2Fwp%2Fv2%2Fcomments&post=23704"}],"version-history":[{"count":1,"href":"https:\/\/historiografija.hr\/index.php?rest_route=\/wp\/v2\/posts\/23704\/revisions"}],"predecessor-version":[{"id":23706,"href":"https:\/\/historiografija.hr\/index.php?rest_route=\/wp\/v2\/posts\/23704\/revisions\/23706"}],"wp:featuredmedia":[{"embeddable":true,"href":"https:\/\/historiografija.hr\/index.php?rest_route=\/wp\/v2\/media\/23705"}],"wp:attachment":[{"href":"https:\/\/historiografija.hr\/index.php?rest_route=%2Fwp%2Fv2%2Fmedia&parent=23704"}],"wp:term":[{"taxonomy":"category","embeddable":true,"href":"https:\/\/historiografija.hr\/index.php?rest_route=%2Fwp%2Fv2%2Fcategories&post=23704"},{"taxonomy":"post_tag","embeddable":true,"href":"https:\/\/historiografija.hr\/index.php?rest_route=%2Fwp%2Fv2%2Ftags&post=23704"}],"curies":[{"name":"wp","href":"https:\/\/api.w.org\/{rel}","templated":true}]}}