{"id":23699,"date":"2020-11-19T20:52:48","date_gmt":"2020-11-19T20:52:48","guid":{"rendered":"http:\/\/historiografija.hr\/?p=23699"},"modified":"2020-11-19T20:54:56","modified_gmt":"2020-11-19T20:54:56","slug":"isabel-allende-roman-duga-latica-mora","status":"publish","type":"post","link":"https:\/\/historiografija.hr\/?p=23699","title":{"rendered":"Isabel Allende, povijesni roman \u201cDuga latica mora\u201d"},"content":{"rendered":"\n<p>Krajem tridesetih godina 20. stolje\u0107a u \u0160panjolskoj bukti gra\u0111anski rat. Kad Francovi fa\u0161isti sru\u0161e vladu, stotine tisu\u0107a ljudi daju se u opasan bijeg preko Pireneja i francuske granice. Trudna mlada udovica Roser povezat \u0107e se s vojnim lije\u010dnikom V\u00edctorom Dalmauom, bratom svoje pokojne ljubavi. Moraju se vjen\u010dati da bi pre\u017eivjeli, iako ni jedno ni drugo ne \u017eeli u taj brak. S jo\u0161 dvije tisu\u0107e izbjeglica ukrcat \u0107e se na parobrod Winnipeg, koji je unajmio pjesnik Pablo Neruda, i otisnuti se prema \u010cileu, dugoj latici mora, vina i snijega. Dok u Europi izbija svjetski rat, prihva\u0107aju progonstvo i niz tegobnih izazova na dalekom stranom kontinentu, no nalaze i radost u ustrajnoj nadi u povratak u \u0160panjolsku. Nepokolebljivi Roser i V\u00edctor, svjedoci borbe izme\u0111u slobode i represije koja je zahvatila cijeli svijet, naposljetku \u0107e shvatiti da im je pravi dom mnogo bli\u017ee nego \u0161to su mislili. U naponu stvarala\u010dke snage Isabel Allende napisala je veli\u010danstven povijesni roman o nadi, progonstvu i istinskoj pripadnosti.<\/p>\n\n\n\n<p>Vukovi\u0107&amp;Runji\u0107 d.o.o.<\/p>\n\n\n\n<p>2020<\/p>\n\n\n\n<p>306 str.<\/p>\n\n\n\n<p>Izvor: <a href=\"https:\/\/www.vbz.hr\/book\/duga-latica-mora\/\">https:\/\/www.vbz.hr\/book\/duga-latica-mora\/<\/a><\/p>\n\n\n\n<hr class=\"wp-block-separator\"\/>\n","protected":false},"excerpt":{"rendered":"","protected":false},"author":2,"featured_media":23700,"comment_status":"open","ping_status":"open","sticky":false,"template":"","format":"standard","meta":{"_acf_changed":false,"jetpack_post_was_ever_published":false,"_jetpack_newsletter_access":"","_jetpack_dont_email_post_to_subs":false,"_jetpack_newsletter_tier_id":0,"_jetpack_memberships_contains_paywalled_content":false,"_jetpack_memberships_contains_paid_content":false,"footnotes":"","jetpack_publicize_message":"","jetpack_publicize_feature_enabled":true,"jetpack_social_post_already_shared":true,"jetpack_social_options":{"image_generator_settings":{"template":"highway","default_image_id":0,"font":"","enabled":false},"version":2}},"categories":[3,12],"tags":[],"class_list":["post-23699","post","type-post","status-publish","format-standard","has-post-thumbnail","hentry","category-novosti","category-knjizevnost"],"acf":{"facebook_opis":""},"jetpack_publicize_connections":[],"jetpack_featured_media_url":"https:\/\/i0.wp.com\/historiografija.hr\/wp-content\/uploads\/2020\/11\/Allende.jpg?fit=240%2C380&ssl=1","jetpack_sharing_enabled":true,"jetpack-related-posts":[],"_links":{"self":[{"href":"https:\/\/historiografija.hr\/index.php?rest_route=\/wp\/v2\/posts\/23699","targetHints":{"allow":["GET"]}}],"collection":[{"href":"https:\/\/historiografija.hr\/index.php?rest_route=\/wp\/v2\/posts"}],"about":[{"href":"https:\/\/historiografija.hr\/index.php?rest_route=\/wp\/v2\/types\/post"}],"author":[{"embeddable":true,"href":"https:\/\/historiografija.hr\/index.php?rest_route=\/wp\/v2\/users\/2"}],"replies":[{"embeddable":true,"href":"https:\/\/historiografija.hr\/index.php?rest_route=%2Fwp%2Fv2%2Fcomments&post=23699"}],"version-history":[{"count":3,"href":"https:\/\/historiografija.hr\/index.php?rest_route=\/wp\/v2\/posts\/23699\/revisions"}],"predecessor-version":[{"id":23703,"href":"https:\/\/historiografija.hr\/index.php?rest_route=\/wp\/v2\/posts\/23699\/revisions\/23703"}],"wp:featuredmedia":[{"embeddable":true,"href":"https:\/\/historiografija.hr\/index.php?rest_route=\/wp\/v2\/media\/23700"}],"wp:attachment":[{"href":"https:\/\/historiografija.hr\/index.php?rest_route=%2Fwp%2Fv2%2Fmedia&parent=23699"}],"wp:term":[{"taxonomy":"category","embeddable":true,"href":"https:\/\/historiografija.hr\/index.php?rest_route=%2Fwp%2Fv2%2Fcategories&post=23699"},{"taxonomy":"post_tag","embeddable":true,"href":"https:\/\/historiografija.hr\/index.php?rest_route=%2Fwp%2Fv2%2Ftags&post=23699"}],"curies":[{"name":"wp","href":"https:\/\/api.w.org\/{rel}","templated":true}]}}