{"id":23696,"date":"2020-11-19T20:45:35","date_gmt":"2020-11-19T20:45:35","guid":{"rendered":"http:\/\/historiografija.hr\/?p=23696"},"modified":"2020-11-19T20:45:35","modified_gmt":"2020-11-19T20:45:35","slug":"dani-marije-juric-zagorke-2020","status":"publish","type":"post","link":"https:\/\/historiografija.hr\/?p=23696","title":{"rendered":"Dani Marije Juri\u0107 Zagorke 2020."},"content":{"rendered":"\n<p>U petak i subotu, 20. i 21.11. odr\u017eat \u0107e se znanstveno-knji\u017eevni skup Dani Marije Juri\u0107 Zagorke na temu \u201eRizici i resursi: rod i politika raspodjele\u201c koji sadr\u017ei i niz izlaganja povijesne tematike.<\/p>\n\n\n\n<p>&#8212;<\/p>\n\n\n\n<p><strong>Centar za \u017eenske studije poziva vas na 14. Dane Marije Juri\u0107 Zagorke!<\/strong><\/p>\n\n\n\n<p><strong>U \u010detvrtak,<\/strong> <strong>19. studenog 2020.<\/strong> u 10 sati bit \u0107e polo\u017een vijenac na grobu Marije Juri\u0107 Zagorke na Mirogoju, a <strong>od 11 do 16 sati<\/strong> <strong>Memorijalni \u0107e stan Marije Juri\u0107 Zagorke<\/strong> biti otvoren za javnost. Posjetitelji \u0107e mo\u0107i vidjeti stan u kojem je Zagorka \u017eivjela 19 godina, stalni postav, te \u010duti poznate i manje poznate informacije i pri\u010de iz \u017eivota popularne spisateljice i prve hrvatske novinarke. <strong>Memorijalni \u0107e stan biti otvoren za javnost i u nedjelju, 22.11. od 14 do 19 sati. Maske su obavezne, a dezinfekcijska \u0107e sredstva biti dostupna na ulazu.<\/strong><\/p>\n\n\n\n<p>U suradnji s Odsjekom za komparativnu knji\u017eevnost Filozofskog fakulteta u Zagrebu<strong>, u petak i subotu, 20. i 21.11.<\/strong> odr\u017eat \u0107e se <strong>znanstveno knji\u017eevni skup Dani Marije Juri\u0107 Zagorke na temu \u201eRizici i resursi: rod i politika raspodjele\u201c.<\/strong> Godi\u0161nje teme znanstvenih skupova u sklopu Dana Marije Juri\u0107 Zagorke ustrajno, borbeno i anga\u017eirano artikuliramo prate\u0107i aktualna dru\u0161tvena zbivanja u \u017eelji da ih kriti\u010dki razmotrimo. Mjesta na kojima stojimo, s kojih progovaramo i djelujemo markirana su dru\u0161tvenim razlikama i nejednakostima koje se proteklih desetlje\u0107a kontinuirano produbljuju. Ta su mjesta ujedno i mjesta rizika koja stvaraju d\u017eepove otpora. Pandemija nas je podsjetila da smo bez iznimke svi izlo\u017eeni \u010ditavom nizu rizika, ali i da posljedice dru\u0161tvenih neuralgija, klimatskih i ekolo\u0161kih nepogoda ipak ne trpimo svi na jednak na\u010din i u jednakoj mjeri. Posljednjih desetlje\u0107a svjedo\u010dimo da kapitalisti\u010dka dru\u0161tva nemaju adekvatan odgovor ne samo na ekonomsku, ve\u0107 i na zdravstvenu, ekolo\u0161ku i socijalnu krizu. Kao odgovor bremenitom historijskom vremenu ove smo godine skup posvetile analizi tema rizika, resursa, dobara, politikama pravedne raspodjele, zahtjevima za podru\u0161tvljenjem socijalne reprodukcije, kritici kapitalisti\u010dkih rodnih re\u017eima te feministi\u010dkim aspektima i \u010ditanjima ovih tema i njihovih mnogostrukih intersekcija i reprezentacija u, medijima, teoriji i praksi. Zbog epidemiolo\u0161ke situacije u kojoj se nalazimo, ovogodi\u0161nji \u0107e se skup odr\u017eati putem <strong>Zoom platforme.<\/strong> <strong>Svi zainteresirani za slu\u0161anje izlaganja mogu se prijaviti na mail <a href=\"mailto:zagorka@zenstud.hr\">zagorka@zenstud.hr<\/a> ili SMS na broj telefona 098 433 121. Kontakt osoba je Ana Zbiljski<\/strong><\/p>\n\n\n\n<p>U<strong> petak, 20.11. u 19 h <\/strong>mo\u0107i posjetiti edukativno kostimiranu \u0161etnju <strong>\u201eIz Zagorkinog pera\u201c<\/strong>. Svoj <strong>dolazak mo\u017eete najaviti<\/strong> na mail <strong><a href=\"mailto:martinafindrik@yahoo.com\">martinafindrik@yahoo.com<\/a><\/strong> ili <strong>SMS na broj telefona 091 606 7770<\/strong>. Tada \u0107ete saznati mjesto sastanka te druge potrebne informacije. Broj mjesta je ograni\u010den. <strong>Kontakt osoba je Martina Findrik.<\/strong><\/p>\n\n\n\n<p>Dobrodo\u0161li\/e!<\/p>\n\n\n\n<p>Program se odr\u017eava uz potporu Grada Zagreba i Ministarstva kulture i medija.<\/p>\n\n\n\n<p><a href=\"http:\/\/zagorka.net\/wp-content\/uploads\/2020\/11\/Programska-knji\u017eica_Dani-2020.pdf\">Programska knji\u017eica 2020<\/a><\/p>\n\n\n\n<p><a href=\"http:\/\/zagorka.net\/wp-content\/uploads\/2020\/11\/Program_Dani-MJZ-2020.pdf\">Program Dana MJZ 2020<\/a><\/p>\n\n\n\n<p>Izvor:<\/p>\n\n\n\n<figure class=\"wp-block-embed-wordpress wp-block-embed is-type-wp-embed is-provider-memorijalni-stan-marije-juric-zagorke\"><div class=\"wp-block-embed__wrapper\">\n<blockquote class=\"wp-embedded-content\" data-secret=\"99MNa2wtYb\"><a href=\"http:\/\/zagorka.net\/pocinju-dani-marije-juric-zagorke-2020\/\">Po\u010dinju Dani Marije Juri\u0107 Zagorke 2020!<\/a><\/blockquote><iframe loading=\"lazy\" class=\"wp-embedded-content\" sandbox=\"allow-scripts\" security=\"restricted\" style=\"position: absolute; clip: rect(1px, 1px, 1px, 1px);\" title=\"&#8220;Po\u010dinju Dani Marije Juri\u0107 Zagorke 2020!&#8221; &#8212; Memorijalni stan Marije Juri\u0107 Zagorke\" src=\"http:\/\/zagorka.net\/pocinju-dani-marije-juric-zagorke-2020\/embed\/#?secret=99MNa2wtYb\" data-secret=\"99MNa2wtYb\" width=\"600\" height=\"338\" frameborder=\"0\" marginwidth=\"0\" marginheight=\"0\" scrolling=\"no\"><\/iframe>\n<\/div><\/figure>\n\n\n\n<hr class=\"wp-block-separator\"\/>\n","protected":false},"excerpt":{"rendered":"","protected":false},"author":2,"featured_media":23697,"comment_status":"open","ping_status":"open","sticky":false,"template":"","format":"standard","meta":{"_acf_changed":false,"jetpack_post_was_ever_published":false,"_jetpack_newsletter_access":"","_jetpack_dont_email_post_to_subs":false,"_jetpack_newsletter_tier_id":0,"_jetpack_memberships_contains_paywalled_content":false,"_jetpack_memberships_contains_paid_content":false,"footnotes":"","jetpack_publicize_message":"","jetpack_publicize_feature_enabled":true,"jetpack_social_post_already_shared":true,"jetpack_social_options":{"image_generator_settings":{"template":"highway","default_image_id":0,"font":"","enabled":false},"version":2}},"categories":[3,9],"tags":[],"class_list":["post-23696","post","type-post","status-publish","format-standard","has-post-thumbnail","hentry","category-novosti","category-skupovi"],"acf":{"facebook_opis":""},"jetpack_publicize_connections":[],"jetpack_featured_media_url":"https:\/\/i0.wp.com\/historiografija.hr\/wp-content\/uploads\/2020\/11\/Dani-MJZ-2020.png?fit=800%2C420&ssl=1","jetpack_sharing_enabled":true,"jetpack-related-posts":[],"_links":{"self":[{"href":"https:\/\/historiografija.hr\/index.php?rest_route=\/wp\/v2\/posts\/23696","targetHints":{"allow":["GET"]}}],"collection":[{"href":"https:\/\/historiografija.hr\/index.php?rest_route=\/wp\/v2\/posts"}],"about":[{"href":"https:\/\/historiografija.hr\/index.php?rest_route=\/wp\/v2\/types\/post"}],"author":[{"embeddable":true,"href":"https:\/\/historiografija.hr\/index.php?rest_route=\/wp\/v2\/users\/2"}],"replies":[{"embeddable":true,"href":"https:\/\/historiografija.hr\/index.php?rest_route=%2Fwp%2Fv2%2Fcomments&post=23696"}],"version-history":[{"count":1,"href":"https:\/\/historiografija.hr\/index.php?rest_route=\/wp\/v2\/posts\/23696\/revisions"}],"predecessor-version":[{"id":23698,"href":"https:\/\/historiografija.hr\/index.php?rest_route=\/wp\/v2\/posts\/23696\/revisions\/23698"}],"wp:featuredmedia":[{"embeddable":true,"href":"https:\/\/historiografija.hr\/index.php?rest_route=\/wp\/v2\/media\/23697"}],"wp:attachment":[{"href":"https:\/\/historiografija.hr\/index.php?rest_route=%2Fwp%2Fv2%2Fmedia&parent=23696"}],"wp:term":[{"taxonomy":"category","embeddable":true,"href":"https:\/\/historiografija.hr\/index.php?rest_route=%2Fwp%2Fv2%2Fcategories&post=23696"},{"taxonomy":"post_tag","embeddable":true,"href":"https:\/\/historiografija.hr\/index.php?rest_route=%2Fwp%2Fv2%2Ftags&post=23696"}],"curies":[{"name":"wp","href":"https:\/\/api.w.org\/{rel}","templated":true}]}}