{"id":23691,"date":"2020-11-17T17:38:45","date_gmt":"2020-11-17T17:38:45","guid":{"rendered":"http:\/\/historiografija.hr\/?p=23691"},"modified":"2020-11-17T17:38:45","modified_gmt":"2020-11-17T17:38:45","slug":"remembrance-and-forgiveness-global-and-interdisciplinary-perspectives-on-genocide-and-mass-violence-edited-by-ajlina-karamehic-muratovic-and-laura-kromjak","status":"publish","type":"post","link":"https:\/\/historiografija.hr\/?p=23691","title":{"rendered":"Remembrance and Forgiveness: Global and Interdisciplinary Perspectives on Genocide and Mass Violence. Edited by Ajlina Karamehi\u0107-Muratovi\u0107 and Laura Kromj\u00e1k"},"content":{"rendered":"\n<p>An enquiry into the social science of remembrance and forgiveness in global episodes of genocide and mass violence during the post-Holocaust era, this volume explores the ways in which remembrance and forgiveness have changed over time and how they have been used in more recent cases of genocide and mass violence. With case studies from Rwanda, Ethiopia, South Sudan, South Africa, Australia, Cambodia, Indonesia, Timor-Leste, Israel, Palestine, Argentina, Guatemala, El Salvador, the United States, Bosnia and Herzegovina, and Chechnya, the volume avoids a purely legal perspective to open the interpretation of post-genocidal societies, communities, and individuals to global and interdisciplinary perspectives that consider not only forgiveness and thus social harmony, but remembrance and disharmony. This volume will appeal to scholars across the social sciences with interests in memory studies, genocide, remembrance, and forgiveness.<\/p>\n\n\n\n<hr class=\"wp-block-separator\"\/>\n\n\n\n<p><strong>Table of Contents<\/strong><\/p>\n\n\n\n<p>Contents<\/p>\n\n\n\n<p><em>Acknowledgements<\/em><\/p>\n\n\n\n<p><em>Contributors<\/em><\/p>\n\n\n\n<p>Foreword<\/p>\n\n\n\n<p><em>Beth Pike<\/em><\/p>\n\n\n\n<p>Introduction<\/p>\n\n\n\n<p><em>Ajlina Karamehi\u0107-Muratovi\u0107 and Laura Kromj\u00e1k<\/em><\/p>\n\n\n\n<p>1. Aboriginal History: Amnesia and Absolution<\/p>\n\n\n\n<p><em>Colin Tatz<\/em><\/p>\n\n\n\n<p>2. Remembrance and Renewal at Tuluwat: Returning to the Center of the World<\/p>\n\n\n\n<p><em>Kerri J. Malloy<\/em><\/p>\n\n\n\n<p>3. Merits and Shortcomings of the South African Truth and Reconciliation Commission<\/p>\n\n\n\n<p><em>Heribert Adam and Kanya Adam<\/em><\/p>\n\n\n\n<p>4. Commemoration and Healing: Finding a Balance between State and Local Mechanisms for Dealing with the Historical Wounds of the 1965 Anti-Communist Violence in East Nusa Tenggara Province, Indonesia<\/p>\n\n\n\n<p><em>Mery Kolimon<\/em><\/p>\n\n\n\n<p>5. The <em>Red Terror<\/em> of the Derg Regime: Memorialization of Mass Killings in Ethiopia<\/p>\n\n\n\n<p><em>Elias O. Opongo<\/em><\/p>\n\n\n\n<p>6. Memory and Ways to Represent Judgments against Cases of Genocide in Argentina: A Concept to Analyze the Written Press<\/p>\n\n\n\n<p><em>Natalia Paola Crocco<\/em><\/p>\n\n\n\n<p>7. Genocide Memorialization and Gendered Remembrance in Guatemala and Cambodia<\/p>\n\n\n\n<p><em>JoAnn DiGeorgio-Lutz and Martha C. Galvan Mandujano<\/em><\/p>\n\n\n\n<p>8. Reconciling a Divided Society through Truth, Memory and Forgiveness: Lessons from El Salvador and Guatemala<\/p>\n\n\n\n<p><em>Joshua R. Snyder<\/em><\/p>\n\n\n\n<p>9. The Politics of Forgiveness and Bearing Witness after a Genocidal War: Three Short Films from Bosnia-Herzegovina<\/p>\n\n\n\n<p><em>Keith Doubt<\/em><\/p>\n\n\n\n<p>10. Competing Narratives of Destruction and Development: The Politicization of Memory in Post-Genocide Rwanda<\/p>\n\n\n\n<p><em>Sterling Recker<\/em><\/p>\n\n\n\n<p>11. Assessing the Many Faces of Transitional Justice in Timor-Leste<\/p>\n\n\n\n<p><em>Suranjan Weeraratne<\/em><\/p>\n\n\n\n<p>12. Pomnit\u2019 nel\u2019zja zabyt\u2019: Remembering and Forgetting the Wars in Post-Soviet Chechnya<\/p>\n\n\n\n<p><em>Aude Merlin<\/em><\/p>\n\n\n\n<p>13. &#8220;Sorry Seems to Be the Hardest Word&#8221;: Israeli Peace-Oriented NGOs Lack of Apologetic Discourse<\/p>\n\n\n\n<p><em>Yuval Benziman<\/em><\/p>\n\n\n\n<p>14. Forgiveness Education: Rationalization among Arab Educators in the Middle East<\/p>\n\n\n\n<p><em>Ilham Nasser and Mohammed Abu-Nimer<\/em><\/p>\n\n\n\n<p>15. South Sudan: Difficult Road to Remembrance and Forgiveness<\/p>\n\n\n\n<p><em>Alfred Sebit Lokuji<\/em><\/p>\n\n\n\n<p>16. Violent Recall: Genocide Memories, Literary Representation, and Cosmopolitan Memory<\/p>\n\n\n\n<p><em>Pramod K. Nayar<\/em><\/p>\n\n\n\n<p>Afterword<\/p>\n\n\n\n<p><em>David Pettigrew<\/em><\/p>\n\n\n\n<p><em>Index<\/em><\/p>\n\n\n\n<hr class=\"wp-block-separator\"\/>\n\n\n\n<p><strong>Editor(s)<\/strong><\/p>\n\n\n\n<p><strong>Biography<\/strong><\/p>\n\n\n\n<p><strong>Ajlina Karamehi\u0107-Muratovi\u0107 <\/strong>is an Associate Professor in the Department of Sociology and Anthropology at St. Louis University, St. Louis, MO.<\/p>\n\n\n\n<p><strong>Laura Kromj\u00e1k <\/strong>is an Assistant Professor in the Department of International Relations at Tomori P\u00e1l College, Budapest, Hungary.<\/p>\n\n\n\n<hr class=\"wp-block-separator\"\/>\n\n\n\n<p>Published October 27, 2020 by Routledge<\/p>\n\n\n\n<p>252 Pages 4 B\/W Illustrations<\/p>\n\n\n\n<hr class=\"wp-block-separator\"\/>\n\n\n\n<p><a href=\"https:\/\/www.routledge.com\/Remembrance-and-Forgiveness-Global-and-Interdisciplinary-Perspectives-on\/Karamehic-Muratovic-Kromjak\/p\/book\/9780367351014\">https:\/\/www.routledge.com\/Remembrance-and-Forgiveness-Global-and-Interdisciplinary-Perspectives-on\/Karamehic-Muratovic-Kromjak\/p\/book\/9780367351014<\/a><\/p>\n\n\n\n<hr class=\"wp-block-separator\"\/>\n","protected":false},"excerpt":{"rendered":"","protected":false},"author":2,"featured_media":23692,"comment_status":"open","ping_status":"open","sticky":false,"template":"","format":"standard","meta":{"_acf_changed":false,"jetpack_post_was_ever_published":false,"_jetpack_newsletter_access":"","_jetpack_dont_email_post_to_subs":false,"_jetpack_newsletter_tier_id":0,"_jetpack_memberships_contains_paywalled_content":false,"_jetpack_memberships_contains_paid_content":false,"footnotes":"","jetpack_publicize_message":"","jetpack_publicize_feature_enabled":true,"jetpack_social_post_already_shared":true,"jetpack_social_options":{"image_generator_settings":{"template":"highway","default_image_id":0,"font":"","enabled":false},"version":2}},"categories":[8,3],"tags":[],"class_list":["post-23691","post","type-post","status-publish","format-standard","has-post-thumbnail","hentry","category-knjige","category-novosti"],"acf":{"facebook_opis":""},"jetpack_publicize_connections":[],"jetpack_featured_media_url":"https:\/\/i0.wp.com\/historiografija.hr\/wp-content\/uploads\/2020\/11\/Remembrance.jpg?fit=432%2C648&ssl=1","jetpack_sharing_enabled":true,"jetpack-related-posts":[],"_links":{"self":[{"href":"https:\/\/historiografija.hr\/index.php?rest_route=\/wp\/v2\/posts\/23691","targetHints":{"allow":["GET"]}}],"collection":[{"href":"https:\/\/historiografija.hr\/index.php?rest_route=\/wp\/v2\/posts"}],"about":[{"href":"https:\/\/historiografija.hr\/index.php?rest_route=\/wp\/v2\/types\/post"}],"author":[{"embeddable":true,"href":"https:\/\/historiografija.hr\/index.php?rest_route=\/wp\/v2\/users\/2"}],"replies":[{"embeddable":true,"href":"https:\/\/historiografija.hr\/index.php?rest_route=%2Fwp%2Fv2%2Fcomments&post=23691"}],"version-history":[{"count":1,"href":"https:\/\/historiografija.hr\/index.php?rest_route=\/wp\/v2\/posts\/23691\/revisions"}],"predecessor-version":[{"id":23693,"href":"https:\/\/historiografija.hr\/index.php?rest_route=\/wp\/v2\/posts\/23691\/revisions\/23693"}],"wp:featuredmedia":[{"embeddable":true,"href":"https:\/\/historiografija.hr\/index.php?rest_route=\/wp\/v2\/media\/23692"}],"wp:attachment":[{"href":"https:\/\/historiografija.hr\/index.php?rest_route=%2Fwp%2Fv2%2Fmedia&parent=23691"}],"wp:term":[{"taxonomy":"category","embeddable":true,"href":"https:\/\/historiografija.hr\/index.php?rest_route=%2Fwp%2Fv2%2Fcategories&post=23691"},{"taxonomy":"post_tag","embeddable":true,"href":"https:\/\/historiografija.hr\/index.php?rest_route=%2Fwp%2Fv2%2Ftags&post=23691"}],"curies":[{"name":"wp","href":"https:\/\/api.w.org\/{rel}","templated":true}]}}