{"id":23688,"date":"2020-11-17T17:27:40","date_gmt":"2020-11-17T17:27:40","guid":{"rendered":"http:\/\/historiografija.hr\/?p=23688"},"modified":"2020-11-17T17:41:40","modified_gmt":"2020-11-17T17:41:40","slug":"voices-from-srebrenica-survivor-narratives-of-the-bosnian-genocide","status":"publish","type":"post","link":"https:\/\/historiografija.hr\/?p=23688","title":{"rendered":"&#8220;Voices from Srebrenica: Survivor Narratives of the Bosnian Genocide&#8221;"},"content":{"rendered":"\n<p>Izdava\u010dka ku\u0107a \u201eMcFarland Company\u201c (USA, North Carolina) je upravo objavila knjigu pod naslovom \u201eVoices from Srebrenica: Survivor Narratives of the Bosnian Genocide\u201c. Autori su Ann Petrila i Hasan Hasanovi\u0107, a predgovor je napisao Emir Suljagi\u0107. Rije\u010d o knjizi u kojoj Srebreni\u010dani koji su pre\u017eivjeli genocid, pri\u010daju vlastite pri\u010de o genocidu. Prema prvim ocjenama, knjiga ima va\u017ean doprinos akademskim raspravama o genocidu op\u0107enito, a ne samo o genocidu u Srebrenicu, te daje doprinos procesu obnove i pomirenja u dru\u0161tvima u kojima se desio genocid.<\/p>\n\n\n\n<p><strong>O autorima<\/strong><\/p>\n\n\n\n<p>Ann Petrila je profesor na Univerziteti Denver (tha University of Denver&#8217;s Graduate School of Social Work), a Hasan Hasanovi\u0107 je pre\u017eivio genocid u Srebrenici i sada je kustos i prevodilac u Memorijalnom centru Srebrenica-Poto\u010dari.<\/p>\n\n\n\n<p>Sadr\u017eaj knjige se mo\u017ee pogledati na <a href=\"https:\/\/www.amazon.com\/Voices-Srebrenica-Survivor-Narratives-Genocide\/dp\/1476683344\/ref=sr_1_1?dchild=1&amp;qid=1605363343&amp;refinements=p_27%3AHasan+Hasanovi%C4%87&amp;s=books&amp;sr=1-1&amp;text=Hasan+Hasanovi%C4%87#reader_B08N3J18PS\" target=\"_blank\" rel=\"noreferrer noopener\">Amazonu<\/a><\/p>\n\n\n\n<p>Izvor:<\/p>\n\n\n\n<p><a href=\"https:\/\/www.historiografija.ba\/article.php?id=270\">https:\/\/www.historiografija.ba\/article.php?id=270<\/a><\/p>\n\n\n\n<hr class=\"wp-block-separator\"\/>\n\n\n\n<p>Dodatne informacije:<\/p>\n\n\n\n<p><a href=\"https:\/\/mcfarlandbooks.com\/product\/voices-from-srebrenica\/\">https:\/\/mcfarlandbooks.com\/product\/voices-from-srebrenica\/<\/a><\/p>\n\n\n\n<hr class=\"wp-block-separator\"\/>\n","protected":false},"excerpt":{"rendered":"","protected":false},"author":2,"featured_media":23689,"comment_status":"open","ping_status":"open","sticky":false,"template":"","format":"standard","meta":{"_acf_changed":false,"jetpack_post_was_ever_published":false,"_jetpack_newsletter_access":"","_jetpack_dont_email_post_to_subs":false,"_jetpack_newsletter_tier_id":0,"_jetpack_memberships_contains_paywalled_content":false,"_jetpack_memberships_contains_paid_content":false,"footnotes":"","jetpack_publicize_message":"","jetpack_publicize_feature_enabled":true,"jetpack_social_post_already_shared":true,"jetpack_social_options":{"image_generator_settings":{"template":"highway","default_image_id":0,"font":"","enabled":false},"version":2}},"categories":[8,3],"tags":[],"class_list":["post-23688","post","type-post","status-publish","format-standard","has-post-thumbnail","hentry","category-knjige","category-novosti"],"acf":{"facebook_opis":""},"jetpack_publicize_connections":[],"jetpack_featured_media_url":"https:\/\/i0.wp.com\/historiografija.hr\/wp-content\/uploads\/2020\/11\/Voices-from-Srebrenica.jpg?fit=450%2C643&ssl=1","jetpack_sharing_enabled":true,"jetpack-related-posts":[],"_links":{"self":[{"href":"https:\/\/historiografija.hr\/index.php?rest_route=\/wp\/v2\/posts\/23688","targetHints":{"allow":["GET"]}}],"collection":[{"href":"https:\/\/historiografija.hr\/index.php?rest_route=\/wp\/v2\/posts"}],"about":[{"href":"https:\/\/historiografija.hr\/index.php?rest_route=\/wp\/v2\/types\/post"}],"author":[{"embeddable":true,"href":"https:\/\/historiografija.hr\/index.php?rest_route=\/wp\/v2\/users\/2"}],"replies":[{"embeddable":true,"href":"https:\/\/historiografija.hr\/index.php?rest_route=%2Fwp%2Fv2%2Fcomments&post=23688"}],"version-history":[{"count":2,"href":"https:\/\/historiografija.hr\/index.php?rest_route=\/wp\/v2\/posts\/23688\/revisions"}],"predecessor-version":[{"id":23694,"href":"https:\/\/historiografija.hr\/index.php?rest_route=\/wp\/v2\/posts\/23688\/revisions\/23694"}],"wp:featuredmedia":[{"embeddable":true,"href":"https:\/\/historiografija.hr\/index.php?rest_route=\/wp\/v2\/media\/23689"}],"wp:attachment":[{"href":"https:\/\/historiografija.hr\/index.php?rest_route=%2Fwp%2Fv2%2Fmedia&parent=23688"}],"wp:term":[{"taxonomy":"category","embeddable":true,"href":"https:\/\/historiografija.hr\/index.php?rest_route=%2Fwp%2Fv2%2Fcategories&post=23688"},{"taxonomy":"post_tag","embeddable":true,"href":"https:\/\/historiografija.hr\/index.php?rest_route=%2Fwp%2Fv2%2Ftags&post=23688"}],"curies":[{"name":"wp","href":"https:\/\/api.w.org\/{rel}","templated":true}]}}