{"id":23671,"date":"2020-11-17T15:55:31","date_gmt":"2020-11-17T15:55:31","guid":{"rendered":"http:\/\/historiografija.hr\/?p=23671"},"modified":"2020-11-17T15:55:31","modified_gmt":"2020-11-17T15:55:31","slug":"izlozba-povijest-i-umjetnost-na-zidovima-palace-u-opatickoj-10-u-zagrebu","status":"publish","type":"post","link":"https:\/\/historiografija.hr\/?p=23671","title":{"rendered":"Izlo\u017eba \u201cPovijest i umjetnost na zidovima Pala\u010de u Opati\u010dkoj 10 u Zagrebu\u201d"},"content":{"rendered":"\n<p>Galerija Klovi\u0107evi dvori u Zagrebu poziva na izlo\u017ebu \u201cPovijest i umjetnost na zidovima Pala\u010de u Opati\u010dkoj 10 u Zagrebu\u201d ostvarenu u suradnji s Hrvatskim institutom za povijest u Zagrebu i Hrvatskim restauratorskim zavodom u Zagrebu koja \u0107e biti otvorena od \u010detvrtka, 19. studenoga 2020. od 12 sati do 31. sije\u010dnja 2021. godine.<\/p>\n\n\n\n<hr class=\"wp-block-separator\"\/>\n\n\n\n<p><strong>Povijest i umjetnost na zidovima pala\u010de u Opati\u010dkoj 10<\/strong><\/p>\n\n\n\n<p>Dragi posjetitelji,<\/p>\n\n\n\n<p>s rado\u0161\u0107u Vas obavje\u0161tavamo da \u0107ete od \u010detvrtka, 19. studenoga 2020. od 12,00 sati u &nbsp;prizemlju Galerije Klovi\u0107evi dvori mo\u0107i razgledati izlo\u017ebu <em>Povijest i umjetnost na zidovima Pala\u010de u Opati\u010dkoj 10 u Zagrebu<\/em>.<\/p>\n\n\n\n<p>Jeste li znali \u0161to se krije iza najljep\u0161e ograde od kovanog \u017eeljeza na Gornjem gradu? Mnogi kraj zgrade u Opati\u010dkoj 10 prolaze ne znaju\u0107i \u0161to ona skriva i kakva umjetni\u010dka blaga \u010duva. Izlo\u017eba u prizemlju Galerije Klovi\u0107evi dvori otkrit \u0107e Vam \u010dudesnu kulturnu ba\u0161tinu te ispri\u010dati zaboravljenu povijest. Organizirana je u suradnji s Hrvatskim institutom za povijest i Hrvatskim restauratorskim zavodom u Zagrebu u prigodi izmje\u0161tanja djela iz mati\u010dne institucije radi sanacije zgrade od potresa. Po prvi puta mo\u0107i \u0107ete do\u017eivjeti bliski susret s remek-djelima hrvatske likovne umjetnosti najve\u0107ih majstora moderne: Vlaha Bukovca, Mate Celestina Medovi\u0107a, Bele \u010ciko\u0161a Sesie, Otona Ivekovi\u0107a i Ferde Kova\u010devi\u0107a. Slike hrvatske pro\u0161losti iz sve\u010dane Zlatne dvorane i djela koja oslikavaju klasike svjetske knji\u017eevnosti iz Renesansne sobe upotpunjene su slikama iz Moderne galerije, Zagreb, Hrvatskog povijesnog muzeja, Zagreb te privatnih zbirki uz mno\u0161tvo novoistra\u017eenih podataka te svje\u017eih fotografija jednog od najljep\u0161ih interijera Hrvatske. Ne propustite prigodu ovog jedinstvenog i neponovljivog likovnog do\u017eivljaja i posjetite izlo\u017ebu u Galeriji Klovi\u0107evi dvori do 31. sije\u010dnja 2021. godine.<\/p>\n\n\n\n<p>Izvori:<\/p>\n\n\n\n<figure class=\"wp-block-embed-wordpress wp-block-embed is-type-wp-embed is-provider-galerija-klovicevi-dvori\"><div class=\"wp-block-embed__wrapper\">\n<blockquote class=\"wp-embedded-content\" data-secret=\"Sh3PK3scov\"><a href=\"http:\/\/gkd.hr\/2020\/11\/17\/povijest-i-umjetnost-na-zidovima-palace-u-opatickoj-10\/\">Povijest i umjetnost na zidovima pala\u010de u Opati\u010dkoj 10<\/a><\/blockquote><iframe loading=\"lazy\" class=\"wp-embedded-content\" sandbox=\"allow-scripts\" security=\"restricted\" style=\"position: absolute; clip: rect(1px, 1px, 1px, 1px);\" title=\"&#8220;Povijest i umjetnost na zidovima pala\u010de u Opati\u010dkoj 10&#8221; &#8212; Galerija Klovi\u0107evi dvori\" src=\"http:\/\/gkd.hr\/2020\/11\/17\/povijest-i-umjetnost-na-zidovima-palace-u-opatickoj-10\/embed\/#?secret=Sh3PK3scov\" data-secret=\"Sh3PK3scov\" width=\"600\" height=\"338\" frameborder=\"0\" marginwidth=\"0\" marginheight=\"0\" scrolling=\"no\"><\/iframe>\n<\/div><\/figure>\n\n\n\n<p><a href=\"https:\/\/www.isp.hr\/19-11-2020-otvorenje-izlozbe-povijest-i-umjetnost-na-zidovima-palace-u-opatickoj-10-u-zagrebu\/\">https:\/\/www.isp.hr\/19-11-2020-otvorenje-izlozbe-povijest-i-umjetnost-na-zidovima-palace-u-opatickoj-10-u-zagrebu\/<\/a><\/p>\n\n\n\n<hr class=\"wp-block-separator\"\/>\n","protected":false},"excerpt":{"rendered":"","protected":false},"author":2,"featured_media":23672,"comment_status":"open","ping_status":"open","sticky":false,"template":"","format":"standard","meta":{"_acf_changed":false,"jetpack_post_was_ever_published":false,"_jetpack_newsletter_access":"","_jetpack_dont_email_post_to_subs":false,"_jetpack_newsletter_tier_id":0,"_jetpack_memberships_contains_paywalled_content":false,"_jetpack_memberships_contains_paid_content":false,"footnotes":"","jetpack_publicize_message":"","jetpack_publicize_feature_enabled":true,"jetpack_social_post_already_shared":true,"jetpack_social_options":{"image_generator_settings":{"template":"highway","default_image_id":0,"font":"","enabled":false},"version":2}},"categories":[10,3],"tags":[],"class_list":["post-23671","post","type-post","status-publish","format-standard","has-post-thumbnail","hentry","category-izlozbe","category-novosti"],"acf":{"facebook_opis":""},"jetpack_publicize_connections":[],"jetpack_featured_media_url":"https:\/\/i0.wp.com\/historiografija.hr\/wp-content\/uploads\/2020\/11\/KLOVICEVI_opaticka.jpg?fit=768%2C1024&ssl=1","jetpack_sharing_enabled":true,"jetpack-related-posts":[],"_links":{"self":[{"href":"https:\/\/historiografija.hr\/index.php?rest_route=\/wp\/v2\/posts\/23671","targetHints":{"allow":["GET"]}}],"collection":[{"href":"https:\/\/historiografija.hr\/index.php?rest_route=\/wp\/v2\/posts"}],"about":[{"href":"https:\/\/historiografija.hr\/index.php?rest_route=\/wp\/v2\/types\/post"}],"author":[{"embeddable":true,"href":"https:\/\/historiografija.hr\/index.php?rest_route=\/wp\/v2\/users\/2"}],"replies":[{"embeddable":true,"href":"https:\/\/historiografija.hr\/index.php?rest_route=%2Fwp%2Fv2%2Fcomments&post=23671"}],"version-history":[{"count":1,"href":"https:\/\/historiografija.hr\/index.php?rest_route=\/wp\/v2\/posts\/23671\/revisions"}],"predecessor-version":[{"id":23673,"href":"https:\/\/historiografija.hr\/index.php?rest_route=\/wp\/v2\/posts\/23671\/revisions\/23673"}],"wp:featuredmedia":[{"embeddable":true,"href":"https:\/\/historiografija.hr\/index.php?rest_route=\/wp\/v2\/media\/23672"}],"wp:attachment":[{"href":"https:\/\/historiografija.hr\/index.php?rest_route=%2Fwp%2Fv2%2Fmedia&parent=23671"}],"wp:term":[{"taxonomy":"category","embeddable":true,"href":"https:\/\/historiografija.hr\/index.php?rest_route=%2Fwp%2Fv2%2Fcategories&post=23671"},{"taxonomy":"post_tag","embeddable":true,"href":"https:\/\/historiografija.hr\/index.php?rest_route=%2Fwp%2Fv2%2Ftags&post=23671"}],"curies":[{"name":"wp","href":"https:\/\/api.w.org\/{rel}","templated":true}]}}