{"id":23668,"date":"2020-11-16T18:57:22","date_gmt":"2020-11-16T18:57:22","guid":{"rendered":"http:\/\/historiografija.hr\/?p=23668"},"modified":"2022-07-15T14:03:42","modified_gmt":"2022-07-15T14:03:42","slug":"poziv-za-radove-tematski-broj-casopisa-za-suvremenu-povijest-hrvatska-i-jugoslavija-1960-ih","status":"publish","type":"post","link":"https:\/\/historiografija.hr\/?p=23668","title":{"rendered":"Poziv za radove \u2013 tematski broj \u201e\u010casopisa za suvremenu povijest\u201c: \u201eHrvatska i Jugoslavija 1960-ih\u201c"},"content":{"rendered":"\n<p>U nastavku prenosimo poziv za prijavu i slanje radova za tematski broj \u201e\u010casopisa za suvremenu povijest\u201c naslovljen \u201eHrvatska i Jugoslavija 1960-ih\u201c povodom \u0161ezdesete godi\u0161njice Hrvatskog instituta za povijest osnovanog 1961. godine.<\/p>\n\n\n\n<p>&#8212;<\/p>\n\n\n\n<p>Po\u0161tovane kolegice, po\u0161tovani kolege,<\/p>\n\n\n\n<p>povodom \u0161ezdesete godi\u0161njice Hrvatskog instituta za povijest kao slijednika Instituta za historiju radni\u010dkog pokreta Hrvatske osnovanog 1961. planiramo da tre\u0107i broj <em>\u010casopisa za suvremenu povijest<\/em> 2021. godine bude tematski broj posve\u0107en 1960-ima kao desetlje\u0107u kada je zapo\u010deo rad Instituta.<\/p>\n\n\n\n<p>Tematski blok naslovljen \u201eHrvatska i Jugoslavija 1960-ih\u201c posvetili bismo odnosu politike i historiografije, ali i svim drugim temama zna\u010dajnima za politi\u010dki, intelektualni, dru\u0161tveni, gospodarski i svakodnevni \u017eivot 1960-ih u Hrvatskoj, kao i u Socijalisti\u010dkoj Federativnoj Republici Jugoslaviji u \u010dijem se sastavu nalazila.<\/p>\n\n\n\n<p>Stoga vas pozivamo da nam se pridru\u017eite svojim radovima kako bismo bolje osvijetlili desetlje\u0107e 1960-ih. Radove prihva\u0107amo na na\u010din i u skladu s procedurom koja je ina\u010de prisutna u <em>\u010casopisu<\/em>, a planiramo ih objaviti u tematskom bloku u broju 2021\/3. Sve zainteresirane molimo da nam jave teme koje bi \u017eeljeli obraditi do 15. prosinca 2020., a rok za predaju radova bio bi 30. lipnja 2021. u skladu s redovitim ritmom izla\u017eenja <em>\u010casopisa<\/em>.<\/p>\n\n\n\n<p>Zdravka Jelaska Marijan<\/p>\n\n\n\n<p><a href=\"mailto:jelaska@isp.hr\">jelaska@isp.hr<\/a><\/p>\n\n\n\n<p>Branko Ostajmer&nbsp;&nbsp;&nbsp;&nbsp;&nbsp;&nbsp;&nbsp;&nbsp;&nbsp;&nbsp;&nbsp;&nbsp;<\/p>\n\n\n\n<p><a href=\"mailto:bostajmer@gmail.com\">bostajmer@gmail.com<\/a><\/p>\n\n\n\n<p>Darjan Godi\u0107<\/p>\n\n\n\n<p><a href=\"mailto:dgodic@isp.hr\">dgodic@isp.hr<\/a><\/p>\n\n\n\n<hr class=\"wp-block-separator\"\/>\n\n\n\n<p>Izvor i dodatne informacije:<\/p>\n\n\n\n<p><a href=\"https:\/\/www.isp.hr\/poziv-za-dostavu-radova-u-casopis-za-suvremenu-povijest-povodom-60-godisnjice-instituta\/\">https:\/\/www.isp.hr\/poziv-za-dostavu-radova-u-casopis-za-suvremenu-povijest-povodom-60-godisnjice-instituta\/<\/a><\/p>\n\n\n\n<p><a href=\"https:\/\/hrcak.srce.hr\/casopis-za-suvremenu-povijest\">https:\/\/hrcak.srce.hr\/casopis-za-suvremenu-povijest<\/a><\/p>\n\n\n\n<hr class=\"wp-block-separator\"\/>\n","protected":false},"excerpt":{"rendered":"","protected":false},"author":2,"featured_media":23669,"comment_status":"open","ping_status":"open","sticky":false,"template":"","format":"standard","meta":{"_acf_changed":false,"jetpack_post_was_ever_published":false,"_jetpack_newsletter_access":"","_jetpack_dont_email_post_to_subs":false,"_jetpack_newsletter_tier_id":0,"_jetpack_memberships_contains_paywalled_content":false,"_jetpack_memberships_contains_paid_content":false,"footnotes":"","jetpack_publicize_message":"","jetpack_publicize_feature_enabled":true,"jetpack_social_post_already_shared":true,"jetpack_social_options":{"image_generator_settings":{"template":"highway","default_image_id":0,"font":"","enabled":false},"version":2}},"categories":[21,3],"tags":[],"class_list":["post-23668","post","type-post","status-publish","format-standard","has-post-thumbnail","hentry","category-casopisi","category-novosti"],"acf":{"facebook_opis":""},"jetpack_publicize_connections":[],"jetpack_featured_media_url":"https:\/\/i0.wp.com\/historiografija.hr\/wp-content\/uploads\/2020\/11\/Poziv-godisnjica-HIP-scaled.jpg?fit=1810%2C2560&ssl=1","jetpack_sharing_enabled":true,"jetpack-related-posts":[],"_links":{"self":[{"href":"https:\/\/historiografija.hr\/index.php?rest_route=\/wp\/v2\/posts\/23668","targetHints":{"allow":["GET"]}}],"collection":[{"href":"https:\/\/historiografija.hr\/index.php?rest_route=\/wp\/v2\/posts"}],"about":[{"href":"https:\/\/historiografija.hr\/index.php?rest_route=\/wp\/v2\/types\/post"}],"author":[{"embeddable":true,"href":"https:\/\/historiografija.hr\/index.php?rest_route=\/wp\/v2\/users\/2"}],"replies":[{"embeddable":true,"href":"https:\/\/historiografija.hr\/index.php?rest_route=%2Fwp%2Fv2%2Fcomments&post=23668"}],"version-history":[{"count":1,"href":"https:\/\/historiografija.hr\/index.php?rest_route=\/wp\/v2\/posts\/23668\/revisions"}],"predecessor-version":[{"id":23670,"href":"https:\/\/historiografija.hr\/index.php?rest_route=\/wp\/v2\/posts\/23668\/revisions\/23670"}],"wp:featuredmedia":[{"embeddable":true,"href":"https:\/\/historiografija.hr\/index.php?rest_route=\/wp\/v2\/media\/23669"}],"wp:attachment":[{"href":"https:\/\/historiografija.hr\/index.php?rest_route=%2Fwp%2Fv2%2Fmedia&parent=23668"}],"wp:term":[{"taxonomy":"category","embeddable":true,"href":"https:\/\/historiografija.hr\/index.php?rest_route=%2Fwp%2Fv2%2Fcategories&post=23668"},{"taxonomy":"post_tag","embeddable":true,"href":"https:\/\/historiografija.hr\/index.php?rest_route=%2Fwp%2Fv2%2Ftags&post=23668"}],"curies":[{"name":"wp","href":"https:\/\/api.w.org\/{rel}","templated":true}]}}