{"id":23649,"date":"2020-11-16T17:37:11","date_gmt":"2020-11-16T17:37:11","guid":{"rendered":"http:\/\/historiografija.hr\/?p=23649"},"modified":"2020-11-16T17:37:11","modified_gmt":"2020-11-16T17:37:11","slug":"neda-kovacic-tijelo-kao-dokaz-medicinska-vjestacenja-u-postupcima-kaznenog-suda-u-dubrovniku-u-18-stoljecu","status":"publish","type":"post","link":"https:\/\/historiografija.hr\/?p=23649","title":{"rendered":"Neda Kova\u010di\u0107, \u201cTijelo kao dokaz. Medicinska vje\u0161ta\u010denja u postupcima Kaznenog suda u Dubrovniku u 18. stolje\u0107u\u201d"},"content":{"rendered":"\n<p>Zavod za povijesne znanosti HAZU u Dubrovniku objavio je 2020. godine knjigu Nede Kova\u010di\u0107 \u201cTijelo kao dokaz. Medicinska vje\u0161ta\u010denja u postupcima Kaznenog suda u Dubrovniku u 18. stolje\u0107u\u201d. Vi\u0161e o knjizi u nastavku.<\/p>\n\n\n\n<p><em>&#8212;<\/em><\/p>\n\n\n\n<p>Neda Kova\u010di\u0107, <em>Tijelo kao dokaz. Medicinska vje\u0161ta\u010denja u postupcima Kaznenog suda u Dubrovniku u 18. stolje\u0107u.<\/em> Dubrovnik-Zagreb: Zavod za povijesne znanosti HAZU u Dubrovniku, 2020.<\/p>\n\n\n\n<p>Tema novoiza\u0161le knjige Nede Kova\u010di\u0107 <em>Tijelo kao dokaz<\/em> smje\u0161tena je na dodirnom bridu povijesti medicine i prava, a va\u017ena je i po tome \u0161to otvara \u0161ira pitanja o promjenama u dubrova\u010dkom dru\u0161tvu u zadnjem stolje\u0107u Republike. Vje\u0161ta\u010denja rana i drugih tragova na tijelu \u017ertve, ispitivanje uzroka nasilne smrti ili trovanja odgovarala su na neka presudna pitanja u kaznenom postupku, koja suci nisu mogli sami razrije\u0161iti. Autorica vrlo uvjerljivo pokazuje kako su medicinska vje\u0161ta\u010denja, koja su se u Dubrovniku provodila jo\u0161 u srednjem vijeku, vremenom postajala kompleksnija, prate\u0107i razvitak medicinskih spoznaja i formiranja profesionalnih standarda. Stoga se prema kraju 18. stolje\u0107a smanjuje potreba za vje\u0161ta\u010denjima brija\u010da-ranarnika i primalja, a medicinska vje\u0161ta\u010denja prelaze u domenu sve brojnijih lije\u010dnika u dr\u017eavnoj slu\u017ebi, \u0161kolovanih u inozemstvu. Osim utvr\u0111enja vrste i anatomske lokacije ozljede, vje\u0161taci su bili u stanju ponuditi prognozu ozbiljnosti i posljedica ozljede, utvr\u0111ivali vjerojatno sredstvo izvr\u0161enja, procjenjivali trajna tjelesna o\u0161te\u0107enja i umanjenu radnu sposobnost, a u slu\u010dajevima trovanja ispitivali i otrove. Iz opse\u017ene prou\u010dene arhivske gra\u0111e crpe se i informacije o postupcima lije\u010denja, o promjeni uloge bolnice i o poku\u0161ajima dr\u017eave da kroz obaveznu lije\u010dni\u010dku prijavu tragova kontrolira nasilje u dru\u0161tvu te potvr\u0111uje da je sredinom 18. stolje\u0107a u Dubrovniku do\u0161lo do&nbsp; relativno naglog opadanja tjelesnog nasilja, kao i drugdje u razvijenoj Europi.<\/p>\n\n\n\n<p>Izvanredno solidna istra\u017eivanja Nede Kova\u010di\u0107 na velikom broju sudskih predmeta daju pouzdanu sliku razvitka medicine, djelovanja sudskog mehanizma i promjena u dubrova\u010dkom dru\u0161tvu u posljednjem stolje\u0107u Republike, a brojni primjeri utkani u tekst i doneseni u prilogu doprinose uvjerljivosti argumentacije i \u017eivopisnosti knjige, za koju se mo\u017ee o\u010dekivati da \u0107e privu\u0107i i \u0161iru publiku.<\/p>\n\n\n\n<p>Nella Lonza<\/p>\n\n\n\n<p>Izvor: <a href=\"http:\/\/www.zavoddbk.org\/izdanja\/neda-kovacic-tijelo-kao-dokaz-medicinska-vjestacenja-u-postupcima-kaznenog-suda-u-dubrovniku-u-18-stoljecu\/\">http:\/\/www.zavoddbk.org\/izdanja\/neda-kovacic-tijelo-kao-dokaz-medicinska-vjestacenja-u-postupcima-kaznenog-suda-u-dubrovniku-u-18-stoljecu\/<\/a><\/p>\n\n\n\n<hr class=\"wp-block-separator\"\/>\n","protected":false},"excerpt":{"rendered":"","protected":false},"author":2,"featured_media":23650,"comment_status":"open","ping_status":"open","sticky":false,"template":"","format":"standard","meta":{"_acf_changed":false,"jetpack_post_was_ever_published":false,"_jetpack_newsletter_access":"","_jetpack_dont_email_post_to_subs":false,"_jetpack_newsletter_tier_id":0,"_jetpack_memberships_contains_paywalled_content":false,"_jetpack_memberships_contains_paid_content":false,"footnotes":"","jetpack_publicize_message":"","jetpack_publicize_feature_enabled":true,"jetpack_social_post_already_shared":true,"jetpack_social_options":{"image_generator_settings":{"template":"highway","default_image_id":0,"font":"","enabled":false},"version":2}},"categories":[8,3],"tags":[],"class_list":["post-23649","post","type-post","status-publish","format-standard","has-post-thumbnail","hentry","category-knjige","category-novosti"],"acf":{"facebook_opis":""},"jetpack_publicize_connections":[],"jetpack_featured_media_url":"https:\/\/i0.wp.com\/historiografija.hr\/wp-content\/uploads\/2020\/11\/tijelo-kao-dokaz.jpg?fit=860%2C1250&ssl=1","jetpack_sharing_enabled":true,"jetpack-related-posts":[],"_links":{"self":[{"href":"https:\/\/historiografija.hr\/index.php?rest_route=\/wp\/v2\/posts\/23649","targetHints":{"allow":["GET"]}}],"collection":[{"href":"https:\/\/historiografija.hr\/index.php?rest_route=\/wp\/v2\/posts"}],"about":[{"href":"https:\/\/historiografija.hr\/index.php?rest_route=\/wp\/v2\/types\/post"}],"author":[{"embeddable":true,"href":"https:\/\/historiografija.hr\/index.php?rest_route=\/wp\/v2\/users\/2"}],"replies":[{"embeddable":true,"href":"https:\/\/historiografija.hr\/index.php?rest_route=%2Fwp%2Fv2%2Fcomments&post=23649"}],"version-history":[{"count":1,"href":"https:\/\/historiografija.hr\/index.php?rest_route=\/wp\/v2\/posts\/23649\/revisions"}],"predecessor-version":[{"id":23651,"href":"https:\/\/historiografija.hr\/index.php?rest_route=\/wp\/v2\/posts\/23649\/revisions\/23651"}],"wp:featuredmedia":[{"embeddable":true,"href":"https:\/\/historiografija.hr\/index.php?rest_route=\/wp\/v2\/media\/23650"}],"wp:attachment":[{"href":"https:\/\/historiografija.hr\/index.php?rest_route=%2Fwp%2Fv2%2Fmedia&parent=23649"}],"wp:term":[{"taxonomy":"category","embeddable":true,"href":"https:\/\/historiografija.hr\/index.php?rest_route=%2Fwp%2Fv2%2Fcategories&post=23649"},{"taxonomy":"post_tag","embeddable":true,"href":"https:\/\/historiografija.hr\/index.php?rest_route=%2Fwp%2Fv2%2Ftags&post=23649"}],"curies":[{"name":"wp","href":"https:\/\/api.w.org\/{rel}","templated":true}]}}