{"id":23636,"date":"2020-11-13T20:24:49","date_gmt":"2020-11-13T20:24:49","guid":{"rendered":"http:\/\/historiografija.hr\/?p=23636"},"modified":"2020-11-13T20:30:12","modified_gmt":"2020-11-13T20:30:12","slug":"literatura-s-povodom-geertzovo-tumacenje-kulture-borbe-pijetlova","status":"publish","type":"post","link":"https:\/\/historiografija.hr\/?p=23636","title":{"rendered":"Literatura s povodom: Geertzovo tuma\u010denje kulture borbe pijetlova"},"content":{"rendered":"\n<p>Povodom tu\u017ene vijesti koju su nedavno senzacionalisti\u010dki prenijeli doma\u0107i mediji da je \u201cpijetao ubio policajca u Filipinima koji je poku\u0161ao zaustaviti ilegalnu borbu\u201d podsje\u0107amo na poznati esej kulturnog antropologa Clifforda Geertza &#8220;Deep Play: Notes on the Balinese Cockfight&#8221; koji je objavljen u njegovoj knjizi <em>Tuma\u010denje kultura<\/em> (\u201cDuboka igra: bele\u0161ke o baline\u017eanskoj borbi petlova\u201d, sv. 2, Beograd 1998, str. 221-281). Geertz je osim na dru\u0161tvene i humanisti\u010dke znanosti utjecao i na historiografiju te ga neizostavno spominju pregledi suvremene historiografije, kao i njegov pojam \u201cgustog opisa\u201d.<\/p>\n\n\n\n<hr class=\"wp-block-separator\"\/>\n\n\n\n<p><strong>Pijetao ubio policajca u Filipinima koji je poku\u0161ao zaustaviti ilegalnu borbu<\/strong><\/p>\n\n\n\n<p><a href=\"https:\/\/www.index.hr\/vijesti\/clanak\/policajac-u-filipinima-pokusao-zaustaviti-ilegalnu-borbu-pijetlova-ubio-ga-pijetao\/2225785.aspx\">https:\/\/www.index.hr\/vijesti\/clanak\/policajac-u-filipinima-pokusao-zaustaviti-ilegalnu-borbu-pijetlova-ubio-ga-pijetao\/2225785.aspx<\/a><\/p>\n\n\n\n<hr class=\"wp-block-separator\"\/>\n\n\n\n<p><strong>Deep Play: Notes on the Balinese Cockfight<\/strong><\/p>\n\n\n\n<p><a href=\"http:\/\/hypergeertz.jku.at\/GeertzTexts\/Deep_Play.htm\">http:\/\/hypergeertz.jku.at\/GeertzTexts\/Deep_Play.htm<\/a><\/p>\n\n\n\n<hr class=\"wp-block-separator\"\/>\n\n\n\n<p><strong>Tuma\u010denje kultura<\/strong><\/p>\n\n\n\n<figure class=\"wp-block-embed-wordpress wp-block-embed is-type-wp-embed is-provider-biblioteka-xx-vek\"><div class=\"wp-block-embed__wrapper\">\n<blockquote class=\"wp-embedded-content\" data-secret=\"wliz4rsAsk\"><a href=\"https:\/\/www.bibliotekaxxvek.com\/tuma-100-gerc-kliford-enje-kultura-i-ii-1998\/\">100. Gerc, Kliford: Tuma\u010denje kultura I-II. 1998.<\/a><\/blockquote><iframe loading=\"lazy\" class=\"wp-embedded-content\" sandbox=\"allow-scripts\" security=\"restricted\" style=\"position: absolute; clip: rect(1px, 1px, 1px, 1px);\" title=\"&#8220;100. Gerc, Kliford: Tuma\u010denje kultura I-II. 1998.&#8221; &#8212; Biblioteka XX vek\" src=\"https:\/\/www.bibliotekaxxvek.com\/tuma-100-gerc-kliford-enje-kultura-i-ii-1998\/embed\/#?secret=wliz4rsAsk\" data-secret=\"wliz4rsAsk\" width=\"600\" height=\"338\" frameborder=\"0\" marginwidth=\"0\" marginheight=\"0\" scrolling=\"no\"><\/iframe>\n<\/div><\/figure>\n\n\n\n<hr class=\"wp-block-separator\"\/>\n","protected":false},"excerpt":{"rendered":"","protected":false},"author":2,"featured_media":23637,"comment_status":"open","ping_status":"open","sticky":false,"template":"","format":"standard","meta":{"_acf_changed":false,"jetpack_post_was_ever_published":false,"_jetpack_newsletter_access":"","_jetpack_dont_email_post_to_subs":false,"_jetpack_newsletter_tier_id":0,"_jetpack_memberships_contains_paywalled_content":false,"_jetpack_memberships_contains_paid_content":false,"footnotes":"","jetpack_publicize_message":"","jetpack_publicize_feature_enabled":true,"jetpack_social_post_already_shared":true,"jetpack_social_options":{"image_generator_settings":{"template":"highway","default_image_id":0,"font":"","enabled":false},"version":2}},"categories":[3,11],"tags":[],"class_list":["post-23636","post","type-post","status-publish","format-standard","has-post-thumbnail","hentry","category-novosti","category-rubrike"],"acf":{"facebook_opis":""},"jetpack_publicize_connections":[],"jetpack_featured_media_url":"https:\/\/i0.wp.com\/historiografija.hr\/wp-content\/uploads\/2020\/11\/Geertz.jpg?fit=219%2C315&ssl=1","jetpack_sharing_enabled":true,"jetpack-related-posts":[],"_links":{"self":[{"href":"https:\/\/historiografija.hr\/index.php?rest_route=\/wp\/v2\/posts\/23636","targetHints":{"allow":["GET"]}}],"collection":[{"href":"https:\/\/historiografija.hr\/index.php?rest_route=\/wp\/v2\/posts"}],"about":[{"href":"https:\/\/historiografija.hr\/index.php?rest_route=\/wp\/v2\/types\/post"}],"author":[{"embeddable":true,"href":"https:\/\/historiografija.hr\/index.php?rest_route=\/wp\/v2\/users\/2"}],"replies":[{"embeddable":true,"href":"https:\/\/historiografija.hr\/index.php?rest_route=%2Fwp%2Fv2%2Fcomments&post=23636"}],"version-history":[{"count":2,"href":"https:\/\/historiografija.hr\/index.php?rest_route=\/wp\/v2\/posts\/23636\/revisions"}],"predecessor-version":[{"id":23639,"href":"https:\/\/historiografija.hr\/index.php?rest_route=\/wp\/v2\/posts\/23636\/revisions\/23639"}],"wp:featuredmedia":[{"embeddable":true,"href":"https:\/\/historiografija.hr\/index.php?rest_route=\/wp\/v2\/media\/23637"}],"wp:attachment":[{"href":"https:\/\/historiografija.hr\/index.php?rest_route=%2Fwp%2Fv2%2Fmedia&parent=23636"}],"wp:term":[{"taxonomy":"category","embeddable":true,"href":"https:\/\/historiografija.hr\/index.php?rest_route=%2Fwp%2Fv2%2Fcategories&post=23636"},{"taxonomy":"post_tag","embeddable":true,"href":"https:\/\/historiografija.hr\/index.php?rest_route=%2Fwp%2Fv2%2Ftags&post=23636"}],"curies":[{"name":"wp","href":"https:\/\/api.w.org\/{rel}","templated":true}]}}