{"id":23625,"date":"2020-11-13T19:20:24","date_gmt":"2020-11-13T19:20:24","guid":{"rendered":"http:\/\/historiografija.hr\/?p=23625"},"modified":"2020-11-13T19:22:02","modified_gmt":"2020-11-13T19:22:02","slug":"cedomir-visnjic-glas-sa-granice","status":"publish","type":"post","link":"https:\/\/historiografija.hr\/?p=23625","title":{"rendered":"\u010cedomir Vi\u0161nji\u0107, &#8220;Glas sa granice&#8221;"},"content":{"rendered":"\n<p>U izdanju SKD Prosvjeta objavljena je 2020. godine knjiga \u010cedomira Vi\u0161nji\u0107a &#8220;Glas sa granice&#8221;, koja tematizira svijet pre\u010danskih Srba, odnosno Srba u Hrvatskoj ili hrvatskih Srba.<\/p>\n\n\n\n<hr class=\"wp-block-separator\"\/>\n\n\n\n<p>Izvor i dodatne informacije:<\/p>\n\n\n\n<figure class=\"wp-block-embed-wordpress wp-block-embed is-type-wp-embed is-provider-skd-prosvjeta-biblioteka\"><div class=\"wp-block-embed__wrapper\">\n<blockquote class=\"wp-embedded-content\" data-secret=\"JWKKSW573s\"><a href=\"http:\/\/biblioteka.skd-prosvjeta.hr\/cedomir-visnjic-glas-sa-granice\/\">\u010cedomir Vi\u0161nji\u0107: Glas sa granice<\/a><\/blockquote><iframe loading=\"lazy\" class=\"wp-embedded-content\" sandbox=\"allow-scripts\" security=\"restricted\" style=\"position: absolute; clip: rect(1px, 1px, 1px, 1px);\" title=\"&#8220;\u010cedomir Vi\u0161nji\u0107: Glas sa granice&#8221; &#8212; SKD Prosvjeta - Biblioteka\" src=\"http:\/\/biblioteka.skd-prosvjeta.hr\/cedomir-visnjic-glas-sa-granice\/embed\/#?secret=JWKKSW573s\" data-secret=\"JWKKSW573s\" width=\"600\" height=\"338\" frameborder=\"0\" marginwidth=\"0\" marginheight=\"0\" scrolling=\"no\"><\/iframe>\n<\/div><\/figure>\n\n\n\n<p><a href=\"https:\/\/www.portalnovosti.com\/o-svijetu-precanskih-srba\">https:\/\/www.portalnovosti.com\/o-svijetu-precanskih-srba<\/a><\/p>\n\n\n\n<hr class=\"wp-block-separator\"\/>\n","protected":false},"excerpt":{"rendered":"","protected":false},"author":2,"featured_media":23628,"comment_status":"open","ping_status":"open","sticky":false,"template":"","format":"standard","meta":{"_acf_changed":false,"jetpack_post_was_ever_published":false,"_jetpack_newsletter_access":"","_jetpack_dont_email_post_to_subs":false,"_jetpack_newsletter_tier_id":0,"_jetpack_memberships_contains_paywalled_content":false,"_jetpack_memberships_contains_paid_content":false,"footnotes":"","jetpack_publicize_message":"","jetpack_publicize_feature_enabled":true,"jetpack_social_post_already_shared":true,"jetpack_social_options":{"image_generator_settings":{"template":"highway","default_image_id":0,"font":"","enabled":false},"version":2}},"categories":[8,3],"tags":[],"class_list":["post-23625","post","type-post","status-publish","format-standard","has-post-thumbnail","hentry","category-knjige","category-novosti"],"acf":{"facebook_opis":""},"jetpack_publicize_connections":[],"jetpack_featured_media_url":"https:\/\/i0.wp.com\/historiografija.hr\/wp-content\/uploads\/2020\/11\/Glas-sa-granice.png?fit=653%2C330&ssl=1","jetpack_sharing_enabled":true,"jetpack-related-posts":[],"_links":{"self":[{"href":"https:\/\/historiografija.hr\/index.php?rest_route=\/wp\/v2\/posts\/23625","targetHints":{"allow":["GET"]}}],"collection":[{"href":"https:\/\/historiografija.hr\/index.php?rest_route=\/wp\/v2\/posts"}],"about":[{"href":"https:\/\/historiografija.hr\/index.php?rest_route=\/wp\/v2\/types\/post"}],"author":[{"embeddable":true,"href":"https:\/\/historiografija.hr\/index.php?rest_route=\/wp\/v2\/users\/2"}],"replies":[{"embeddable":true,"href":"https:\/\/historiografija.hr\/index.php?rest_route=%2Fwp%2Fv2%2Fcomments&post=23625"}],"version-history":[{"count":2,"href":"https:\/\/historiografija.hr\/index.php?rest_route=\/wp\/v2\/posts\/23625\/revisions"}],"predecessor-version":[{"id":23629,"href":"https:\/\/historiografija.hr\/index.php?rest_route=\/wp\/v2\/posts\/23625\/revisions\/23629"}],"wp:featuredmedia":[{"embeddable":true,"href":"https:\/\/historiografija.hr\/index.php?rest_route=\/wp\/v2\/media\/23628"}],"wp:attachment":[{"href":"https:\/\/historiografija.hr\/index.php?rest_route=%2Fwp%2Fv2%2Fmedia&parent=23625"}],"wp:term":[{"taxonomy":"category","embeddable":true,"href":"https:\/\/historiografija.hr\/index.php?rest_route=%2Fwp%2Fv2%2Fcategories&post=23625"},{"taxonomy":"post_tag","embeddable":true,"href":"https:\/\/historiografija.hr\/index.php?rest_route=%2Fwp%2Fv2%2Ftags&post=23625"}],"curies":[{"name":"wp","href":"https:\/\/api.w.org\/{rel}","templated":true}]}}