{"id":23606,"date":"2020-11-12T18:13:59","date_gmt":"2020-11-12T18:13:59","guid":{"rendered":"http:\/\/historiografija.hr\/?p=23606"},"modified":"2020-11-12T18:13:59","modified_gmt":"2020-11-12T18:13:59","slug":"sveucilisni-komitet-kph-skh-u-zagrebu-1945-1955-izbor-dokumenata-priredila-magdalena-najbar-agicic","status":"publish","type":"post","link":"https:\/\/historiografija.hr\/?p=23606","title":{"rendered":"Sveu\u010dili\u0161ni komitet KPH \/ SKH u Zagrebu 1945-1955. Izbor dokumenata (priredila Magdalena Najbar-Agi\u010di\u0107)"},"content":{"rendered":"\n<p>\u201cOvdje objavljeni dokumenti iz gra\u0111e Sveu\u010dili\u0161nog komiteta Komunisti\u010dke partije Hrvatske\/Saveza komunista Hrvatske \u010ditatelju doista pru\u017eaju pregr\u0161t informacija, kako Magdalena Najbar-Agi\u010di\u0107 u svom uvodu isti\u010de, o razli\u010ditim podru\u010djima \u017eivota na Sveu\u010dili\u0161tu u Zagrebu, njegovom razvoju i problemima s kojima se u to vrijeme nosilo. Usprkos nesre\u0111enosti gradiva u raznim arhivima, izbor dokumenata Sveu\u010dili\u0161nog komiteta koji se ovdje donosi, a radi se o dokumentima koji su nastajali u vremenskom rasponu od jeseni 1946. do kraja 1955. godine, \u010ditatelju daju jasnu sliku kako su komunisti i njihove omladinske organizacije gledali na situaciju na sveu\u010dili\u0161tu i kako je izgledala njihova politika na sveu\u010dili\u0161tu na kojemu je od samih po\u010detaka partijska organizacija nastojala uspostaviti punu kontrolu nad svim aspektima sveu\u010dili\u0161nog \u017eivota.\u201d (Iz recenzije prof. dr. sc. Aleksandar Jakir)<\/p>\n\n\n\n<hr class=\"wp-block-separator\"\/>\n\n\n\n<p>Izdava\u010di Srednja Europa i Dr\u017eavni arhiv u Zagrebu.<\/p>\n\n\n\n<p>Meki uvez, 305 str.<\/p>\n\n\n\n<p>ISBN: 978-953-8281-27-3<\/p>\n\n\n\n<p>Cijena: 139,00 kn<\/p>\n\n\n\n<hr class=\"wp-block-separator\"\/>\n\n\n\n<p>Izvor:<\/p>\n\n\n\n<figure class=\"wp-block-embed-wordpress wp-block-embed is-type-wp-embed is-provider-srednja-europa\"><div class=\"wp-block-embed__wrapper\">\n<blockquote class=\"wp-embedded-content\" data-secret=\"4tVlu9HORP\"><a href=\"https:\/\/srednja-europa.hr\/proizvod\/sveucilisni-komitet-kph-skh-u-zagrebu-1945-1955-izbor-dokumenata\/\">Sveu\u010dili\u0161ni komitet KPH \/ SKH u Zagrebu 1945-1955. Izbor dokumenata<\/a><\/blockquote><iframe loading=\"lazy\" class=\"wp-embedded-content\" sandbox=\"allow-scripts\" security=\"restricted\" style=\"position: absolute; clip: rect(1px, 1px, 1px, 1px);\" title=\"&#8220;Sveu\u010dili\u0161ni komitet KPH \/ SKH u Zagrebu 1945-1955. Izbor dokumenata&#8221; &#8212; Srednja Europa\" src=\"https:\/\/srednja-europa.hr\/proizvod\/sveucilisni-komitet-kph-skh-u-zagrebu-1945-1955-izbor-dokumenata\/embed\/#?secret=4tVlu9HORP\" data-secret=\"4tVlu9HORP\" width=\"600\" height=\"338\" frameborder=\"0\" marginwidth=\"0\" marginheight=\"0\" scrolling=\"no\"><\/iframe>\n<\/div><\/figure>\n\n\n\n<p><a href=\"https:\/\/www.facebook.com\/Srednja-Europa-108077195878764\">https:\/\/www.facebook.com\/Srednja-Europa-108077195878764<\/a><\/p>\n\n\n\n<hr class=\"wp-block-separator\"\/>\n","protected":false},"excerpt":{"rendered":"","protected":false},"author":2,"featured_media":23607,"comment_status":"open","ping_status":"open","sticky":false,"template":"","format":"standard","meta":{"_acf_changed":false,"jetpack_post_was_ever_published":false,"_jetpack_newsletter_access":"","_jetpack_dont_email_post_to_subs":false,"_jetpack_newsletter_tier_id":0,"_jetpack_memberships_contains_paywalled_content":false,"_jetpack_memberships_contains_paid_content":false,"footnotes":"","jetpack_publicize_message":"","jetpack_publicize_feature_enabled":true,"jetpack_social_post_already_shared":true,"jetpack_social_options":{"image_generator_settings":{"template":"highway","default_image_id":0,"font":"","enabled":false},"version":2}},"categories":[8,3],"tags":[],"class_list":["post-23606","post","type-post","status-publish","format-standard","has-post-thumbnail","hentry","category-knjige","category-novosti"],"acf":{"facebook_opis":""},"jetpack_publicize_connections":[],"jetpack_featured_media_url":"https:\/\/i0.wp.com\/historiografija.hr\/wp-content\/uploads\/2020\/11\/Sveuc-komitet.jpg?fit=468%2C667&ssl=1","jetpack_sharing_enabled":true,"jetpack-related-posts":[],"_links":{"self":[{"href":"https:\/\/historiografija.hr\/index.php?rest_route=\/wp\/v2\/posts\/23606","targetHints":{"allow":["GET"]}}],"collection":[{"href":"https:\/\/historiografija.hr\/index.php?rest_route=\/wp\/v2\/posts"}],"about":[{"href":"https:\/\/historiografija.hr\/index.php?rest_route=\/wp\/v2\/types\/post"}],"author":[{"embeddable":true,"href":"https:\/\/historiografija.hr\/index.php?rest_route=\/wp\/v2\/users\/2"}],"replies":[{"embeddable":true,"href":"https:\/\/historiografija.hr\/index.php?rest_route=%2Fwp%2Fv2%2Fcomments&post=23606"}],"version-history":[{"count":1,"href":"https:\/\/historiografija.hr\/index.php?rest_route=\/wp\/v2\/posts\/23606\/revisions"}],"predecessor-version":[{"id":23608,"href":"https:\/\/historiografija.hr\/index.php?rest_route=\/wp\/v2\/posts\/23606\/revisions\/23608"}],"wp:featuredmedia":[{"embeddable":true,"href":"https:\/\/historiografija.hr\/index.php?rest_route=\/wp\/v2\/media\/23607"}],"wp:attachment":[{"href":"https:\/\/historiografija.hr\/index.php?rest_route=%2Fwp%2Fv2%2Fmedia&parent=23606"}],"wp:term":[{"taxonomy":"category","embeddable":true,"href":"https:\/\/historiografija.hr\/index.php?rest_route=%2Fwp%2Fv2%2Fcategories&post=23606"},{"taxonomy":"post_tag","embeddable":true,"href":"https:\/\/historiografija.hr\/index.php?rest_route=%2Fwp%2Fv2%2Ftags&post=23606"}],"curies":[{"name":"wp","href":"https:\/\/api.w.org\/{rel}","templated":true}]}}