{"id":23602,"date":"2020-11-12T18:00:28","date_gmt":"2020-11-12T18:00:28","guid":{"rendered":"http:\/\/historiografija.hr\/?p=23602"},"modified":"2020-11-16T18:29:29","modified_gmt":"2020-11-16T18:29:29","slug":"medunarodni-znanstveni-skup-100-godina-od-osnutka-slobodne-drzave-rijeka","status":"publish","type":"post","link":"https:\/\/historiografija.hr\/?p=23602","title":{"rendered":"Me\u0111unarodni znanstveni skup \u201c100 godina od osnutka Slobodne Dr\u017eave Rijeka\u201d"},"content":{"rendered":"\n<p>U Rijeci je 12. studenog 2020. odr\u017ean me\u0111unarodni znanstveni skup \u201c100 godina od osnutka Slobodne Dr\u017eave Rijeka\u201d. Povodom stogodi\u0161njice Rapalskog ugovora 1920-2020. upu\u0107ujemo na medijske napise tim povodom i jedan raniji intervju povjesni\u010dara Marka Medveda o D\u2019Annunziju, kao i zbornik o Rapalskom ugovoru.<\/p>\n\n\n\n<hr class=\"wp-block-separator\"\/>\n\n\n\n<p><strong>Me\u0111unarodni znanstveni skup povodom stogodi\u0161njice osnutka Slobodne Dr\u017eave Rijeka<\/strong><\/p>\n\n\n\n<figure class=\"wp-block-embed-wordpress wp-block-embed is-type-wp-embed is-provider-rijeka-danas-rijecki-internetski-dnevnik\"><div class=\"wp-block-embed__wrapper\">\n<blockquote class=\"wp-embedded-content\" data-secret=\"OtYIyl9XfA\"><a href=\"https:\/\/www.rijekadanas.com\/medunarodni-znanstveni-skup-povodom-stogodisnjice-osnutka-slobodne-drzave-rijeka\/\">Me\u0111unarodni znanstveni skup povodom stogodi\u0161njice osnutka Slobodne Dr\u017eave Rijeka<\/a><\/blockquote><iframe loading=\"lazy\" class=\"wp-embedded-content\" sandbox=\"allow-scripts\" security=\"restricted\" style=\"position: absolute; clip: rect(1px, 1px, 1px, 1px);\" title=\"&#8220;Me\u0111unarodni znanstveni skup povodom stogodi\u0161njice osnutka Slobodne Dr\u017eave Rijeka&#8221; &#8212; Rijeka Danas - rije\u010dki internetski dnevnik\" src=\"https:\/\/www.rijekadanas.com\/medunarodni-znanstveni-skup-povodom-stogodisnjice-osnutka-slobodne-drzave-rijeka\/embed\/#?secret=OtYIyl9XfA\" data-secret=\"OtYIyl9XfA\" width=\"600\" height=\"338\" frameborder=\"0\" marginwidth=\"0\" marginheight=\"0\" scrolling=\"no\"><\/iframe>\n<\/div><\/figure>\n\n\n\n<p><strong>Znanstveni skup u povodu 100 godina osnutka Slobodne Dr\u017eave Rijeke<\/strong><\/p>\n\n\n\n<figure class=\"wp-block-embed-wordpress wp-block-embed is-type-wp-embed is-provider-rijeka-danas-rijecki-internetski-dnevnik\"><div class=\"wp-block-embed__wrapper\">\n<blockquote class=\"wp-embedded-content\" data-secret=\"vbL3Wms1xG\"><a href=\"https:\/\/www.rijekadanas.com\/149967-2\/\">Znanstveni skup u povodu 100 godina osnutka Slobodne Dr\u017eave Rijeke<\/a><\/blockquote><iframe loading=\"lazy\" class=\"wp-embedded-content\" sandbox=\"allow-scripts\" security=\"restricted\" style=\"position: absolute; clip: rect(1px, 1px, 1px, 1px);\" title=\"&#8220;Znanstveni skup u povodu 100 godina osnutka Slobodne Dr\u017eave Rijeke&#8221; &#8212; Rijeka Danas - rije\u010dki internetski dnevnik\" src=\"https:\/\/www.rijekadanas.com\/149967-2\/embed\/#?secret=vbL3Wms1xG\" data-secret=\"vbL3Wms1xG\" width=\"600\" height=\"338\" frameborder=\"0\" marginwidth=\"0\" marginheight=\"0\" scrolling=\"no\"><\/iframe>\n<\/div><\/figure>\n\n\n\n<p><strong>Op\u0161irnije na poveznici:<\/strong><\/p>\n\n\n\n<p><a href=\"https:\/\/www.facebook.com\/RijekaFiume\">https:\/\/www.facebook.com\/RijekaFiume<\/a><\/p>\n\n\n\n<p>&#8212;<\/p>\n\n\n\n<p><strong>Marko Medved<\/strong><\/p>\n\n\n\n<figure class=\"wp-block-embed-wordpress wp-block-embed is-type-wp-embed is-provider-novi-list\"><div class=\"wp-block-embed__wrapper\">\n<blockquote class=\"wp-embedded-content\" data-secret=\"fnc4NuxbI9\"><a href=\"https:\/\/www.novilist.hr\/ostalo\/marko-medved-povijest-ne-smije-biti-talac-politike\/\">MARKO MEDVED: Povijest ne smije biti talac politike<\/a><\/blockquote><iframe loading=\"lazy\" class=\"wp-embedded-content\" sandbox=\"allow-scripts\" security=\"restricted\" style=\"position: absolute; clip: rect(1px, 1px, 1px, 1px);\" title=\"&#8220;MARKO MEDVED: Povijest ne smije biti talac politike&#8221; &#8212; Novi list\" src=\"https:\/\/www.novilist.hr\/ostalo\/marko-medved-povijest-ne-smije-biti-talac-politike\/embed\/#?secret=fnc4NuxbI9\" data-secret=\"fnc4NuxbI9\" width=\"600\" height=\"338\" frameborder=\"0\" marginwidth=\"0\" marginheight=\"0\" scrolling=\"no\"><\/iframe>\n<\/div><\/figure>\n\n\n\n<hr class=\"wp-block-separator\"\/>\n\n\n\n<p><strong>Tvrtko Jakovina<\/strong><\/p>\n\n\n\n<p><a href=\"https:\/\/www.jutarnji.hr\/vijesti\/hrvatska\/sto-godina-od-prvog-razgranicenja-s-italijom-suze-ante-trumbica-i-slutnja-novog-rata-15003753\">https:\/\/www.jutarnji.hr\/vijesti\/hrvatska\/sto-godina-od-prvog-razgranicenja-s-italijom-suze-ante-trumbica-i-slutnja-novog-rata-15003753<\/a><\/p>\n\n\n\n<hr class=\"wp-block-separator\"\/>\n\n\n\n<p><strong>\u0160ibenski portal<\/strong><\/p>\n\n\n\n<figure class=\"wp-block-embed-wordpress wp-block-embed is-type-wp-embed is-provider-sibenski-portal\"><div class=\"wp-block-embed__wrapper\">\n<blockquote class=\"wp-embedded-content\" data-secret=\"knE9R2Aaa3\"><a href=\"https:\/\/sibenskiportal.hr\/y2\/stogodisnjica-rapalskog-ugovora-kraj-petstogodisnje-tudinske-vladavine-sibenikom\/\">Stogodi\u0161njica Rapalskog ugovora: Kraj petstogodi\u0161nje tu\u0111inske vladavine \u0160ibenikom<\/a><\/blockquote><iframe loading=\"lazy\" class=\"wp-embedded-content\" sandbox=\"allow-scripts\" security=\"restricted\" style=\"position: absolute; clip: rect(1px, 1px, 1px, 1px);\" title=\"&#8220;Stogodi\u0161njica Rapalskog ugovora: Kraj petstogodi\u0161nje tu\u0111inske vladavine \u0160ibenikom&#8221; &#8212; \u0160ibenski portal\" src=\"https:\/\/sibenskiportal.hr\/y2\/stogodisnjica-rapalskog-ugovora-kraj-petstogodisnje-tudinske-vladavine-sibenikom\/embed\/#?secret=knE9R2Aaa3\" data-secret=\"knE9R2Aaa3\" width=\"600\" height=\"338\" frameborder=\"0\" marginwidth=\"0\" marginheight=\"0\" scrolling=\"no\"><\/iframe>\n<\/div><\/figure>\n\n\n\n<hr class=\"wp-block-separator\"\/>\n\n\n\n<h4 class=\"wp-block-heading\">O Rapalskom i Lateranskim ugovorima te odnosima Crkve i dr\u017eave<\/h4>\n\n\n\n<figure class=\"wp-block-embed-wordpress wp-block-embed is-type-wp-embed is-provider-ika\"><div class=\"wp-block-embed__wrapper\">\n<iframe loading=\"lazy\" class=\"wp-embedded-content\" sandbox=\"allow-scripts\" security=\"restricted\" title=\"&#8220;O Rapalskom i Lateranskim ugovorima te odnosima Crkve i dr\u017eave&#8221; &#8212; IKA\" src=\"https:\/\/ika.hkm.hr\/novosti\/o-rapalskom-i-lateranskim-ugovorima-te-odnosima-crkve-i-drzave\/embed\/#?secret=AA0x05hypR\" data-secret=\"AA0x05hypR\" width=\"600\" height=\"338\" frameborder=\"0\" marginwidth=\"0\" marginheight=\"0\" scrolling=\"no\"><\/iframe>\n<\/div><\/figure>\n\n\n\n<hr class=\"wp-block-separator\"\/>\n","protected":false},"excerpt":{"rendered":"","protected":false},"author":2,"featured_media":23603,"comment_status":"open","ping_status":"open","sticky":false,"template":"","format":"standard","meta":{"_acf_changed":false,"jetpack_post_was_ever_published":false,"_jetpack_newsletter_access":"","_jetpack_dont_email_post_to_subs":false,"_jetpack_newsletter_tier_id":0,"_jetpack_memberships_contains_paywalled_content":false,"_jetpack_memberships_contains_paid_content":false,"footnotes":"","jetpack_publicize_message":"","jetpack_publicize_feature_enabled":true,"jetpack_social_post_already_shared":true,"jetpack_social_options":{"image_generator_settings":{"template":"highway","default_image_id":0,"font":"","enabled":false},"version":2}},"categories":[3,9],"tags":[],"class_list":["post-23602","post","type-post","status-publish","format-standard","has-post-thumbnail","hentry","category-novosti","category-skupovi"],"acf":{"facebook_opis":""},"jetpack_publicize_connections":[],"jetpack_featured_media_url":"https:\/\/i0.wp.com\/historiografija.hr\/wp-content\/uploads\/2020\/11\/Skup-Rijeka.jpg?fit=1920%2C1005&ssl=1","jetpack_sharing_enabled":true,"jetpack-related-posts":[],"_links":{"self":[{"href":"https:\/\/historiografija.hr\/index.php?rest_route=\/wp\/v2\/posts\/23602","targetHints":{"allow":["GET"]}}],"collection":[{"href":"https:\/\/historiografija.hr\/index.php?rest_route=\/wp\/v2\/posts"}],"about":[{"href":"https:\/\/historiografija.hr\/index.php?rest_route=\/wp\/v2\/types\/post"}],"author":[{"embeddable":true,"href":"https:\/\/historiografija.hr\/index.php?rest_route=\/wp\/v2\/users\/2"}],"replies":[{"embeddable":true,"href":"https:\/\/historiografija.hr\/index.php?rest_route=%2Fwp%2Fv2%2Fcomments&post=23602"}],"version-history":[{"count":3,"href":"https:\/\/historiografija.hr\/index.php?rest_route=\/wp\/v2\/posts\/23602\/revisions"}],"predecessor-version":[{"id":23664,"href":"https:\/\/historiografija.hr\/index.php?rest_route=\/wp\/v2\/posts\/23602\/revisions\/23664"}],"wp:featuredmedia":[{"embeddable":true,"href":"https:\/\/historiografija.hr\/index.php?rest_route=\/wp\/v2\/media\/23603"}],"wp:attachment":[{"href":"https:\/\/historiografija.hr\/index.php?rest_route=%2Fwp%2Fv2%2Fmedia&parent=23602"}],"wp:term":[{"taxonomy":"category","embeddable":true,"href":"https:\/\/historiografija.hr\/index.php?rest_route=%2Fwp%2Fv2%2Fcategories&post=23602"},{"taxonomy":"post_tag","embeddable":true,"href":"https:\/\/historiografija.hr\/index.php?rest_route=%2Fwp%2Fv2%2Ftags&post=23602"}],"curies":[{"name":"wp","href":"https:\/\/api.w.org\/{rel}","templated":true}]}}