{"id":2360,"date":"2016-08-25T22:00:05","date_gmt":"2016-08-25T22:00:05","guid":{"rendered":"http:\/\/historiografija.hr\/?p=2360"},"modified":"2020-12-21T17:24:39","modified_gmt":"2020-12-21T17:24:39","slug":"tekstovi-povodom-smrti-povjesnicara-ernsta-noltea","status":"publish","type":"post","link":"https:\/\/historiografija.hr\/?p=2360","title":{"rendered":"Tekstovi povodom smrti povjesni\u010dara Ernsta Noltea"},"content":{"rendered":"<p align=\"justify\"><font size=\"3\"><br \/>\n<\/font><\/p>\n<p style=\"margin: 0cm 0cm 10pt;\" align=\"justify\"><font face=\"Calibri\"><font size=\"3\"><span style=\"mso-bidi-font-family: &quot;Times New Roman&quot;;\">Nakon prve obavijesti i opse\u017enog teksta Marija Kopi\u0107a, u nastavku donosimo i niz poveznica na druge tekstove \u2013 na nekoliko jezika i iz vrlo razli\u010ditih i podijeljenih perspektiva \u2013 objavljenih povodom smrti njema\u010dkog povjesni\u010dara Ernsta Noltea (1923-2016).<\/span><b style=\"mso-bidi-font-weight: normal;\"> <\/b><\/font><\/font><\/p>\n<p align=\"justify\"><font size=\"3\"><br \/>\n<\/font><\/p>\n<p style=\"margin: 0cm 0cm 10pt;\" align=\"justify\"><b style=\"mso-bidi-font-weight: normal;\"><font size=\"3\" face=\"Calibri\">&nbsp;<\/font><\/b><\/p>\n<p align=\"justify\"><font size=\"3\"><br \/>\n<\/font><\/p>\n<p style=\"margin: 0cm 0cm 10pt;\" align=\"justify\"><b style=\"mso-bidi-font-weight: normal;\"><font size=\"3\" face=\"Calibri\">&#8212;<\/font><\/b><\/p>\n<p align=\"justify\"><font size=\"3\"><br \/>\n<\/font><\/p>\n<p style=\"margin: 0cm 0cm 10pt;\" align=\"justify\"><b style=\"mso-bidi-font-weight: normal;\"><font size=\"3\" face=\"Calibri\">&nbsp;<\/font><\/b><\/p>\n<p align=\"justify\"><font size=\"3\"><br \/>\n<\/font><\/p>\n<p style=\"margin: 0cm 0cm 10pt;\" align=\"justify\"><b style=\"mso-bidi-font-weight: normal;\"><font size=\"3\" face=\"Calibri\">Ernst Nolte, Historian Whose Views on Hitler Caused an Uproar, Dies at 93<\/font><\/b><\/p>\n<p align=\"justify\"><font size=\"3\"><br \/>\n<\/font><\/p>\n<p style=\"margin: 0cm 0cm 10pt;\" align=\"justify\"><font size=\"3\" face=\"Calibri\">&nbsp;<\/font><\/p>\n<p align=\"justify\"><font size=\"3\"><br \/>\n<\/font><\/p>\n<p style=\"margin: 0cm 0cm 10pt;\" align=\"justify\"><font size=\"3\" face=\"Calibri\">Sam Roberts<\/font><\/p>\n<p align=\"justify\"><font size=\"3\"><br \/>\n<\/font><\/p>\n<p style=\"margin: 0cm 0cm 10pt;\" align=\"justify\"><font size=\"3\" face=\"Calibri\">&nbsp;<\/font><\/p>\n<p align=\"justify\"><font size=\"3\"><br \/>\n<\/font><\/p>\n<p style=\"margin: 0cm 0cm 10pt;\" align=\"justify\"><font size=\"3\" face=\"Calibri\">AUG. 19, 2016<\/font><\/p>\n<p align=\"justify\"><font size=\"3\"><br \/>\n<\/font><\/p>\n<p style=\"margin: 0cm 0cm 10pt;\" align=\"justify\"><font size=\"3\" face=\"Calibri\">&nbsp;<\/font><\/p>\n<p align=\"justify\"><font size=\"3\"><br \/>\n<\/font><\/p>\n<p style=\"margin: 0cm 0cm 10pt;\" align=\"justify\"><a href=\"http:\/\/www.nytimes.com\/2016\/08\/21\/world\/europe\/ernst-nolte-historian-whose-views-on-hitler-caused-an-uproar-dies-at-93.html?_r=0\"><font size=\"3\" face=\"Calibri\" color=\"#0000ff\">http:\/\/www.nytimes.com\/2016\/08\/21\/world\/europe\/ernst-nolte-historian-whose-views-on-hitler-caused-an-uproar-dies-at-93.html?_r=0<\/font><\/a><\/p>\n<p align=\"justify\"><font size=\"3\"><br \/>\n<\/font><\/p>\n<p style=\"margin: 0cm 0cm 10pt;\" align=\"justify\"><font size=\"3\" face=\"Calibri\">&nbsp;<\/font><\/p>\n<p align=\"justify\"><font size=\"3\"><br \/>\n<\/font><\/p>\n<p style=\"margin: 0cm 0cm 10pt;\" align=\"justify\"><font size=\"3\" face=\"Calibri\">&#8212;<\/font><\/p>\n<p align=\"justify\"><font size=\"3\"><br \/>\n<\/font><\/p>\n<p style=\"margin: 0cm 0cm 10pt;\" align=\"justify\"><font size=\"3\" face=\"Calibri\">&nbsp;<\/font><\/p>\n<p align=\"justify\"><font size=\"3\"><br \/>\n<\/font><\/p>\n<p style=\"margin: 0cm 0cm 10pt;\" align=\"justify\"><b style=\"mso-bidi-font-weight: normal;\"><font size=\"3\" face=\"Calibri\">Ihm ging es um das Warum der Geschichte<\/font><\/b><\/p>\n<p align=\"justify\"><font size=\"3\"><br \/>\n<\/font><\/p>\n<p style=\"margin: 0cm 0cm 10pt;\" align=\"justify\"><font size=\"3\" face=\"Calibri\">&nbsp;<\/font><\/p>\n<p align=\"justify\"><font size=\"3\"><br \/>\n<\/font><\/p>\n<p style=\"margin: 0cm 0cm 10pt;\" align=\"justify\"><font size=\"3\" face=\"Calibri\">Bernhard Schulz <\/font><\/p>\n<p align=\"justify\"><font size=\"3\"><br \/>\n<\/font><\/p>\n<p style=\"margin: 0cm 0cm 10pt;\" align=\"justify\"><font size=\"3\" face=\"Calibri\">&nbsp;<\/font><\/p>\n<p align=\"justify\"><font size=\"3\"><br \/>\n<\/font><\/p>\n<p style=\"margin: 0cm 0cm 10pt;\" align=\"justify\"><font size=\"3\" face=\"Calibri\">18. August 2016<\/font><\/p>\n<p align=\"justify\"><font size=\"3\"><br \/>\n<\/font><\/p>\n<p style=\"margin: 0cm 0cm 10pt;\" align=\"justify\"><font size=\"3\" face=\"Calibri\">&nbsp;<\/font><\/p>\n<p align=\"justify\"><font size=\"3\"><br \/>\n<\/font><\/p>\n<p style=\"margin: 0cm 0cm 10pt;\" align=\"justify\"><a href=\"http:\/\/www.zeit.de\/wissen\/geschichte\/2016-08\/ernst-nolte-geschichte-nachruf\"><font size=\"3\" face=\"Calibri\" color=\"#0000ff\">http:\/\/www.zeit.de\/wissen\/geschichte\/2016-08\/ernst-nolte-geschichte-nachruf<\/font><\/a><\/p>\n<p align=\"justify\"><font size=\"3\"><br \/>\n<\/font><\/p>\n<p style=\"margin: 0cm 0cm 10pt;\" align=\"justify\"><font size=\"3\" face=\"Calibri\">&nbsp;<\/font><\/p>\n<p align=\"justify\"><font size=\"3\"><br \/>\n<\/font><\/p>\n<p style=\"margin: 0cm 0cm 10pt;\" align=\"justify\"><font size=\"3\" face=\"Calibri\">&#8212;<\/font><\/p>\n<p align=\"justify\"><font size=\"3\"><br \/>\n<\/font><\/p>\n<p style=\"margin: 0cm 0cm 10pt;\" align=\"justify\"><font size=\"3\" face=\"Calibri\">&nbsp;<\/font><\/p>\n<p align=\"justify\"><font size=\"3\"><br \/>\n<\/font><\/p>\n<p style=\"margin: 0cm 0cm 10pt;\" align=\"justify\"><b style=\"mso-bidi-font-weight: normal;\"><font size=\"3\" face=\"Calibri\">Es ging ums Ganze <\/font><\/b><\/p>\n<p align=\"justify\"><font size=\"3\"><br \/>\n<\/font><\/p>\n<p style=\"margin: 0cm 0cm 10pt;\" align=\"justify\"><font size=\"3\" face=\"Calibri\">&nbsp;<\/font><\/p>\n<p align=\"justify\"><font size=\"3\"><br \/>\n<\/font><\/p>\n<p style=\"margin: 0cm 0cm 10pt;\" align=\"justify\"><font size=\"3\" face=\"Calibri\">Lorenz J\u00e4ger<\/font><\/p>\n<p align=\"justify\"><font size=\"3\"><br \/>\n<\/font><\/p>\n<p style=\"margin: 0cm 0cm 10pt;\" align=\"justify\"><font size=\"3\" face=\"Calibri\">&nbsp;<\/font><\/p>\n<p align=\"justify\"><font size=\"3\"><br \/>\n<\/font><\/p>\n<p style=\"margin: 0cm 0cm 10pt;\" align=\"justify\"><font size=\"3\" face=\"Calibri\">18.08.2016<\/font><\/p>\n<p align=\"justify\"><font size=\"3\"><br \/>\n<\/font><\/p>\n<p style=\"margin: 0cm 0cm 10pt;\" align=\"justify\"><font size=\"3\" face=\"Calibri\">&nbsp;<\/font><\/p>\n<p align=\"justify\"><font size=\"3\"><br \/>\n<\/font><\/p>\n<p style=\"margin: 0cm 0cm 10pt;\" align=\"justify\"><a href=\"http:\/\/www.faz.net\/aktuell\/feuilleton\/debatten\/es-ging-ums-ganze-zum-tod-von-ernst-nolte-14394605.html\"><font size=\"3\" face=\"Calibri\" color=\"#0000ff\">http:\/\/www.faz.net\/aktuell\/feuilleton\/debatten\/es-ging-ums-ganze-zum-tod-von-ernst-nolte-14394605.html<\/font><\/a><\/p>\n<p align=\"justify\"><font size=\"3\"><br \/>\n<\/font><\/p>\n<p style=\"margin: 0cm 0cm 10pt;\" align=\"justify\"><font size=\"3\" face=\"Calibri\">&nbsp;<\/font><\/p>\n<p align=\"justify\"><font size=\"3\"><br \/>\n<\/font><\/p>\n<p style=\"margin: 0cm 0cm 10pt;\" align=\"justify\"><span style=\"mso-ansi-language: FR;\" lang=\"FR\"><font size=\"3\" face=\"Calibri\">&#8212;<\/font><\/span><\/p>\n<p align=\"justify\"><font size=\"3\"><br \/>\n<\/font><\/p>\n<p style=\"margin: 0cm 0cm 10pt;\" align=\"justify\"><span style=\"mso-ansi-language: FR;\" lang=\"FR\"><font size=\"3\" face=\"Calibri\">&nbsp;<\/font><\/span><\/p>\n<p align=\"justify\"><font size=\"3\"><br \/>\n<\/font><\/p>\n<p style=\"margin: 0cm 0cm 10pt;\" align=\"justify\"><b style=\"mso-bidi-font-weight: normal;\"><span style=\"mso-ansi-language: FR;\" lang=\"FR\"><font size=\"3\" face=\"Calibri\">L\u2019historien allemand Ernst Nolte \u00e9tait-il r\u00e9visionniste ?<\/font><\/span><\/b><\/p>\n<p align=\"justify\"><font size=\"3\"><br \/>\n<\/font><\/p>\n<p style=\"margin: 0cm 0cm 10pt;\" align=\"justify\"><span style=\"mso-ansi-language: FR;\" lang=\"FR\"><font size=\"3\" face=\"Calibri\">&nbsp;<\/font><\/span><\/p>\n<p align=\"justify\"><font size=\"3\"><br \/>\n<\/font><\/p>\n<p style=\"margin: 0cm 0cm 10pt;\" align=\"justify\"><span style=\"mso-ansi-language: FR;\" lang=\"FR\"><font size=\"3\" face=\"Calibri\">Olivier Mialet<\/font><\/span><\/p>\n<p align=\"justify\"><font size=\"3\"><br \/>\n<\/font><\/p>\n<p style=\"margin: 0cm 0cm 10pt;\" align=\"justify\"><span style=\"mso-ansi-language: FR;\" lang=\"FR\"><font size=\"3\" face=\"Calibri\">&nbsp;<\/font><\/span><\/p>\n<p align=\"justify\"><font size=\"3\"><br \/>\n<\/font><\/p>\n<p style=\"margin: 0cm 0cm 10pt;\" align=\"justify\"><span style=\"mso-ansi-language: FR;\" lang=\"FR\"><font size=\"3\" face=\"Calibri\">20\/08\/2016 <\/font><\/span><\/p>\n<p align=\"justify\"><font size=\"3\"><br \/>\n<\/font><\/p>\n<p style=\"margin: 0cm 0cm 10pt;\" align=\"justify\"><span style=\"mso-ansi-language: FR;\" lang=\"FR\"><font size=\"3\" face=\"Calibri\">&nbsp;<\/font><\/span><\/p>\n<p align=\"justify\"><font size=\"3\"><br \/>\n<\/font><\/p>\n<p style=\"margin: 0cm 0cm 10pt;\" align=\"justify\"><span style=\"mso-ansi-language: FR;\" lang=\"FR\"><font size=\"3\" face=\"Calibri\">http:\/\/www.lesinrocks.com\/2016\/08\/20\/actualite\/lhistorien-allemand-ernst-nolte-etait-revisionniste-11859833\/<\/font><\/span><\/p>\n<p align=\"justify\"><font size=\"3\"><br \/>\n<\/font><\/p>\n<p style=\"margin: 0cm 0cm 10pt;\" align=\"justify\"><span style=\"mso-ansi-language: FR;\" lang=\"FR\"><font size=\"3\" face=\"Calibri\">&nbsp;<\/font><\/span><\/p>\n<p align=\"justify\"><font size=\"3\"><br \/>\n<\/font><\/p>\n<p style=\"margin: 0cm 0cm 10pt;\" align=\"justify\"><font size=\"3\" face=\"Calibri\">&#8212;<\/font><\/p>\n<p align=\"justify\"><font size=\"3\"><br \/>\n<\/font><\/p>\n<p style=\"margin: 0cm 0cm 10pt;\" align=\"justify\"><font size=\"3\" face=\"Calibri\">&nbsp;<\/font><\/p>\n<p align=\"justify\"><font size=\"3\"><br \/>\n<\/font><\/p>\n<p style=\"margin: 0cm 0cm 10pt;\" align=\"justify\"><b style=\"mso-bidi-font-weight: normal;\"><font size=\"3\" face=\"Calibri\">Morto Ernst Nolte, lo storico che colleg\u00f2 Gulag e Shoah<\/font><\/b><\/p>\n<p align=\"justify\"><font size=\"3\"><br \/>\n<\/font><\/p>\n<p style=\"margin: 0cm 0cm 10pt;\" align=\"justify\"><font size=\"3\" face=\"Calibri\">&nbsp;<\/font><\/p>\n<p align=\"justify\"><font size=\"3\"><br \/>\n<\/font><\/p>\n<p style=\"margin: 0cm 0cm 10pt;\" align=\"justify\"><font size=\"3\" face=\"Calibri\">Sergio Romano<\/font><\/p>\n<p align=\"justify\"><font size=\"3\"><br \/>\n<\/font><\/p>\n<p style=\"margin: 0cm 0cm 10pt;\" align=\"justify\"><font size=\"3\" face=\"Calibri\">&nbsp;<\/font><\/p>\n<p align=\"justify\"><font size=\"3\"><br \/>\n<\/font><\/p>\n<p style=\"margin: 0cm 0cm 10pt;\" align=\"justify\"><font size=\"3\" face=\"Calibri\">18\/08\/2016<\/font><\/p>\n<p style=\"margin: 0cm 0cm 10pt;\" align=\"justify\"><font size=\"3\" face=\"Calibri\"><br \/>\n<\/font><\/p>\n<p align=\"justify\"><font size=\"3\"><br \/>\n<\/font><\/p>\n<p style=\"margin: 0cm 0cm 10pt;\" align=\"justify\"><a href=\"http:\/\/www.corriere.it\/cultura\/16_agosto_18\/morto-ernst-nolte-storico-tedesco-2225b6ea-6565-11e6-98cd-57efaec1056d.shtml?refresh_ce-cp\"><font size=\"3\" face=\"Calibri\" color=\"#0000ff\">http:\/\/www.corriere.it\/cultura\/16_agosto_18\/morto-ernst-nolte-storico-tedesco-2225b6ea-6565-11e6-98cd-57efaec1056d.shtml?refresh_ce-cp<\/font><\/a><\/p>\n<p align=\"justify\"><font size=\"3\"><br \/>\n<\/font><\/p>\n<p style=\"margin: 0cm 0cm 10pt;\" align=\"justify\"><font size=\"3\" face=\"Calibri\">&nbsp;<\/font><\/p>\n<p align=\"justify\"><font size=\"3\"><br \/>\n<\/font><\/p>\n<p style=\"margin: 0cm 0cm 10pt;\" align=\"justify\"><font size=\"3\" face=\"Calibri\">&#8212;<\/font><\/p>\n<p align=\"justify\"><font size=\"3\"><br \/>\n<\/font><\/p>\n<p style=\"margin: 0cm 0cm 10pt;\" align=\"justify\"><font size=\"3\" face=\"Calibri\">&nbsp;<\/font><\/p>\n<p align=\"justify\"><font size=\"3\"><br \/>\n<\/font><\/p>\n<p style=\"margin: 0cm 0cm 10pt;\" align=\"justify\"><b style=\"mso-bidi-font-weight: normal;\"><font size=\"3\" face=\"Calibri\">Addio Nolte lo storico che giustific\u00f2 il nazismo<\/font><\/b><\/p>\n<p align=\"justify\"><font size=\"3\"><br \/>\n<\/font><\/p>\n<p style=\"margin: 0cm 0cm 10pt;\" align=\"justify\"><b style=\"mso-bidi-font-weight: normal;\"><font size=\"3\" face=\"Calibri\">&nbsp;<\/font><\/b><\/p>\n<p align=\"justify\"><font size=\"3\"><br \/>\n<\/font><\/p>\n<p style=\"margin: 0cm 0cm 10pt;\" align=\"justify\"><font size=\"3\" face=\"Calibri\">Giancarlo Bosetti<\/font><\/p>\n<p align=\"justify\"><font size=\"3\"><br \/>\n<\/font><\/p>\n<p style=\"margin: 0cm 0cm 10pt;\" align=\"justify\"><font size=\"3\" face=\"Calibri\">&nbsp;<\/font><\/p>\n<p align=\"justify\"><font size=\"3\"><br \/>\n<\/font><\/p>\n<p style=\"margin: 0cm 0cm 10pt;\" align=\"justify\"><font size=\"3\" face=\"Calibri\">19\/08\/2016<\/font><\/p>\n<p align=\"justify\"><font size=\"3\"><br \/>\n<\/font><\/p>\n<p style=\"margin: 0cm 0cm 10pt;\" align=\"justify\"><font size=\"3\" face=\"Calibri\">&nbsp;<\/font><\/p>\n<p align=\"justify\"><font size=\"3\"><br \/>\n<\/font><\/p>\n<p style=\"margin: 0cm 0cm 10pt;\" align=\"justify\"><font size=\"3\" face=\"Calibri\">http:\/\/ricerca.repubblica.it\/repubblica\/archivio\/repubblica\/2016\/08\/19\/addio-nolte-lo-storico-che-giustifico-il-nazismo38.html<\/font><\/p>\n<p align=\"justify\"><font size=\"3\"><br \/>\n<\/font><\/p>\n<p style=\"margin: 0cm 0cm 10pt;\" align=\"justify\"><font size=\"3\" face=\"Calibri\">&nbsp;<\/font><\/p>\n<p align=\"justify\"><font size=\"3\"><br \/>\n<\/font><\/p>\n<p style=\"margin: 0cm 0cm 10pt;\" align=\"justify\"><font size=\"3\" face=\"Calibri\">&#8212;<\/font><\/p>\n<p align=\"justify\"><font size=\"3\"><br \/>\n<\/font><\/p>\n<p style=\"margin: 0cm 0cm 10pt;\" align=\"justify\"><font size=\"3\" face=\"Calibri\">&nbsp;<\/font><\/p>\n<p align=\"justify\"><font size=\"3\"><br \/>\n<\/font><\/p>\n<p style=\"margin: 0cm 0cm 10pt;\" align=\"justify\"><b style=\"mso-bidi-font-weight: normal;\"><font size=\"3\" face=\"Calibri\">Germany\u2019s best-known antisemitic and anti-Zionist historian Ernst Nolte is dead<\/font><\/b><\/p>\n<p align=\"justify\"><font size=\"3\"><br \/>\n<\/font><\/p>\n<p style=\"margin: 0cm 0cm 10pt;\" align=\"justify\"><font size=\"3\" face=\"Calibri\">&nbsp;<\/font><\/p>\n<p align=\"justify\"><font size=\"3\"><br \/>\n<\/font><\/p>\n<p style=\"margin: 0cm 0cm 10pt;\" align=\"justify\"><font size=\"3\" face=\"Calibri\">Clemens Heni<\/font><\/p>\n<p align=\"justify\"><font size=\"3\"><br \/>\n<\/font><\/p>\n<p style=\"margin: 0cm 0cm 10pt;\" align=\"justify\"><font size=\"3\" face=\"Calibri\">&nbsp;<\/font><\/p>\n<p align=\"justify\"><font size=\"3\"><br \/>\n<\/font><\/p>\n<p style=\"margin: 0cm 0cm 10pt;\" align=\"justify\"><font size=\"3\" face=\"Calibri\">August 20, 2016<\/font><\/p>\n<p align=\"justify\"><font size=\"3\"><br \/>\n<\/font><\/p>\n<p style=\"margin: 0cm 0cm 10pt;\" align=\"justify\"><font size=\"3\" face=\"Calibri\">&nbsp;<\/font><\/p>\n<p align=\"justify\"><font size=\"3\"><br \/>\n<\/font><\/p>\n<p style=\"margin: 0cm 0cm 10pt;\" align=\"justify\"><a href=\"http:\/\/blogs.timesofisrael.com\/germanys-best-known-antisemitic-and-anti-zionist-historian-ernst-nolte-is-dead\/\"><font size=\"3\" face=\"Calibri\" color=\"#0000ff\">http:\/\/blogs.timesofisrael.com\/germanys-best-known-antisemitic-and-anti-zionist-historian-ernst-nolte-is-dead\/<\/font><\/a><\/p>\n<p align=\"justify\"><font size=\"3\"><br \/>\n<\/font><\/p>\n<p style=\"margin: 0cm 0cm 10pt;\" align=\"justify\"><font size=\"3\" face=\"Calibri\">&nbsp;<\/font><\/p>\n<p align=\"justify\"><font size=\"3\"><br \/>\n<\/font><\/p>\n<p style=\"margin: 0cm 0cm 10pt;\" align=\"justify\"><font size=\"3\" face=\"Calibri\">&#8212;<\/font><\/p>\n<p align=\"justify\"><font size=\"3\"><br \/>\n<\/font><\/p>\n<p style=\"margin: 0cm 0cm 10pt;\" align=\"justify\"><font size=\"3\" face=\"Calibri\">&nbsp;<\/font><\/p>\n<p align=\"justify\"><font size=\"3\"><br \/>\n<\/font><\/p>\n<p style=\"margin: 0cm 0cm 10pt;\" align=\"justify\"><b style=\"mso-bidi-font-weight: normal;\"><font face=\"Calibri\"><font size=\"3\"><span style=\"mso-spacerun: yes;\">&nbsp;<\/span>\u201cThe Past That Won\u2019t Pass Away\u201d; Ernst Nolte (1923\u20132016)<\/font><\/font><\/b><\/p>\n<p align=\"justify\"><font size=\"3\"><br \/>\n<\/font><\/p>\n<p style=\"margin: 0cm 0cm 10pt;\" align=\"justify\"><font size=\"3\" face=\"Calibri\">&nbsp;<\/font><\/p>\n<p align=\"justify\"><font size=\"3\"><br \/>\n<\/font><\/p>\n<p style=\"margin: 0cm 0cm 10pt;\" align=\"justify\"><font face=\"Calibri\"><font size=\"3\"><span style=\"mso-spacerun: yes;\">&nbsp;<\/span>Tom Sunic<\/font><\/font><\/p>\n<p align=\"justify\"><font size=\"3\"><br \/>\n<\/font><\/p>\n<p style=\"margin: 0cm 0cm 10pt;\" align=\"justify\"><font size=\"3\" face=\"Calibri\">(Tomislav Suni\u0107)<\/font><\/p>\n<p align=\"justify\"><font size=\"3\"><br \/>\n<\/font><\/p>\n<p style=\"margin: 0cm 0cm 10pt;\" align=\"justify\"><font size=\"3\" face=\"Calibri\">&nbsp;<\/font><\/p>\n<p align=\"justify\"><font size=\"3\"><br \/>\n<\/font><\/p>\n<p style=\"margin: 0cm 0cm 10pt;\" align=\"justify\"><font size=\"3\" face=\"Calibri\">August 25, 2016 <\/font><\/p>\n<p align=\"justify\"><font size=\"3\"><br \/>\n<\/font><\/p>\n<p style=\"margin: 0cm 0cm 10pt;\" align=\"justify\"><span style=\"mso-spacerun: yes;\"><font size=\"3\" face=\"Calibri\">&nbsp;<\/font><\/span><\/p>\n<p align=\"justify\"><font size=\"3\"><br \/>\n<\/font><\/p>\n<p style=\"margin: 0cm 0cm 10pt;\" align=\"justify\"><a href=\"http:\/\/www.theoccidentalobserver.net\/2016\/08\/the-past-that-wont-pass-away-ernst-nolte-1923-2016\/\"><font size=\"3\" face=\"Calibri\" color=\"#0000ff\">http:\/\/www.theoccidentalobserver.net\/2016\/08\/the-past-that-wont-pass-away-ernst-nolte-1923-2016\/<\/font><\/a><\/p>\n<p align=\"justify\"><font size=\"3\"><br \/>\n<\/font><\/p>\n<p style=\"margin: 0cm 0cm 10pt;\" align=\"justify\"><font size=\"3\" face=\"Calibri\">&nbsp;<\/font><\/p>\n<p align=\"justify\"><font size=\"3\"><br \/>\n<\/font><\/p>\n<p style=\"margin: 0cm 0cm 10pt;\" align=\"justify\"><font size=\"3\" face=\"Calibri\">&#8212;<\/font><\/p>\n<p align=\"justify\"><font size=\"3\"><br \/>\n<\/font><\/p>\n<p style=\"margin: 0cm 0cm 10pt;\" align=\"justify\"><font size=\"3\" face=\"Calibri\">&nbsp;<\/font><\/p>\n<p align=\"justify\"><font size=\"3\"><br \/>\n<\/font><\/p>\n<p style=\"margin: 0cm 0cm 10pt;\" align=\"justify\"><b style=\"mso-bidi-font-weight: normal;\"><font size=\"3\" face=\"Calibri\">On the death of German historian Ernst Nolte<\/font><\/b><\/p>\n<p align=\"justify\"><font size=\"3\"><br \/>\n<\/font><\/p>\n<p style=\"margin: 0cm 0cm 10pt;\" align=\"justify\"><font size=\"3\" face=\"Calibri\">&nbsp;<\/font><\/p>\n<p align=\"justify\"><font size=\"3\"><br \/>\n<\/font><\/p>\n<p style=\"margin: 0cm 0cm 10pt;\" align=\"justify\"><font size=\"3\" face=\"Calibri\">Christoph Vandreier and Peter Schwarz <\/font><\/p>\n<p align=\"justify\"><font size=\"3\"><br \/>\n<\/font><\/p>\n<p style=\"margin: 0cm 0cm 10pt;\" align=\"justify\"><font size=\"3\" face=\"Calibri\">&nbsp;<\/font><\/p>\n<p align=\"justify\"><font size=\"3\"><br \/>\n<\/font><\/p>\n<p style=\"margin: 0cm 0cm 10pt;\" align=\"justify\"><font size=\"3\" face=\"Calibri\">20 August 2016<\/font><\/p>\n<p align=\"justify\"><font size=\"3\"><br \/>\n<\/font><\/p>\n<p style=\"margin: 0cm 0cm 10pt;\" align=\"justify\"><font size=\"3\" face=\"Calibri\">&nbsp;<\/font><\/p>\n<p align=\"justify\"><font size=\"3\"><br \/>\n<\/font><\/p>\n<p style=\"margin: 0cm 0cm 10pt;\" align=\"justify\"><a href=\"https:\/\/www.wsws.org\/en\/articles\/2016\/08\/20\/nolt-a20.html\"><font size=\"3\" face=\"Calibri\" color=\"#0000ff\">https:\/\/www.wsws.org\/en\/articles\/2016\/08\/20\/nolt-a20.html<\/font><\/a><\/p>\n<p align=\"justify\"><font size=\"3\"><br \/>\n<\/font><\/p>\n<p style=\"margin: 0cm 0cm 10pt;\" align=\"justify\"><font size=\"3\" face=\"Calibri\">&nbsp;<\/font><\/p>\n<p align=\"justify\"><font size=\"3\"><br \/>\n<\/font><\/p>\n<p style=\"margin: 0cm 0cm 10pt;\" align=\"justify\"><font size=\"3\" face=\"Calibri\">&#8212;<\/font><\/p>\n<p align=\"justify\"><font size=\"3\"><br \/>\n<\/font><\/p>\n<p style=\"margin: 0cm 0cm 10pt;\" align=\"justify\"><font size=\"3\" face=\"Calibri\">&nbsp;<\/font><\/p>\n<p align=\"justify\"><font size=\"3\"><br \/>\n<\/font><\/p>\n<p style=\"margin: 0cm 0cm 10pt;\" align=\"justify\"><b style=\"mso-bidi-font-weight: normal;\"><font size=\"3\" face=\"Calibri\">Domenico Losurdo: Ernst Nolte and the Development of Revisionism<\/font><\/b><\/p>\n<p align=\"justify\"><font size=\"3\"><br \/>\n<\/font><\/p>\n<p style=\"margin: 0cm 0cm 10pt;\" align=\"justify\"><font size=\"3\" face=\"Calibri\">&nbsp;<\/font><\/p>\n<p align=\"justify\"><font size=\"3\"><br \/>\n<\/font><\/p>\n<p style=\"margin: 0cm 0cm 10pt;\" align=\"justify\"><font size=\"3\" face=\"Calibri\">19 August 2016 <\/font><\/p>\n<p align=\"justify\"><font size=\"3\"><br \/>\n<\/font><\/p>\n<p style=\"margin: 0cm 0cm 10pt;\" align=\"justify\"><font size=\"3\" face=\"Calibri\">&nbsp;<\/font><\/p>\n<p align=\"justify\"><font size=\"3\"><br \/>\n<\/font><\/p>\n<p style=\"margin: 0cm 0cm 10pt;\" align=\"justify\"><font size=\"3\" face=\"Calibri\">With the death of Ernst Nolte on the 17th August, we have seen the passing of one of the most famous revisionist historians. His work on twentieth century history and comparative studies of Nazism and Communism reduced the Nazi genocide to merely a subplot in a supposed &#8220;asiatic&#8221; horror\u2014Communism\u2014to which the Nazis were just reacting. It is this supposed origin of the violence of the early twentieth century in the ur-horror of the Russian Revolution which sparked the Historikerstreit (historians&#8217; dispute) in Germany in the late &#8217;80s.<\/font><\/p>\n<p align=\"justify\"><font size=\"3\"><br \/>\n<\/font><\/p>\n<p style=\"margin: 0cm 0cm 10pt;\" align=\"justify\"><font size=\"3\" face=\"Calibri\">&nbsp;<\/font><\/p>\n<p align=\"justify\"><font size=\"3\"><br \/>\n<\/font><\/p>\n<p style=\"margin: 0cm 0cm 10pt;\" align=\"justify\"><font size=\"3\" face=\"Calibri\">http:\/\/www.versobooks.com\/blogs\/2809-domenico-losurdo-ernst-nolte-and-the-development-of-revisionism<\/font><\/p>\n<p align=\"justify\"><font size=\"3\"><br \/>\n<\/font><\/p>\n<p style=\"margin: 0cm 0cm 10pt;\" align=\"justify\"><font size=\"3\" face=\"Calibri\">&nbsp;<\/font><\/p>\n<p align=\"justify\"><font size=\"3\"><br \/>\n<\/font><\/p>\n<p style=\"margin: 0cm 0cm 10pt;\" align=\"justify\"><font size=\"3\" face=\"Calibri\">&#8212;<\/font><\/p>\n<p align=\"justify\"><font size=\"3\"><br \/>\n<\/font><\/p>\n<p style=\"margin: 0cm 0cm 10pt;\" align=\"justify\"><font size=\"3\" face=\"Calibri\">&nbsp;<\/font><\/p>\n<p align=\"justify\"><font size=\"3\"><br \/>\n<\/font><\/p>\n<p style=\"margin: 0cm 0cm 10pt;\" align=\"justify\"><b style=\"mso-bidi-font-weight: normal;\"><font size=\"3\" face=\"Calibri\">Revisionism revisited: Ernst Nolte and Domenico Losurdo on the age of extremes<\/font><\/b><\/p>\n<p align=\"justify\"><font size=\"3\"><br \/>\n<\/font><\/p>\n<p style=\"margin: 0cm 0cm 10pt;\" align=\"justify\"><font size=\"3\" face=\"Calibri\">&nbsp;<\/font><\/p>\n<p align=\"justify\"><font size=\"3\"><br \/>\n<\/font><\/p>\n<p style=\"margin: 0cm 0cm 10pt;\" align=\"justify\"><a href=\"https:\/\/thecharnelhouse.org\/2016\/08\/23\/revisionism-revisited-ernst-nolte-and-domenico-losurdo-on-the-age-of-extremes\/\"><font size=\"3\" face=\"Calibri\" color=\"#0000ff\">https:\/\/thecharnelhouse.org\/2016\/08\/23\/revisionism-revisited-ernst-nolte-and-domenico-losurdo-on-the-age-of-extremes\/<\/font><\/a><\/p>\n<p align=\"justify\"><font size=\"3\"><br \/>\n<\/font><\/p>\n<p style=\"margin: 0cm 0cm 10pt;\" align=\"justify\"><font size=\"3\" face=\"Calibri\">&nbsp;<\/font><\/p>\n<p align=\"justify\"><font size=\"3\"><br \/>\n<\/font><\/p>\n<p style=\"margin: 0cm 0cm 10pt;\" align=\"justify\"><font size=\"3\" face=\"Calibri\">&#8212;<\/font><\/p>\n<p align=\"justify\"><font size=\"3\"><br \/>\n<\/font><\/p>\n<p style=\"margin: 0cm 0cm 10pt;\" align=\"justify\"><font size=\"3\" face=\"Calibri\">&nbsp;<\/font><\/p>\n<p align=\"justify\"><font size=\"3\"><br \/>\n<\/font><\/p>\n<p style=\"margin: 0cm 0cm 10pt;\" align=\"justify\"><b style=\"mso-bidi-font-weight: normal;\"><font size=\"3\" face=\"Calibri\">Enzo Traverso: The New Anti-Communism: Rereading the Twentieth Century<\/font><\/b><\/p>\n<p align=\"justify\"><font size=\"3\"><br \/>\n<\/font><\/p>\n<p style=\"margin: 0cm 0cm 10pt;\" align=\"justify\"><font size=\"3\" face=\"Calibri\">&nbsp;<\/font><\/p>\n<p align=\"justify\"><font size=\"3\"><br \/>\n<\/font><\/p>\n<p style=\"margin: 0cm 0cm 10pt;\" align=\"justify\"><font size=\"3\" face=\"Calibri\">23 August 2016 <\/font><\/p>\n<p align=\"justify\"><font size=\"3\"><br \/>\n<\/font><\/p>\n<p style=\"margin: 0cm 0cm 10pt;\" align=\"justify\"><font size=\"3\" face=\"Calibri\">&nbsp;<\/font><\/p>\n<p align=\"justify\"><font size=\"3\"><br \/>\n<\/font><\/p>\n<p style=\"margin: 0cm 0cm 10pt;\" align=\"justify\"><font size=\"3\" face=\"Calibri\">With the recent passing of Germany&#8217;s most acclaimed revisionist historian Ernst Nolte, the question of how we assess the revisionist moment has reappeared. Why did the revisionist historians gain such fame in the 1980s and &#8217;90s? What is the place of historical scholarship today? And how do we reconstruct a Marxist historical scholarship after revisionism?<\/font><\/p>\n<p align=\"justify\"><font size=\"3\"><br \/>\n<\/font><\/p>\n<p style=\"margin: 0cm 0cm 10pt;\" align=\"justify\"><font size=\"3\" face=\"Calibri\">&nbsp;<\/font><\/p>\n<p align=\"justify\"><font size=\"3\"><br \/>\n<\/font><\/p>\n<p style=\"margin: 0cm 0cm 10pt;\" align=\"justify\"><span style=\"mso-spacerun: yes;\"><font size=\"3\" face=\"Calibri\">&nbsp;<\/font><\/span><a href=\"http:\/\/www.versobooks.com\/blogs\/2811-enzo-traverso-the-new-anti-communism-rereading-the-twentieth-century\"><font size=\"3\" face=\"Calibri\" color=\"#0000ff\">http:\/\/www.versobooks.com\/blogs\/2811-enzo-traverso-the-new-anti-communism-rereading-the-twentieth-century<\/font><\/a><\/p>\n<p align=\"justify\"><font size=\"3\"><br \/>\n<\/font><\/p>\n<p style=\"margin: 0cm 0cm 10pt;\" align=\"justify\"><font size=\"3\" face=\"Calibri\">&nbsp;<\/font><\/p>\n<p align=\"justify\"><font size=\"3\"><br \/>\n<\/font><\/p>\n<p style=\"margin: 0cm 0cm 10pt;\" align=\"justify\"><font size=\"3\" face=\"Calibri\">&#8212;<\/font><\/p>\n<p align=\"justify\"><font size=\"3\"><br \/>\n<\/font><\/p>\n<p style=\"margin: 0cm 0cm 10pt;\" align=\"justify\"><font size=\"3\" face=\"Calibri\">&nbsp;<\/font><\/p>\n<p align=\"justify\"><font size=\"3\"><br \/>\n<\/font><\/p>\n<p style=\"margin: 0cm 0cm 10pt;\" align=\"justify\"><b style=\"mso-bidi-font-weight: normal;\"><font size=\"3\" face=\"Calibri\">\u0160to je to \u2013 fa\u0161izam?<\/font><\/b><\/p>\n<p align=\"justify\"><font size=\"3\"><br \/>\n<\/font><\/p>\n<p style=\"margin: 0cm 0cm 10pt;\" align=\"justify\"><span style=\"mso-spacerun: yes;\"><font size=\"3\" face=\"Calibri\">&nbsp;<\/font><\/span><\/p>\n<p align=\"justify\"><font size=\"3\"><br \/>\n<\/font><\/p>\n<p style=\"margin: 0cm 0cm 10pt;\" align=\"justify\"><font size=\"3\" face=\"Calibri\">Mathias W\u00f6rsching<\/font><\/p>\n<p align=\"justify\"><font size=\"3\"><br \/>\n<\/font><\/p>\n<p style=\"margin: 0cm 0cm 10pt;\" align=\"justify\"><font size=\"3\" face=\"Calibri\">&nbsp;<\/font><\/p>\n<p align=\"justify\"><font size=\"3\"><br \/>\n<\/font><\/p>\n<p style=\"margin: 0cm 0cm 10pt;\" align=\"justify\"><font face=\"Calibri\"><font size=\"3\"><span style=\"mso-spacerun: yes;\">&nbsp;<\/span>29. sije\u010dnja 2014.<\/font><\/font><\/p>\n<p align=\"justify\"><font size=\"3\"><br \/>\n<\/font><\/p>\n<p style=\"margin: 0cm 0cm 10pt;\" align=\"justify\"><font size=\"3\" face=\"Calibri\">&nbsp;<\/font><\/p>\n<p align=\"justify\"><font size=\"3\"><br \/>\n<\/font><\/p>\n<p style=\"margin: 0cm 0cm 10pt;\" align=\"justify\"><font size=\"3\" face=\"Calibri\">(\u2026)<\/font><\/p>\n<p align=\"justify\"><font size=\"3\"><br \/>\n<\/font><\/p>\n<p style=\"margin: 0cm 0cm 10pt;\" align=\"justify\"><font size=\"3\" face=\"Calibri\">&nbsp;<\/font><\/p>\n<p align=\"justify\"><font size=\"3\"><br \/>\n<\/font><\/p>\n<p style=\"margin: 0cm 0cm 10pt; text-align: justify;\" align=\"justify\"><font size=\"3\" face=\"Calibri\">Knjiga Ernsta Noltea <i style=\"mso-bidi-font-style: normal;\">Fa\u0161izam u svojoj epohi<\/i> iz 1963. godine isti\u010de se, kao i drugi radovi idejnoteorijskog pristupa, svojim pa\u017eljivim, komparativnim istra\u017eivanjem i tuma\u010denjem fa\u0161isti\u010dkih tekstova. Na prvi pogled, Nolte fa\u0161izam vidi kao radikalan obrambeni pokret protiv prijetnje koju europskom klasnom dru\u0161tvu predstavljaju marksizam i bolj\u0161evizam. To je, zanimljivo je primijetiti, vrlo blisko izvornom marksisti\u010dkom poimanju, iako Nolte pi\u0161e iz gra\u0111ansko-liberalne, njema\u010dko-patriotske perspektive. Stoga i nagla\u0161ava \u2013 u tom pogledu sasvim u skladu s teorijama totalitarizma \u2013 one elemente za koje se \u010dini da ih je fa\u0161izam preuzeo od radni\u010dkog pokreta. Pritom Nolte tra\u017ei razumijevanje za strahove od revolucije gra\u0111anstva. Tu se kod njega ve\u0107 nazire tendencija koja \u0107e se u kasnijem razvoju njegova rada prevesti u poziciju koja ne nalazi samo isprike za fa\u0161izam, nego s njim i simpatizira.<\/font><\/p>\n<p align=\"justify\"><font size=\"3\"><br \/>\n<\/font><\/p>\n<p style=\"margin: 0cm 0cm 10pt;\" align=\"justify\"><font size=\"3\" face=\"Calibri\">&nbsp;<\/font><\/p>\n<p align=\"justify\"><font size=\"3\"><br \/>\n<\/font><\/p>\n<p style=\"margin: 0cm 0cm 10pt;\" align=\"justify\"><font size=\"3\" face=\"Calibri\">(\u2026)<\/font><\/p>\n<p align=\"justify\"><font size=\"3\"><br \/>\n<\/font><\/p>\n<p style=\"margin: 0cm 0cm 10pt;\" align=\"justify\"><font size=\"3\" face=\"Calibri\">&nbsp;<\/font><\/p>\n<p align=\"justify\"><font size=\"3\"><br \/>\n<\/font><\/p>\n<p style=\"margin: 0cm 0cm 10pt;\" align=\"justify\"><a href=\"http:\/\/lemondediplomatique.hr\/sto-je-to-fasizam\/\"><font size=\"3\" face=\"Calibri\" color=\"#0000ff\">http:\/\/lemondediplomatique.hr\/sto-je-to-fasizam\/<\/font><\/a><\/p>\n<p align=\"justify\"><font size=\"3\"><br \/>\n<\/font><\/p>\n<p style=\"margin: 0cm 0cm 10pt;\" align=\"justify\"><font size=\"3\" face=\"Calibri\">&nbsp;<\/font><\/p>\n<p align=\"justify\"><font size=\"3\"><br \/>\n<\/font><\/p>\n<p style=\"margin: 0cm 0cm 10pt;\" align=\"justify\"><font size=\"3\" face=\"Calibri\">&#8212;<\/font><\/p>\n<p align=\"justify\"><font size=\"3\"><br \/>\n<\/font><\/p>\n<p style=\"margin: 0cm 0cm 10pt;\" align=\"justify\"><font size=\"3\" face=\"Calibri\">&nbsp;<\/font><\/p>\n<p align=\"justify\"><font size=\"3\"><br \/>\n<\/font><\/p>\n<p style=\"margin: 0cm 0cm 10pt;\" align=\"justify\"><b style=\"mso-bidi-font-weight: normal;\"><font size=\"3\" face=\"Calibri\">Prethodni prilozi na portalu:<\/font><\/b><\/p>\n<p align=\"justify\"><font size=\"3\"><br \/>\n<\/font><\/p>\n<p style=\"margin: 0cm 0cm 10pt;\" align=\"justify\"><font size=\"3\" face=\"Calibri\">&nbsp;<\/font><\/p>\n<p align=\"justify\"><font size=\"3\"><br \/>\n<\/font><\/p>\n<p style=\"margin: 0cm 0cm 10pt;\" align=\"justify\"><b style=\"mso-bidi-font-weight: normal;\"><font size=\"3\" face=\"Calibri\">Umro povjesni\u010dar Ernst Nolte<\/font><\/b><\/p>\n<p align=\"justify\"><font size=\"3\"><br \/>\n<\/font><\/p>\n<p style=\"margin: 0cm 0cm 10pt;\" align=\"justify\"><b style=\"mso-bidi-font-weight: normal;\"><font size=\"3\" face=\"Calibri\">&nbsp;<\/font><\/b><\/p>\n<p align=\"justify\"><font size=\"3\"><br \/>\n<\/font><\/p>\n<p style=\"margin: 0cm 0cm 10pt;\" align=\"justify\"><font size=\"3\" face=\"Calibri\">19.08.2016.<\/font><\/p>\n<p align=\"justify\"><font size=\"3\"><br \/>\n<\/font><\/p>\n<p style=\"margin: 0cm 0cm 10pt;\" align=\"justify\"><font size=\"3\" face=\"Calibri\">&nbsp;<\/font><\/p>\n<p align=\"justify\"><font size=\"3\"><br \/>\n<\/font><\/p>\n<p style=\"margin: 0cm 0cm 10pt;\" align=\"justify\"><a href=\"https:\/\/historiografija.hr\/news.php?id=3508\"><font size=\"3\" face=\"Calibri\" color=\"#0000ff\">https:\/\/historiografija.hr\/news.php?id=3508<\/font><\/a><\/p>\n<p align=\"justify\"><font size=\"3\"><br \/>\n<\/font><\/p>\n<p style=\"margin: 0cm 0cm 10pt;\" align=\"justify\"><font size=\"3\" face=\"Calibri\">&nbsp;<\/font><\/p>\n<p align=\"justify\"><font size=\"3\"><br \/>\n<\/font><\/p>\n<p style=\"margin: 0cm 0cm 10pt;\" align=\"justify\"><font size=\"3\" face=\"Calibri\">&#8212;<\/font><\/p>\n<p align=\"justify\"><font size=\"3\"><br \/>\n<\/font><\/p>\n<p style=\"margin: 0cm 0cm 10pt;\" align=\"justify\"><font size=\"3\" face=\"Calibri\">&nbsp;<\/font><\/p>\n<p align=\"justify\"><font size=\"3\"><br \/>\n<\/font><\/p>\n<p style=\"margin: 0cm 0cm 10pt;\" align=\"justify\"><b style=\"mso-bidi-font-weight: normal;\"><font size=\"3\" face=\"Calibri\">Nolte u svojoj epohi \/ In memoriam Ernst Nolte (1923-2016)<\/font><\/b><\/p>\n<p align=\"justify\"><font size=\"3\"><br \/>\n<\/font><\/p>\n<p style=\"margin: 0cm 0cm 10pt;\" align=\"justify\"><font size=\"3\" face=\"Calibri\">&nbsp;<\/font><\/p>\n<p align=\"justify\"><font size=\"3\"><br \/>\n<\/font><\/p>\n<p style=\"margin: 0cm 0cm 10pt;\" align=\"justify\"><font size=\"3\" face=\"Calibri\">Mario Kopi\u0107<\/font><\/p>\n<p align=\"justify\"><font size=\"3\"><br \/>\n<\/font><\/p>\n<p style=\"margin: 0cm 0cm 10pt;\" align=\"justify\"><font size=\"3\" face=\"Calibri\">&nbsp;<\/font><\/p>\n<p align=\"justify\"><font size=\"3\"><br \/>\n<\/font><\/p>\n<p style=\"margin: 0cm 0cm 10pt;\" align=\"justify\"><font size=\"3\" face=\"Calibri\">19.08.2016.<\/font><\/p>\n<p align=\"justify\"><font size=\"3\"><br \/>\n<\/font><\/p>\n<p style=\"margin: 0cm 0cm 10pt;\" align=\"justify\"><font size=\"3\" face=\"Calibri\">&nbsp;<\/font><\/p>\n<p align=\"justify\"><font size=\"3\"><br \/>\n<\/font><\/p>\n<p style=\"margin: 0cm 0cm 10pt;\" align=\"justify\"><font size=\"3\" face=\"Calibri\"><a href=\"https:\/\/historiografija.hr\/prikazi.php?id=236051\">https:\/\/historiografija.hr\/prikazi.php?id=236051<\/a><\/font><\/p>\n<p style=\"margin: 0cm 0cm 10pt;\" align=\"justify\"><font size=\"3\" face=\"Calibri\"><br \/>\n<\/font><\/p>\n<p style=\"margin: 0cm 0cm 10pt;\" align=\"justify\"><font size=\"3\" face=\"Calibri\"><br \/>\n<\/font><\/p>\n<p align=\"justify\"><font size=\"3\"><br \/>\n<\/font><\/p>\n","protected":false},"excerpt":{"rendered":"","protected":false},"author":1,"featured_media":0,"comment_status":"open","ping_status":"open","sticky":false,"template":"","format":"standard","meta":{"_acf_changed":false,"jetpack_post_was_ever_published":false,"_jetpack_newsletter_access":"","_jetpack_dont_email_post_to_subs":false,"_jetpack_newsletter_tier_id":0,"_jetpack_memberships_contains_paywalled_content":false,"_jetpack_memberships_contains_paid_content":false,"footnotes":"","jetpack_publicize_message":"","jetpack_publicize_feature_enabled":true,"jetpack_social_post_already_shared":false,"jetpack_social_options":{"image_generator_settings":{"template":"highway","default_image_id":0,"font":"","enabled":false},"version":2}},"categories":[3,20],"tags":[],"class_list":["post-2360","post","type-post","status-publish","format-standard","hentry","category-novosti","category-obavijesti-o-smrti-i-nekrolozi"],"acf":{"facebook_opis":""},"jetpack_publicize_connections":[],"jetpack_featured_media_url":"","jetpack_sharing_enabled":true,"jetpack-related-posts":[{"id":52556,"url":"https:\/\/historiografija.hr\/?p=52556","url_meta":{"origin":2360,"position":0},"title":"ZagrebDox 2026.","author":"Branimir Jankovi\u0107","date":"20. travnja 2026.","format":false,"excerpt":"Me\u0111unarodni festival dokumentarnog filma 19. - 26. travnja 2026. Kaptol Boutique Cinema, Zagreb Program i dodatne obavijesti: https:\/\/zagrebdox.net\/hr","rel":"","context":"U &quot;Filmovi i serije&quot;","block_context":{"text":"Filmovi i serije","link":"https:\/\/historiografija.hr\/?cat=13"},"img":{"alt_text":"","src":"https:\/\/i0.wp.com\/historiografija.hr\/wp-content\/uploads\/2026\/04\/DOX-logo.jpg?fit=600%2C600&ssl=1&resize=350%2C200","width":350,"height":200,"srcset":"https:\/\/i0.wp.com\/historiografija.hr\/wp-content\/uploads\/2026\/04\/DOX-logo.jpg?fit=600%2C600&ssl=1&resize=350%2C200 1x, https:\/\/i0.wp.com\/historiografija.hr\/wp-content\/uploads\/2026\/04\/DOX-logo.jpg?fit=600%2C600&ssl=1&resize=525%2C300 1.5x"},"classes":[]},{"id":52505,"url":"https:\/\/historiografija.hr\/?p=52505","url_meta":{"origin":2360,"position":1},"title":"Izlo\u017eba &#8220;Eschenstock \/ Jasenov prut&#8221;","author":"Branimir Jankovi\u0107","date":"17. travnja 2026.","format":false,"excerpt":"Srpsko narodno vije\u0107e (SNV) i Vizura aperta postavljaju izlo\u017ebu \u0161vicarskog slikara Velimira Ili\u0161evi\u0107a: Eschenstock \/ Jasenov prut. Izlo\u017eba se uz prisustvo autora otvara povodom 81. godi\u0161njice proboja logora\u0161a iz usta\u0161kog logora smrti Jasenovac 22. aprila 2026. u 19 sati u Srpskom kulturnom centru (SKC) u Preradovi\u0107evoj ulici 21 u Zagrebu.\u2026","rel":"","context":"U &quot;Izlo\u017ebe&quot;","block_context":{"text":"Izlo\u017ebe","link":"https:\/\/historiografija.hr\/?cat=10"},"img":{"alt_text":"","src":"https:\/\/i0.wp.com\/historiografija.hr\/wp-content\/uploads\/2026\/04\/Jasenov_prut.jpg?fit=1024%2C640&ssl=1&resize=350%2C200","width":350,"height":200,"srcset":"https:\/\/i0.wp.com\/historiografija.hr\/wp-content\/uploads\/2026\/04\/Jasenov_prut.jpg?fit=1024%2C640&ssl=1&resize=350%2C200 1x, https:\/\/i0.wp.com\/historiografija.hr\/wp-content\/uploads\/2026\/04\/Jasenov_prut.jpg?fit=1024%2C640&ssl=1&resize=525%2C300 1.5x, https:\/\/i0.wp.com\/historiografija.hr\/wp-content\/uploads\/2026\/04\/Jasenov_prut.jpg?fit=1024%2C640&ssl=1&resize=700%2C400 2x"},"classes":[]},{"id":52559,"url":"https:\/\/historiografija.hr\/?p=52559","url_meta":{"origin":2360,"position":2},"title":"Dobitnici dr\u017eavne nagrade za znanost za 2024. godinu","author":"Branimir Jankovi\u0107","date":"20. travnja 2026.","format":false,"excerpt":"Na sjednici Odbora za podjelu dr\u017eavnih nagrada za znanost odr\u017eanoj 16. travnja 2026. godine donesena je Odluka o dodjeli dr\u017eavnih nagrada za znanost za 2024. godinu. Godi\u0161njom nagradom za popularizaciju i promid\u017ebu znanosti nagra\u0111eni su u podru\u010dju humanisti\u010dkih znanosti znanstveni suradnici dr. sc. Josip Mihaljevi\u0107 i dr. sc. Gordan Ravan\u010di\u0107,\u2026","rel":"","context":"U &quot;Novosti&quot;","block_context":{"text":"Novosti","link":"https:\/\/historiografija.hr\/?cat=3"},"img":{"alt_text":"","src":"https:\/\/i0.wp.com\/historiografija.hr\/wp-content\/uploads\/2021\/12\/povijesne-kontroverze.jpg?fit=1200%2C675&ssl=1&resize=350%2C200","width":350,"height":200,"srcset":"https:\/\/i0.wp.com\/historiografija.hr\/wp-content\/uploads\/2021\/12\/povijesne-kontroverze.jpg?fit=1200%2C675&ssl=1&resize=350%2C200 1x, https:\/\/i0.wp.com\/historiografija.hr\/wp-content\/uploads\/2021\/12\/povijesne-kontroverze.jpg?fit=1200%2C675&ssl=1&resize=525%2C300 1.5x, https:\/\/i0.wp.com\/historiografija.hr\/wp-content\/uploads\/2021\/12\/povijesne-kontroverze.jpg?fit=1200%2C675&ssl=1&resize=700%2C400 2x, https:\/\/i0.wp.com\/historiografija.hr\/wp-content\/uploads\/2021\/12\/povijesne-kontroverze.jpg?fit=1200%2C675&ssl=1&resize=1050%2C600 3x"},"classes":[]},{"id":52578,"url":"https:\/\/historiografija.hr\/?p=52578","url_meta":{"origin":2360,"position":3},"title":"Poziv za sudjelovanje: XXII. Dani Julija Bene\u0161i\u0107a u Iloku","author":"Branimir Jankovi\u0107","date":"21. travnja 2026.","format":false,"excerpt":"Zavod za lingvisti\u010dka istra\u017eivanja Hrvatske akademije znanosti i umjetnosti, zajedno s Muzejom grada Iloka, organizira XXII. Dane Julija Bene\u0161i\u0107a, koji \u0107e se odr\u017eati od 28. do 30. listopada 2026. u Iloku.\u00a0Teme ovogodi\u0161njih Dana podijeljene su u dvije cjeline: Knji\u017eevno-jezikoslovni d\u00ecv\u0101n s Bene\u0161i\u0107em te Ilok i Srijem u povijesnim stalnicama i\u2026","rel":"","context":"U &quot;Novosti&quot;","block_context":{"text":"Novosti","link":"https:\/\/historiografija.hr\/?cat=3"},"img":{"alt_text":"","src":"https:\/\/i0.wp.com\/historiografija.hr\/wp-content\/uploads\/2019\/10\/HE2_Benesic.jpg?fit=413%2C591&ssl=1&resize=350%2C200","width":350,"height":200},"classes":[]},{"id":52439,"url":"https:\/\/historiografija.hr\/?p=52439","url_meta":{"origin":2360,"position":4},"title":"Tribina &#8220;Ahmi\u0107i 33 godine kasnije: Ne u na\u0161e ime&#8221;","author":"Branimir Jankovi\u0107","date":"16. travnja 2026.","format":false,"excerpt":"U \u010detvrtak, 16. travnja 2026. u 17 sati u Knji\u017enici i \u010ditaonici Bogdana Ogrizovi\u0107a u Zagrebu odr\u017eat \u0107e se tribina pod nazivom Ahmi\u0107i 33 godine kasnije: Ne u na\u0161e ime. Na tribini \u0107e govoriti Ivica \u0110iki\u0107, novinar, Mubera Masli\u0107 \u2013 \u017ddralovi\u0107, aktivistikinja, prevoditeljica za arapski, Domagoj Fuk, student politologije, \u010dlan\u2026","rel":"","context":"U &quot;Novosti&quot;","block_context":{"text":"Novosti","link":"https:\/\/historiografija.hr\/?cat=3"},"img":{"alt_text":"","src":"https:\/\/i0.wp.com\/historiografija.hr\/wp-content\/uploads\/2026\/04\/Zagreb_2026.jpeg?fit=1200%2C900&ssl=1&resize=350%2C200","width":350,"height":200,"srcset":"https:\/\/i0.wp.com\/historiografija.hr\/wp-content\/uploads\/2026\/04\/Zagreb_2026.jpeg?fit=1200%2C900&ssl=1&resize=350%2C200 1x, https:\/\/i0.wp.com\/historiografija.hr\/wp-content\/uploads\/2026\/04\/Zagreb_2026.jpeg?fit=1200%2C900&ssl=1&resize=525%2C300 1.5x, https:\/\/i0.wp.com\/historiografija.hr\/wp-content\/uploads\/2026\/04\/Zagreb_2026.jpeg?fit=1200%2C900&ssl=1&resize=700%2C400 2x, https:\/\/i0.wp.com\/historiografija.hr\/wp-content\/uploads\/2026\/04\/Zagreb_2026.jpeg?fit=1200%2C900&ssl=1&resize=1050%2C600 3x"},"classes":[]},{"id":52654,"url":"https:\/\/historiografija.hr\/?p=52654","url_meta":{"origin":2360,"position":5},"title":"Gostuju\u0107e predavanje &#8211; Danijel D\u017eino \u201eKasnoanti\u010dke i ranosrednjovjekovne gra\u0111evine u Brezi: Spomenici nepotpune biografije\u201c","author":"Branimir Jankovi\u0107","date":"24. travnja 2026.","format":false,"excerpt":"Doktorski studij predmoderne povijesti poziva na predavanje \"Kasnoanti\u010dke i ranosrednjovjekovne gra\u0111evine u Brezi: Spomenici nepotpune biografije\u201d koje \u0107e odr\u017eati profesor Danijel D\u017eino sa Sveu\u010dili\u0161ta Macquarie u Sydneyu u\u00a0utorak 28. travnja 2026. u 17h u Konferencijskoj dvorani Knji\u017enice Filozofskog fakulteta u Zagrebu. Predavanje \u0107e predo\u010diti nova saznanja dobivena kroz arhivsko-dokumentarna istra\u017eivanja\u2026","rel":"","context":"U &quot;Novosti&quot;","block_context":{"text":"Novosti","link":"https:\/\/historiografija.hr\/?cat=3"},"img":{"alt_text":"","src":"https:\/\/i0.wp.com\/historiografija.hr\/wp-content\/uploads\/2026\/04\/Dzino.jpg?fit=980%2C819&ssl=1&resize=350%2C200","width":350,"height":200,"srcset":"https:\/\/i0.wp.com\/historiografija.hr\/wp-content\/uploads\/2026\/04\/Dzino.jpg?fit=980%2C819&ssl=1&resize=350%2C200 1x, https:\/\/i0.wp.com\/historiografija.hr\/wp-content\/uploads\/2026\/04\/Dzino.jpg?fit=980%2C819&ssl=1&resize=525%2C300 1.5x, https:\/\/i0.wp.com\/historiografija.hr\/wp-content\/uploads\/2026\/04\/Dzino.jpg?fit=980%2C819&ssl=1&resize=700%2C400 2x"},"classes":[]}],"_links":{"self":[{"href":"https:\/\/historiografija.hr\/index.php?rest_route=\/wp\/v2\/posts\/2360","targetHints":{"allow":["GET"]}}],"collection":[{"href":"https:\/\/historiografija.hr\/index.php?rest_route=\/wp\/v2\/posts"}],"about":[{"href":"https:\/\/historiografija.hr\/index.php?rest_route=\/wp\/v2\/types\/post"}],"author":[{"embeddable":true,"href":"https:\/\/historiografija.hr\/index.php?rest_route=\/wp\/v2\/users\/1"}],"replies":[{"embeddable":true,"href":"https:\/\/historiografija.hr\/index.php?rest_route=%2Fwp%2Fv2%2Fcomments&post=2360"}],"version-history":[{"count":1,"href":"https:\/\/historiografija.hr\/index.php?rest_route=\/wp\/v2\/posts\/2360\/revisions"}],"predecessor-version":[{"id":24210,"href":"https:\/\/historiografija.hr\/index.php?rest_route=\/wp\/v2\/posts\/2360\/revisions\/24210"}],"wp:attachment":[{"href":"https:\/\/historiografija.hr\/index.php?rest_route=%2Fwp%2Fv2%2Fmedia&parent=2360"}],"wp:term":[{"taxonomy":"category","embeddable":true,"href":"https:\/\/historiografija.hr\/index.php?rest_route=%2Fwp%2Fv2%2Fcategories&post=2360"},{"taxonomy":"post_tag","embeddable":true,"href":"https:\/\/historiografija.hr\/index.php?rest_route=%2Fwp%2Fv2%2Ftags&post=2360"}],"curies":[{"name":"wp","href":"https:\/\/api.w.org\/{rel}","templated":true}]}}