{"id":23599,"date":"2020-11-12T17:56:48","date_gmt":"2020-11-12T17:56:48","guid":{"rendered":"http:\/\/historiografija.hr\/?p=23599"},"modified":"2020-11-12T17:56:48","modified_gmt":"2020-11-12T17:56:48","slug":"zbornik-radova-rapalski-ugovor-i-lateranski-ugovori-pravni-odjeci-medu-drzavama-i-u-crkvi","status":"publish","type":"post","link":"https:\/\/historiografija.hr\/?p=23599","title":{"rendered":"Zbornik radova \u201cRapalski ugovor i Lateranski ugovori. Pravni odjeci me\u0111u dr\u017eavama i u Crkvi\u201d"},"content":{"rendered":"\n<p>O stogodi\u0161njici Rapalskog ugovora koja pada na dan 12. studenog, dvojica pravnika \u2013 izv. prof. dr. sc. Ivan Miloti\u0107 i odvjetnik Tomislav Sadri\u0107 \u2013 priredili su zbornik radova o Rapalskom ugovoru i Lateranskim ugovorima te njihovim pravnim odjecima me\u0111u dr\u017eavama i u Crkvi, s posebnim naglaskom na Istru i kvarnerske otoke.<\/p>\n\n\n\n<p>Koliko god da je Rapalski ugovor samo me\u0111udr\u017eavni ugovor me\u0111u Kraljevinama SHS i Italijom te koliko god da se Lateranski ugovori odnose na Svetu Stolicu i Kraljevinu Italiju, oba su imali dalekose\u017eni utjecaj me\u0111u dr\u017eavama, na Crkvu, ali i na me\u0111unarodno pravo. Ti su ugovori imali su odjek i me\u0111u dr\u017eavama, ali i me\u0111u dr\u017eavama s obzirom na polo\u017eaj Crkve u njima te, napokon, na odnose Crkve i dr\u017eave op\u0107enito. U njima se neposredno ili posredno ogledaju, ili s njima stoje u dubokoj svezi, pro\u017eimanja civilnoga i kanonskog prava te utjecaj crkvene i dr\u017eavne vlasti jedne na drugu. Obilje\u017eavaju\u0107i velike i okrugle obljetnice tih ugovora, 2019. godine o njima je odr\u017ean me\u0111unarodni znanstveni skup u Motovunu, dok su u 2020. godini, o stogodi\u0161njici Rapalskog ugovora (koja pada na dan 12. studenog), dvojica pravnika \u2013 izv. prof. dr. sc. Ivan Miloti\u0107 i odvjetnik Tomislav Sadri\u0107 \u2013 priredili zbornik radova o Rapalskom ugovoru i Lateranskim ugovorima te njihovim pravnim odjecima me\u0111u dr\u017eavama i u Crkvi, s posebnim naglaskom na Istru i kvarnerske otoke. Ti ugovori (i njihovi pravni odjeci me\u0111u dr\u017eavama i u Crkvi) privla\u010de pozornost zbog va\u017enosti i dalekose\u017enosti ure\u0111enja te njihovih pravnih i svekolikih drugih posljedica za na\u0161e (hrvatske) krajeve. Pozornost ne plijeni samo pitanje odnosa jugoslavenske i talijanske dr\u017eave u turbulentnim politi\u010dkim previranjima i teritorijalnim preraspodjelama nakon Prvoga svjetskog rata, nego i sasvim specifi\u010dno ure\u0111enje odnosa izme\u0111u Svete Stolice i talijanske dr\u017eave iz kojega do danas proizlazi globalno prepoznatljiv me\u0111unarodnopravni subjektivitet Svete Stolice i Dr\u017eave Vatikanskog Grada. Uslijed tada\u0161njih me\u0111udr\u017eavnih razgrani\u010denja i teritorijalno-politi\u010dkih konstelacija, oba ta ugovora, zajedno s njihovim potpisnicama, neposredno se odnose na na\u0161e krajeve, i to stoga jer su se oba primjenjivala u njima \u2013 kako su na\u0161i krajevi bili uklju\u010deni i u talijansku i jugoslavensku dr\u017eavu, ali i jer su zbog svojega prevladavaju\u0107eg katoli\u010dkog obilje\u017eja ti na\u0161i krajevi i njihovi ljudi na neki na\u010din predstavljeni Svetom Stolicom.<\/p>\n\n\n\n<p>Prvi dio Zbornika posve\u0107en je Rapalskom ugovoru, njegovoj genezi, \u0161iremu kontekstu nastanka, analizi odredaba i posebno njegovim pravnim i fakti\u010dnim posljedicama te odjecima na podru\u010dju Istre i kvarnerskih otoka (etni\u010dkim, jezi\u010dnim, upravnim, politi\u010dkim, crkvenim, obrazovnim i dr.) te u ostalim hrvatskim zemljama. Premda je rije\u010d o me\u0111udr\u017eavnom ugovoru, granice crkvenih pokrajina, ali i upravna struktura partikularnih crkava (primjerice, imenovanje apostolskih administratora&nbsp;<em>sede impedita<\/em>) prilago\u0111avali su se preraspodjeli teritorija me\u0111u dr\u017eavama i me\u0111udr\u017eavnom razgrani\u010denju, \u0161to je na nekim mjestima do danas za sobom ostavilo otvorena pitanja (primjerice, u Kr\u010dkoj biskupiji glede dijela teritorija povijesne Osorske biskupije). Glede Lateranskih ugovora pru\u017een je uvid u hrvatsku literaturu i kurikule pravnih studija, posebno iz podru\u010dja me\u0111unarodnog javnog prava koji ih obra\u0111uju, kao i prate\u0107u tematiku, poput Svete Stolice, polo\u017eaja rimskog prvosve\u0107enika, Dr\u017eave Vatikanskog Grada, Garancijskog zakona i dr. Pa\u017enju u Zborniku posebno je privukao tekst o konceptu katoli\u010dke dr\u017eave u Lateranskim ugovorima te osvrt na doktrinu pape Gelazija&nbsp;<em>Duo sunt<\/em>, kao i njezino o\u017eivotvorenje u ugovorima iz 1929. i promjenu 1984. godine prilikom njihove revizije.<\/p>\n\n\n\n<p>Nakladnici Zbornika su Dr\u017eavni arhiv u Pazinu, Josip Tur\u010dinovi\u0107 iz Pazina i Op\u0107ina Motovun, a autori su relevantni pravnici, koji u Republici Hrvatskoj sustavno prou\u010davaju kanonsko i civilno pravo, te povjesni\u010dari. Rije\u010d je o \u0161estom u nizu zbornika iz nakladni\u010dke cjeline u kojoj se svake godine specifi\u010dno obra\u0111uju precizno odre\u0111ene teme iz podru\u010dja dodira te pro\u017eimanja civilnog i kanonskog prava.<\/p>\n\n\n\n<p>Izvor:<\/p>\n\n\n\n<figure class=\"wp-block-embed-wordpress wp-block-embed is-type-wp-embed is-provider-drzavni-arhiv-u-pazinu\"><div class=\"wp-block-embed__wrapper\">\n<blockquote class=\"wp-embedded-content\" data-secret=\"iCovkjv7LL\"><a href=\"https:\/\/www.dapa.hr\/novo-suizdanje-dapa\/\">Novo suizdanje DAPA<\/a><\/blockquote><iframe loading=\"lazy\" class=\"wp-embedded-content\" sandbox=\"allow-scripts\" security=\"restricted\" style=\"position: absolute; clip: rect(1px, 1px, 1px, 1px);\" title=\"&#8220;Novo suizdanje DAPA&#8221; &#8212; Dr\u017eavni arhiv u Pazinu\" src=\"https:\/\/www.dapa.hr\/novo-suizdanje-dapa\/embed\/#?secret=iCovkjv7LL\" data-secret=\"iCovkjv7LL\" width=\"600\" height=\"338\" frameborder=\"0\" marginwidth=\"0\" marginheight=\"0\" scrolling=\"no\"><\/iframe>\n<\/div><\/figure>\n\n\n\n<p>Iz medija:<\/p>\n\n\n\n<figure class=\"wp-block-embed-wordpress wp-block-embed is-type-wp-embed is-provider-ika\"><div class=\"wp-block-embed__wrapper\">\n<iframe loading=\"lazy\" class=\"wp-embedded-content\" sandbox=\"allow-scripts\" security=\"restricted\" title=\"&#8220;O Rapalskom i Lateranskim ugovorima te odnosima Crkve i dr\u017eave&#8221; &#8212; IKA\" src=\"https:\/\/ika.hkm.hr\/novosti\/o-rapalskom-i-lateranskim-ugovorima-te-odnosima-crkve-i-drzave\/embed\/#?secret=zAHRWzXJsH\" data-secret=\"zAHRWzXJsH\" width=\"600\" height=\"338\" frameborder=\"0\" marginwidth=\"0\" marginheight=\"0\" scrolling=\"no\"><\/iframe>\n<\/div><\/figure>\n\n\n\n<hr class=\"wp-block-separator\"\/>\n","protected":false},"excerpt":{"rendered":"","protected":false},"author":2,"featured_media":23600,"comment_status":"open","ping_status":"open","sticky":false,"template":"","format":"standard","meta":{"_acf_changed":false,"jetpack_post_was_ever_published":false,"_jetpack_newsletter_access":"","_jetpack_dont_email_post_to_subs":false,"_jetpack_newsletter_tier_id":0,"_jetpack_memberships_contains_paywalled_content":false,"_jetpack_memberships_contains_paid_content":false,"footnotes":"","jetpack_publicize_message":"","jetpack_publicize_feature_enabled":true,"jetpack_social_post_already_shared":true,"jetpack_social_options":{"image_generator_settings":{"template":"highway","default_image_id":0,"font":"","enabled":false},"version":2}},"categories":[8,3],"tags":[],"class_list":["post-23599","post","type-post","status-publish","format-standard","has-post-thumbnail","hentry","category-knjige","category-novosti"],"acf":{"facebook_opis":""},"jetpack_publicize_connections":[],"jetpack_featured_media_url":"https:\/\/i0.wp.com\/historiografija.hr\/wp-content\/uploads\/2020\/11\/rapalski-ugovor.jpg?fit=800%2C1139&ssl=1","jetpack_sharing_enabled":true,"jetpack-related-posts":[],"_links":{"self":[{"href":"https:\/\/historiografija.hr\/index.php?rest_route=\/wp\/v2\/posts\/23599","targetHints":{"allow":["GET"]}}],"collection":[{"href":"https:\/\/historiografija.hr\/index.php?rest_route=\/wp\/v2\/posts"}],"about":[{"href":"https:\/\/historiografija.hr\/index.php?rest_route=\/wp\/v2\/types\/post"}],"author":[{"embeddable":true,"href":"https:\/\/historiografija.hr\/index.php?rest_route=\/wp\/v2\/users\/2"}],"replies":[{"embeddable":true,"href":"https:\/\/historiografija.hr\/index.php?rest_route=%2Fwp%2Fv2%2Fcomments&post=23599"}],"version-history":[{"count":1,"href":"https:\/\/historiografija.hr\/index.php?rest_route=\/wp\/v2\/posts\/23599\/revisions"}],"predecessor-version":[{"id":23601,"href":"https:\/\/historiografija.hr\/index.php?rest_route=\/wp\/v2\/posts\/23599\/revisions\/23601"}],"wp:featuredmedia":[{"embeddable":true,"href":"https:\/\/historiografija.hr\/index.php?rest_route=\/wp\/v2\/media\/23600"}],"wp:attachment":[{"href":"https:\/\/historiografija.hr\/index.php?rest_route=%2Fwp%2Fv2%2Fmedia&parent=23599"}],"wp:term":[{"taxonomy":"category","embeddable":true,"href":"https:\/\/historiografija.hr\/index.php?rest_route=%2Fwp%2Fv2%2Fcategories&post=23599"},{"taxonomy":"post_tag","embeddable":true,"href":"https:\/\/historiografija.hr\/index.php?rest_route=%2Fwp%2Fv2%2Ftags&post=23599"}],"curies":[{"name":"wp","href":"https:\/\/api.w.org\/{rel}","templated":true}]}}