{"id":2359,"date":"2016-08-24T22:00:05","date_gmt":"2016-08-24T22:00:05","guid":{"rendered":"http:\/\/historiografija.hr\/?p=2359"},"modified":"2016-08-24T22:00:05","modified_gmt":"2016-08-24T22:00:05","slug":"peter-burke-the-french-historical-revolution-the-annales-school-1929-2014-second-edition","status":"publish","type":"post","link":"https:\/\/historiografija.hr\/?p=2359","title":{"rendered":"Peter Burke, \u201cThe French Historical Revolution. The Annales School, 1929-2014\u201d (Second Edition)"},"content":{"rendered":"<p align=\"justify\"><font  size=\"3\">  <br \/><\/font><\/p>\n<p align=\"justify\" style=\"margin: 0cm 0cm 10pt;\"><font face=\"Calibri\" size=\"3\">Objavljeno je 2. izd. knjige P. Burkea o francuskim Analima kao revoluciji u historiografiji. Iako se suvremena historiografija u me\u0111uvremenu izuzetno pluralizirala vrijedi zapitati se je li se i u hrvatskoj historiografiji zbila navedena revolucija potaknuta Analima.<\/font><\/p>\n<p align=\"justify\"><font  size=\"3\">  <br \/><\/font><\/p>\n<p align=\"justify\" style=\"margin: 0cm 0cm 10pt;\"><font face=\"Calibri\" size=\"3\">&nbsp;<\/font><\/p>\n<p align=\"justify\"><font  size=\"3\">  <br \/><\/font><\/p>\n<p align=\"justify\" style=\"margin: 0cm 0cm 10pt;\"><font face=\"Calibri\" size=\"3\">&#8212;<\/font><\/p>\n<p align=\"justify\"><font  size=\"3\">  <br \/><\/font><\/p>\n<p align=\"justify\" style=\"margin: 0cm 0cm 10pt;\"><font face=\"Calibri\" size=\"3\">&nbsp;<\/font><\/p>\n<p align=\"justify\"><font  size=\"3\">  <br \/><\/font><\/p>\n<p align=\"justify\" style=\"margin: 0cm 0cm 10pt;\"><font face=\"Calibri\" size=\"3\">Peter Burke, <b style=\"mso-bidi-font-weight: normal;\"><i style=\"mso-bidi-font-style: normal;\">Revolucija v francoskem zgodovinopisju: Anali 1929-89<\/i><\/b>; prevedla Breda Luthar; Ljubljana: \u0160kuc: Znanstveni in\u0161titut Filozofske fakultete, 1993.<\/font><\/p>\n<p align=\"justify\"><font  size=\"3\">  <br \/><\/font><\/p>\n<p align=\"justify\" style=\"margin: 0cm 0cm 10pt;\"><font face=\"Calibri\" size=\"3\">&nbsp;<\/font><\/p>\n<p align=\"justify\"><font  size=\"3\">  <br \/><\/font><\/p>\n<p align=\"justify\" style=\"margin: 0cm 0cm 10pt;\"><font face=\"Calibri\" size=\"3\">Peter Burke, <b style=\"mso-bidi-font-weight: normal;\"><i style=\"mso-bidi-font-style: normal;\">Francuska istorijska revolucija: \u0161kola &#8220;Anala&#8221; 1929-1989<\/i><\/b>; preveo s engleskog Branko Mom\u010dilovi\u0107, Sremski Karlovci; Novi Sad: Izdava\u010dka knji\u017earnica Zorana Stojanovi\u0107a, 2011.<\/font><\/p>\n<p align=\"justify\"><font  size=\"3\">  <br \/><\/font><\/p>\n<p align=\"justify\" style=\"margin: 0cm 0cm 10pt;\"><font face=\"Calibri\" size=\"3\">&nbsp;<\/font><\/p>\n<p align=\"justify\"><font  size=\"3\">  <br \/><\/font><\/p>\n<p align=\"justify\" style=\"margin: 0cm 0cm 10pt;\"><font face=\"Calibri\" size=\"3\">&#8212;<\/font><\/p>\n<p align=\"justify\"><font  size=\"3\">  <br \/><\/font><\/p>\n<p align=\"justify\" style=\"margin: 0cm 0cm 10pt;\"><font face=\"Calibri\" size=\"3\">&nbsp;<\/font><\/p>\n<p align=\"justify\"><font  size=\"3\">  <br \/><\/font><\/p>\n<p align=\"justify\" style=\"margin: 0cm 0cm 10pt;\"><b style=\"mso-bidi-font-weight: normal;\"><font face=\"Calibri\" size=\"3\">The French Historical Revolution<\/font><\/b><\/p>\n<p align=\"justify\"><font  size=\"3\">  <br \/><\/font><\/p>\n<p align=\"justify\" style=\"margin: 0cm 0cm 10pt;\"><font face=\"Calibri\" size=\"3\">&nbsp;<\/font><\/p>\n<p align=\"justify\"><font  size=\"3\">  <br \/><\/font><\/p>\n<p align=\"justify\" style=\"margin: 0cm 0cm 10pt;\"><font face=\"Calibri\" size=\"3\">The Annales School, 1929-2014, Second Edition<\/font><\/p>\n<p align=\"justify\"><font  size=\"3\">  <br \/><\/font><\/p>\n<p align=\"justify\" style=\"margin: 0cm 0cm 10pt;\"><font face=\"Calibri\" size=\"3\">&nbsp;<\/font><\/p>\n<p align=\"justify\"><font  size=\"3\">  <br \/><\/font><\/p>\n<p align=\"justify\" style=\"margin: 0cm 0cm 10pt;\"><b style=\"mso-bidi-font-weight: normal;\"><font face=\"Calibri\" size=\"3\">Peter Burke<\/font><\/b><\/p>\n<p align=\"justify\"><font  size=\"3\">  <br \/><\/font><\/p>\n<p align=\"justify\" style=\"margin: 0cm 0cm 10pt;\"><font face=\"Calibri\" size=\"3\">&nbsp;<\/font><\/p>\n<p align=\"justify\"><font  size=\"3\">  <br \/><\/font><\/p>\n<p align=\"justify\" style=\"margin: 0cm 0cm 10pt;\"><font face=\"Calibri\" size=\"3\">May 2015<\/font><\/p>\n<p align=\"justify\"><font  size=\"3\">  <br \/><\/font><\/p>\n<p align=\"justify\" style=\"margin: 0cm 0cm 10pt;\"><font face=\"Calibri\" size=\"3\">216 pages.<\/font><\/p>\n<p align=\"justify\"><font  size=\"3\">  <br \/><\/font><\/p>\n<p align=\"justify\" style=\"margin: 0cm 0cm 10pt;\"><font face=\"Calibri\" size=\"3\">&nbsp;<\/font><\/p>\n<p align=\"justify\"><font  size=\"3\">  <br \/><\/font><\/p>\n<p align=\"justify\" style=\"margin: 0cm 0cm 10pt;\"><font face=\"Calibri\" size=\"3\">http:\/\/www.sup.org\/books\/title\/?id=26213<\/font><\/p>\n<p align=\"justify\"><font  size=\"3\">  <br \/><\/font><\/p>\n<p align=\"justify\" style=\"margin: 0cm 0cm 10pt;\"><font face=\"Calibri\" size=\"3\">&nbsp;<\/font><\/p>\n<p align=\"justify\"><font  size=\"3\">  <br \/><\/font><\/p>\n<p align=\"justify\" style=\"margin: 0cm 0cm 10pt;\"><b style=\"mso-bidi-font-weight: normal;\"><font face=\"Calibri\" size=\"3\">Description<\/font><\/b><\/p>\n<p align=\"justify\"><font  size=\"3\">  <br \/><\/font><\/p>\n<p align=\"justify\" style=\"margin: 0cm 0cm 10pt;\"><b style=\"mso-bidi-font-weight: normal;\"><font face=\"Calibri\" size=\"3\">&nbsp;<\/font><\/b><\/p>\n<p align=\"justify\"><font  size=\"3\">  <br \/><\/font><\/p>\n<p align=\"justify\" style=\"margin: 0cm 0cm 10pt;\"><font face=\"Calibri\" size=\"3\">In the 20th century, historians began arguing for new ways of doing history. This &#8220;new history&#8221; movement called for a total history open to exploring every human activity. Instead of concentrating on the great deeds of statesmen and generals, new history considered the views and experiences of ordinary people. Instead of limiting themselves to official documents, new historians examined a greater variety of evidence, collaborating with sociologists, anthropologists, economists, linguists, and psychologists. Instead of traditional narratives, new history examined structures. Instead of claiming objective truth, new history acknowledged the prejudices associated with color, creed, class or gender.<\/font><\/p>\n<p align=\"justify\"><font  size=\"3\">  <br \/><\/font><\/p>\n<p align=\"justify\" style=\"margin: 0cm 0cm 10pt;\"><font face=\"Calibri\" size=\"3\">&nbsp;<\/font><\/p>\n<p align=\"justify\"><font  size=\"3\">  <br \/><\/font><\/p>\n<p align=\"justify\" style=\"margin: 0cm 0cm 10pt;\"><font face=\"Calibri\" size=\"3\">In this newly revised and updated edition of The French Historical Revolution, renowned cultural historian Peter Burke provides a critical history of this movement most associated with the French journal Annales, from its foundation in 1929 to the present. From founding historians Lucien Febvre and Marc Bloch through the &#8220;new history&#8221; movement&#8217;s best-known champions Jacques Le Goff and Fernand Braudel to current practitioners Roger Chartier and Serge Gruzinski, Burke traces and analyzes the contributions of one of the most important historical movements of the last century.<\/font><\/p>\n<p align=\"justify\"><font  size=\"3\">  <br \/><\/font><\/p>\n<p align=\"justify\" style=\"margin: 0cm 0cm 10pt;\"><font face=\"Calibri\" size=\"3\">&nbsp;<\/font><\/p>\n<p align=\"justify\"><font  size=\"3\">  <br \/><\/font><\/p>\n<p align=\"justify\" style=\"margin: 0cm 0cm 10pt;\"><font face=\"Calibri\" size=\"3\">&nbsp;<\/font><\/p>\n<p align=\"justify\"><font  size=\"3\">  <br \/><\/font><\/p>\n<p align=\"justify\" style=\"margin: 0cm 0cm 10pt;\"><font face=\"Calibri\" size=\"3\">About the author<\/font><\/p>\n<p align=\"justify\"><font  size=\"3\">  <br \/><\/font><\/p>\n<p align=\"justify\" style=\"margin: 0cm 0cm 10pt;\"><font face=\"Calibri\" size=\"3\">Peter Burke is Professor Emeritus of Cultural History at Emmanuel College, University of Cambridge.<\/font><\/p>\n<p align=\"justify\" style=\"margin: 0cm 0cm 10pt;\"><font face=\"Calibri\" size=\"3\"><br \/><\/font><\/p>\n<p align=\"justify\" style=\"margin: 0cm 0cm 10pt;\"><font face=\"Calibri\" size=\"3\"><br \/><\/font><\/p>\n<p align=\"justify\"><font  size=\"3\">  <br \/><\/font><\/p>\n","protected":false},"excerpt":{"rendered":"","protected":false},"author":1,"featured_media":0,"comment_status":"open","ping_status":"open","sticky":false,"template":"","format":"standard","meta":{"_acf_changed":false,"jetpack_post_was_ever_published":false,"_jetpack_newsletter_access":"","_jetpack_dont_email_post_to_subs":false,"_jetpack_newsletter_tier_id":0,"_jetpack_memberships_contains_paywalled_content":false,"_jetpack_memberships_contains_paid_content":false,"footnotes":"","jetpack_publicize_message":"","jetpack_publicize_feature_enabled":true,"jetpack_social_post_already_shared":false,"jetpack_social_options":{"image_generator_settings":{"template":"highway","default_image_id":0,"font":"","enabled":false},"version":2}},"categories":[3],"tags":[],"class_list":["post-2359","post","type-post","status-publish","format-standard","hentry","category-novosti"],"acf":{"facebook_opis":""},"jetpack_publicize_connections":[],"jetpack_featured_media_url":"","jetpack_sharing_enabled":true,"jetpack-related-posts":[{"id":52569,"url":"https:\/\/historiografija.hr\/?p=52569","url_meta":{"origin":2359,"position":0},"title":"[Predavanje] Ne \u010dekaju\u0107i inspiraciju \u2013 anga\u017eovane intelektualne, kulturalne i umetni\u010dke prakse u me\u0111uratnom periodu: teorija i praksa kriti\u010dke levice u jugoslovenskoj kulturi (YugoLab)","author":"Branimir Jankovi\u0107","date":"21. travnja 2026.","format":false,"excerpt":"U vreme agresivnog ja\u010danja globalne desnice, (pro)fa\u0161isti\u010dkih, rasisti\u010dkih i imperijalisti\u010dkih politika, dok je istovremeno globalna levica izrazito slaba, a progresivni pokreti atomizirani i fragmentisani, va\u017eno je iz savremene perspektive vratiti se revolucionarnim i emancipatorskim zbivanjima u jugoslovenskom (ali i s njima u vezi internacionalnim de\u0161avanjima), kao i dru\u0161tvenoj ulozi kulturalnih\u2026","rel":"","context":"U &quot;Novosti&quot;","block_context":{"text":"Novosti","link":"https:\/\/historiografija.hr\/?cat=3"},"img":{"alt_text":"","src":"","width":0,"height":0},"classes":[]},{"id":52505,"url":"https:\/\/historiografija.hr\/?p=52505","url_meta":{"origin":2359,"position":1},"title":"Izlo\u017eba &#8220;Eschenstock \/ Jasenov prut&#8221;","author":"Branimir Jankovi\u0107","date":"17. travnja 2026.","format":false,"excerpt":"Srpsko narodno vije\u0107e (SNV) i Vizura aperta postavljaju izlo\u017ebu \u0161vicarskog slikara Velimira Ili\u0161evi\u0107a: Eschenstock \/ Jasenov prut. Izlo\u017eba se uz prisustvo autora otvara povodom 81. godi\u0161njice proboja logora\u0161a iz usta\u0161kog logora smrti Jasenovac 22. aprila 2026. u 19 sati u Srpskom kulturnom centru (SKC) u Preradovi\u0107evoj ulici 21 u Zagrebu.\u2026","rel":"","context":"U &quot;Izlo\u017ebe&quot;","block_context":{"text":"Izlo\u017ebe","link":"https:\/\/historiografija.hr\/?cat=10"},"img":{"alt_text":"","src":"https:\/\/i0.wp.com\/historiografija.hr\/wp-content\/uploads\/2026\/04\/Jasenov_prut.jpg?fit=1024%2C640&ssl=1&resize=350%2C200","width":350,"height":200,"srcset":"https:\/\/i0.wp.com\/historiografija.hr\/wp-content\/uploads\/2026\/04\/Jasenov_prut.jpg?fit=1024%2C640&ssl=1&resize=350%2C200 1x, https:\/\/i0.wp.com\/historiografija.hr\/wp-content\/uploads\/2026\/04\/Jasenov_prut.jpg?fit=1024%2C640&ssl=1&resize=525%2C300 1.5x, https:\/\/i0.wp.com\/historiografija.hr\/wp-content\/uploads\/2026\/04\/Jasenov_prut.jpg?fit=1024%2C640&ssl=1&resize=700%2C400 2x"},"classes":[]},{"id":52563,"url":"https:\/\/historiografija.hr\/?p=52563","url_meta":{"origin":2359,"position":2},"title":"Predavanje Nenada Fabijani\u0107a o stadionu Poljud u Splitu","author":"Branimir Jankovi\u0107","date":"21. travnja 2026.","format":false,"excerpt":"Znanstveno vije\u0107e za arhitekturu, urbanizam i ure\u0111enje prostora Hrvatske akademije znanosti i umjetnosti organizira predavanje \u201cPo Poljudu\u201d koje \u0107e u srijedu 22. travnja 2026. s po\u010detkom u 14 sati u Knji\u017enici HAZU, Strossmayerov trg 14 u Zagrebu, odr\u017eati\u00a0prof. emerit. dr. art. Nenad Fabijani\u0107,\u00a0\u010dlan suradnik HAZU. Predavanje \u201ePo Poljudu\u201c (Projekt obnove)\u2026","rel":"","context":"U &quot;Novosti&quot;","block_context":{"text":"Novosti","link":"https:\/\/historiografija.hr\/?cat=3"},"img":{"alt_text":"","src":"https:\/\/i0.wp.com\/historiografija.hr\/wp-content\/uploads\/2026\/04\/Poljud-scaled.jpeg?fit=1200%2C800&ssl=1&resize=350%2C200","width":350,"height":200,"srcset":"https:\/\/i0.wp.com\/historiografija.hr\/wp-content\/uploads\/2026\/04\/Poljud-scaled.jpeg?fit=1200%2C800&ssl=1&resize=350%2C200 1x, https:\/\/i0.wp.com\/historiografija.hr\/wp-content\/uploads\/2026\/04\/Poljud-scaled.jpeg?fit=1200%2C800&ssl=1&resize=525%2C300 1.5x, https:\/\/i0.wp.com\/historiografija.hr\/wp-content\/uploads\/2026\/04\/Poljud-scaled.jpeg?fit=1200%2C800&ssl=1&resize=700%2C400 2x, https:\/\/i0.wp.com\/historiografija.hr\/wp-content\/uploads\/2026\/04\/Poljud-scaled.jpeg?fit=1200%2C800&ssl=1&resize=1050%2C600 3x"},"classes":[]},{"id":52528,"url":"https:\/\/historiografija.hr\/?p=52528","url_meta":{"origin":2359,"position":3},"title":"[Promocija knjige] Banja Luka u ratu: Etnopolitika i svakodnevica (1990\u20131995) (ActiveLab, YugoLab)","author":"Branimir Jankovi\u0107","date":"17. travnja 2026.","format":false,"excerpt":"Institut za filozofiju i dru\u0161tvenu teoriju i O\u0161tra Nula organizuju promociju knjige Banja Luka u ratu: Etnopolitika i svakodnevica (1990\u20131995) autorke Armine Galija\u0161, koja \u0107e se odr\u017eati 20. aprila 2026. u 12.00 sati u prostorijama Instituta (Kraljice Natalije 45, Beograd). Re\u010d je o prvom nau\u010dno utemeljenom i sistematskom radu koji\u2026","rel":"","context":"U &quot;Novosti&quot;","block_context":{"text":"Novosti","link":"https:\/\/historiografija.hr\/?cat=3"},"img":{"alt_text":"","src":"https:\/\/i0.wp.com\/historiografija.hr\/wp-content\/uploads\/2026\/04\/20-april-RS.jpg?fit=1200%2C675&ssl=1&resize=350%2C200","width":350,"height":200,"srcset":"https:\/\/i0.wp.com\/historiografija.hr\/wp-content\/uploads\/2026\/04\/20-april-RS.jpg?fit=1200%2C675&ssl=1&resize=350%2C200 1x, https:\/\/i0.wp.com\/historiografija.hr\/wp-content\/uploads\/2026\/04\/20-april-RS.jpg?fit=1200%2C675&ssl=1&resize=525%2C300 1.5x, https:\/\/i0.wp.com\/historiografija.hr\/wp-content\/uploads\/2026\/04\/20-april-RS.jpg?fit=1200%2C675&ssl=1&resize=700%2C400 2x, https:\/\/i0.wp.com\/historiografija.hr\/wp-content\/uploads\/2026\/04\/20-april-RS.jpg?fit=1200%2C675&ssl=1&resize=1050%2C600 3x"},"classes":[]},{"id":52628,"url":"https:\/\/historiografija.hr\/?p=52628","url_meta":{"origin":2359,"position":4},"title":"Predavanje dopisnog \u010dlana HAZU Alaina Finkielkrauta Izrael, Europa, antisemitizam","author":"Branimir Jankovi\u0107","date":"23. travnja 2026.","format":false,"excerpt":"Francuski filozof Alain Finkielkraut, redoviti \u010dlan Francuske akademije i dopisni \u010dlan HAZU, odr\u017eat \u0107e predavanje\u00a0Izrael, Europa, antisemitizam u utorak 28. travnja 2026. u 13 sati u Knji\u017enici HAZU,\u00a0Strossmayerov trg 14 u Zagrebu. Uvodne rije\u010di odr\u017eat \u0107e\u00a0akademkinja \u017deljka \u010corak i\u00a0akademik Dra\u017een Katunari\u0107. Predavanje \u0107e se odr\u017eati na francuskom jeziku uz konsekutivno\u2026","rel":"","context":"U &quot;Novosti&quot;","block_context":{"text":"Novosti","link":"https:\/\/historiografija.hr\/?cat=3"},"img":{"alt_text":"","src":"https:\/\/i0.wp.com\/historiografija.hr\/wp-content\/uploads\/2026\/04\/Alain_Finkielkraut.jpg?fit=350%2C407&ssl=1&resize=350%2C200","width":350,"height":200},"classes":[]},{"id":52592,"url":"https:\/\/historiografija.hr\/?p=52592","url_meta":{"origin":2359,"position":5},"title":"Predstavljanje knjige &#8220;Turska ku\u0107a u Rijeci&#8221; u Zagrebu","author":"Branimir Jankovi\u0107","date":"22. travnja 2026.","format":false,"excerpt":"U prostorijama Turskog kulturnog centra Yunus Emre u Zagrebu, u utorak 21. travnja 2026. godine, odr\u017eano je sve\u010dano predstavljanje dopunjenog izdanja knjige Turska ku\u0107a u Rijeci, u organizaciji Hrvatsko-turskog dru\u0161tva Rijeka i partnerstvu sa Skupinom prijateljstva Hrvatska-Turska Hrvatskog sabora, Veleposlanstvom Republike Turske u Republici Hrvatskoj te Turskim kulturnim centrom Yunus\u2026","rel":"","context":"U &quot;Novosti&quot;","block_context":{"text":"Novosti","link":"https:\/\/historiografija.hr\/?cat=3"},"img":{"alt_text":"","src":"https:\/\/i0.wp.com\/historiografija.hr\/wp-content\/uploads\/2026\/04\/Turska-kuca-ZG.jpg?fit=1200%2C800&ssl=1&resize=350%2C200","width":350,"height":200,"srcset":"https:\/\/i0.wp.com\/historiografija.hr\/wp-content\/uploads\/2026\/04\/Turska-kuca-ZG.jpg?fit=1200%2C800&ssl=1&resize=350%2C200 1x, https:\/\/i0.wp.com\/historiografija.hr\/wp-content\/uploads\/2026\/04\/Turska-kuca-ZG.jpg?fit=1200%2C800&ssl=1&resize=525%2C300 1.5x, https:\/\/i0.wp.com\/historiografija.hr\/wp-content\/uploads\/2026\/04\/Turska-kuca-ZG.jpg?fit=1200%2C800&ssl=1&resize=700%2C400 2x, https:\/\/i0.wp.com\/historiografija.hr\/wp-content\/uploads\/2026\/04\/Turska-kuca-ZG.jpg?fit=1200%2C800&ssl=1&resize=1050%2C600 3x"},"classes":[]}],"_links":{"self":[{"href":"https:\/\/historiografija.hr\/index.php?rest_route=\/wp\/v2\/posts\/2359","targetHints":{"allow":["GET"]}}],"collection":[{"href":"https:\/\/historiografija.hr\/index.php?rest_route=\/wp\/v2\/posts"}],"about":[{"href":"https:\/\/historiografija.hr\/index.php?rest_route=\/wp\/v2\/types\/post"}],"author":[{"embeddable":true,"href":"https:\/\/historiografija.hr\/index.php?rest_route=\/wp\/v2\/users\/1"}],"replies":[{"embeddable":true,"href":"https:\/\/historiografija.hr\/index.php?rest_route=%2Fwp%2Fv2%2Fcomments&post=2359"}],"version-history":[{"count":0,"href":"https:\/\/historiografija.hr\/index.php?rest_route=\/wp\/v2\/posts\/2359\/revisions"}],"wp:attachment":[{"href":"https:\/\/historiografija.hr\/index.php?rest_route=%2Fwp%2Fv2%2Fmedia&parent=2359"}],"wp:term":[{"taxonomy":"category","embeddable":true,"href":"https:\/\/historiografija.hr\/index.php?rest_route=%2Fwp%2Fv2%2Fcategories&post=2359"},{"taxonomy":"post_tag","embeddable":true,"href":"https:\/\/historiografija.hr\/index.php?rest_route=%2Fwp%2Fv2%2Ftags&post=2359"}],"curies":[{"name":"wp","href":"https:\/\/api.w.org\/{rel}","templated":true}]}}