{"id":23589,"date":"2020-11-11T16:51:29","date_gmt":"2020-11-11T16:51:29","guid":{"rendered":"http:\/\/historiografija.hr\/?p=23589"},"modified":"2020-11-11T16:52:20","modified_gmt":"2020-11-11T16:52:20","slug":"niklas-natt-och-dag-vatra-i-minotaur","status":"publish","type":"post","link":"https:\/\/historiografija.hr\/?p=23589","title":{"rendered":"Niklas Natt och Dag, \u201cVatra i Minotaur\u201d"},"content":{"rendered":"\n<p>1794. <br>Mickel Cardell ponovno je na dnu. Godinu dana nakon \u0161to je s Cecilom Wingeom rije\u0161io misterij osaka\u0107enog le\u0161a, njegova prijatelja vi\u0161e nema, a jednoruki gradski \u010duvar zaborav tra\u017ei u stockholmskim kr\u010dmama. Sve dok ga ne prona\u0111e majka \u010dija je k\u0107i okrutno ubijena u no\u0107i svojega vjen\u010danja. Ka\u017eu da je djevojku rastrgao \u010dopor gladnih vukova, ali u to ne vjeruju ni majka ni Cardell. Je li to \u010dudovi\u0161no umorstvo prve bra\u010dne no\u0107i po\u010dinio mladi plemi\u0107 za kojega se udala? Ili neka mnogo opasnija zvijer?<\/p>\n\n\n\n<p><br><em>Vatra i Minotaur<\/em>, drugi nastavak maestralne povijesne stockholmske <em>noir<\/em> trilogije Niklasa Natt och Daga, ponovno nas odvodi u Grad me\u0111u mostovima, iznova susre\u0107e s nezaboravnim Mickelom Cardellom i Annom Stinom Knapp, jo\u0161 jednom usisava u usijano, vrve\u0107e grotlo 18. stolje\u0107a.<\/p>\n\n\n\n<p><br>Od malari\u010dnih obala karipske kolonije Svetog Bartolomeja do skrovitih kutaka Stockholma, pred nama se odmotava crvena nit nezamislivih zlo\u010dina \u2013 trag koji vodi u srce mra\u010dnog labirinta, do \u010dudovi\u0161ta koje mo\u017ee prona\u0107i samo onaj koji nema \u0161to izgubiti, ili onaj u \u010dijem je srcu preostalo jo\u0161 malo svjetla.<\/p>\n\n\n\n<p><br>I vatre.<\/p>\n\n\n\n<hr class=\"wp-block-separator\"\/>\n\n\n\n<p><br>Nakon me\u0111unarodnog bestselera <em>\u010cuvar i vuk<\/em> nova zvijezda skandinavskog trilera Niklas Natt och Dag u romanu <em>Vatra i Minotaur<\/em> uspio je nemogu\u0107e: napisati jo\u0161 bolji i uzbudljiviji triler \u2013 knjigu koja \u0107e vas uzdrmati i ostaviti bez daha.<\/p>\n\n\n\n<p>\u201cPotpuno neodoljivo.\u201d \u2013 Malin Persson Giolito<\/p>\n\n\n\n<p>\u201cNiklas Natt och Dag o\u010darat \u0107e vas svojim prikazom 18. stolje\u0107a, iznimno moralnom pri\u010dom smje\u0161tenom u duboko amoralan svijet. Ali usred sveg tog mraka postoji drhtavo svjetlo koje nas vodi.\u201d \u2013 <em>Gefle Dagblad<\/em><\/p>\n\n\n\n<p>\u201c<em>Vatra i Minotaur<\/em> predivan je mizantropski portret patnje u nekada\u0161njem Stockholmu. Brutalno dobro!\u201d \u2013 BTJ<\/p>\n\n\n\n<p>\u201cNajdopadljiviji su na\u010din na koji, gotovo dokumentaristi\u010dki detaljno, opisuje razdoblje o kojemu pi\u0161e te \u2013 jo\u0161 vi\u0161e \u2013 izvrstan stil. Kao kontrapunkt tami s kojom se suo\u010davaju njegovi likovi autor nudi svjetlo koje dopire iz njegove gotovo poetske proze. Na trenutke, me\u0111u najljep\u0161ima koje sam \u010ditao.\u201d \u2013 <em>S\u00f6dermanlands Nyheter<\/em><\/p>\n\n\n\n<hr class=\"wp-block-separator\"\/>\n\n\n\n<p>Jezik izvornika:<strong> \u0161vedski<\/strong><\/p>\n\n\n\n<p>Prijevod:<strong> Sandra Ljubas<\/strong><\/p>\n\n\n\n<p>Broj stranica: <strong>443<\/strong><\/p>\n\n\n\n<p>Datum izdanja:<strong> kolovoz 2020.<\/strong><\/p>\n\n\n\n<p>Nakladnik:<strong> Fraktura<\/strong><\/p>\n\n\n\n<p>ISBN: <strong>978-953358242-9<\/strong><\/p>\n\n\n\n<p>Naslov izvornika:<strong> 1794<\/strong><\/p>\n\n\n\n<hr class=\"wp-block-separator\"\/>\n\n\n\n<p>Izvor: <a href=\"https:\/\/fraktura.hr\/vatra-i-minotaur.html\">https:\/\/fraktura.hr\/vatra-i-minotaur.html<\/a><\/p>\n\n\n\n<hr class=\"wp-block-separator\"\/>\n","protected":false},"excerpt":{"rendered":"","protected":false},"author":2,"featured_media":23590,"comment_status":"open","ping_status":"open","sticky":false,"template":"","format":"standard","meta":{"_acf_changed":false,"jetpack_post_was_ever_published":false,"_jetpack_newsletter_access":"","_jetpack_dont_email_post_to_subs":false,"_jetpack_newsletter_tier_id":0,"_jetpack_memberships_contains_paywalled_content":false,"_jetpack_memberships_contains_paid_content":false,"footnotes":"","jetpack_publicize_message":"","jetpack_publicize_feature_enabled":true,"jetpack_social_post_already_shared":true,"jetpack_social_options":{"image_generator_settings":{"template":"highway","default_image_id":0,"font":"","enabled":false},"version":2}},"categories":[3,12],"tags":[],"class_list":["post-23589","post","type-post","status-publish","format-standard","has-post-thumbnail","hentry","category-novosti","category-knjizevnost"],"acf":{"facebook_opis":""},"jetpack_publicize_connections":[],"jetpack_featured_media_url":"https:\/\/i0.wp.com\/historiografija.hr\/wp-content\/uploads\/2020\/11\/vatra_i_monotaur.jpg?fit=406%2C610&ssl=1","jetpack_sharing_enabled":true,"jetpack-related-posts":[],"_links":{"self":[{"href":"https:\/\/historiografija.hr\/index.php?rest_route=\/wp\/v2\/posts\/23589","targetHints":{"allow":["GET"]}}],"collection":[{"href":"https:\/\/historiografija.hr\/index.php?rest_route=\/wp\/v2\/posts"}],"about":[{"href":"https:\/\/historiografija.hr\/index.php?rest_route=\/wp\/v2\/types\/post"}],"author":[{"embeddable":true,"href":"https:\/\/historiografija.hr\/index.php?rest_route=\/wp\/v2\/users\/2"}],"replies":[{"embeddable":true,"href":"https:\/\/historiografija.hr\/index.php?rest_route=%2Fwp%2Fv2%2Fcomments&post=23589"}],"version-history":[{"count":2,"href":"https:\/\/historiografija.hr\/index.php?rest_route=\/wp\/v2\/posts\/23589\/revisions"}],"predecessor-version":[{"id":23592,"href":"https:\/\/historiografija.hr\/index.php?rest_route=\/wp\/v2\/posts\/23589\/revisions\/23592"}],"wp:featuredmedia":[{"embeddable":true,"href":"https:\/\/historiografija.hr\/index.php?rest_route=\/wp\/v2\/media\/23590"}],"wp:attachment":[{"href":"https:\/\/historiografija.hr\/index.php?rest_route=%2Fwp%2Fv2%2Fmedia&parent=23589"}],"wp:term":[{"taxonomy":"category","embeddable":true,"href":"https:\/\/historiografija.hr\/index.php?rest_route=%2Fwp%2Fv2%2Fcategories&post=23589"},{"taxonomy":"post_tag","embeddable":true,"href":"https:\/\/historiografija.hr\/index.php?rest_route=%2Fwp%2Fv2%2Ftags&post=23589"}],"curies":[{"name":"wp","href":"https:\/\/api.w.org\/{rel}","templated":true}]}}