{"id":23584,"date":"2020-11-11T16:41:23","date_gmt":"2020-11-11T16:41:23","guid":{"rendered":"http:\/\/historiografija.hr\/?p=23584"},"modified":"2020-11-11T16:43:37","modified_gmt":"2020-11-11T16:43:37","slug":"poziv-za-sudjelovanje-na-radionici-people-in-motion-entangled-histories-of-displacement-across-the-mediterranean-1492-1923","status":"publish","type":"post","link":"https:\/\/historiografija.hr\/?p=23584","title":{"rendered":"Poziv za sudjelovanje na radionici \u201cPeople in Motion: Entangled Histories of Displacement across the Mediterranean (1492-1923)\u201d"},"content":{"rendered":"\n<p><a rel=\"noreferrer noopener\" href=\"https:\/\/www.cost.eu\/\" target=\"_blank\">COST<\/a> akcija <a rel=\"noreferrer noopener\" href=\"http:\/\/www.peopleinmotion-costaction.org\/\" target=\"_blank\"><strong>People in Motion: Entangled Histories of Displacement across the Mediterranean (1492-1923)<\/strong><\/a> zajedno s Institutom za povijest umjetnosti \u2013 Centrom Cvito Fiskovi\u0107 u Splitu poziva vas na sudjelovanje na me\u0111unarodnoj radionici<\/p>\n\n\n\n<h4 class=\"wp-block-heading\"><strong>City on the Sea:<\/strong><br><strong>Diocletian\u2019s Palace,<\/strong><br><strong>displacement, and space<\/strong><\/h4>\n\n\n\n<p><strong>Split, 26. velja\u010de 2021.<\/strong><\/p>\n\n\n\n<p><a href=\"https:\/\/www.ipu.hr\/content\/info\/CotS_CFP.pdf\"><strong>POZIV<\/strong><\/a><br><br>&#8211;<br><br>Voditeljice radionice su dr. sc. <strong>Katrina O\u2019Loughlin<\/strong> (Brunel University, London) i dr. sc. <strong>Ana \u0160verko<\/strong>. Radionica \u0107e se odvijati na engleskom jeziku.<\/p>\n\n\n\n<p><strong>Prijava<\/strong><br>Prijedlozi naslova sa sa\u017eetkom na engleskom jeziku (oko 300 rije\u010di) \u0161alju se voditeljicama na <a href=\"mailto:Katrina.O'Loughlin@brunel.ac.uk\" target=\"_blank\" rel=\"noreferrer noopener\">Katrina.O&#8217;Loughlin@brunel.ac.uk<\/a> ili <a href=\"mailto:asverko82@gmail.com\" target=\"_blank\" rel=\"noreferrer noopener\">asverko82@gmail.com<\/a>, do <strong>15. studenog 2020<\/strong>. godine.<br><br><strong>Va\u017eni datumi<\/strong><br>Prijava do <strong>15. studenog 2020<\/strong>.<br>Obavijest o prihva\u0107anju prijave i objava programa <strong>8. prosinca 2020<\/strong>.<br>Odr\u017eavanje radionice <strong>26. velja\u010de 2021<\/strong>.<\/p>\n\n\n\n<p>U svjetlu trenutnih nesigurnosti, planiramo omogu\u0107iti sudjelovanje na radionici u\u017eivo u Splitu jednako kao i putem internetskih platformi kako bismo olak\u0161ali me\u0111unarodno sudjelovanje. Mogu\u0107e je da radionica bude ostvariva samo putem internetskih platformi, stoga ne \u017eurite s organizacijom dolaska u Split. Voditeljice \u0107e vam rado pomo\u0107i u tome kada mogu\u0107nost dolaska bude izvjesna.<\/p>\n\n\n\n<hr class=\"wp-block-separator\"\/>\n\n\n\n<p>Izvor: <a href=\"https:\/\/www.ipu.hr\/article\/hr\/984\/city-on-the-sea\">https:\/\/www.ipu.hr\/article\/hr\/984\/city-on-the-sea<\/a><\/p>\n\n\n\n<hr class=\"wp-block-separator\"\/>\n","protected":false},"excerpt":{"rendered":"","protected":false},"author":2,"featured_media":23585,"comment_status":"open","ping_status":"open","sticky":false,"template":"","format":"standard","meta":{"_acf_changed":false,"jetpack_post_was_ever_published":false,"_jetpack_newsletter_access":"","_jetpack_dont_email_post_to_subs":false,"_jetpack_newsletter_tier_id":0,"_jetpack_memberships_contains_paywalled_content":false,"_jetpack_memberships_contains_paid_content":false,"footnotes":"","jetpack_publicize_message":"","jetpack_publicize_feature_enabled":true,"jetpack_social_post_already_shared":true,"jetpack_social_options":{"image_generator_settings":{"template":"highway","default_image_id":0,"font":"","enabled":false},"version":2}},"categories":[3,9],"tags":[],"class_list":["post-23584","post","type-post","status-publish","format-standard","has-post-thumbnail","hentry","category-novosti","category-skupovi"],"acf":{"facebook_opis":""},"jetpack_publicize_connections":[],"jetpack_featured_media_url":"https:\/\/i0.wp.com\/historiografija.hr\/wp-content\/uploads\/2020\/11\/Split.jpg?fit=900%2C563&ssl=1","jetpack_sharing_enabled":true,"jetpack-related-posts":[],"_links":{"self":[{"href":"https:\/\/historiografija.hr\/index.php?rest_route=\/wp\/v2\/posts\/23584","targetHints":{"allow":["GET"]}}],"collection":[{"href":"https:\/\/historiografija.hr\/index.php?rest_route=\/wp\/v2\/posts"}],"about":[{"href":"https:\/\/historiografija.hr\/index.php?rest_route=\/wp\/v2\/types\/post"}],"author":[{"embeddable":true,"href":"https:\/\/historiografija.hr\/index.php?rest_route=\/wp\/v2\/users\/2"}],"replies":[{"embeddable":true,"href":"https:\/\/historiografija.hr\/index.php?rest_route=%2Fwp%2Fv2%2Fcomments&post=23584"}],"version-history":[{"count":3,"href":"https:\/\/historiografija.hr\/index.php?rest_route=\/wp\/v2\/posts\/23584\/revisions"}],"predecessor-version":[{"id":23588,"href":"https:\/\/historiografija.hr\/index.php?rest_route=\/wp\/v2\/posts\/23584\/revisions\/23588"}],"wp:featuredmedia":[{"embeddable":true,"href":"https:\/\/historiografija.hr\/index.php?rest_route=\/wp\/v2\/media\/23585"}],"wp:attachment":[{"href":"https:\/\/historiografija.hr\/index.php?rest_route=%2Fwp%2Fv2%2Fmedia&parent=23584"}],"wp:term":[{"taxonomy":"category","embeddable":true,"href":"https:\/\/historiografija.hr\/index.php?rest_route=%2Fwp%2Fv2%2Fcategories&post=23584"},{"taxonomy":"post_tag","embeddable":true,"href":"https:\/\/historiografija.hr\/index.php?rest_route=%2Fwp%2Fv2%2Ftags&post=23584"}],"curies":[{"name":"wp","href":"https:\/\/api.w.org\/{rel}","templated":true}]}}