{"id":23580,"date":"2020-11-11T16:33:32","date_gmt":"2020-11-11T16:33:32","guid":{"rendered":"http:\/\/historiografija.hr\/?p=23580"},"modified":"2020-11-11T16:36:22","modified_gmt":"2020-11-11T16:36:22","slug":"hrvoje-kekez-kresimir-regan-zrin-srednjovjekovno-sijelo-knjezova-babonica-i-zrinskih-tvrdi-grad-urbana-aglomeracija-i-posjed","status":"publish","type":"post","link":"https:\/\/historiografija.hr\/?p=23580","title":{"rendered":"Hrvoje Kekez \/ Kre\u0161imir Regan, \u201cZrin \u2013 Srednjovjekovno sijelo knezova Baboni\u0107a i Zrinskih. Tvrdi grad, urbana aglomeracija i posjed\u201d"},"content":{"rendered":"\n<p>Knjiga strukturalno, metodolo\u0161ki, izborom tema, razmatranjem novih i novim tuma\u010denjima ve\u0107 poznatih vrela, predstavlja prvu doista cjelovitu studiju kako o samoj utvrdi Zrin, o polo\u017eaju raznih naselja i utvrda na \u010dijem je \u010delu kroz nekoliko stolje\u0107a hijerarhijski stajala utvrda Zrin, o nekim aspektima svakodnevnog \u017eivota na veleposjedu Zrin, o stanovni\u0161tvu i crkvenom ure\u0111enju kako utvrde i podgra\u0111a tako i sela na posjedu, pri \u010demu su autori posebno istaknuli pozitivne \u010dimbenike koji su sam posjed i utvrdu u\u010dinili gospodarski i vojno-strate\u0161ki jednim od najzanimljivijih i gospodarski najaktivnijih podru\u010dja srednjovjekovne i ranonovovjekovne Slavonije toga doba.<\/p>\n\n\n\n<p>Autori knjige Hrvoje Kekez i Kre\u0161imir Regan \u010ditatelju pru\u017eaju mnogo novih vrijednih podataka do kojih su do\u0161li istra\u017eivanjem pisanih i slikovnih izvora, a uz to razrje\u0161avaju naslije\u0111ene nepoznanice oko utvrde Zrin.<\/p>\n\n\n\n<p>Knjiga sadr\u017ei brojne ilustracije \u2013 tlocrte, crte\u017ee i fotografije u boji.<\/p>\n\n\n\n<p><strong>Hrvoje Kekez<\/strong>, povjesni\u010dar, izvanredni profesor na Odjelu za povijest Hrvatskoga katoli\u010dkog sveu\u010dili\u0161ta u Zagrebu.<\/p>\n\n\n\n<p><strong>Kre\u0161imir Regan<\/strong>, geograf i povjesni\u010dar, zaposlen u Leksikografskom zavodu Miroslav Krle\u017ea u Zagrebu.<\/p>\n\n\n\n<p>Izvor:<\/p>\n\n\n\n<figure class=\"wp-block-embed-wordpress wp-block-embed is-type-wp-embed is-provider-srednja-europa\"><div class=\"wp-block-embed__wrapper\">\n<blockquote class=\"wp-embedded-content\" data-secret=\"X1XhdbC4tS\"><a href=\"https:\/\/srednja-europa.hr\/nove-knjige\/zrin-srednjovjekovno-sijelo-knjezova-babonica-i-zrinskih\/\">Zrin &#8211; Srednjovjekovno sijelo knjezova Baboni\u0107a i Zrinskih<\/a><\/blockquote><iframe loading=\"lazy\" class=\"wp-embedded-content\" sandbox=\"allow-scripts\" security=\"restricted\" style=\"position: absolute; clip: rect(1px, 1px, 1px, 1px);\" title=\"&#8220;Zrin &#8211; Srednjovjekovno sijelo knjezova Baboni\u0107a i Zrinskih&#8221; &#8212; Srednja Europa\" src=\"https:\/\/srednja-europa.hr\/nove-knjige\/zrin-srednjovjekovno-sijelo-knjezova-babonica-i-zrinskih\/embed\/#?secret=X1XhdbC4tS\" data-secret=\"X1XhdbC4tS\" width=\"600\" height=\"338\" frameborder=\"0\" marginwidth=\"0\" marginheight=\"0\" scrolling=\"no\"><\/iframe>\n<\/div><\/figure>\n\n\n\n<p>Dodatne informacije:<\/p>\n\n\n\n<p><a href=\"http:\/\/www.unicath.hr\/objavljena-znanstvena-monografija-o-srednjovjekovnom-zrinu\">http:\/\/www.unicath.hr\/objavljena-znanstvena-monografija-o-srednjovjekovnom-zrinu<\/a><\/p>\n\n\n\n<hr class=\"wp-block-separator\"\/>\n","protected":false},"excerpt":{"rendered":"","protected":false},"author":2,"featured_media":23581,"comment_status":"open","ping_status":"open","sticky":false,"template":"","format":"standard","meta":{"_acf_changed":false,"jetpack_post_was_ever_published":false,"_jetpack_newsletter_access":"","_jetpack_dont_email_post_to_subs":false,"_jetpack_newsletter_tier_id":0,"_jetpack_memberships_contains_paywalled_content":false,"_jetpack_memberships_contains_paid_content":false,"footnotes":"","jetpack_publicize_message":"","jetpack_publicize_feature_enabled":true,"jetpack_social_post_already_shared":true,"jetpack_social_options":{"image_generator_settings":{"template":"highway","default_image_id":0,"font":"","enabled":false},"version":2}},"categories":[8,3],"tags":[],"class_list":["post-23580","post","type-post","status-publish","format-standard","has-post-thumbnail","hentry","category-knjige","category-novosti"],"acf":{"facebook_opis":""},"jetpack_publicize_connections":[],"jetpack_featured_media_url":"https:\/\/i0.wp.com\/historiografija.hr\/wp-content\/uploads\/2020\/11\/Zrin-naslovnica.jpg?fit=1430%2C2048&ssl=1","jetpack_sharing_enabled":true,"jetpack-related-posts":[],"_links":{"self":[{"href":"https:\/\/historiografija.hr\/index.php?rest_route=\/wp\/v2\/posts\/23580","targetHints":{"allow":["GET"]}}],"collection":[{"href":"https:\/\/historiografija.hr\/index.php?rest_route=\/wp\/v2\/posts"}],"about":[{"href":"https:\/\/historiografija.hr\/index.php?rest_route=\/wp\/v2\/types\/post"}],"author":[{"embeddable":true,"href":"https:\/\/historiografija.hr\/index.php?rest_route=\/wp\/v2\/users\/2"}],"replies":[{"embeddable":true,"href":"https:\/\/historiografija.hr\/index.php?rest_route=%2Fwp%2Fv2%2Fcomments&post=23580"}],"version-history":[{"count":2,"href":"https:\/\/historiografija.hr\/index.php?rest_route=\/wp\/v2\/posts\/23580\/revisions"}],"predecessor-version":[{"id":23583,"href":"https:\/\/historiografija.hr\/index.php?rest_route=\/wp\/v2\/posts\/23580\/revisions\/23583"}],"wp:featuredmedia":[{"embeddable":true,"href":"https:\/\/historiografija.hr\/index.php?rest_route=\/wp\/v2\/media\/23581"}],"wp:attachment":[{"href":"https:\/\/historiografija.hr\/index.php?rest_route=%2Fwp%2Fv2%2Fmedia&parent=23580"}],"wp:term":[{"taxonomy":"category","embeddable":true,"href":"https:\/\/historiografija.hr\/index.php?rest_route=%2Fwp%2Fv2%2Fcategories&post=23580"},{"taxonomy":"post_tag","embeddable":true,"href":"https:\/\/historiografija.hr\/index.php?rest_route=%2Fwp%2Fv2%2Ftags&post=23580"}],"curies":[{"name":"wp","href":"https:\/\/api.w.org\/{rel}","templated":true}]}}