{"id":2351,"date":"2016-08-22T22:00:05","date_gmt":"2016-08-22T22:00:05","guid":{"rendered":"http:\/\/historiografija.hr\/?p=2351"},"modified":"2016-08-22T22:00:05","modified_gmt":"2016-08-22T22:00:05","slug":"renesansni-festival-koprivnica-2016","status":"publish","type":"post","link":"https:\/\/historiografija.hr\/?p=2351","title":{"rendered":"Renesansni festival Koprivnica 2016."},"content":{"rendered":"<p align=\"justify\"><font  size=\"3\">  <br \/><\/font><\/p>\n<p align=\"justify\" style=\"margin: 0cm 0cm 10pt;\"><b style=\"mso-bidi-font-weight: normal;\"><font face=\"Calibri\" size=\"3\">RENESANSNI FESTIVAL \u2013 25. &#8211; 28.<span style=\"mso-spacerun: yes;\">&nbsp; <\/span>KOLOVOZA 2016.<\/font><\/b><\/p>\n<p align=\"justify\"><font  size=\"3\">  <br \/><\/font><\/p>\n<p align=\"justify\" style=\"margin: 0cm 0cm 10pt;\"><font face=\"Calibri\" size=\"3\">&nbsp;<\/font><\/p>\n<p align=\"justify\"><font  size=\"3\">  <br \/><\/font><\/p>\n<p align=\"justify\" style=\"margin: 0cm 0cm 10pt;\"><font face=\"Calibri\"><font size=\"3\"><b style=\"mso-bidi-font-weight: normal;\">KOPRIVNICA <\/b>&#8211; Koprivni\u010dki gradski bedemi<\/font><\/font><\/p>\n<p align=\"justify\"><font  size=\"3\">  <br \/><\/font><\/p>\n<p align=\"justify\" style=\"margin: 0cm 0cm 10pt;\"><font face=\"Calibri\" size=\"3\">&nbsp;<\/font><\/p>\n<p align=\"justify\"><font  size=\"3\">  <br \/><\/font><\/p>\n<p align=\"justify\" style=\"margin: 0cm 0cm 10pt;\"><font face=\"Calibri\" size=\"3\">http:\/\/www.renesansnifestival.hr\/<\/font><\/p>\n<p align=\"justify\"><font  size=\"3\">  <br \/><\/font><\/p>\n<p align=\"justify\" style=\"margin: 0cm 0cm 10pt;\"><font face=\"Calibri\" size=\"3\">&nbsp;<\/font><\/p>\n<p align=\"justify\"><font  size=\"3\">  <br \/><\/font><\/p>\n<p align=\"justify\" style=\"margin: 0cm 0cm 10pt;\"><font face=\"Calibri\"><font size=\"3\">Povijesni mega spektakl Renesansni festival sljubljivanje je kasno srednjovjekovnih povijesnih fakata i originalnosti Koprivnice, Podravine i Hrvatske s ba\u0161tinskim vrijednostima zapadnoeuropskog kulturnog civilizacijskog kruga (\u010diji je dio i Hrvatska), koje se manifestiraju kroz brojne nastupaju\u0107e vite\u0161ke, obrtni\u010dke i muzi\u010dke skupine iz gotovo deset europskih zemalja. <span lang=\"FR\" style=\"mso-ansi-language: FR;\">Manifestacija je pravi primjer razvijanja europskog identiteta Grada i Regije.<\/span><\/font><\/font><\/p>\n<p align=\"justify\"><font  size=\"3\">  <br \/><\/font><\/p>\n<p align=\"justify\" style=\"margin: 0cm 0cm 10pt;\"><span lang=\"FR\" style=\"mso-ansi-language: FR;\"><font face=\"Calibri\" size=\"3\">&nbsp;<\/font><\/span><\/p>\n<p align=\"justify\"><font  size=\"3\">  <br \/><\/font><\/p>\n<p align=\"justify\" style=\"margin: 0cm 0cm 10pt;\"><span lang=\"FR\" style=\"mso-ansi-language: FR;\"><font face=\"Calibri\" size=\"3\">\u010cetverodnevna manifestacija rekonstruira razdoblje prije 656 godina kada je Koprivnica postala Slobodni kraljevski grad, a bavi se najvi\u0161e razdobljem kraja 15. st. te 16. st. iz kojeg potje\u010du ostaci renesansnih bedema na kojim se i odvija cjelokupni program. Mnogobrojni sadr\u017eaji \u010detverodnevne manifestacije uvjerljivo vra\u0107aju posjetitelje u davno minulo vrijeme, a to<span style=\"mso-spacerun: yes;\">&nbsp; <\/span>do\u010daravaju \u201esrednjovjekovni\u201c zanatlije (najve\u0107i sajam srednjovjekovnih obrta u ovom dijelu Europe), trgovci, vitezovi, dame, kralj i dvorjani, skitnice, prosjaci, kmetovi, alkemi\u010dari, muzi\u010dari, zabavlja\u010di i mnogi drugi, poput kuhara koji na licu mjesta spremaju jela po srednjovjekovnim receptima, a piju se samo pi\u0107a iz tog vremena poput medovine, vina i piva i to iz drvenih i lon\u010darskih \u010da\u0161a i posuda. Vi\u0161e od 1000 kostimiranih izvo\u0111a\u010da, \u0161to Koprivni\u010dkih, \u0161to Hrvatskih, ali i inozemnih (Slovenija, Italija, Ma\u0111arska, \u010ce\u0161ka, Slova\u010dka, Njema\u010dka, Austrija, Poljska) nikoga ne ostavljaju ravnodu\u0161nim, a mnogobrojni posjetitelji mogu s njima interaktivno sudjelovati u programu. Bez obzira \u0161to je Renesansni festival organiziran tek devet puta, postao je najve\u0107a i najkompleksnija manifestacija tog tipa u ovom dijelu Europe (mi\u0161ljenje doma\u0107ih i inozemnih sudionika, kao i mnogobrojnih, odu\u0161evljenih posjetitelja iz zemlje i inozemstva).<\/font><\/span><\/p>\n<p align=\"justify\"><font  size=\"3\">  <br \/><\/font><\/p>\n<p align=\"justify\" style=\"margin: 0cm 0cm 10pt;\"><span lang=\"FR\" style=\"mso-ansi-language: FR;\"><font face=\"Calibri\" size=\"3\">&nbsp;<\/font><\/span><\/p>\n<p align=\"justify\"><font  size=\"3\">  <br \/><\/font><\/p>\n<p align=\"justify\" style=\"margin: 0cm 0cm 10pt;\"><span lang=\"FR\" style=\"mso-ansi-language: FR;\"><font face=\"Calibri\" size=\"3\">Ove \u0107e godine sredi\u0161nja tema manifestacije biti \u201eSrednjovjekovna glazba&#8221; koju \u0107e vjerno izvoditi poznati njema\u010dki hard medieval band Furunkulus kojima \u0107e ovo biti prvi nastup u Hrvatskoj. Tako\u0111er uz band Furunkulus, nastupiti \u0107e i mnogi drugi izvo\u0111a\u010di koji \u0107e izvoditi srednjovjekovnu glazbu i tako Vam na jo\u0161 jedan na\u010din pribli\u017eiti tada\u0161nji stil \u017eivota.<\/font><\/span><\/p>\n<p align=\"justify\"><font  size=\"3\">  <br \/><\/font><\/p>\n<p align=\"justify\" style=\"margin: 0cm 0cm 10pt;\"><span lang=\"FR\" style=\"mso-ansi-language: FR;\"><font face=\"Calibri\" size=\"3\">&nbsp;<\/font><\/span><\/p>\n<p align=\"justify\"><font  size=\"3\">  <br \/><\/font><\/p>\n<p align=\"justify\" style=\"margin: 0cm 0cm 10pt;\"><span lang=\"FR\" style=\"mso-ansi-language: FR;\"><font face=\"Calibri\" size=\"3\">Renesansni festival nastaviti \u0107e s trendom zabrane kori\u0161tenja plasti\u010dnog pribora za jelo i pi\u0107e kako bi srednjovjekovni \u017eivot u 4 dana odr\u017eavanja bio \u0161to autenti\u010dniji i identi\u010dniji. To nije nimalo lak zadatak zato \u0161to moramo izraditi desetak tisu\u0107a kerami\u010dkih krigli s logom manifestacije koje bi svaki posjetitelj koji \u0107e koristiti ugostiteljske usluge na manifestaciji dobiti za simboli\u010dnu cijenu. Mo\u0107i \u0107e zadr\u017eati kriglu ili je vratiti te zatra\u017eiti povrat novca. Tako\u0111er \u0107emo ponovno oformiti komisiju koja \u0107e obilaziti izlaga\u010de i upozoravati ih na nedostatke (adekvatna rasvjetna tijela, plasti\u010dne vre\u0107ice, plasti\u010dni pribor za jelo i pi\u0107e, adekvatni kostimi i sl.)<\/font><\/span><\/p>\n<p align=\"justify\"><font  size=\"3\">  <br \/><\/font><\/p>\n<p align=\"justify\" style=\"margin: 0cm 0cm 10pt;\"><span lang=\"FR\" style=\"mso-ansi-language: FR;\"><font face=\"Calibri\" size=\"3\">&nbsp;<\/font><\/span><\/p>\n<p align=\"justify\"><font  size=\"3\">  <br \/><\/font><\/p>\n<p align=\"justify\" style=\"margin: 0cm 0cm 10pt;\"><span lang=\"FR\" style=\"mso-ansi-language: FR;\"><font face=\"Calibri\" size=\"3\">Do na\u0161e manifestacije najstariji prostor grada bio je zapu\u0161ten i totalno zanemaren (zemljani bedemi i zgrada Oru\u017eane). Osim \u0161to smo po\u010distili najve\u0107i dio samonikle vegetacije i korova, po\u010distili smo i devastirano prizemlje Oru\u017eane. Kako bi smo \u0161to uvjerljivije do\u010darali razdoblje o kojem pri\u010damo Pri\u010du, sagradili smo drvene palisade (bedeme i kule), postavili drveni most na mjestu gdje su oni i bili u ta vremena, a tako\u0111er smo postavili privremene drvene objekte za ljude i \u017eivotinje. Inscenirali smo i<span style=\"mso-spacerun: yes;\">&nbsp; <\/span>napad (dnevni i no\u0107ni) na utvrdu \u0161to je privuklo i odu\u0161evilo velik broj posjetitelja.<\/font><\/span><\/p>\n<p align=\"justify\"><font  size=\"3\">  <br \/><\/font><\/p>\n<p align=\"justify\" style=\"margin: 0cm 0cm 10pt;\"><span lang=\"FR\" style=\"mso-ansi-language: FR;\"><font face=\"Calibri\" size=\"3\">&nbsp;<\/font><\/span><\/p>\n","protected":false},"excerpt":{"rendered":"","protected":false},"author":1,"featured_media":0,"comment_status":"open","ping_status":"open","sticky":false,"template":"","format":"standard","meta":{"_acf_changed":false,"jetpack_post_was_ever_published":false,"_jetpack_newsletter_access":"","_jetpack_dont_email_post_to_subs":false,"_jetpack_newsletter_tier_id":0,"_jetpack_memberships_contains_paywalled_content":false,"_jetpack_memberships_contains_paid_content":false,"footnotes":"","jetpack_publicize_message":"","jetpack_publicize_feature_enabled":true,"jetpack_social_post_already_shared":false,"jetpack_social_options":{"image_generator_settings":{"template":"highway","default_image_id":0,"font":"","enabled":false},"version":2}},"categories":[3],"tags":[],"class_list":["post-2351","post","type-post","status-publish","format-standard","hentry","category-novosti"],"acf":{"facebook_opis":""},"jetpack_publicize_connections":[],"jetpack_featured_media_url":"","jetpack_sharing_enabled":true,"jetpack-related-posts":[{"id":52646,"url":"https:\/\/historiografija.hr\/?p=52646","url_meta":{"origin":2351,"position":0},"title":"5. MALI FESTIVAL POVIJESTI U LASTOVU","author":"Branimir Jankovi\u0107","date":"24. travnja 2026.","format":false,"excerpt":"Peti Mali festival povijesti odr\u017eava se od 25. do 27. travnja 2026. na Lastovu, u suradnji Zavoda za povijesne znanosti HAZU u Dubrovniku, Op\u0107ine Lastovo i Turisti\u010dke zajednice te uz potporu Dubrova\u010dko-neretvanske \u017eupanije. Predavanja: Dr. sc. Jasna \u010capo \u201eKu\u0107a kao zalog budu\u0107nosti i most izme\u0111u iseljenika i domovine\u201c Dr. sc.\u2026","rel":"","context":"U &quot;Novosti&quot;","block_context":{"text":"Novosti","link":"https:\/\/historiografija.hr\/?cat=3"},"img":{"alt_text":"","src":"https:\/\/i0.wp.com\/historiografija.hr\/wp-content\/uploads\/2026\/04\/Lastovo.jpg?fit=1200%2C700&ssl=1&resize=350%2C200","width":350,"height":200,"srcset":"https:\/\/i0.wp.com\/historiografija.hr\/wp-content\/uploads\/2026\/04\/Lastovo.jpg?fit=1200%2C700&ssl=1&resize=350%2C200 1x, https:\/\/i0.wp.com\/historiografija.hr\/wp-content\/uploads\/2026\/04\/Lastovo.jpg?fit=1200%2C700&ssl=1&resize=525%2C300 1.5x, https:\/\/i0.wp.com\/historiografija.hr\/wp-content\/uploads\/2026\/04\/Lastovo.jpg?fit=1200%2C700&ssl=1&resize=700%2C400 2x, https:\/\/i0.wp.com\/historiografija.hr\/wp-content\/uploads\/2026\/04\/Lastovo.jpg?fit=1200%2C700&ssl=1&resize=1050%2C600 3x"},"classes":[]},{"id":52681,"url":"https:\/\/historiografija.hr\/?p=52681","url_meta":{"origin":2351,"position":1},"title":"XIII. Festival povijesti Kliofest 2026.","author":"Branimir Jankovi\u0107","date":"27. travnja 2026.","format":false,"excerpt":"Trinaesti Festival povijesti Kliofest odr\u017eava se od 5. do 8. svibnja 2026. u Nacionalnoj i sveu\u010dili\u0161noj knji\u017enici u Zagrebu, kao i na nekoliko drugih lokacija u gradu. Cjelokupni program nalazi se u programskoj knji\u017eici u nastavku. Kliofest 2026 - ProgramPreuzmi","rel":"","context":"U &quot;Prikazi i osvrti&quot;","block_context":{"text":"Prikazi i osvrti","link":"https:\/\/historiografija.hr\/?cat=4"},"img":{"alt_text":"","src":"","width":0,"height":0},"classes":[]},{"id":52556,"url":"https:\/\/historiografija.hr\/?p=52556","url_meta":{"origin":2351,"position":2},"title":"ZagrebDox 2026.","author":"Branimir Jankovi\u0107","date":"20. travnja 2026.","format":false,"excerpt":"Me\u0111unarodni festival dokumentarnog filma 19. - 26. travnja 2026. Kaptol Boutique Cinema, Zagreb Program i dodatne obavijesti: https:\/\/zagrebdox.net\/hr","rel":"","context":"U &quot;Filmovi i serije&quot;","block_context":{"text":"Filmovi i serije","link":"https:\/\/historiografija.hr\/?cat=13"},"img":{"alt_text":"","src":"https:\/\/i0.wp.com\/historiografija.hr\/wp-content\/uploads\/2026\/04\/DOX-logo.jpg?fit=600%2C600&ssl=1&resize=350%2C200","width":350,"height":200,"srcset":"https:\/\/i0.wp.com\/historiografija.hr\/wp-content\/uploads\/2026\/04\/DOX-logo.jpg?fit=600%2C600&ssl=1&resize=350%2C200 1x, https:\/\/i0.wp.com\/historiografija.hr\/wp-content\/uploads\/2026\/04\/DOX-logo.jpg?fit=600%2C600&ssl=1&resize=525%2C300 1.5x"},"classes":[]},{"id":52666,"url":"https:\/\/historiografija.hr\/?p=52666","url_meta":{"origin":2351,"position":3},"title":"Najava programa Festivala povijesti Kliofest (5-8. V. 2026)","author":"Branimir Jankovi\u0107","date":"24. travnja 2026.","format":false,"excerpt":"Po trinaesti put odr\u017eava se Festival povijesti Kliofest! Do petka \u0107emo odr\u017eati osam okruglih stolova i dva kolokvija te niz predstavljanja knjiga i projekata razli\u010dite tematike, od antike do suvremenosti. Bit \u0107e predstavljeno i nekoliko izlo\u017ebi te odr\u017ean jedan povijesni kviz. Prikazat \u0107emo i jedan film \u2013 o generalu Boroevi\u0107u.\u2026","rel":"","context":"U &quot;Novosti&quot;","block_context":{"text":"Novosti","link":"https:\/\/historiografija.hr\/?cat=3"},"img":{"alt_text":"","src":"https:\/\/i0.wp.com\/historiografija.hr\/wp-content\/uploads\/2026\/04\/Kliofest-2026.jpg?fit=526%2C526&ssl=1&resize=350%2C200","width":350,"height":200,"srcset":"https:\/\/i0.wp.com\/historiografija.hr\/wp-content\/uploads\/2026\/04\/Kliofest-2026.jpg?fit=526%2C526&ssl=1&resize=350%2C200 1x, https:\/\/i0.wp.com\/historiografija.hr\/wp-content\/uploads\/2026\/04\/Kliofest-2026.jpg?fit=526%2C526&ssl=1&resize=525%2C300 1.5x"},"classes":[]}],"_links":{"self":[{"href":"https:\/\/historiografija.hr\/index.php?rest_route=\/wp\/v2\/posts\/2351","targetHints":{"allow":["GET"]}}],"collection":[{"href":"https:\/\/historiografija.hr\/index.php?rest_route=\/wp\/v2\/posts"}],"about":[{"href":"https:\/\/historiografija.hr\/index.php?rest_route=\/wp\/v2\/types\/post"}],"author":[{"embeddable":true,"href":"https:\/\/historiografija.hr\/index.php?rest_route=\/wp\/v2\/users\/1"}],"replies":[{"embeddable":true,"href":"https:\/\/historiografija.hr\/index.php?rest_route=%2Fwp%2Fv2%2Fcomments&post=2351"}],"version-history":[{"count":0,"href":"https:\/\/historiografija.hr\/index.php?rest_route=\/wp\/v2\/posts\/2351\/revisions"}],"wp:attachment":[{"href":"https:\/\/historiografija.hr\/index.php?rest_route=%2Fwp%2Fv2%2Fmedia&parent=2351"}],"wp:term":[{"taxonomy":"category","embeddable":true,"href":"https:\/\/historiografija.hr\/index.php?rest_route=%2Fwp%2Fv2%2Fcategories&post=2351"},{"taxonomy":"post_tag","embeddable":true,"href":"https:\/\/historiografija.hr\/index.php?rest_route=%2Fwp%2Fv2%2Ftags&post=2351"}],"curies":[{"name":"wp","href":"https:\/\/api.w.org\/{rel}","templated":true}]}}