{"id":23502,"date":"2020-11-06T19:04:04","date_gmt":"2020-11-06T19:04:04","guid":{"rendered":"http:\/\/historiografija.hr\/?p=23502"},"modified":"2020-11-06T19:04:04","modified_gmt":"2020-11-06T19:04:04","slug":"graceh-2021-call-for-papers-motions-of-knowledge-knowledge-in-motion-conceptualizing-knowledge-circulation-for-historical-research","status":"publish","type":"post","link":"https:\/\/historiografija.hr\/?p=23502","title":{"rendered":"GRACEH 2021 \u2013 Call for Papers: Motions of Knowledge \u2013 Knowledge in Motion: Conceptualizing \u201cKnowledge Circulation\u201d for Historical Research"},"content":{"rendered":"\n<p><em>The 15th Annual Graduate Conference in European History (GRACEH), to be held at the University of Vienna (Vienna, Austria)<\/em><\/p>\n\n\n\n<p>Currently, knowledge and the status of knowledge are increasingly being contested in discourses outside academia, for example through the circulation of so-called alternative facts on social media and by leading political figures. History of Knowledge has appeared as a field of research in the 2000s which is not only concerned with knowledge as a \u201cproduct\u201d and the question whether certain forms of knowledge are \u201ctrue\u201d or \u201cfalse\u201d, \u201cgood\u201d or \u201cbad\u201d, \u201cuseful\u201d or \u201cuseless\u201d. Instead, its interest lies with the actors, practices and processes that revolve around and constitute knowledge. In contrast to the more traditional History of Science, the New History of Knowledge asks how, when, and possibly why a certain type of knowledge appears, disappears, and further, what effects it has, in which contexts it functions and who its carriers are (Sarasin 2011, 165).<br><br>In accordance with this new approach, we refer to Philipp Sarasin when defining knowledge as an intrinsically historical phenomenon: It circulates between people, groups and institutions and constantly evolves, changes and realizes anew (Sarasin 2011, 166). The New History of Knowledge perceives knowledge as a form of communicative action, of which circulation is a constitutive feature (Secord 2004, 661). Within this dynamic and circular exchange (Kreuder-Sonnen 2018, 14), knowledge is constantly created, mobilized and transformed. While transfer is usually seen as a unidimensional form of exchange, a circular approach implies that knowledge is distributed in all directions, different fields and various societal contexts. Even so, it is important to note that knowledge does not spread freely; it is not equally accessible to all nor evenly distributed (Sarasin 2011, 164; \u00d6stling et al. 2018, 18).<br><br>Thus, the \u201ccirculation of knowledge\u201d as a concept brings together heterogeneous actors, spatialities, practices, systems as well as orders of knowledge, which provides the opportunity to reconceptualize established spatial, chronological, social and cultural categories (Raj 2007). Furthermore, this concept enables us to detect dynamic movement between often overlooked actors, places and social settings \u2013 even in asymmetrical power relations (Kreuder-Sonnen 2018, 13).<br><br>Therefore, this conference will be centered around the four following analytical aspects of \u201cknowledge circulation\u201d, which are themselves intrinsically entangled: (1) actors of knowledge, (2) mediality and materiality of knowledge, (3) spatiality of knowledge and (4) power relations and knowledge production. The aim of this conference is to discuss various analytical dimensions of the \u201ccirculation of knowledge\u201d, their potential and possible limitations for historical research. The theme of the conference allows us to welcome a wide range of topics, which are not limited to European history. Papers could revolve around the following analytical questions:<\/p>\n\n\n\n<p><strong>1.&nbsp;Actors of Knowledge<\/strong><\/p>\n\n\n\n<p>Central to this dimension is a broad perception of what actors might be. We consider actors involved in \u201cthe circulation of knowledge\u201d as numerous and diverse which also includes non-human actors as most prominently formulated by Bruno Latour.&nbsp;<\/p>\n\n\n\n<ul class=\"wp-block-list\"><li>Who are the various actors involved in knowledge production and what are their key tasks and functions?<\/li><li>Which roles do untypical protagonists such as objects, immobile actors, \u201cgo-betweens\u201d (Raj 2016), and frequently overlooked actors play in the circular production of knowledge?<\/li><\/ul>\n\n\n\n<p><strong>2. Mediality and Materiality of Knowledge<\/strong><br><br>Approaching the \u201ccirculation of knowledge\u201d from a discursive perspective and with regard to the \u201cpractical turn\u201d in the History of Knowledge, contributions could engage in the discussion of the following questions:<\/p>\n\n\n\n<ul class=\"wp-block-list\"><li>How do different cognitive, technical and media practices sustain, reinforce and stabilise knowledge? And how does a circular approach to the study of knowledge production contribute to analysing these processes?<\/li><li>In which media is knowledge stored, transported and displayed and how can these media be understood as sites of \u201cknowledge circulation\u201d?<\/li><\/ul>\n\n\n\n<p><strong>3.<\/strong> <strong>Spatiality of Knowledge<\/strong><br><br>Knowledge is always spatially, chronologically, and socially situated. Nevertheless, local knowledge is never created in isolation but rather continually formed in processes of interaction and connection with other settings. Here, we are interested in contributions that tackle the analytical challenge of identifying local practices without losing sight of their wider interconnections:<\/p>\n\n\n\n<ul class=\"wp-block-list\"><li>How can we identify the multiple sites of knowledge production? How do physical, social, cultural and ideological boundaries impact the circular production of knowledge? And how can we identify the transgressive potentials of knowledge movement through a circular approach?<\/li><li>How does \u201cthe circulation of knowledge\u201d challenge established spatial categories such as centre and periphery, locality and globality?<\/li><\/ul>\n\n\n\n<p><strong>4.<\/strong> <strong>Power Relations and Knowledge Production<\/strong><br><br>The process of circulation provides all actors with agency \u2013 to a different extent. It therefore becomes useful in identifying power relations and hierarchies. Even though the movement of knowledge transcends boundaries, access to and control of knowledge is always contested. We therefore encourage contributors to take those political dimensions into account.&nbsp;<\/p>\n\n\n\n<ul class=\"wp-block-list\"><li>Where, when and by whom is knowledge produced and recognized? How are subaltern or alternative forms of knowledge formulated and how do they challenge and contest established systems of knowledge? How can \u201cthe circulation of knowledge\u201d be used to analyse asymmetrical power relations, e.g. by race, class and gender inequalities?&nbsp;<\/li><li>In which contexts can the concept of \u201cknowledge circulation\u201d also be used to uncover possibilities of empowerment and negotiation?<\/li><li>How do these conflicting discourses and knowledge systems contribute to discursive change within the process of knowledge production?<\/li><\/ul>\n\n\n\n<p><strong>General information:<\/strong><\/p>\n\n\n\n<p>Note on <strong>COVID-19: <\/strong>We plan to inform selected participants by the end of January 2021 to allow enough time for travel planning. We follow the situation surrounding the Covid-19 pandemic closely. At the moment, we plan an on-site event but are happy to work with participants who cannot travel to Vienna or prefer presenting online. If the circumstances advise it, the conference will be held online.<\/p>\n\n\n\n<p>Paper abstracts (up to 300 words) and a brief biography (up to 100 words) should be submitted via email by 13th of December 2020 (graceh2021.hist@univie.ac.at).<strong> Please indicate in your application if you would prefer participating at the on-site event or if you would rather participate online. <\/strong>You will hear back from us by the end of January 2021.<\/p>\n\n\n\n<p>There are no conference fees. Financial aid might be available for PhDs without institutional funding. <strong>Please indicate in your email in case you need funding.<\/strong> There will be more information on funding opportunities in winter.<\/p>\n\n\n\n<p>If you have questions, you can get in touch with the organizational team here: graceh2021.hist@univie.ac.at&nbsp;<\/p>\n\n\n\n<p><strong>Selected literature:<\/strong><\/p>\n\n\n\n<p>-Kreuder-Sonnen, Katharina. Wie man Mikroben auf die Reise schickt. Zirkulierendes bakteriologisches Wissen und die polnische Medizin 1885-1939 (T\u00fcbigen 2018).&nbsp;<br>-Latour, Bruno. Eine neue Soziologie f\u00fcr eine neue Gesellschaft (Frankfurt am Main 2007).<br>-\u00d6stling, Johan\/Larsson Heidenblad, David\/ Sandmo, Erling\/ Nilsson Hammar, Anna\/ Nordberg, Kari. The History of Knowledge and the Circulation of Knowledge: An Introduction. In: \u00d6stling, Johan\/Larsson Heidenblad, David\/ Sandmo, Erling\/ Nilsson Hammar, Anna\/ Nordberg, Kari (Eds.). Circulation of Knowledge: Explorations in the History of Knowledge (Lund 2018), 9-33.<br>-Raj, Kapil. Go-Betweens, Travelers, and Cultural Translators. In: Lightman, Bernard. A Companion to the History of Science (West Sussex 2016), 39-57.<br>-Raj, Kapil. Relocating Modern Science: Circulation and the Construction of Knowledge in South Asia and Europe, 1650-1900 (Basingstoke\/New York 2007).<br>-Sarasin, Philipp. Was ist Wissensgeschichte? In: Internationales Archiv f\u00fcr Sozialgeschichte der deutschen Literatur, Vol. 36, No. 1 (2011), 159-172.<br>-Secord, James A. Knowledge in Transit. In: Isis, Vol. 95, No. 4 (2004), 654-672.<\/p>\n\n\n\n<figure class=\"wp-block-embed is-type-link is-provider-15th-annual-graduate-conference-in-european-history-graceh-2021\"><div class=\"wp-block-embed__wrapper\">\n<a href=\"https:\/\/graceh2021.wordpress.com\/call-for-papers\/\">Call for Papers<\/a>\n<\/div><\/figure>\n\n\n\n<hr class=\"wp-block-separator\"\/>\n","protected":false},"excerpt":{"rendered":"","protected":false},"author":2,"featured_media":23503,"comment_status":"open","ping_status":"open","sticky":false,"template":"","format":"standard","meta":{"_acf_changed":false,"jetpack_post_was_ever_published":false,"_jetpack_newsletter_access":"","_jetpack_dont_email_post_to_subs":false,"_jetpack_newsletter_tier_id":0,"_jetpack_memberships_contains_paywalled_content":false,"_jetpack_memberships_contains_paid_content":false,"footnotes":"","jetpack_publicize_message":"","jetpack_publicize_feature_enabled":true,"jetpack_social_post_already_shared":true,"jetpack_social_options":{"image_generator_settings":{"template":"highway","default_image_id":0,"font":"","enabled":false},"version":2}},"categories":[3,9],"tags":[],"class_list":["post-23502","post","type-post","status-publish","format-standard","has-post-thumbnail","hentry","category-novosti","category-skupovi"],"acf":{"facebook_opis":""},"jetpack_publicize_connections":[],"jetpack_featured_media_url":"https:\/\/i0.wp.com\/historiografija.hr\/wp-content\/uploads\/2020\/11\/graceh-2021.png?fit=1024%2C576&ssl=1","jetpack_sharing_enabled":true,"jetpack-related-posts":[{"id":52641,"url":"https:\/\/historiografija.hr\/?p=52641","url_meta":{"origin":23502,"position":0},"title":"CfP: WHO OWNS THE PAST? VERNACULAR MEMORY, STATE MEMORY, AND THE POLITICS OF OWNERSHIP","author":"Branimir Jankovi\u0107","date":"24. travnja 2026.","format":false,"excerpt":"VIENNA, 31ST AUGUST\u20133RD SEPTEMBER 2026 (DEADLINE: 24TH APRIL 2026) The Center for Austrian Studies at the European Forum at the Hebrew University and the Austrian Academy of Sciences\/Institute of Culture Studies invite early postdocs, PhD candidates, and advanced Master\u2019s students from the Hebrew University of Jerusalem and universities and academic\u2026","rel":"","context":"U &quot;Novosti&quot;","block_context":{"text":"Novosti","link":"https:\/\/historiografija.hr\/?cat=3"},"img":{"alt_text":"","src":"https:\/\/i0.wp.com\/historiografija.hr\/wp-content\/uploads\/2017\/10\/hsozkult.png?fit=1006%2C241&ssl=1&resize=350%2C200","width":350,"height":200,"srcset":"https:\/\/i0.wp.com\/historiografija.hr\/wp-content\/uploads\/2017\/10\/hsozkult.png?fit=1006%2C241&ssl=1&resize=350%2C200 1x, https:\/\/i0.wp.com\/historiografija.hr\/wp-content\/uploads\/2017\/10\/hsozkult.png?fit=1006%2C241&ssl=1&resize=525%2C300 1.5x, https:\/\/i0.wp.com\/historiografija.hr\/wp-content\/uploads\/2017\/10\/hsozkult.png?fit=1006%2C241&ssl=1&resize=700%2C400 2x"},"classes":[]},{"id":52643,"url":"https:\/\/historiografija.hr\/?p=52643","url_meta":{"origin":23502,"position":1},"title":"BRACEWELL TRAVELLING SCHOLARSHIP\u202fFOR PHD STUDENTS (DEADLINE: 30TH APRIL 2026)","author":"Branimir Jankovi\u0107","date":"24. travnja 2026.","format":false,"excerpt":"The Bracewell Travelling Scholarship\u202fis funded by a gift from SSEES Emeritus Professor of History Wendy Bracewell, whose research examines South Slav history, and travel writing in eastern Europe. The Scholarship honours the long tradition of mutual curiosity between the UK and eastern, central and southeastern Europe by supporting PhD students\u2026","rel":"","context":"U &quot;Novosti&quot;","block_context":{"text":"Novosti","link":"https:\/\/historiografija.hr\/?cat=3"},"img":{"alt_text":"","src":"https:\/\/i0.wp.com\/historiografija.hr\/wp-content\/uploads\/2026\/04\/Bracewell-Travelling-Scholarship-.webp?fit=980%2C700&ssl=1&resize=350%2C200","width":350,"height":200,"srcset":"https:\/\/i0.wp.com\/historiografija.hr\/wp-content\/uploads\/2026\/04\/Bracewell-Travelling-Scholarship-.webp?fit=980%2C700&ssl=1&resize=350%2C200 1x, https:\/\/i0.wp.com\/historiografija.hr\/wp-content\/uploads\/2026\/04\/Bracewell-Travelling-Scholarship-.webp?fit=980%2C700&ssl=1&resize=525%2C300 1.5x, https:\/\/i0.wp.com\/historiografija.hr\/wp-content\/uploads\/2026\/04\/Bracewell-Travelling-Scholarship-.webp?fit=980%2C700&ssl=1&resize=700%2C400 2x"},"classes":[]},{"id":52664,"url":"https:\/\/historiografija.hr\/?p=52664","url_meta":{"origin":23502,"position":2},"title":"CfP: CONFERENCE OF THE HISTORY OF CONCEPTS GROUP, HELSINKI, 19TH\u201321ST AUGUST 2026 (DEADLINE: 30TH APRIL 2026)","author":"Branimir Jankovi\u0107","date":"24. travnja 2026.","format":false,"excerpt":"The annual conference of the History of Concepts Group is held at the University of Helsinki, 19-21 August 2026. Conference of the History of Concepts Group Conceptual history studies the use of concepts and tries to understand how historical actors have linguistically articulated views of the world. Studying concepts from\u2026","rel":"","context":"U &quot;Novosti&quot;","block_context":{"text":"Novosti","link":"https:\/\/historiografija.hr\/?cat=3"},"img":{"alt_text":"","src":"https:\/\/i0.wp.com\/historiografija.hr\/wp-content\/uploads\/2017\/10\/hsozkult.png?fit=1006%2C241&ssl=1&resize=350%2C200","width":350,"height":200,"srcset":"https:\/\/i0.wp.com\/historiografija.hr\/wp-content\/uploads\/2017\/10\/hsozkult.png?fit=1006%2C241&ssl=1&resize=350%2C200 1x, https:\/\/i0.wp.com\/historiografija.hr\/wp-content\/uploads\/2017\/10\/hsozkult.png?fit=1006%2C241&ssl=1&resize=525%2C300 1.5x, https:\/\/i0.wp.com\/historiografija.hr\/wp-content\/uploads\/2017\/10\/hsozkult.png?fit=1006%2C241&ssl=1&resize=700%2C400 2x"},"classes":[]},{"id":52586,"url":"https:\/\/historiografija.hr\/?p=52586","url_meta":{"origin":23502,"position":3},"title":"Aur\u00e9lie Daher, \u201eHezbollah: Mobilisation and Power\u201c","author":"Branimir Jankovi\u0107","date":"22. travnja 2026.","format":false,"excerpt":"Morning Star \u2018Book of the Year\u2019 Social movement, liberation party or terrorist group? With Hezbollah\u2019s growing involvement in the war in Syria, this study of its impact on Lebanon, drawing heavily on first-hand interviews, could not be more timely. Description Almost forty years after its foundation, Hezbollah remains an enigma.\u2026","rel":"","context":"U &quot;Knjige&quot;","block_context":{"text":"Knjige","link":"https:\/\/historiografija.hr\/?cat=8"},"img":{"alt_text":"","src":"https:\/\/i0.wp.com\/historiografija.hr\/wp-content\/uploads\/2026\/04\/Daher-Hezbollah.jpg?fit=600%2C931&ssl=1&resize=350%2C200","width":350,"height":200,"srcset":"https:\/\/i0.wp.com\/historiografija.hr\/wp-content\/uploads\/2026\/04\/Daher-Hezbollah.jpg?fit=600%2C931&ssl=1&resize=350%2C200 1x, https:\/\/i0.wp.com\/historiografija.hr\/wp-content\/uploads\/2026\/04\/Daher-Hezbollah.jpg?fit=600%2C931&ssl=1&resize=525%2C300 1.5x"},"classes":[]},{"id":52531,"url":"https:\/\/historiografija.hr\/?p=52531","url_meta":{"origin":23502,"position":4},"title":"Jonathan G. Leslie, \u201eFear and Insecurity: Israel and the Iran Threat Narrative\u201c","author":"Branimir Jankovi\u0107","date":"17. travnja 2026.","format":false,"excerpt":"Why is Israel\u2019s former ally Iran now perceived as the country\u2019s greatest threat? Description To observers of the Iran-Israel conflict, its vitriolic rhetoric might suggest an ancient hatred between Jews and Muslims\u2013a biblical feud dating back hundreds, or thousands, of years. But this rivalry is a far more modern development.\u2026","rel":"","context":"U &quot;Knjige&quot;","block_context":{"text":"Knjige","link":"https:\/\/historiografija.hr\/?cat=8"},"img":{"alt_text":"","src":"https:\/\/i0.wp.com\/historiografija.hr\/wp-content\/uploads\/2026\/04\/Leslie.jpg?fit=391%2C612&ssl=1&resize=350%2C200","width":350,"height":200},"classes":[]},{"id":52520,"url":"https:\/\/historiografija.hr\/?p=52520","url_meta":{"origin":23502,"position":5},"title":"Predstavljanje knjige &#8220;Socialist Economics in Yugoslavia: A Critical History&#8221; u Zagrebu","author":"Branimir Jankovi\u0107","date":"17. travnja 2026.","format":false,"excerpt":"Pozivamo vas na predstavljanje knjige \"Socialist Economics in Yugoslavia: A Critical History\", autora Mislava \u00a0\u017ditka i Marka Grde\u0161i\u0107a (Routledge, 2026). Na predstavljanju \u0107e govoriti Branko Milanovi\u0107 (CUNY), Milica Uvali\u0107 (EUI), Zdravko Petak (FPZG) te autori.\u00a0 Predstavljanje \u0107e se odr\u017eati u srijedu 22. travnja u 16:00 sati na Fakultetu politi\u010dkih znanosti\u2026","rel":"","context":"U &quot;Novosti&quot;","block_context":{"text":"Novosti","link":"https:\/\/historiografija.hr\/?cat=3"},"img":{"alt_text":"","src":"https:\/\/i0.wp.com\/historiografija.hr\/wp-content\/uploads\/2026\/04\/Poziv-na-predstavljanje.png?fit=800%2C652&ssl=1&resize=350%2C200","width":350,"height":200,"srcset":"https:\/\/i0.wp.com\/historiografija.hr\/wp-content\/uploads\/2026\/04\/Poziv-na-predstavljanje.png?fit=800%2C652&ssl=1&resize=350%2C200 1x, https:\/\/i0.wp.com\/historiografija.hr\/wp-content\/uploads\/2026\/04\/Poziv-na-predstavljanje.png?fit=800%2C652&ssl=1&resize=525%2C300 1.5x, https:\/\/i0.wp.com\/historiografija.hr\/wp-content\/uploads\/2026\/04\/Poziv-na-predstavljanje.png?fit=800%2C652&ssl=1&resize=700%2C400 2x"},"classes":[]}],"_links":{"self":[{"href":"https:\/\/historiografija.hr\/index.php?rest_route=\/wp\/v2\/posts\/23502","targetHints":{"allow":["GET"]}}],"collection":[{"href":"https:\/\/historiografija.hr\/index.php?rest_route=\/wp\/v2\/posts"}],"about":[{"href":"https:\/\/historiografija.hr\/index.php?rest_route=\/wp\/v2\/types\/post"}],"author":[{"embeddable":true,"href":"https:\/\/historiografija.hr\/index.php?rest_route=\/wp\/v2\/users\/2"}],"replies":[{"embeddable":true,"href":"https:\/\/historiografija.hr\/index.php?rest_route=%2Fwp%2Fv2%2Fcomments&post=23502"}],"version-history":[{"count":1,"href":"https:\/\/historiografija.hr\/index.php?rest_route=\/wp\/v2\/posts\/23502\/revisions"}],"predecessor-version":[{"id":23504,"href":"https:\/\/historiografija.hr\/index.php?rest_route=\/wp\/v2\/posts\/23502\/revisions\/23504"}],"wp:featuredmedia":[{"embeddable":true,"href":"https:\/\/historiografija.hr\/index.php?rest_route=\/wp\/v2\/media\/23503"}],"wp:attachment":[{"href":"https:\/\/historiografija.hr\/index.php?rest_route=%2Fwp%2Fv2%2Fmedia&parent=23502"}],"wp:term":[{"taxonomy":"category","embeddable":true,"href":"https:\/\/historiografija.hr\/index.php?rest_route=%2Fwp%2Fv2%2Fcategories&post=23502"},{"taxonomy":"post_tag","embeddable":true,"href":"https:\/\/historiografija.hr\/index.php?rest_route=%2Fwp%2Fv2%2Ftags&post=23502"}],"curies":[{"name":"wp","href":"https:\/\/api.w.org\/{rel}","templated":true}]}}