{"id":23447,"date":"2020-11-03T18:49:08","date_gmt":"2020-11-03T18:49:08","guid":{"rendered":"http:\/\/historiografija.hr\/?p=23447"},"modified":"2020-11-03T18:49:08","modified_gmt":"2020-11-03T18:49:08","slug":"cfp-socialist-culture-recycled-eastern-europe-from-disillusions-to-nostalgia-and-beyond","status":"publish","type":"post","link":"https:\/\/historiografija.hr\/?p=23447","title":{"rendered":"CfP: Socialist Culture Recycled (Eastern Europe: from Disillusions to Nostalgia and Beyond)"},"content":{"rendered":"\n<p>The aim of the proposed conference is to provide a fresh view of the socialist retrotopia. To do this, we suggest the idea of cultural recycling as an alternative starting point for its exploration.<\/p>\n\n\n\n<p><strong>Socialist Culture Recycled (Eastern Europe: from Disillusions to Nostalgia and Beyond)<\/strong><\/p>\n\n\n\n<p>The popularity of Soviet \u2018retro-culture\u2019 in post-Soviet society is a passionately debated topic in current studies addressing the situation in Russia of the 1990s \u2013 2010s. But equally impressive is the fact that a comparable fascination with the socialist past is observed even in those European countries that had the socialist order imposed upon them immediately before or after World War II.<\/p>\n\n\n\n<p><br>In the specialist literature, which grows ever larger, such admiration is typically interpreted in terms of revanchism, trauma or nostalgia. We believe, however, that these well-established approaches are not able to exhaust the problem. Indeed, their very familiarity can produce predictable outcomes.<\/p>\n\n\n\n<p>The aim of the proposed conference is to provide a fresh view of the socialist retrotopia. To do this, we suggest the idea of cultural recycling as an alternative starting point for its exploration. Despite the fact that, in general, cultural recycling is a widespread metaphor with a more than half-century-long history, it is used very limitedly in post-socialist studies, at least in Russia. Nevertheless, there are perhaps at least two self-evident benefits from addressing it. First, this is an umbrella concept which covers a variety of methods, including the above-mentioned revanchism, trauma and nostalgia studies. Second, it places a strong accent on the migration of cultural (political, ideological, aesthetical, moral, etc.) values, with time, from the centre to the periphery of public attention, to oblivion, and, after a certain period, back in the other direction. The latter is exactly what has happened with socialist heritage in the last three decades.<\/p>\n\n\n\n<p>The widest spectrum of cultural practices (from arts such as literature, theatre, cinema, music, painting, architecture to the aesthetics of everyday life) in their relation to the idea of recycling are expected to be discussed at the conference.<br>We especially encourage participation from specialists from Eastern Europe who wish to focus on the situation with \u2018legacy culture\u2019 of this kind in their home countries; their contribution the joint discussion of the observed strategies of re-utilisation of the past will be particularly valuable.<\/p>\n\n\n\n<p>Topics for submission include but are not limited to:<\/p>\n\n\n\n<p>\u2013 cultural recycling of socialist art heritage (literature, cinema, theatre, music, painting, sculpture, architecture, etc.);<br>\u2013 cultural recycling as an ideological and political instrument;<br>\u2013 retro-culture and new media technologies (innovations in video- and audio technologies, cable television, the Internet);<br>\u2013 the Soviet past for sale: recycling and marketing;<br>\u2013 re-utilisation of the Soviet heritage from the perspective of poetics, narratology, memory studies, trauma studies, nostalgia studies, cultural trash studies, etc.<\/p>\n\n\n\n<p>We invite proposals for presentations of 20-minute duration.<br>The working language of the conference is English.<br>Due to COVID-19, the conference will be held virtually.<\/p>\n\n\n\n<p>Please, submit an abstract (up to 300 words) and short bio (up to 100 words) by January 20, 2021 to scr.conference@gmail.com.<\/p>\n\n\n\n<p>Notifications of acceptance will be sent no later than February 10, 2021.<\/p>\n\n\n\n<p>Organising committee<br>Assoc. Prof. Lyubov Bugaeva (St. Petersburg State University)<br>Prof. Susanne Frank (Humboldt University of Berlin)<br>Prof. Arkadiusz Lewicki (University of Wroc\u0142aw)<br>Prof. Alexander Panchenko (The Institute of Russian Literature of the Russian Academy of Science (Pushkin House) at St. Petersburg; European University at St. Petersburg)<br>Prof. Piotr Zwierzchowski (Kazimierz Wielki University)<br>Prof. Valery Vyugin (The Institute of Russian Literature of the Russian Academy of Science (Pushkin House) at St. Petersburg; St. Petersburg State University)<\/p>\n\n\n\n<p>Please, visit the SCR-2021 Conference website:<br><a href=\"http:\/\/pushkinskijdom.ru\/socialist-culture-recycled-2021\" target=\"_blank\" rel=\"noreferrer noopener\">http:\/\/pushkinskijdom.ru\/socialist-culture-recycled-2021<\/a><\/p>\n\n\n\n<p><strong>Contact (announcement)<\/strong><\/p>\n\n\n\n<p>scr.conference@gmail.com<\/p>\n\n\n\n<figure class=\"wp-block-embed-wordpress wp-block-embed is-type-wp-embed is-provider-\u043f\u0443\u0448\u043a\u0438\u043d\u0441\u043a\u0438\u0439-\u0434\u043e\u043c\"><div class=\"wp-block-embed__wrapper\">\n<blockquote class=\"wp-embedded-content\" data-secret=\"bULn5PWDeB\"><a href=\"http:\/\/pushkinskijdom.ru\/socialist-culture-recycled-2021\/\">Socialist Culture Recycled 2021<\/a><\/blockquote><iframe loading=\"lazy\" class=\"wp-embedded-content\" sandbox=\"allow-scripts\" security=\"restricted\" style=\"position: absolute; clip: rect(1px, 1px, 1px, 1px);\" title=\"\u00abSocialist Culture Recycled 2021\u00bb &#8212; \u041f\u0443\u0448\u043a\u0438\u043d\u0441\u043a\u0438\u0439 \u0414\u043e\u043c\" src=\"http:\/\/pushkinskijdom.ru\/socialist-culture-recycled-2021\/embed\/#?secret=bULn5PWDeB\" data-secret=\"bULn5PWDeB\" width=\"600\" height=\"338\" frameborder=\"0\" marginwidth=\"0\" marginheight=\"0\" scrolling=\"no\"><\/iframe>\n<\/div><\/figure>\n\n\n\n<p><a href=\"https:\/\/www.connections.clio-online.net\/event\/id\/event-94099\">https:\/\/www.connections.clio-online.net\/event\/id\/event-94099<\/a><\/p>\n\n\n\n<hr class=\"wp-block-separator\"\/>\n","protected":false},"excerpt":{"rendered":"","protected":false},"author":2,"featured_media":23448,"comment_status":"open","ping_status":"open","sticky":false,"template":"","format":"standard","meta":{"_acf_changed":false,"jetpack_post_was_ever_published":false,"_jetpack_newsletter_access":"","_jetpack_dont_email_post_to_subs":false,"_jetpack_newsletter_tier_id":0,"_jetpack_memberships_contains_paywalled_content":false,"_jetpack_memberships_contains_paid_content":false,"footnotes":"","jetpack_publicize_message":"","jetpack_publicize_feature_enabled":true,"jetpack_social_post_already_shared":true,"jetpack_social_options":{"image_generator_settings":{"template":"highway","default_image_id":0,"font":"","enabled":false},"version":2}},"categories":[3,9],"tags":[],"class_list":["post-23447","post","type-post","status-publish","format-standard","has-post-thumbnail","hentry","category-novosti","category-skupovi"],"acf":{"facebook_opis":""},"jetpack_publicize_connections":[],"jetpack_featured_media_url":"https:\/\/i0.wp.com\/historiografija.hr\/wp-content\/uploads\/2020\/11\/vv-recycling-lenin-herning.jpg?fit=1024%2C576&ssl=1","jetpack_sharing_enabled":true,"jetpack-related-posts":[{"id":52516,"url":"https:\/\/historiografija.hr\/?p=52516","url_meta":{"origin":23447,"position":0},"title":"Marko Grde\u0161i\u0107, Mislav \u017ditko, \u201eSocialist Economics in Yugoslavia: A Critical History\u201c","author":"Branimir Jankovi\u0107","date":"17. travnja 2026.","format":false,"excerpt":"This book presents a critical history of Yugoslav socialist economics, from its inception in the late 1940s to its dissolution in the late 1980s. After the dramatic break with the Soviet Union in 1948, Yugoslavia found itself in urgent need of a third way: A socialist trajectory which would not\u2026","rel":"","context":"U &quot;Knjige&quot;","block_context":{"text":"Knjige","link":"https:\/\/historiografija.hr\/?cat=8"},"img":{"alt_text":"","src":"https:\/\/i0.wp.com\/historiografija.hr\/wp-content\/uploads\/2026\/04\/Zitko_Grdesic.jpg?fit=350%2C535&ssl=1&resize=350%2C200","width":350,"height":200},"classes":[]},{"id":52520,"url":"https:\/\/historiografija.hr\/?p=52520","url_meta":{"origin":23447,"position":1},"title":"Predstavljanje knjige &#8220;Socialist Economics in Yugoslavia: A Critical History&#8221; u Zagrebu","author":"Branimir Jankovi\u0107","date":"17. travnja 2026.","format":false,"excerpt":"Pozivamo vas na predstavljanje knjige \"Socialist Economics in Yugoslavia: A Critical History\", autora Mislava \u00a0\u017ditka i Marka Grde\u0161i\u0107a (Routledge, 2026). Na predstavljanju \u0107e govoriti Branko Milanovi\u0107 (CUNY), Milica Uvali\u0107 (EUI), Zdravko Petak (FPZG) te autori.\u00a0 Predstavljanje \u0107e se odr\u017eati u srijedu 22. travnja u 16:00 sati na Fakultetu politi\u010dkih znanosti\u2026","rel":"","context":"U &quot;Novosti&quot;","block_context":{"text":"Novosti","link":"https:\/\/historiografija.hr\/?cat=3"},"img":{"alt_text":"","src":"https:\/\/i0.wp.com\/historiografija.hr\/wp-content\/uploads\/2026\/04\/Poziv-na-predstavljanje.png?fit=800%2C652&ssl=1&resize=350%2C200","width":350,"height":200,"srcset":"https:\/\/i0.wp.com\/historiografija.hr\/wp-content\/uploads\/2026\/04\/Poziv-na-predstavljanje.png?fit=800%2C652&ssl=1&resize=350%2C200 1x, https:\/\/i0.wp.com\/historiografija.hr\/wp-content\/uploads\/2026\/04\/Poziv-na-predstavljanje.png?fit=800%2C652&ssl=1&resize=525%2C300 1.5x, https:\/\/i0.wp.com\/historiografija.hr\/wp-content\/uploads\/2026\/04\/Poziv-na-predstavljanje.png?fit=800%2C652&ssl=1&resize=700%2C400 2x"},"classes":[]},{"id":52580,"url":"https:\/\/historiografija.hr\/?p=52580","url_meta":{"origin":23447,"position":2},"title":"Conference &#8220;Living in the aftermaths: Trauma, politics and survival in Yugoslavia and successor states, 1945 \u2013 present&#8221;","author":"Branimir Jankovi\u0107","date":"21. travnja 2026.","format":false,"excerpt":"The conference aims to explore how war-related psychological distress was experienced, narrated, debated and reframed in Yugoslavia in the second half of the twentieth century. It asks how the theme of wounded psyche and wartime suffering was addressed and acknowledged in political, psychiatric and broader cultural discourses of socialist Yugoslavia,\u2026","rel":"","context":"U &quot;Novosti&quot;","block_context":{"text":"Novosti","link":"https:\/\/historiografija.hr\/?cat=3"},"img":{"alt_text":"","src":"https:\/\/i0.wp.com\/historiografija.hr\/wp-content\/uploads\/2026\/04\/Battle_of_Neretva_Picasso_poster-Conference-Living-in-the-aftermaths.webp?fit=564%2C954&ssl=1&resize=350%2C200","width":350,"height":200,"srcset":"https:\/\/i0.wp.com\/historiografija.hr\/wp-content\/uploads\/2026\/04\/Battle_of_Neretva_Picasso_poster-Conference-Living-in-the-aftermaths.webp?fit=564%2C954&ssl=1&resize=350%2C200 1x, https:\/\/i0.wp.com\/historiografija.hr\/wp-content\/uploads\/2026\/04\/Battle_of_Neretva_Picasso_poster-Conference-Living-in-the-aftermaths.webp?fit=564%2C954&ssl=1&resize=525%2C300 1.5x"},"classes":[]},{"id":52643,"url":"https:\/\/historiografija.hr\/?p=52643","url_meta":{"origin":23447,"position":3},"title":"BRACEWELL TRAVELLING SCHOLARSHIP\u202fFOR PHD STUDENTS (DEADLINE: 30TH APRIL 2026)","author":"Branimir Jankovi\u0107","date":"24. travnja 2026.","format":false,"excerpt":"The Bracewell Travelling Scholarship\u202fis funded by a gift from SSEES Emeritus Professor of History Wendy Bracewell, whose research examines South Slav history, and travel writing in eastern Europe. The Scholarship honours the long tradition of mutual curiosity between the UK and eastern, central and southeastern Europe by supporting PhD students\u2026","rel":"","context":"U &quot;Novosti&quot;","block_context":{"text":"Novosti","link":"https:\/\/historiografija.hr\/?cat=3"},"img":{"alt_text":"","src":"https:\/\/i0.wp.com\/historiografija.hr\/wp-content\/uploads\/2026\/04\/Bracewell-Travelling-Scholarship-.webp?fit=980%2C700&ssl=1&resize=350%2C200","width":350,"height":200,"srcset":"https:\/\/i0.wp.com\/historiografija.hr\/wp-content\/uploads\/2026\/04\/Bracewell-Travelling-Scholarship-.webp?fit=980%2C700&ssl=1&resize=350%2C200 1x, https:\/\/i0.wp.com\/historiografija.hr\/wp-content\/uploads\/2026\/04\/Bracewell-Travelling-Scholarship-.webp?fit=980%2C700&ssl=1&resize=525%2C300 1.5x, https:\/\/i0.wp.com\/historiografija.hr\/wp-content\/uploads\/2026\/04\/Bracewell-Travelling-Scholarship-.webp?fit=980%2C700&ssl=1&resize=700%2C400 2x"},"classes":[]},{"id":52622,"url":"https:\/\/historiografija.hr\/?p=52622","url_meta":{"origin":23447,"position":4},"title":"Annual CAPONEU conference: Political Novel in Europe Between Democracy and Authoritarianism","author":"Branimir Jankovi\u0107","date":"23. travnja 2026.","format":false,"excerpt":"Caponeu event 22.04.2026 - 24.04.2026 Location: The Faculty of Polish and Classical Philology AMU (Fredry 10, Pozna\u0144)Organized by: Tomasz Mizerkiewicz, Krystyna Pieni\u0105\u017cek-Markovi\u0107, Anna Gawarecka, Ewa Szperlik, Magda Potok, B\u0142a\u017cej Warkocki, Gerard Ronge (all Adam Mickiewicz University in Pozna\u0144)Contact: gerron@amu.edu.pl The Adam Mickiewicz University team, as part of the international CAPONEU\u2026","rel":"","context":"U &quot;Novosti&quot;","block_context":{"text":"Novosti","link":"https:\/\/historiografija.hr\/?cat=3"},"img":{"alt_text":"","src":"https:\/\/i0.wp.com\/historiografija.hr\/wp-content\/uploads\/2026\/04\/Caponeu-political-novel.jpg?fit=500%2C261&ssl=1&resize=350%2C200","width":350,"height":200},"classes":[]},{"id":52586,"url":"https:\/\/historiografija.hr\/?p=52586","url_meta":{"origin":23447,"position":5},"title":"Aur\u00e9lie Daher, \u201eHezbollah: Mobilisation and Power\u201c","author":"Branimir Jankovi\u0107","date":"22. travnja 2026.","format":false,"excerpt":"Morning Star \u2018Book of the Year\u2019 Social movement, liberation party or terrorist group? With Hezbollah\u2019s growing involvement in the war in Syria, this study of its impact on Lebanon, drawing heavily on first-hand interviews, could not be more timely. Description Almost forty years after its foundation, Hezbollah remains an enigma.\u2026","rel":"","context":"U &quot;Knjige&quot;","block_context":{"text":"Knjige","link":"https:\/\/historiografija.hr\/?cat=8"},"img":{"alt_text":"","src":"https:\/\/i0.wp.com\/historiografija.hr\/wp-content\/uploads\/2026\/04\/Daher-Hezbollah.jpg?fit=600%2C931&ssl=1&resize=350%2C200","width":350,"height":200,"srcset":"https:\/\/i0.wp.com\/historiografija.hr\/wp-content\/uploads\/2026\/04\/Daher-Hezbollah.jpg?fit=600%2C931&ssl=1&resize=350%2C200 1x, https:\/\/i0.wp.com\/historiografija.hr\/wp-content\/uploads\/2026\/04\/Daher-Hezbollah.jpg?fit=600%2C931&ssl=1&resize=525%2C300 1.5x"},"classes":[]}],"_links":{"self":[{"href":"https:\/\/historiografija.hr\/index.php?rest_route=\/wp\/v2\/posts\/23447","targetHints":{"allow":["GET"]}}],"collection":[{"href":"https:\/\/historiografija.hr\/index.php?rest_route=\/wp\/v2\/posts"}],"about":[{"href":"https:\/\/historiografija.hr\/index.php?rest_route=\/wp\/v2\/types\/post"}],"author":[{"embeddable":true,"href":"https:\/\/historiografija.hr\/index.php?rest_route=\/wp\/v2\/users\/2"}],"replies":[{"embeddable":true,"href":"https:\/\/historiografija.hr\/index.php?rest_route=%2Fwp%2Fv2%2Fcomments&post=23447"}],"version-history":[{"count":1,"href":"https:\/\/historiografija.hr\/index.php?rest_route=\/wp\/v2\/posts\/23447\/revisions"}],"predecessor-version":[{"id":23449,"href":"https:\/\/historiografija.hr\/index.php?rest_route=\/wp\/v2\/posts\/23447\/revisions\/23449"}],"wp:featuredmedia":[{"embeddable":true,"href":"https:\/\/historiografija.hr\/index.php?rest_route=\/wp\/v2\/media\/23448"}],"wp:attachment":[{"href":"https:\/\/historiografija.hr\/index.php?rest_route=%2Fwp%2Fv2%2Fmedia&parent=23447"}],"wp:term":[{"taxonomy":"category","embeddable":true,"href":"https:\/\/historiografija.hr\/index.php?rest_route=%2Fwp%2Fv2%2Fcategories&post=23447"},{"taxonomy":"post_tag","embeddable":true,"href":"https:\/\/historiografija.hr\/index.php?rest_route=%2Fwp%2Fv2%2Ftags&post=23447"}],"curies":[{"name":"wp","href":"https:\/\/api.w.org\/{rel}","templated":true}]}}