{"id":2342,"date":"2016-08-18T22:00:05","date_gmt":"2016-08-18T22:00:05","guid":{"rendered":"http:\/\/historiografija.hr\/?p=2342"},"modified":"2020-12-21T21:09:45","modified_gmt":"2020-12-21T21:09:45","slug":"umro-povjesnicar-ernst-nolte","status":"publish","type":"post","link":"https:\/\/historiografija.hr\/?p=2342","title":{"rendered":"Umro povjesni\u010dar Ernst Nolte"},"content":{"rendered":"<p align=\"justify\"><font size=\"3\"><br \/>\n<\/font><\/p>\n<p style=\"margin: 0cm 0cm 10pt;\" align=\"justify\"><font size=\"3\" face=\"Calibri\">Njema\u010dki povjesni\u010dar Ernst Nolte (1923-2016) \u2013 poznat zbog poticanja velike polemike povjesni\u010dara 1986. nazvane \u201cHistorikerstreit\u201d \u2013 umro je 18. kolovoza u 93. godini. U prilogu donosimo prve obavijesti, a objavit \u0107emo i opse\u017ean In memoriam Marija Kopi\u0107a.<\/font><\/p>\n<p align=\"justify\"><font size=\"3\"><br \/>\n<\/font><\/p>\n<p style=\"margin: 0cm 0cm 10pt;\" align=\"justify\"><font size=\"3\" face=\"Calibri\">&nbsp;<\/font><\/p>\n<p align=\"justify\"><font size=\"3\"><br \/>\n<\/font><\/p>\n<p style=\"margin: 0cm 0cm 10pt;\" align=\"justify\"><font size=\"3\" face=\"Calibri\">&#8212;<\/font><\/p>\n<p align=\"justify\"><font size=\"3\"><br \/>\n<\/font><\/p>\n<p style=\"margin: 0cm 0cm 10pt;\" align=\"justify\"><font size=\"3\" face=\"Calibri\">&nbsp;<\/font><\/p>\n<p align=\"justify\"><font size=\"3\"><br \/>\n<\/font><\/p>\n<p style=\"margin: 0cm 0cm 10pt;\" align=\"justify\"><b style=\"mso-bidi-font-weight: normal;\"><font size=\"3\" face=\"Calibri\">Historiker Ernst Nolte ist tot<\/font><\/b><\/p>\n<p align=\"justify\"><font size=\"3\"><br \/>\n<\/font><\/p>\n<p style=\"margin: 0cm 0cm 10pt;\" align=\"justify\"><font size=\"3\" face=\"Calibri\">&nbsp;<\/font><\/p>\n<p align=\"justify\"><font size=\"3\"><br \/>\n<\/font><\/p>\n<p style=\"margin: 0cm 0cm 10pt;\" align=\"justify\"><font size=\"3\" face=\"Calibri\">Ernst Nolte ist im Alter von 93 Jahren in Berlin gestorben. 1986 l\u00f6ste er mit einem Artikel den Historikerstreit aus.<\/font><\/p>\n<p align=\"justify\"><font size=\"3\"><br \/>\n<\/font><\/p>\n<p style=\"margin: 0cm 0cm 10pt;\" align=\"justify\"><font size=\"3\" face=\"Calibri\">&nbsp;<\/font><\/p>\n<p align=\"justify\"><font size=\"3\"><br \/>\n<\/font><\/p>\n<p style=\"margin: 0cm 0cm 10pt;\" align=\"justify\"><font size=\"3\" face=\"Calibri\">18. August 2016.<\/font><\/p>\n<p align=\"justify\"><font size=\"3\"><br \/>\n<\/font><\/p>\n<p style=\"margin: 0cm 0cm 10pt;\" align=\"justify\"><font size=\"3\" face=\"Calibri\">&nbsp;<\/font><\/p>\n<p align=\"justify\"><font size=\"3\"><br \/>\n<\/font><\/p>\n<p style=\"margin: 0cm 0cm 10pt;\" align=\"justify\"><a href=\"http:\/\/www.zeit.de\/kultur\/2016-08\/der-historiker-ernst-nolte-ist-tot\"><font size=\"3\" face=\"Calibri\" color=\"#0000ff\">http:\/\/www.zeit.de\/kultur\/2016-08\/der-historiker-ernst-nolte-ist-tot<\/font><\/a><\/p>\n<p align=\"justify\"><font size=\"3\"><br \/>\n<\/font><\/p>\n<p style=\"margin: 0cm 0cm 10pt;\" align=\"justify\"><font size=\"3\" face=\"Calibri\">&nbsp;<\/font><\/p>\n<p align=\"justify\"><font size=\"3\"><br \/>\n<\/font><\/p>\n<p style=\"margin: 0cm 0cm 10pt;\" align=\"justify\"><font size=\"3\" face=\"Calibri\">&#8212;<\/font><\/p>\n<p align=\"justify\"><font size=\"3\"><br \/>\n<\/font><\/p>\n<p style=\"margin: 0cm 0cm 10pt;\" align=\"justify\"><font size=\"3\" face=\"Calibri\">&nbsp;<\/font><\/p>\n<p align=\"justify\"><font size=\"3\"><br \/>\n<\/font><\/p>\n<p style=\"margin: 0cm 0cm 10pt;\" align=\"justify\"><b style=\"mso-bidi-font-weight: normal;\"><font size=\"3\" face=\"Calibri\">Ernst Nolte ist gestorben<\/font><\/b><\/p>\n<p align=\"justify\"><font size=\"3\"><br \/>\n<\/font><\/p>\n<p style=\"margin: 0cm 0cm 10pt;\" align=\"justify\"><font size=\"3\" face=\"Calibri\">&nbsp;<\/font><\/p>\n<p align=\"justify\"><font size=\"3\"><br \/>\n<\/font><\/p>\n<p style=\"margin: 0cm 0cm 10pt;\" align=\"justify\"><font size=\"3\" face=\"Calibri\">Der Historiker als \u201eGeschichtsdenker\u201c <\/font><\/p>\n<p align=\"justify\"><font size=\"3\"><br \/>\n<\/font><\/p>\n<p style=\"margin: 0cm 0cm 10pt;\" align=\"justify\"><font size=\"3\" face=\"Calibri\">&nbsp;<\/font><\/p>\n<p align=\"justify\"><font size=\"3\"><br \/>\n<\/font><\/p>\n<p style=\"margin: 0cm 0cm 10pt;\" align=\"justify\"><font size=\"3\" face=\"Calibri\">Er war einer der wichtigsten deutschen Historiker der Nachkriegszeit. Seine Antwort auf die Frage, was den Nationalsozialismus ausgel\u00f6st hatte, l\u00f6ste 1986 den Historikerstreit aus. Im Alter von 93 ist Ernst Nolte gestorben.<\/font><\/p>\n<p align=\"justify\"><font size=\"3\"><br \/>\n<\/font><\/p>\n<p style=\"margin: 0cm 0cm 10pt;\" align=\"justify\"><font size=\"3\" face=\"Calibri\">&nbsp;<\/font><\/p>\n<p align=\"justify\"><font size=\"3\"><br \/>\n<\/font><\/p>\n<p style=\"margin: 0cm 0cm 10pt;\" align=\"justify\"><a href=\"http:\/\/www.faz.net\/aktuell\/feuilleton\/debatten\/deutscher-historiker-ernst-nolte-mit-93-jahren-gestorben-14394292.html\"><font size=\"3\" face=\"Calibri\" color=\"#0000ff\">http:\/\/www.faz.net\/aktuell\/feuilleton\/debatten\/deutscher-historiker-ernst-nolte-mit-93-jahren-gestorben-14394292.html<\/font><\/a><\/p>\n<p align=\"justify\"><font size=\"3\"><br \/>\n<\/font><\/p>\n<p style=\"margin: 0cm 0cm 10pt;\" align=\"justify\"><font size=\"3\" face=\"Calibri\">&nbsp;<\/font><\/p>\n<p align=\"justify\"><font size=\"3\"><br \/>\n<\/font><\/p>\n<p style=\"margin: 0cm 0cm 10pt;\" align=\"justify\"><font size=\"3\" face=\"Calibri\">&#8212;<\/font><\/p>\n<p align=\"justify\"><font size=\"3\"><br \/>\n<\/font><\/p>\n<p style=\"margin: 0cm 0cm 10pt;\" align=\"justify\"><font size=\"3\" face=\"Calibri\">&nbsp;<\/font><\/p>\n<p align=\"justify\"><font size=\"3\"><br \/>\n<\/font><\/p>\n<p style=\"margin: 0cm 0cm 10pt;\" align=\"justify\"><b style=\"mso-bidi-font-weight: normal;\"><font face=\"Calibri\"><font size=\"3\">Ernst Nolte \u2020<span style=\"mso-spacerun: yes;\">&nbsp; <\/span><\/font><\/font><\/b><\/p>\n<p align=\"justify\"><font size=\"3\"><br \/>\n<\/font><\/p>\n<p style=\"margin: 0cm 0cm 10pt;\" align=\"justify\"><font size=\"3\" face=\"Calibri\">&nbsp;<\/font><\/p>\n<p align=\"justify\"><font size=\"3\"><br \/>\n<\/font><\/p>\n<p style=\"margin: 0cm 0cm 10pt;\" align=\"justify\"><font size=\"3\" face=\"Calibri\">18.08.16 <\/font><\/p>\n<p align=\"justify\"><font size=\"3\"><br \/>\n<\/font><\/p>\n<p style=\"margin: 0cm 0cm 10pt;\" align=\"justify\"><font size=\"3\" face=\"Calibri\">&nbsp;<\/font><\/p>\n<p align=\"justify\"><font size=\"3\"><br \/>\n<\/font><\/p>\n<p style=\"margin: 0cm 0cm 10pt;\" align=\"justify\"><font size=\"3\" face=\"Calibri\">Der Mann, der den Historikerstreit entfachte<\/font><\/p>\n<p align=\"justify\"><font size=\"3\"><br \/>\n<\/font><\/p>\n<p style=\"margin: 0cm 0cm 10pt;\" align=\"justify\"><font size=\"3\" face=\"Calibri\">&nbsp;<\/font><\/p>\n<p align=\"justify\"><font size=\"3\"><br \/>\n<\/font><\/p>\n<p style=\"margin: 0cm 0cm 10pt;\" align=\"justify\"><font size=\"3\" face=\"Calibri\">Als Philosoph wurde Ernst Nolte von den Historikern erst gefeiert und dann wegen seiner Thesen zum totalit\u00e4ren Primat der Bolschewiki verdammt. Jetzt ist er im Alter von 93 Jahren gestorben.<\/font><\/p>\n<p align=\"justify\"><font size=\"3\"><br \/>\n<\/font><\/p>\n<p style=\"margin: 0cm 0cm 10pt;\" align=\"justify\"><font size=\"3\" face=\"Calibri\">&nbsp;<\/font><\/p>\n<p align=\"justify\"><font size=\"3\"><br \/>\n<\/font><\/p>\n<p style=\"margin: 0cm 0cm 10pt;\" align=\"justify\"><font size=\"3\" face=\"Calibri\">http:\/\/www.welt.de\/geschichte\/article157733001\/Der-Mann-der-den-Historikerstreit-entfachte.html<\/font><\/p>\n<p align=\"justify\"><font size=\"3\"><br \/>\n<\/font><\/p>\n<p style=\"margin: 0cm 0cm 10pt;\" align=\"justify\"><font size=\"3\" face=\"Calibri\">&nbsp;<\/font><\/p>\n<p align=\"justify\"><font size=\"3\"><br \/>\n<\/font><\/p>\n<p style=\"margin: 0cm 0cm 10pt;\" align=\"justify\"><font size=\"3\" face=\"Calibri\">&#8212;<\/font><\/p>\n<p align=\"justify\"><font size=\"3\"><br \/>\n<\/font><\/p>\n<p style=\"margin: 0cm 0cm 10pt;\" align=\"justify\"><font size=\"3\" face=\"Calibri\">&nbsp;<\/font><\/p>\n<p align=\"justify\"><font size=\"3\"><br \/>\n<\/font><\/p>\n<p style=\"margin: 0cm 0cm 10pt;\" align=\"justify\"><b style=\"mso-bidi-font-weight: normal;\"><font size=\"3\" face=\"Calibri\">Ernst Nolte ist tot<\/font><\/b><\/p>\n<p align=\"justify\"><font size=\"3\"><br \/>\n<\/font><\/p>\n<p style=\"margin: 0cm 0cm 10pt;\" align=\"justify\"><font size=\"3\" face=\"Calibri\">&nbsp;<\/font><\/p>\n<p align=\"justify\"><font size=\"3\"><br \/>\n<\/font><\/p>\n<p style=\"margin: 0cm 0cm 10pt;\" align=\"justify\"><font size=\"3\" face=\"Calibri\">Es war eine der brisantesten Debatten seit Gr\u00fcndung der Bundesrepublik: Vor 30 Jahren l\u00f6ste der Geschichtswissenschaftler Ernst Nolte den deutschen Historikerstreit aus. Nun ist er im Alter von 93 Jahren gestorben.<\/font><\/p>\n<p align=\"justify\"><font size=\"3\"><br \/>\n<\/font><\/p>\n<p style=\"margin: 0cm 0cm 10pt;\" align=\"justify\"><font size=\"3\" face=\"Calibri\">&nbsp;<\/font><\/p>\n<p align=\"justify\"><font size=\"3\"><br \/>\n<\/font><\/p>\n<p style=\"margin: 0cm 0cm 10pt;\" align=\"justify\"><a href=\"http:\/\/www.dw.com\/de\/ernst-nolte-ist-tot\/a-19482130\"><font size=\"3\" face=\"Calibri\" color=\"#0000ff\">http:\/\/www.dw.com\/de\/ernst-nolte-ist-tot\/a-19482130<\/font><\/a><\/p>\n<p align=\"justify\"><font size=\"3\"><br \/>\n<\/font><\/p>\n<p style=\"margin: 0cm 0cm 10pt;\" align=\"justify\"><font size=\"3\" face=\"Calibri\">&nbsp;<\/font><\/p>\n<p align=\"justify\"><font size=\"3\"><br \/>\n<\/font><\/p>\n<p style=\"margin: 0cm 0cm 10pt;\" align=\"justify\"><b style=\"mso-bidi-font-weight: normal;\"><font size=\"3\" face=\"Calibri\">Controversial German historian Ernst Nolte dies at 93<\/font><\/b><\/p>\n<p align=\"justify\"><font size=\"3\"><br \/>\n<\/font><\/p>\n<p style=\"margin: 0cm 0cm 10pt;\" align=\"justify\"><font size=\"3\" face=\"Calibri\">&nbsp;<\/font><\/p>\n<p align=\"justify\"><font size=\"3\"><br \/>\n<\/font><\/p>\n<p style=\"margin: 0cm 0cm 10pt;\" align=\"justify\"><font size=\"3\" face=\"Calibri\">German historian Ernst Nolte, responsible for a contentious essay on the causes of Nazism, has died in Berlin after a short illness. Nolte&#8217;s 1986 essay was the source of much debate among historians.<\/font><\/p>\n<p align=\"justify\"><font size=\"3\"><br \/>\n<\/font><\/p>\n<p style=\"margin: 0cm 0cm 10pt;\" align=\"justify\"><font size=\"3\" face=\"Calibri\">&nbsp;<\/font><\/p>\n<p align=\"justify\"><font size=\"3\"><br \/>\n<\/font><\/p>\n<p style=\"margin: 0cm 0cm 10pt;\" align=\"justify\"><font size=\"3\" face=\"Calibri\">http:\/\/www.dw.com\/en\/controversial-german-historian-ernst-nolte-dies-at-93\/a-19482306<\/font><\/p>\n<p align=\"justify\"><font size=\"3\"><br \/>\n<\/font><\/p>\n<p style=\"margin: 0cm 0cm 10pt;\" align=\"justify\"><font size=\"3\" face=\"Calibri\">&nbsp;<\/font><\/p>\n<p align=\"justify\"><font size=\"3\"><br \/>\n<\/font><\/p>\n<p style=\"margin: 0cm 0cm 10pt;\" align=\"justify\"><font size=\"3\" face=\"Calibri\">&#8212;<\/font><\/p>\n<p align=\"justify\"><font size=\"3\"><br \/>\n<\/font><\/p>\n<p style=\"margin: 0cm 0cm 10pt;\" align=\"justify\"><font size=\"3\" face=\"Calibri\">&nbsp;<\/font><\/p>\n<p align=\"justify\"><font size=\"3\"><br \/>\n<\/font><\/p>\n<p style=\"margin: 0cm 0cm 10pt;\" align=\"justify\"><b style=\"mso-bidi-font-weight: normal;\"><font size=\"3\" face=\"Calibri\">Prominent German Historian Ernst Nolte Dies at 93<\/font><\/b><\/p>\n<p align=\"justify\"><font size=\"3\"><br \/>\n<\/font><\/p>\n<p style=\"margin: 0cm 0cm 10pt;\" align=\"justify\"><font size=\"3\" face=\"Calibri\">&nbsp;<\/font><\/p>\n<p align=\"justify\"><font size=\"3\"><br \/>\n<\/font><\/p>\n<p style=\"margin: 0cm 0cm 10pt;\" align=\"justify\"><font size=\"3\" face=\"Calibri\">AUG. 18, 2016<\/font><\/p>\n<p align=\"justify\"><font size=\"3\"><br \/>\n<\/font><\/p>\n<p style=\"margin: 0cm 0cm 10pt;\" align=\"justify\"><font size=\"3\" face=\"Calibri\">&nbsp;<\/font><\/p>\n<p align=\"justify\"><font size=\"3\"><br \/>\n<\/font><\/p>\n<p style=\"margin: 0cm 0cm 10pt;\" align=\"justify\"><a href=\"http:\/\/www.nytimes.com\/aponline\/2016\/08\/18\/world\/europe\/ap-eu-germany-obit-nolte.html\"><font size=\"3\" face=\"Calibri\" color=\"#0000ff\">http:\/\/www.nytimes.com\/aponline\/2016\/08\/18\/world\/europe\/ap-eu-germany-obit-nolte.html<\/font><\/a><\/p>\n<p align=\"justify\"><font size=\"3\"><br \/>\n<\/font><\/p>\n<p style=\"margin: 0cm 0cm 10pt;\" align=\"justify\"><font size=\"3\" face=\"Calibri\">&nbsp;<\/font><\/p>\n<p align=\"justify\"><font size=\"3\"><br \/>\n<\/font><\/p>\n<p style=\"margin: 0cm 0cm 10pt;\" align=\"justify\"><font size=\"3\" face=\"Calibri\">&nbsp;<\/font><\/p>\n<p align=\"justify\"><font size=\"3\"><br \/>\n<\/font><\/p>\n<p style=\"margin: 0cm 0cm 10pt;\" align=\"justify\"><font size=\"3\" face=\"Calibri\">&#8212;<\/font><\/p>\n<p align=\"justify\"><font size=\"3\"><br \/>\n<\/font><\/p>\n<p style=\"margin: 0cm 0cm 10pt;\" align=\"justify\"><font size=\"3\" face=\"Calibri\">&nbsp;<\/font><\/p>\n<p align=\"justify\"><font size=\"3\"><br \/>\n<\/font><\/p>\n<p style=\"margin: 0cm 0cm 10pt;\" align=\"justify\"><b style=\"mso-bidi-font-weight: normal;\"><font size=\"3\" face=\"Calibri\">PRILOG<\/font><\/b><\/p>\n<p align=\"justify\"><font size=\"3\"><br \/>\n<\/font><\/p>\n<p style=\"margin: 0cm 0cm 10pt;\" align=\"justify\"><span style=\"mso-ansi-language: FR;\" lang=\"FR\"><font size=\"3\" face=\"Calibri\">&nbsp;<\/font><\/span><\/p>\n<p align=\"justify\"><font size=\"3\"><br \/>\n<\/font><\/p>\n<p style=\"margin: 0cm 0cm 10pt;\" align=\"justify\"><b style=\"mso-bidi-font-weight: normal;\"><i style=\"mso-bidi-font-style: normal;\"><font face=\"Calibri\"><font size=\"3\"><span style=\"mso-ansi-language: FR;\" lang=\"FR\">Po\u010dinje li 1945. zapravo 1917.?- <\/span>Historikerstreit<\/font><\/font><\/i><\/b><\/p>\n<p align=\"justify\"><font size=\"3\"><br \/>\n<\/font><\/p>\n<p style=\"margin: 0cm 0cm 10pt;\" align=\"justify\"><span style=\"mso-ansi-language: FR;\" lang=\"FR\"><font size=\"3\" face=\"Calibri\">&nbsp;<\/font><\/span><\/p>\n<p align=\"justify\"><font size=\"3\"><br \/>\n<\/font><\/p>\n<p style=\"margin: 0cm 0cm 10pt;\" align=\"justify\"><span style=\"mso-ansi-language: FR;\" lang=\"FR\"><font size=\"3\" face=\"Calibri\">Tihomir Cipek<\/font><\/span><\/p>\n<p align=\"justify\"><font size=\"3\"><br \/>\n<\/font><\/p>\n<p style=\"margin: 0cm 0cm 10pt;\" align=\"justify\"><font size=\"3\" face=\"Calibri\">&nbsp;<\/font><\/p>\n<p align=\"justify\"><font size=\"3\"><br \/>\n<\/font><\/p>\n<p style=\"margin: 0cm 0cm 10pt;\" align=\"justify\"><font size=\"3\" face=\"Calibri\">Objavljeno u knjizi <i style=\"mso-bidi-font-style: normal;\">1945. &#8211; razdjelnica hrvatske povijesti<\/i> (N. Kisi\u0107 Kolanovi\u0107, M. Jareb, K. Spehnjak ur.), Zagreb 2006, str. 45-58.<\/font><\/p>\n<p align=\"justify\"><font size=\"3\"><br \/>\n<\/font><\/p>\n<p style=\"margin: 0cm 0cm 10pt;\" align=\"justify\"><font size=\"3\" face=\"Calibri\">&nbsp;<\/font><\/p>\n<p align=\"justify\"><font size=\"3\"><br \/>\n<\/font><\/p>\n<p style=\"margin: 0cm 0cm 10pt;\" align=\"justify\"><font size=\"3\" face=\"Calibri\">Sa\u017eetak <\/font><\/p>\n<p align=\"justify\"><font size=\"3\"><br \/>\n<\/font><\/p>\n<p style=\"margin: 0cm 0cm 10pt;\" align=\"justify\"><font size=\"3\" face=\"Calibri\">&nbsp;<\/font><\/p>\n<p align=\"justify\"><font size=\"3\"><br \/>\n<\/font><\/p>\n<p style=\"margin: 0cm 0cm 10pt;\" align=\"justify\"><font size=\"3\" face=\"Calibri\">U obzoru polemika nazvanih &#8220;Historikerstreit&#8221; iz 1986. godine, nastojati \u0107e se prikazati i propitati osnovna teza njema\u010dkog povjesni\u010dara Ernsta Noltea prema kojoj je bolj\u0161evi\u010dka revolucija iz 1917. neposredni uzrok pojave nacizma, Drugog svjetskog rata i njegovih posljedica-1945. Prikazati \u0107e se svi relevantni polo\u017eaji u raspravi, nagla\u0161avaju\u0107i stavove Ernsta Noltea, Andreasa Hilgrubera, Jurgena Habermasa, Ernsta Jackela i Stefana Merla. Polemika se vodila oko tri pitanja: prvog, jesu li nacisti\u010dki koncentracijski logori jedinstven zlo\u010din koji se ne mo\u017ee izjedna\u010diti niti s jednim drugim masovnim zlo\u010dinom u povijesti ili ih se treba uspore\u0111ivati s bolj\u0161evi\u010dkim Gulagom ; drugog, treba li Hitlerov pohod na SSSR tuma\u010diti kao preventivnu obranu ili kao rasisti\u010dki motiviran rat ; i tre\u0107eg, mo\u017ee li se njam\u010dki otpor Crvenoj Armiji 1945. tuma\u010diti kao obrana koncentracijskih logora ili patriotski \u010din, odnosno je li pojam oslobo\u0111enje primjeren za opis njema\u010dke sudbine 1945. godine? Prikaz i analiza polemika njema\u010dkih povjesni\u010dara usmjereni su na tuma\u010denja veza izme\u0111u komunisti\u010dkog i nacisti\u010dkog totalitarizma, poimanje revizionizma u povijesnoj znanosti te na utjecaj historiografije na oblikovanje demokratske politi\u010dke kulture. Rasprava je pokazala neizbje\u017eivu politi\u010dku funkciju povijesne znanosti koja uvjetuje razli\u010dito tuma\u010denje istih doga\u0111aja iz pro\u0161losti te je upozorila na bitne odrednice u metodologiji historiografije. Zaklju\u010deno je da se u raspravi utvrdilo da je 1945. nije po\u010dela 1917., nego da bolj\u0161evi\u010dki teror prethodi nacisti\u010dkom &#8211; vremenski, ali ne kauzalno.<\/font><\/p>\n<p align=\"justify\"><font size=\"3\"><br \/>\n<\/font><\/p>\n<p style=\"margin: 0cm 0cm 10pt;\" align=\"justify\"><font size=\"3\" face=\"Calibri\">&nbsp;<\/font><\/p>\n<p align=\"justify\"><font size=\"3\"><br \/>\n<\/font><\/p>\n<p style=\"margin: 0cm 0cm 10pt;\" align=\"justify\"><font size=\"3\" face=\"Calibri\">Izvor: <\/font><a href=\"http:\/\/bib.irb.hr\/prikazi-rad?rad=329932\"><font size=\"3\" face=\"Calibri\" color=\"#0000ff\">http:\/\/bib.irb.hr\/prikazi-rad?rad=329932<\/font><\/a><\/p>\n<p align=\"justify\"><font size=\"3\"><br \/>\n<\/font><\/p>\n<p style=\"margin: 0cm 0cm 10pt;\" align=\"justify\"><font size=\"3\" face=\"Calibri\">&nbsp;<\/font><\/p>\n<p align=\"justify\"><font size=\"3\"><br \/>\n<\/font><\/p>\n<p style=\"margin: 0cm 0cm 10pt;\" align=\"justify\"><font size=\"3\" face=\"Calibri\">&#8212;<\/font><\/p>\n<p align=\"justify\"><font size=\"3\"><br \/>\n<\/font><\/p>\n<p style=\"margin: 0cm 0cm 10pt;\" align=\"justify\"><font size=\"3\" face=\"Calibri\">&nbsp;<\/font><\/p>\n<p align=\"justify\"><font size=\"3\"><br \/>\n<\/font><\/p>\n<p style=\"margin: 0cm 0cm 10pt;\" align=\"justify\"><b style=\"mso-bidi-font-weight: normal;\"><font size=\"3\" face=\"Calibri\">Napomena:<\/font><\/b><\/p>\n<p align=\"justify\"><font size=\"3\"><br \/>\n<\/font><\/p>\n<p style=\"margin: 0cm 0cm 10pt;\" align=\"justify\"><font size=\"3\" face=\"Calibri\">&nbsp;<\/font><\/p>\n<p align=\"justify\"><font size=\"3\"><br \/>\n<\/font><\/p>\n<p style=\"margin: 0cm 0cm 10pt;\" align=\"justify\"><font size=\"3\" face=\"Calibri\">Tekst Marija Kopi\u0107a povodom smrti Ernsta Noltea objavljen je u rubrici prikazi portala Historiografija.hr&nbsp;i dostupan je na poveznici:<\/font><\/p>\n<p style=\"margin: 0cm 0cm 10pt;\" align=\"justify\"><font size=\"3\" face=\"Calibri\"><br \/>\n<\/font><\/p>\n<p style=\"margin: 0cm 0cm 10pt;\" align=\"justify\">\n<p><font size=\"3\" face=\"Calibri\"><\/font><\/p>\n<p><font size=\"3\" face=\"Calibri\"><\/p>\n<p style=\"margin: 0cm 0cm 10pt;\" align=\"justify\"><font><br \/>\n<\/font><\/p>\n<p style=\"margin: 0cm 0cm 10pt;\">https:\/\/historiografija.hr\/prikazi.php?id=236051<\/p>\n<p style=\"margin: 0cm 0cm 10pt;\" align=\"justify\"><font><br \/>\n<\/font><\/p>\n<p style=\"margin: 0cm 0cm 10pt;\">\n<p style=\"margin: 0cm 0cm 10pt;\">\n<p style=\"margin: 0cm 0cm 10pt;\">\n<p style=\"margin: 0cm 0cm 10pt;\" align=\"justify\"><font>  <\/font><\/p>\n<p><\/font><font size=\"3\" face=\"Calibri\"><\/font><\/p>\n<p style=\"margin: 0cm 0cm 10pt;\" align=\"justify\">\n<p style=\"margin: 0cm 0cm 10pt;\" align=\"justify\"><font size=\"3\" face=\"Calibri\"><br \/>\n<\/font><\/p>\n<p align=\"justify\"><font size=\"3\"><br \/>\n<\/font><\/p>\n","protected":false},"excerpt":{"rendered":"","protected":false},"author":1,"featured_media":0,"comment_status":"open","ping_status":"open","sticky":false,"template":"","format":"standard","meta":{"_acf_changed":false,"jetpack_post_was_ever_published":false,"_jetpack_newsletter_access":"","_jetpack_dont_email_post_to_subs":false,"_jetpack_newsletter_tier_id":0,"_jetpack_memberships_contains_paywalled_content":false,"_jetpack_memberships_contains_paid_content":false,"footnotes":"","jetpack_publicize_message":"","jetpack_publicize_feature_enabled":true,"jetpack_social_post_already_shared":false,"jetpack_social_options":{"image_generator_settings":{"template":"highway","default_image_id":0,"font":"","enabled":false},"version":2}},"categories":[3,20],"tags":[],"class_list":["post-2342","post","type-post","status-publish","format-standard","hentry","category-novosti","category-obavijesti-o-smrti-i-nekrolozi"],"acf":{"facebook_opis":""},"jetpack_publicize_connections":[],"jetpack_featured_media_url":"","jetpack_sharing_enabled":true,"jetpack-related-posts":[{"id":52556,"url":"https:\/\/historiografija.hr\/?p=52556","url_meta":{"origin":2342,"position":0},"title":"ZagrebDox 2026.","author":"Branimir Jankovi\u0107","date":"20. travnja 2026.","format":false,"excerpt":"Me\u0111unarodni festival dokumentarnog filma 19. - 26. travnja 2026. Kaptol Boutique Cinema, Zagreb Program i dodatne obavijesti: https:\/\/zagrebdox.net\/hr","rel":"","context":"U &quot;Filmovi i serije&quot;","block_context":{"text":"Filmovi i serije","link":"https:\/\/historiografija.hr\/?cat=13"},"img":{"alt_text":"","src":"https:\/\/i0.wp.com\/historiografija.hr\/wp-content\/uploads\/2026\/04\/DOX-logo.jpg?fit=600%2C600&ssl=1&resize=350%2C200","width":350,"height":200,"srcset":"https:\/\/i0.wp.com\/historiografija.hr\/wp-content\/uploads\/2026\/04\/DOX-logo.jpg?fit=600%2C600&ssl=1&resize=350%2C200 1x, https:\/\/i0.wp.com\/historiografija.hr\/wp-content\/uploads\/2026\/04\/DOX-logo.jpg?fit=600%2C600&ssl=1&resize=525%2C300 1.5x"},"classes":[]},{"id":52559,"url":"https:\/\/historiografija.hr\/?p=52559","url_meta":{"origin":2342,"position":1},"title":"Dobitnici dr\u017eavne nagrade za znanost za 2024. godinu","author":"Branimir Jankovi\u0107","date":"20. travnja 2026.","format":false,"excerpt":"Na sjednici Odbora za podjelu dr\u017eavnih nagrada za znanost odr\u017eanoj 16. travnja 2026. godine donesena je Odluka o dodjeli dr\u017eavnih nagrada za znanost za 2024. godinu. Godi\u0161njom nagradom za popularizaciju i promid\u017ebu znanosti nagra\u0111eni su u podru\u010dju humanisti\u010dkih znanosti znanstveni suradnici dr. sc. Josip Mihaljevi\u0107 i dr. sc. Gordan Ravan\u010di\u0107,\u2026","rel":"","context":"U &quot;Novosti&quot;","block_context":{"text":"Novosti","link":"https:\/\/historiografija.hr\/?cat=3"},"img":{"alt_text":"","src":"https:\/\/i0.wp.com\/historiografija.hr\/wp-content\/uploads\/2021\/12\/povijesne-kontroverze.jpg?fit=1200%2C675&ssl=1&resize=350%2C200","width":350,"height":200,"srcset":"https:\/\/i0.wp.com\/historiografija.hr\/wp-content\/uploads\/2021\/12\/povijesne-kontroverze.jpg?fit=1200%2C675&ssl=1&resize=350%2C200 1x, https:\/\/i0.wp.com\/historiografija.hr\/wp-content\/uploads\/2021\/12\/povijesne-kontroverze.jpg?fit=1200%2C675&ssl=1&resize=525%2C300 1.5x, https:\/\/i0.wp.com\/historiografija.hr\/wp-content\/uploads\/2021\/12\/povijesne-kontroverze.jpg?fit=1200%2C675&ssl=1&resize=700%2C400 2x, https:\/\/i0.wp.com\/historiografija.hr\/wp-content\/uploads\/2021\/12\/povijesne-kontroverze.jpg?fit=1200%2C675&ssl=1&resize=1050%2C600 3x"},"classes":[]},{"id":52439,"url":"https:\/\/historiografija.hr\/?p=52439","url_meta":{"origin":2342,"position":2},"title":"Tribina &#8220;Ahmi\u0107i 33 godine kasnije: Ne u na\u0161e ime&#8221;","author":"Branimir Jankovi\u0107","date":"16. travnja 2026.","format":false,"excerpt":"U \u010detvrtak, 16. travnja 2026. u 17 sati u Knji\u017enici i \u010ditaonici Bogdana Ogrizovi\u0107a u Zagrebu odr\u017eat \u0107e se tribina pod nazivom Ahmi\u0107i 33 godine kasnije: Ne u na\u0161e ime. Na tribini \u0107e govoriti Ivica \u0110iki\u0107, novinar, Mubera Masli\u0107 \u2013 \u017ddralovi\u0107, aktivistikinja, prevoditeljica za arapski, Domagoj Fuk, student politologije, \u010dlan\u2026","rel":"","context":"U &quot;Novosti&quot;","block_context":{"text":"Novosti","link":"https:\/\/historiografija.hr\/?cat=3"},"img":{"alt_text":"","src":"https:\/\/i0.wp.com\/historiografija.hr\/wp-content\/uploads\/2026\/04\/Zagreb_2026.jpeg?fit=1200%2C900&ssl=1&resize=350%2C200","width":350,"height":200,"srcset":"https:\/\/i0.wp.com\/historiografija.hr\/wp-content\/uploads\/2026\/04\/Zagreb_2026.jpeg?fit=1200%2C900&ssl=1&resize=350%2C200 1x, https:\/\/i0.wp.com\/historiografija.hr\/wp-content\/uploads\/2026\/04\/Zagreb_2026.jpeg?fit=1200%2C900&ssl=1&resize=525%2C300 1.5x, https:\/\/i0.wp.com\/historiografija.hr\/wp-content\/uploads\/2026\/04\/Zagreb_2026.jpeg?fit=1200%2C900&ssl=1&resize=700%2C400 2x, https:\/\/i0.wp.com\/historiografija.hr\/wp-content\/uploads\/2026\/04\/Zagreb_2026.jpeg?fit=1200%2C900&ssl=1&resize=1050%2C600 3x"},"classes":[]},{"id":52654,"url":"https:\/\/historiografija.hr\/?p=52654","url_meta":{"origin":2342,"position":3},"title":"Gostuju\u0107e predavanje &#8211; Danijel D\u017eino \u201eKasnoanti\u010dke i ranosrednjovjekovne gra\u0111evine u Brezi: Spomenici nepotpune biografije\u201c","author":"Branimir Jankovi\u0107","date":"24. travnja 2026.","format":false,"excerpt":"Doktorski studij predmoderne povijesti poziva na predavanje \"Kasnoanti\u010dke i ranosrednjovjekovne gra\u0111evine u Brezi: Spomenici nepotpune biografije\u201d koje \u0107e odr\u017eati profesor Danijel D\u017eino sa Sveu\u010dili\u0161ta Macquarie u Sydneyu u\u00a0utorak 28. travnja 2026. u 17h u Konferencijskoj dvorani Knji\u017enice Filozofskog fakulteta u Zagrebu. Predavanje \u0107e predo\u010diti nova saznanja dobivena kroz arhivsko-dokumentarna istra\u017eivanja\u2026","rel":"","context":"U &quot;Novosti&quot;","block_context":{"text":"Novosti","link":"https:\/\/historiografija.hr\/?cat=3"},"img":{"alt_text":"","src":"https:\/\/i0.wp.com\/historiografija.hr\/wp-content\/uploads\/2026\/04\/Dzino.jpg?fit=980%2C819&ssl=1&resize=350%2C200","width":350,"height":200,"srcset":"https:\/\/i0.wp.com\/historiografija.hr\/wp-content\/uploads\/2026\/04\/Dzino.jpg?fit=980%2C819&ssl=1&resize=350%2C200 1x, https:\/\/i0.wp.com\/historiografija.hr\/wp-content\/uploads\/2026\/04\/Dzino.jpg?fit=980%2C819&ssl=1&resize=525%2C300 1.5x, https:\/\/i0.wp.com\/historiografija.hr\/wp-content\/uploads\/2026\/04\/Dzino.jpg?fit=980%2C819&ssl=1&resize=700%2C400 2x"},"classes":[]},{"id":52613,"url":"https:\/\/historiografija.hr\/?p=52613","url_meta":{"origin":2342,"position":4},"title":"No\u0107 knjige u Hrvatskom dr\u017eavnom arhivu","author":"Branimir Jankovi\u0107","date":"22. travnja 2026.","format":false,"excerpt":"Predstavljanje knjige Rajke Bu\u0107in \u201dLije\u010denje i zbrinjavanje \u017didova u Bolnici sestara milosrdnica u Zagrebu 1941. \u2013 1945.\u201d u \u010detvrtak, 23. travnja 2026. u 13 sati u Hrvatskom dr\u017eavnom arhivu u Zagrebu. Izvor: https:\/\/www.arhiv.hr\/hr-hr\/Kulturno-prosvjetne-aktivnosti\/ArticleId\/1986\/oamid\/1633","rel":"","context":"U &quot;Novosti&quot;","block_context":{"text":"Novosti","link":"https:\/\/historiografija.hr\/?cat=3"},"img":{"alt_text":"","src":"https:\/\/i0.wp.com\/historiografija.hr\/wp-content\/uploads\/2026\/04\/noc_knjige_2026.jpg?fit=680%2C276&ssl=1&resize=350%2C200","width":350,"height":200,"srcset":"https:\/\/i0.wp.com\/historiografija.hr\/wp-content\/uploads\/2026\/04\/noc_knjige_2026.jpg?fit=680%2C276&ssl=1&resize=350%2C200 1x, https:\/\/i0.wp.com\/historiografija.hr\/wp-content\/uploads\/2026\/04\/noc_knjige_2026.jpg?fit=680%2C276&ssl=1&resize=525%2C300 1.5x"},"classes":[]},{"id":52651,"url":"https:\/\/historiografija.hr\/?p=52651","url_meta":{"origin":2342,"position":5},"title":"Promocija knjige Emira O. Filipovi\u0107a \u201cVite\u0161tvo u srednjovjekovnoj Bosni\u201d u Sarajevu","author":"Branimir Jankovi\u0107","date":"24. travnja 2026.","format":false,"excerpt":"Knji\u017eevni korner poziva na promociju knjige Emira O. Filipovi\u0107a \u201cVite\u0161tvo u srednjovjekovnoj Bosni\u201d koja \u0107e se odr\u017eati u srijedu, 29. aprila 2026. u 18 sati u Evropskoj ku\u0107i kulture i nacionalnih manjina (Austrijska ku\u0107a) u Sarajevu. Na promociji \u0107e govoriti Mirsad Sijari\u0107, Ema Mazrak i autor, a moderirat \u0107e Nikola\u2026","rel":"","context":"U &quot;Novosti&quot;","block_context":{"text":"Novosti","link":"https:\/\/historiografija.hr\/?cat=3"},"img":{"alt_text":"","src":"https:\/\/i0.wp.com\/historiografija.hr\/wp-content\/uploads\/2026\/04\/Vitestvo.jpg?fit=1080%2C565&ssl=1&resize=350%2C200","width":350,"height":200,"srcset":"https:\/\/i0.wp.com\/historiografija.hr\/wp-content\/uploads\/2026\/04\/Vitestvo.jpg?fit=1080%2C565&ssl=1&resize=350%2C200 1x, https:\/\/i0.wp.com\/historiografija.hr\/wp-content\/uploads\/2026\/04\/Vitestvo.jpg?fit=1080%2C565&ssl=1&resize=525%2C300 1.5x, https:\/\/i0.wp.com\/historiografija.hr\/wp-content\/uploads\/2026\/04\/Vitestvo.jpg?fit=1080%2C565&ssl=1&resize=700%2C400 2x, https:\/\/i0.wp.com\/historiografija.hr\/wp-content\/uploads\/2026\/04\/Vitestvo.jpg?fit=1080%2C565&ssl=1&resize=1050%2C600 3x"},"classes":[]}],"_links":{"self":[{"href":"https:\/\/historiografija.hr\/index.php?rest_route=\/wp\/v2\/posts\/2342","targetHints":{"allow":["GET"]}}],"collection":[{"href":"https:\/\/historiografija.hr\/index.php?rest_route=\/wp\/v2\/posts"}],"about":[{"href":"https:\/\/historiografija.hr\/index.php?rest_route=\/wp\/v2\/types\/post"}],"author":[{"embeddable":true,"href":"https:\/\/historiografija.hr\/index.php?rest_route=\/wp\/v2\/users\/1"}],"replies":[{"embeddable":true,"href":"https:\/\/historiografija.hr\/index.php?rest_route=%2Fwp%2Fv2%2Fcomments&post=2342"}],"version-history":[{"count":1,"href":"https:\/\/historiografija.hr\/index.php?rest_route=\/wp\/v2\/posts\/2342\/revisions"}],"predecessor-version":[{"id":24217,"href":"https:\/\/historiografija.hr\/index.php?rest_route=\/wp\/v2\/posts\/2342\/revisions\/24217"}],"wp:attachment":[{"href":"https:\/\/historiografija.hr\/index.php?rest_route=%2Fwp%2Fv2%2Fmedia&parent=2342"}],"wp:term":[{"taxonomy":"category","embeddable":true,"href":"https:\/\/historiografija.hr\/index.php?rest_route=%2Fwp%2Fv2%2Fcategories&post=2342"},{"taxonomy":"post_tag","embeddable":true,"href":"https:\/\/historiografija.hr\/index.php?rest_route=%2Fwp%2Fv2%2Ftags&post=2342"}],"curies":[{"name":"wp","href":"https:\/\/api.w.org\/{rel}","templated":true}]}}