{"id":23415,"date":"2020-11-02T15:15:46","date_gmt":"2020-11-02T15:15:46","guid":{"rendered":"http:\/\/historiografija.hr\/?p=23415"},"modified":"2020-11-02T15:15:46","modified_gmt":"2020-11-02T15:15:46","slug":"medunarodni-interdisciplinarni-znanstveni-skup-hrvatska-kultura-i-sv-jeronim","status":"publish","type":"post","link":"https:\/\/historiografija.hr\/?p=23415","title":{"rendered":"Me\u0111unarodni interdisciplinarni znanstveni skup \u201cHrvatska kultura i sv. Jeronim\u201d"},"content":{"rendered":"\n<p>Pod pokroviteljstvom Razreda za knji\u017eevnost Hrvatske akademije znanosti i umjetnosti u povodu 1600. godi\u0161njice smrti svetog Jeronima 3. i 4. studenog 2020. u Knji\u017enici HAZU, Trg Josipa Jurja Strossmayera 14 u Zagrebu, odr\u017eat \u0107e se me\u0111unarodni interdisciplinarni znanstveni skup &#8220;Hrvatska kultura i sveti Jeronim&#8221;. Organizatori skupa su Filozofski fakultet i Fakultet filozofije i religijskih znanosti Sveu\u010dili\u0161ta u Zagrebu. Skup je mogu\u0107e pratiti u\u017eivo putem interneta preko poveznice na aplikaciju <a href=\"https:\/\/teams.microsoft.com\/dl\/launcher\/launcher.html?url=%2F_%23%2Fl%2Fmeetup-join%2F19%3Ameeting_OGZlMWU2YmEtOWI0ZS00MTRiLTlkNTctMTM2MzM5Y2VjYTRm%40thread.v2%2F0%3Fcontext%3D%257b%2522Tid%2522%253a%2522966177f7-9bc0-476a-8430-5470af760278%2522%252c%2522Oid%2522%253a%25228845230a-e61b-4c51-8ee7-15fc55beaa39%2522%257d%26anon%3Dtrue&amp;type=meetup-join&amp;deeplinkId=7a4b6468-f99d-4d37-be1b-fef731734a1b&amp;directDl=true&amp;msLaunch=true&amp;enableMobilePage=true&amp;suppressPrompt=true\">Teams<\/a><\/p>\n\n\n\n<hr class=\"wp-block-separator\"\/>\n\n\n\n<h4 class=\"wp-block-heading\"><br>Program<\/h4>\n\n\n\n<p><strong>3. studenog 2020. u 9:00<\/strong><\/p>\n\n\n\n<p>Knji\u017enica Hrvatske akademije znanosti i umjetnosti<\/p>\n\n\n\n<p><strong>Sve\u010dano otvorenje<\/strong><\/p>\n\n\n\n<p>Prva sesija: voditelji <strong>Jasenka Gudelj<\/strong> i <strong>Vinko Grubi\u0161i\u0107<\/strong><\/p>\n\n\n\n<p><strong>Vinko Grubi\u0161i\u0107 <\/strong>(Waterloo, Kanada): <em>Uloga Petra Pavla Vergerija starijeg u pribli\u017eavanju sv. Jeronima renesansnim koncepcijama<\/em><\/p>\n\n\n\n<p><strong>Dragutin Feletar<\/strong> (Zagreb): <em>Teze pavlina Josipa Bedekovi\u0107a o lokaciji rodnog mjesta sv. Jeronima<\/em><\/p>\n\n\n\n<p><strong>Marko Ra\u0161i\u0107 <\/strong>(\u010cakovec) <em>Rodno mjesto sv. Jeronima prema djelu Josipa Bedekovi\u0107a \u201eNatale solum s. Hieronymi\u2026\u201c<\/em><\/p>\n\n\n\n<p><strong>Ivan Bodro\u017ei\u0107 <\/strong>(Split): <em>Sveti Jeronim \u2013 \u0161iritelj biblijske kulture i evan\u0111eoskog na\u010dina \u017eivota<\/em><\/p>\n\n\n\n<p><strong>Anto Mi\u0161i\u0107<\/strong> (Zagreb): <em>Jeronimova pisma u hrvatskom prijevodu<\/em><\/p>\n\n\n\n<p><strong>Zrinka Jelaska<\/strong> (Zagreb): <em>Jezikoslovne postavke sv. Jeronima u spisu \u201cO vje\u010dnomu djevi\u010danstvu Marijinu\u201d<\/em><\/p>\n\n\n\n<p><strong>Daniel Mi\u0161\u010din<\/strong> (Zagreb): <em>Kontekst Erazmova baselskog izdanja Jeronimovih djela (1516.)<\/em><\/p>\n\n\n\n<p><strong>Niko Bili\u0107<\/strong> (Zagreb): <em>Jeronimova Judita<\/em><\/p>\n\n\n\n<p><strong>Tonko Maroevi\u0107 (Split, 22. listopada 1941. \u2013 Stari Grad, 11. kolovoza 2020.): <\/strong><em>Pod dvostrukim okriljem<\/em><\/p>\n\n\n\n<p><strong>Bernard Jan Hendrik Aikema<\/strong> (Verona) <em>San Girolamo nell\u2019arte del Rinascimento: testi e contesti<\/em><\/p>\n\n\n\n<p><strong>Jasenka Gudelj<\/strong> (Zagreb): <em>Sveti Jeronim i povijesne skjavonske bratov\u0161tine u Italiji: lica identitea<\/em><\/p>\n\n\n\n<p><strong>Ines Ivi\u0107 <\/strong>(Budimpe\u0161ta): <em>Razvoj i formiranje ikonografije sv. Jeronima na isto\u010dnoj obali Jadrana u kasnom srednjem vijeku<\/em><\/p>\n\n\n\n<p><strong>4. studenog 2020., 9:00<\/strong><\/p>\n\n\n\n<p>Knji\u017enica Hrvatske akademije znanosti i umjetnosti<\/p>\n\n\n\n<p>Druga sesija: voditelji <strong>Cvijeta Pavlovi\u0107<\/strong> i <strong>Daniel Mi\u0161\u010din<\/strong><\/p>\n\n\n\n<p><strong>Trpimir Vedri\u0161<\/strong> (Zagreb): <em>Jeronim kao hrvatski nacionalni svetac u svjetlu recentne historiografije<\/em><\/p>\n\n\n\n<p><strong>Vesna Badurina Stip\u010devi\u0107<\/strong> (Zagreb): <em>Legende o svetom Jeronimu u hrvatskoglagoljskoj knji\u017eevnosti<\/em><\/p>\n\n\n\n<p><strong>Mirjana Matijevi\u0107 Sokol <\/strong>(Zagreb): <em>Sveti Jeronim i \u201eVulgata\u201c \u2013 njihova najranija prisutnost na hrvatskom prostoru<\/em><\/p>\n\n\n\n<p><strong>Ru\u017eica P\u0161ihistal<\/strong> (Osijek): <em>Jeronimova i Maruli\u0107eva \u201cJudita\u201d<\/em><\/p>\n\n\n\n<p><strong>Anica Nazor<\/strong> (Zagreb): <em>\u201cTransit sv. Jeronima\u201d, Senj 1508.<\/em><\/p>\n\n\n\n<p><strong>Iva Kurelac <\/strong>(Zagreb): <em>Sveti Jeronim i \u0161ibenski humanisti\u010dki krug \u2013 primjer transformacije recepcije sveta\u010dkog kulta<\/em><\/p>\n\n\n\n<p><strong>Doroles Grma\u010da <\/strong>(Zagreb): <em>\u201cPo neutrtoj stazi\u201d: sveti Jeronim od kulta u hrvatskoglagoljskoj tradiciji do lika u Planinama Petra Zorni\u0107a<\/em><\/p>\n\n\n\n<p><strong>Vladimir Rezar<\/strong> (Zagreb): <em>\u201cTopographia diui Hieronymi sacelli\u201d Giliberta Grinea<\/em><\/p>\n\n\n\n<p>&nbsp;<strong>Andrea Zlatar Violi\u0107<\/strong> (Zagreb): <em>Hagiografski i biografski elementi u prikazivanju svetoga Jeronima<\/em><\/p>\n\n\n\n<p><strong>Dean Slavi\u0107 <\/strong>(Zagreb): <em>Sveti Jeronim u Star\u010devi\u0107evim \u201cPismima Magjarolacah\u201d<\/em><\/p>\n\n\n\n<p>&nbsp;<strong>Borna Pu\u0161kari\u0107<\/strong> (Zagreb): <em>Svetojeronimska ba\u0161tina Zagreba\u010dke nadbiskupije \u2013 Hrvatsko knji\u017eevno dru\u0161tvo svetoga Jeronima<\/em><\/p>\n\n\n\n<p>&nbsp;<strong>Nella Aramba\u0161in <\/strong>(Besan\u00e7on): <em>\u201cHieronymopolis\u201d: prostor izme\u0111u slika i pisma kao uzor prijevoda<\/em><\/p>\n\n\n\n<p><strong>&nbsp;Cvijeta Pavlovi\u0107<\/strong> (Zagreb): <em>Motiv(i) sv. Jeronima u hrvatskoj postmodernisti\u010dkoj knji\u017eevnosti na primjeru pjesni\u0161tva Jak\u0161e Fiamenga<\/em><\/p>\n\n\n\n<p>Izvori:<\/p>\n\n\n\n<figure class=\"wp-block-embed-wordpress wp-block-embed is-type-wp-embed is-provider-wordpress\"><div class=\"wp-block-embed__wrapper\">\n<blockquote class=\"wp-embedded-content\" data-secret=\"LjmWQfXDdP\"><a href=\"https:\/\/jeronim.ffzg.unizg.hr\/program\/\">Program<\/a><\/blockquote><iframe loading=\"lazy\" class=\"wp-embedded-content\" sandbox=\"allow-scripts\" security=\"restricted\" style=\"position: absolute; clip: rect(1px, 1px, 1px, 1px);\" title=\"&#8220;Program&#8221; &#8212; \" src=\"https:\/\/jeronim.ffzg.unizg.hr\/program\/embed\/#?secret=LjmWQfXDdP\" data-secret=\"LjmWQfXDdP\" width=\"600\" height=\"338\" frameborder=\"0\" marginwidth=\"0\" marginheight=\"0\" scrolling=\"no\"><\/iframe>\n<\/div><\/figure>\n\n\n\n<p><a href=\"http:\/\/info.hazu.hr\/hr\/novosti_i_dogadanja\/kalendar_dogadanja\/u-knjiznici-hazu-medunarodni-interdisciplinarni-znanstveni-skup-hrvatska,5416.html\">http:\/\/info.hazu.hr\/hr\/novosti_i_dogadanja\/kalendar_dogadanja\/u-knjiznici-hazu-medunarodni-interdisciplinarni-znanstveni-skup-hrvatska,5416.html<\/a><\/p>\n\n\n\n<p><a href=\"http:\/\/www.unizg.hr\/nc\/vijest\/article\/medunarodni-znanstveni-skup-hrvatska-kultura-i-sv-jeronim\/\">http:\/\/www.unizg.hr\/nc\/vijest\/article\/medunarodni-znanstveni-skup-hrvatska-kultura-i-sv-jeronim\/<\/a><\/p>\n\n\n\n<figure class=\"wp-block-embed-wordpress wp-block-embed is-type-wp-embed is-provider-filozofski-fakultet-sveucilista-u-zagrebu\"><div class=\"wp-block-embed__wrapper\">\n<blockquote class=\"wp-embedded-content\" data-secret=\"WBB71g0ie1\"><a href=\"https:\/\/web2020.ffzg.unizg.hr\/blog\/2020\/10\/13\/medunarodni-interdisciplinarni-znanstveni-skup-hrvatska-kultura-i-sveti-jeronim-2\/\">Me\u0111unarodni interdisciplinarni znanstveni skup &#8221;Hrvatska kultura i sveti Jeronim&#8221;<\/a><\/blockquote><iframe loading=\"lazy\" class=\"wp-embedded-content\" sandbox=\"allow-scripts\" security=\"restricted\" style=\"position: absolute; clip: rect(1px, 1px, 1px, 1px);\" title=\"&#8220;Me\u0111unarodni interdisciplinarni znanstveni skup &#8221;Hrvatska kultura i sveti Jeronim&#8221;&#8221; &#8212; Filozofski fakultet Sveu\u010dili\u0161ta u Zagrebu\" src=\"https:\/\/web2020.ffzg.unizg.hr\/blog\/2020\/10\/13\/medunarodni-interdisciplinarni-znanstveni-skup-hrvatska-kultura-i-sveti-jeronim-2\/embed\/#?secret=WBB71g0ie1\" data-secret=\"WBB71g0ie1\" width=\"600\" height=\"338\" frameborder=\"0\" marginwidth=\"0\" marginheight=\"0\" scrolling=\"no\"><\/iframe>\n<\/div><\/figure>\n\n\n\n<figure class=\"wp-block-embed-wordpress wp-block-embed is-type-wp-embed is-provider-ika\"><div class=\"wp-block-embed__wrapper\">\n<iframe loading=\"lazy\" class=\"wp-embedded-content\" sandbox=\"allow-scripts\" security=\"restricted\" title=\"&#8220;HAZU: Me\u0111unarodni interdisciplinarni znanstveni skup \u201cHrvatska kultura i sv. Jeronim\u201d&#8221; &#8212; IKA\" src=\"https:\/\/ika.hkm.hr\/najave\/hazu-medunarodni-interdisciplinarni-znanstveni-skup-hrvatska-kultura-i-sv-jeronim\/embed\/#?secret=1bl1T3bgEX\" data-secret=\"1bl1T3bgEX\" width=\"600\" height=\"338\" frameborder=\"0\" marginwidth=\"0\" marginheight=\"0\" scrolling=\"no\"><\/iframe>\n<\/div><\/figure>\n\n\n\n<hr class=\"wp-block-separator\"\/>\n","protected":false},"excerpt":{"rendered":"","protected":false},"author":2,"featured_media":23416,"comment_status":"open","ping_status":"open","sticky":false,"template":"","format":"standard","meta":{"_acf_changed":false,"jetpack_post_was_ever_published":false,"_jetpack_newsletter_access":"","_jetpack_dont_email_post_to_subs":false,"_jetpack_newsletter_tier_id":0,"_jetpack_memberships_contains_paywalled_content":false,"_jetpack_memberships_contains_paid_content":false,"footnotes":"","jetpack_publicize_message":"","jetpack_publicize_feature_enabled":true,"jetpack_social_post_already_shared":true,"jetpack_social_options":{"image_generator_settings":{"template":"highway","default_image_id":0,"font":"","enabled":false},"version":2}},"categories":[3,9],"tags":[],"class_list":["post-23415","post","type-post","status-publish","format-standard","has-post-thumbnail","hentry","category-novosti","category-skupovi"],"acf":{"facebook_opis":""},"jetpack_publicize_connections":[],"jetpack_featured_media_url":"https:\/\/i0.wp.com\/historiografija.hr\/wp-content\/uploads\/2020\/11\/hrvatska_kultura_plakat.jpg?fit=450%2C637&ssl=1","jetpack_sharing_enabled":true,"jetpack-related-posts":[{"id":52559,"url":"https:\/\/historiografija.hr\/?p=52559","url_meta":{"origin":23415,"position":0},"title":"Dobitnici dr\u017eavne nagrade za znanost za 2024. godinu","author":"Branimir Jankovi\u0107","date":"20. travnja 2026.","format":false,"excerpt":"Na sjednici Odbora za podjelu dr\u017eavnih nagrada za znanost odr\u017eanoj 16. travnja 2026. godine donesena je Odluka o dodjeli dr\u017eavnih nagrada za znanost za 2024. godinu. Godi\u0161njom nagradom za popularizaciju i promid\u017ebu znanosti nagra\u0111eni su u podru\u010dju humanisti\u010dkih znanosti znanstveni suradnici dr. sc. Josip Mihaljevi\u0107 i dr. sc. Gordan Ravan\u010di\u0107,\u2026","rel":"","context":"U &quot;Novosti&quot;","block_context":{"text":"Novosti","link":"https:\/\/historiografija.hr\/?cat=3"},"img":{"alt_text":"","src":"https:\/\/i0.wp.com\/historiografija.hr\/wp-content\/uploads\/2021\/12\/povijesne-kontroverze.jpg?fit=1200%2C675&ssl=1&resize=350%2C200","width":350,"height":200,"srcset":"https:\/\/i0.wp.com\/historiografija.hr\/wp-content\/uploads\/2021\/12\/povijesne-kontroverze.jpg?fit=1200%2C675&ssl=1&resize=350%2C200 1x, https:\/\/i0.wp.com\/historiografija.hr\/wp-content\/uploads\/2021\/12\/povijesne-kontroverze.jpg?fit=1200%2C675&ssl=1&resize=525%2C300 1.5x, https:\/\/i0.wp.com\/historiografija.hr\/wp-content\/uploads\/2021\/12\/povijesne-kontroverze.jpg?fit=1200%2C675&ssl=1&resize=700%2C400 2x, https:\/\/i0.wp.com\/historiografija.hr\/wp-content\/uploads\/2021\/12\/povijesne-kontroverze.jpg?fit=1200%2C675&ssl=1&resize=1050%2C600 3x"},"classes":[]},{"id":52660,"url":"https:\/\/historiografija.hr\/?p=52660","url_meta":{"origin":23415,"position":1},"title":"Medijski odjeci \u010dlanka Steve \u0110ura\u0161kovi\u0107a \u201e\u017dupanovljeva ne\u017eeljena djeca: ideolo\u0161ko pribli\u017eavanje neoliberala i kr\u0161\u0107anske radikalne desnice u Hrvatskoj\u201c","author":"Branimir Jankovi\u0107","date":"24. travnja 2026.","format":false,"excerpt":"U sklopu projekta \u201eIzazovi intelektualne povijesti: recepcije, preobrazbe i upotrebe politi\u010dkih ideja\u201c objavljen je polemi\u010dki \u010dlanak Steve \u0110ura\u0161kovi\u0107a \u201e\u017dupanovljeva ne\u017eeljena djeca: ideolo\u0161ko pribli\u017eavanje neoliberala i kr\u0161\u0107anske radikalne desnice u Hrvatskoj\u201c, koji je izazvao odre\u0111ene medijske reakcije. Stevo \u0110ura\u0161kovi\u0107 \u017dupanovljeva ne\u017eeljena djeca: ideolo\u0161ko pribli\u017eavanje neoliberala i kr\u0161\u0107anske radikalne desnice u Hrvatskoj\u2026","rel":"","context":"U &quot;Novosti&quot;","block_context":{"text":"Novosti","link":"https:\/\/historiografija.hr\/?cat=3"},"img":{"alt_text":"","src":"https:\/\/i0.wp.com\/historiografija.hr\/wp-content\/uploads\/2026\/04\/SD.png?fit=809%2C821&ssl=1&resize=350%2C200","width":350,"height":200,"srcset":"https:\/\/i0.wp.com\/historiografija.hr\/wp-content\/uploads\/2026\/04\/SD.png?fit=809%2C821&ssl=1&resize=350%2C200 1x, https:\/\/i0.wp.com\/historiografija.hr\/wp-content\/uploads\/2026\/04\/SD.png?fit=809%2C821&ssl=1&resize=525%2C300 1.5x, https:\/\/i0.wp.com\/historiografija.hr\/wp-content\/uploads\/2026\/04\/SD.png?fit=809%2C821&ssl=1&resize=700%2C400 2x"},"classes":[]},{"id":52578,"url":"https:\/\/historiografija.hr\/?p=52578","url_meta":{"origin":23415,"position":2},"title":"Poziv za sudjelovanje: XXII. Dani Julija Bene\u0161i\u0107a u Iloku","author":"Branimir Jankovi\u0107","date":"21. travnja 2026.","format":false,"excerpt":"Zavod za lingvisti\u010dka istra\u017eivanja Hrvatske akademije znanosti i umjetnosti, zajedno s Muzejom grada Iloka, organizira XXII. Dane Julija Bene\u0161i\u0107a, koji \u0107e se odr\u017eati od 28. do 30. listopada 2026. u Iloku.\u00a0Teme ovogodi\u0161njih Dana podijeljene su u dvije cjeline: Knji\u017eevno-jezikoslovni d\u00ecv\u0101n s Bene\u0161i\u0107em te Ilok i Srijem u povijesnim stalnicama i\u2026","rel":"","context":"U &quot;Novosti&quot;","block_context":{"text":"Novosti","link":"https:\/\/historiografija.hr\/?cat=3"},"img":{"alt_text":"","src":"https:\/\/i0.wp.com\/historiografija.hr\/wp-content\/uploads\/2019\/10\/HE2_Benesic.jpg?fit=413%2C591&ssl=1&resize=350%2C200","width":350,"height":200},"classes":[]},{"id":52589,"url":"https:\/\/historiografija.hr\/?p=52589","url_meta":{"origin":23415,"position":3},"title":"Predstavljena knjiga Miomira \u017du\u017eula &#8220;Dayton: Diplomacija &#8211; druga strana rata&#8221;","author":"Branimir Jankovi\u0107","date":"22. travnja 2026.","format":false,"excerpt":"Knjiga Miomira \u017du\u017eula \u201eDayton: Diplomacija \u2013 druga strana rata\u201d predstavljena je u srijedu, 22. travnja 2026. godine u foajeu Hrvatskoga narodnog kazali\u0161ta u Zagrebu. Op\u0161irnije: https:\/\/vijesti.hrt.hr\/hrvatska\/predstavljena-knjiga-miomira-zuzula-dayton-diplomacija-druga-strana-rata-12683259 https:\/\/www.vecernji.ba\/amp\/vijesti\/zuzulova-knjiga-o-daytonu-predstavljena-u-zagrebu-diplomacija-kao-druga-strana-rata-1953700 https:\/\/www.tportal.hr\/vijesti\/clanak\/bivsi-sanaderov-ministar-odrzao-promociju-evo-tko-je-sve-dosao-na-predstavljanje-knjige-miomira-zuzula-foto-20260422 https:\/\/direktno.hr\/zivot\/kultura\/zuzul-otkrio-sve-o-drugoj-strani-rata-za-hrvatsku-se-nije-libio-povuci-nekoga-i-za-kosu-395042 https:\/\/www.24sata.hr\/news\/miomir-zuzul-predstavio-je-knjigu-o-daytonu-diplomacija-je-bila-druga-strana-rata-1123152 https:\/\/www.vecernji.hr\/kultura\/kolinda-grabar-kitarovic-otvoreno-miomir-zuzul-nije-vukao-samo-za-rukav-nego-i-za-kosu-1953722 https:\/\/www.vecernji.hr\/kultura\/i-papa-lav-xiv-eksplicitno-je-daytonski-sporazum-istaknuo-kao-primjer-uspjesna-rjesavanja-sukoba-1952215","rel":"","context":"U &quot;Novosti&quot;","block_context":{"text":"Novosti","link":"https:\/\/historiografija.hr\/?cat=3"},"img":{"alt_text":"","src":"https:\/\/i0.wp.com\/historiografija.hr\/wp-content\/uploads\/2026\/04\/Dayton.jpg?fit=1024%2C683&ssl=1&resize=350%2C200","width":350,"height":200,"srcset":"https:\/\/i0.wp.com\/historiografija.hr\/wp-content\/uploads\/2026\/04\/Dayton.jpg?fit=1024%2C683&ssl=1&resize=350%2C200 1x, https:\/\/i0.wp.com\/historiografija.hr\/wp-content\/uploads\/2026\/04\/Dayton.jpg?fit=1024%2C683&ssl=1&resize=525%2C300 1.5x, https:\/\/i0.wp.com\/historiografija.hr\/wp-content\/uploads\/2026\/04\/Dayton.jpg?fit=1024%2C683&ssl=1&resize=700%2C400 2x"},"classes":[]},{"id":52520,"url":"https:\/\/historiografija.hr\/?p=52520","url_meta":{"origin":23415,"position":4},"title":"Predstavljanje knjige &#8220;Socialist Economics in Yugoslavia: A Critical History&#8221; u Zagrebu","author":"Branimir Jankovi\u0107","date":"17. travnja 2026.","format":false,"excerpt":"Pozivamo vas na predstavljanje knjige \"Socialist Economics in Yugoslavia: A Critical History\", autora Mislava \u00a0\u017ditka i Marka Grde\u0161i\u0107a (Routledge, 2026). Na predstavljanju \u0107e govoriti Branko Milanovi\u0107 (CUNY), Milica Uvali\u0107 (EUI), Zdravko Petak (FPZG) te autori.\u00a0 Predstavljanje \u0107e se odr\u017eati u srijedu 22. travnja u 16:00 sati na Fakultetu politi\u010dkih znanosti\u2026","rel":"","context":"U &quot;Novosti&quot;","block_context":{"text":"Novosti","link":"https:\/\/historiografija.hr\/?cat=3"},"img":{"alt_text":"","src":"https:\/\/i0.wp.com\/historiografija.hr\/wp-content\/uploads\/2026\/04\/Poziv-na-predstavljanje.png?fit=800%2C652&ssl=1&resize=350%2C200","width":350,"height":200,"srcset":"https:\/\/i0.wp.com\/historiografija.hr\/wp-content\/uploads\/2026\/04\/Poziv-na-predstavljanje.png?fit=800%2C652&ssl=1&resize=350%2C200 1x, https:\/\/i0.wp.com\/historiografija.hr\/wp-content\/uploads\/2026\/04\/Poziv-na-predstavljanje.png?fit=800%2C652&ssl=1&resize=525%2C300 1.5x, https:\/\/i0.wp.com\/historiografija.hr\/wp-content\/uploads\/2026\/04\/Poziv-na-predstavljanje.png?fit=800%2C652&ssl=1&resize=700%2C400 2x"},"classes":[]},{"id":52552,"url":"https:\/\/historiografija.hr\/?p=52552","url_meta":{"origin":23415,"position":5},"title":"Besplatni glazbeni antikvarijat","author":"Branimir Jankovi\u0107","date":"20. travnja 2026.","format":false,"excerpt":"Muzi\u010dka akademija Sveu\u010dili\u0161ta u Zagrebu 23. travnja 2026. od 10 do 17 sati Pozivamo Vas na Besplatni glazbeni antikvarijat, koji u sklopu manifestacije No\u0107 knjige 2026. organizira Hrvatska udruga muzi\u010dkih knji\u017enica, arhiva i dokumentacijskih centara (HUMKAD). Antikvarijat \u0107e se odr\u017eati na Svjetski dan knjige \u2013 u \u010detvrtak 23. travnja 2026.\u2026","rel":"","context":"U &quot;Novosti&quot;","block_context":{"text":"Novosti","link":"https:\/\/historiografija.hr\/?cat=3"},"img":{"alt_text":"","src":"https:\/\/i0.wp.com\/historiografija.hr\/wp-content\/uploads\/2026\/04\/Besplatni-glazbeni-antikvarijat-23.-4.-2026.jpg?fit=1200%2C848&ssl=1&resize=350%2C200","width":350,"height":200,"srcset":"https:\/\/i0.wp.com\/historiografija.hr\/wp-content\/uploads\/2026\/04\/Besplatni-glazbeni-antikvarijat-23.-4.-2026.jpg?fit=1200%2C848&ssl=1&resize=350%2C200 1x, https:\/\/i0.wp.com\/historiografija.hr\/wp-content\/uploads\/2026\/04\/Besplatni-glazbeni-antikvarijat-23.-4.-2026.jpg?fit=1200%2C848&ssl=1&resize=525%2C300 1.5x, https:\/\/i0.wp.com\/historiografija.hr\/wp-content\/uploads\/2026\/04\/Besplatni-glazbeni-antikvarijat-23.-4.-2026.jpg?fit=1200%2C848&ssl=1&resize=700%2C400 2x, https:\/\/i0.wp.com\/historiografija.hr\/wp-content\/uploads\/2026\/04\/Besplatni-glazbeni-antikvarijat-23.-4.-2026.jpg?fit=1200%2C848&ssl=1&resize=1050%2C600 3x"},"classes":[]}],"_links":{"self":[{"href":"https:\/\/historiografija.hr\/index.php?rest_route=\/wp\/v2\/posts\/23415","targetHints":{"allow":["GET"]}}],"collection":[{"href":"https:\/\/historiografija.hr\/index.php?rest_route=\/wp\/v2\/posts"}],"about":[{"href":"https:\/\/historiografija.hr\/index.php?rest_route=\/wp\/v2\/types\/post"}],"author":[{"embeddable":true,"href":"https:\/\/historiografija.hr\/index.php?rest_route=\/wp\/v2\/users\/2"}],"replies":[{"embeddable":true,"href":"https:\/\/historiografija.hr\/index.php?rest_route=%2Fwp%2Fv2%2Fcomments&post=23415"}],"version-history":[{"count":1,"href":"https:\/\/historiografija.hr\/index.php?rest_route=\/wp\/v2\/posts\/23415\/revisions"}],"predecessor-version":[{"id":23417,"href":"https:\/\/historiografija.hr\/index.php?rest_route=\/wp\/v2\/posts\/23415\/revisions\/23417"}],"wp:featuredmedia":[{"embeddable":true,"href":"https:\/\/historiografija.hr\/index.php?rest_route=\/wp\/v2\/media\/23416"}],"wp:attachment":[{"href":"https:\/\/historiografija.hr\/index.php?rest_route=%2Fwp%2Fv2%2Fmedia&parent=23415"}],"wp:term":[{"taxonomy":"category","embeddable":true,"href":"https:\/\/historiografija.hr\/index.php?rest_route=%2Fwp%2Fv2%2Fcategories&post=23415"},{"taxonomy":"post_tag","embeddable":true,"href":"https:\/\/historiografija.hr\/index.php?rest_route=%2Fwp%2Fv2%2Ftags&post=23415"}],"curies":[{"name":"wp","href":"https:\/\/api.w.org\/{rel}","templated":true}]}}