{"id":23391,"date":"2020-10-30T09:15:18","date_gmt":"2020-10-30T09:15:18","guid":{"rendered":"http:\/\/historiografija.hr\/?p=23391"},"modified":"2020-10-30T09:15:18","modified_gmt":"2020-10-30T09:15:18","slug":"izlozba-prica-o-nezaboravu-ostavstina-hermanna-weissmanna-u-muzejskim-ustanovama-osijeka","status":"publish","type":"post","link":"https:\/\/historiografija.hr\/?p=23391","title":{"rendered":"Izlo\u017eba \u201cPri\u010da o nezaboravu \u2013 Ostav\u0161tina Hermanna Weissmanna u muzejskim ustanovama Osijeka\u201d"},"content":{"rendered":"\n<p>Dugo najavljivana izlo\u017eba \u201cPri\u010da o nezaboravu \u2013 ostav\u0161tina Hermanna Weissmanna u muzejskim ustanovama Osijeka\u201d (o \u017eivotu osje\u010dkog odvjetnika i kolekcionara) otvorena je u \u010detvrtak 29. listopada 2020. u Muzeju Slavonije u Osijeku.<\/p>\n\n\n\n<p>Grad Osijek u suradnji s nizom europskih gradova i kulturnih institucija uklju\u010duje se u projekt Rediscover, expose and exploit the concealed Jewish heritage ofthe Danube Region\/ Ponovo otkriti, izlo\u017eiti i iskoristiti skrivenu \u017eidovsku ba\u0161tinu, s ciljem otkrivanja skrivenih potencijala u \u017eidovskom kulturnom bogatstvu, njezine tradicijske ba\u0161tine, svakodnevice, ostav\u0161tine poznatih i priznatih pojedinaca. Muzej Slavonije prepoznao je mogu\u0107nost prezentacije vrijedne ostav\u0161tine dr. Hermanna Weissmanna te u \u010detvrtak predstavlja izlo\u017ebeni i izdava\u010dki projekt u sklopu kojega \u0107e se <em>predstaviti vrijedna kulturno-povijesna zbirka poznatog Osje\u010danina, ali i ispripovjedati zanimljiva obiteljska pri\u010da.<\/em> Ministarstvo kulture tako\u0111er je, uz Grad Osijek, podr\u017ealo muzejsku inicijativu.<\/p>\n\n\n\n<p>Ovaj vrijedan projekt rezultat je suradnje istra\u017eiva\u010dkog tima u kojemu se nalaze <em>Branislav Mili\u010di\u0107, Grgur Marko Ivankovi\u0107, Andreja \u0160imi\u010di\u0107 i Marina Vinaj, Ivan Roth, Martina Gavran \u0160pani\u010dek, Gabrijela Bari\u010di\u0107 i Ivana Kne\u017eevi\u0107 Kri\u017ei\u0107<\/em>. Projekt je realiziran uz svesrdnu pomo\u0107 \u017didovske op\u0107ine Osijek te dr. sc. Ljiljane Dobrov\u0161ak s Instituta Ivo Pilar.<\/p>\n\n\n\n<p>Prigodno, u 09:00 sati predvi\u0111ena je tiskovna konferencija za predstavnike medija, nakon koje od 10:00 do 18:00 sati posjetitelji mogu u\u017eivati u otvorenju izlo\u017ebe predvi\u0111enom kao cjelodnevno doga\u0111anje. U pratnji posjetitelja biti \u0107e autori izlo\u017ebe.<\/p>\n\n\n\n<p>Tako\u0111er, od \u010detvrtka 29. listopada 2020. Muzej Slavonije ugo\u0161\u0107uje izlo\u017ebu<em> Pri\u010de \u017didova,<\/em> drugu izlo\u017ebu koju postavlja kolektiv <em>Muzeja osobnih pri\u010da.<\/em> Rije\u010d je o dru\u0161tveno anga\u017eiranom triptihu koji je gra\u0111en od portreta 26 \u010dlanova \u017didovske op\u0107ine Osijek s njihovim osobnim narativima koji se mogu vidjeti na televizijskom prijemniku postavljenom u centralni prostor&nbsp; uz vedute osje\u010dke arhitekture, fotografije zgrada \u010diji su vlasnici bili &nbsp;\u017didovi. Izlo\u017eba tematizira nestajanje jedne male zajednice \u010diji su narativi zapisani kao osobna svjedo\u010danstva.<\/p>\n\n\n\n<p>Pri\u010de \u017didova predstavljaju branu od brisanja prisutnosti.<\/p>\n\n\n\n<p>Pri\u010de \u017didova predstavljaju branu od brisanja prisutnosti. Isticanje osobnih sje\u0107anja otvara va\u017enost iskustva pojedinaca koji progovaraju o svojem odrastanju u Osijeku, susretanju s predrasudama, holokaustom, ali i o svojem doprinosu obrani grada u vrijeme Domovinskog rata, znanosti,&nbsp; medicini, kulturi.<\/p>\n\n\n\n<p>U fotografijama Jasenka Rasola osje\u0107a se subjektivni do\u017eivljaj nestajanja osje\u010dke \u017eidovske zajednice i fizi\u010dko uklanjanje zgrada u vlasni\u0161tvu osje\u010dkih \u017didova uz razumijevanje da je u pro\u0161losti bilo i prelako i pre\u0161utno organizirano izbrisati tisu\u0107e \u017eivota i njihov zna\u010daj. To brisanje nisu samo napravili usta\u0161e i Nijemci u vrijeme Drugog svjetskog rata nego i nakon njega komunisti\u010dka vlast koja je rijetkim pre\u017eivjelim \u017didovima oduzimala imovinu i nerijetko ih progla\u0161avala neprijateljima poretka. Izlo\u017eba je nastala u suradnji autorskog tima \u2013&nbsp; Martina Globo\u010dnik, Morana Komljenovi\u0107, Jasenko Rasol Miroslav Sikavica, Dra\u017een \u017derjav uz asistenciju Igora Kuduza.<\/p>\n\n\n\n<p>Obje izlo\u017ebe biti \u0107e otvorene do prosinca 2020. godine, a mo\u0107i \u0107e se posjetiti od utorka do subote u radnom vremenu od 10:00 do 18:00 sati. Molimo drage posjetitelje da prilikom posjete Muzeju Slavonije uva\u017eavaju smjernicama za spre\u010davanje \u0161irenja Covid-19.<\/p>\n\n\n\n<p>Izvor:<\/p>\n\n\n\n<figure class=\"wp-block-embed-wordpress wp-block-embed is-type-wp-embed is-provider-muzej-slavonije\"><div class=\"wp-block-embed__wrapper\">\nhttps:\/\/mso.hr\/?tribe_events=otvorenje-izlozbe-prica-o-nezaboravu-ostavstina-hermanna-weissmanna-u-muzejskim-ustanovama-osijeka\n<\/div><\/figure>\n\n\n\n<hr class=\"wp-block-separator\"\/>\n","protected":false},"excerpt":{"rendered":"","protected":false},"author":2,"featured_media":23392,"comment_status":"open","ping_status":"open","sticky":false,"template":"","format":"standard","meta":{"_acf_changed":false,"jetpack_post_was_ever_published":false,"_jetpack_newsletter_access":"","_jetpack_dont_email_post_to_subs":false,"_jetpack_newsletter_tier_id":0,"_jetpack_memberships_contains_paywalled_content":false,"_jetpack_memberships_contains_paid_content":false,"footnotes":"","jetpack_publicize_message":"","jetpack_publicize_feature_enabled":true,"jetpack_social_post_already_shared":true,"jetpack_social_options":{"image_generator_settings":{"template":"highway","default_image_id":0,"font":"","enabled":false},"version":2}},"categories":[10,3],"tags":[],"class_list":["post-23391","post","type-post","status-publish","format-standard","has-post-thumbnail","hentry","category-izlozbe","category-novosti"],"acf":{"facebook_opis":""},"jetpack_publicize_connections":[],"jetpack_featured_media_url":"https:\/\/i0.wp.com\/historiografija.hr\/wp-content\/uploads\/2020\/10\/Weissmannn.png?fit=940%2C788&ssl=1","jetpack_sharing_enabled":true,"jetpack-related-posts":[{"id":52760,"url":"https:\/\/historiografija.hr\/?p=52760","url_meta":{"origin":23391,"position":0},"title":"Izlo\u017eba \u201cLo\u0161injski brodovi, njihove zastave i ljudi\u201d, 4. svibnja u 19h","author":"Filip \u0160imunjak","date":"30. travnja 2026.","format":false,"excerpt":"Hrvatski pomorski muzej Split, Glagolja\u0161a 18 (Tvr\u0111ava Gripe) Nakon \u0161to je u rujnu 2025. godine na otoku Lo\u0161inju, u suradnji Lo\u0161injskog muzeja i Hrvatskog pomorskog muzeja Split, predstavljena izlo\u017eba posve\u0107ena bogatoj pomorskoj ba\u0161tini otoka, njezino pro\u0161ireno izdanje postavlja se u Splitu. Uo\u010di blagdana svetog Dujma splitskoj \u0107e se publici predstaviti\u2026","rel":"","context":"U &quot;Izlo\u017ebe&quot;","block_context":{"text":"Izlo\u017ebe","link":"https:\/\/historiografija.hr\/?cat=10"},"img":{"alt_text":"","src":"https:\/\/i0.wp.com\/historiografija.hr\/wp-content\/uploads\/2026\/04\/Losinjski-brodovi-Izlozba-1-scaled.webp?fit=840%2C1200&ssl=1&resize=350%2C200","width":350,"height":200,"srcset":"https:\/\/i0.wp.com\/historiografija.hr\/wp-content\/uploads\/2026\/04\/Losinjski-brodovi-Izlozba-1-scaled.webp?fit=840%2C1200&ssl=1&resize=350%2C200 1x, https:\/\/i0.wp.com\/historiografija.hr\/wp-content\/uploads\/2026\/04\/Losinjski-brodovi-Izlozba-1-scaled.webp?fit=840%2C1200&ssl=1&resize=525%2C300 1.5x, https:\/\/i0.wp.com\/historiografija.hr\/wp-content\/uploads\/2026\/04\/Losinjski-brodovi-Izlozba-1-scaled.webp?fit=840%2C1200&ssl=1&resize=700%2C400 2x"},"classes":[]},{"id":52511,"url":"https:\/\/historiografija.hr\/?p=52511","url_meta":{"origin":23391,"position":1},"title":"Izlo\u017eba &#8220;Lica Sljemena&#8221;","author":"Branimir Jankovi\u0107","date":"17. travnja 2026.","format":false,"excerpt":"Srda\u010dno vas pozivamo na otvorenje izlo\u017ebe Lica Sljemena koje \u0107e se odr\u017eati u srijedu 22. travnja 2026. u 18 h ispred Muzeja Prigorja (Trg Dragutina Domjani\u0107a 5, Sesvete). Izlo\u017eba proizlazi iz istra\u017eivanja Nevene \u0160krbi\u0107 Alempijevi\u0107, Petre Kelemen i Sanje Potkonjak te intervjua sa Sljemena\u0161icama i Sljemena\u0161ima, koji su provedeni u\u2026","rel":"","context":"U &quot;Izlo\u017ebe&quot;","block_context":{"text":"Izlo\u017ebe","link":"https:\/\/historiografija.hr\/?cat=10"},"img":{"alt_text":"","src":"https:\/\/i0.wp.com\/historiografija.hr\/wp-content\/uploads\/2026\/04\/Izlozba-Lica-Sljemena.png?fit=1080%2C686&ssl=1&resize=350%2C200","width":350,"height":200,"srcset":"https:\/\/i0.wp.com\/historiografija.hr\/wp-content\/uploads\/2026\/04\/Izlozba-Lica-Sljemena.png?fit=1080%2C686&ssl=1&resize=350%2C200 1x, https:\/\/i0.wp.com\/historiografija.hr\/wp-content\/uploads\/2026\/04\/Izlozba-Lica-Sljemena.png?fit=1080%2C686&ssl=1&resize=525%2C300 1.5x, https:\/\/i0.wp.com\/historiografija.hr\/wp-content\/uploads\/2026\/04\/Izlozba-Lica-Sljemena.png?fit=1080%2C686&ssl=1&resize=700%2C400 2x, https:\/\/i0.wp.com\/historiografija.hr\/wp-content\/uploads\/2026\/04\/Izlozba-Lica-Sljemena.png?fit=1080%2C686&ssl=1&resize=1050%2C600 3x"},"classes":[]},{"id":52575,"url":"https:\/\/historiografija.hr\/?p=52575","url_meta":{"origin":23391,"position":2},"title":"Izlo\u017eba dje\u010djih radova \u201cU po\u010detku bija\u0161e crte\u017e\u2026\u201d","author":"Branimir Jankovi\u0107","date":"21. travnja 2026.","format":false,"excerpt":"U subotu, 25. travnja 2026. u 11 sati u Galeriji Klovi\u0107evi dvori sve\u010dano otvaramo izlo\u017ebu dje\u010djih radova pod nazivom U po\u010detku bija\u0161e crte\u017e\u2026 Radovi su nastali u sklopu likovnih radionica uz izlo\u017ebu U po\u010detku bija\u0161e kraljevstvo \u2013 izlo\u017eba povodom 1100 godina Hrvatskoga Kraljevstva. Na brojnim likovnim radionicama, uz \u0161kolsku djecu,\u2026","rel":"","context":"U &quot;Izlo\u017ebe&quot;","block_context":{"text":"Izlo\u017ebe","link":"https:\/\/historiografija.hr\/?cat=10"},"img":{"alt_text":"","src":"https:\/\/i0.wp.com\/historiografija.hr\/wp-content\/uploads\/2025\/10\/Klovicevi_sluzbeni-plakat.png?fit=840%2C1200&ssl=1&resize=350%2C200","width":350,"height":200,"srcset":"https:\/\/i0.wp.com\/historiografija.hr\/wp-content\/uploads\/2025\/10\/Klovicevi_sluzbeni-plakat.png?fit=840%2C1200&ssl=1&resize=350%2C200 1x, https:\/\/i0.wp.com\/historiografija.hr\/wp-content\/uploads\/2025\/10\/Klovicevi_sluzbeni-plakat.png?fit=840%2C1200&ssl=1&resize=525%2C300 1.5x, https:\/\/i0.wp.com\/historiografija.hr\/wp-content\/uploads\/2025\/10\/Klovicevi_sluzbeni-plakat.png?fit=840%2C1200&ssl=1&resize=700%2C400 2x"},"classes":[]},{"id":52505,"url":"https:\/\/historiografija.hr\/?p=52505","url_meta":{"origin":23391,"position":3},"title":"Izlo\u017eba &#8220;Eschenstock \/ Jasenov prut&#8221;","author":"Branimir Jankovi\u0107","date":"17. travnja 2026.","format":false,"excerpt":"Srpsko narodno vije\u0107e (SNV) i Vizura aperta postavljaju izlo\u017ebu \u0161vicarskog slikara Velimira Ili\u0161evi\u0107a: Eschenstock \/ Jasenov prut. Izlo\u017eba se uz prisustvo autora otvara povodom 81. godi\u0161njice proboja logora\u0161a iz usta\u0161kog logora smrti Jasenovac 22. aprila 2026. u 19 sati u Srpskom kulturnom centru (SKC) u Preradovi\u0107evoj ulici 21 u Zagrebu.\u2026","rel":"","context":"U &quot;Izlo\u017ebe&quot;","block_context":{"text":"Izlo\u017ebe","link":"https:\/\/historiografija.hr\/?cat=10"},"img":{"alt_text":"","src":"https:\/\/i0.wp.com\/historiografija.hr\/wp-content\/uploads\/2026\/04\/Jasenov_prut.jpg?fit=1024%2C640&ssl=1&resize=350%2C200","width":350,"height":200,"srcset":"https:\/\/i0.wp.com\/historiografija.hr\/wp-content\/uploads\/2026\/04\/Jasenov_prut.jpg?fit=1024%2C640&ssl=1&resize=350%2C200 1x, https:\/\/i0.wp.com\/historiografija.hr\/wp-content\/uploads\/2026\/04\/Jasenov_prut.jpg?fit=1024%2C640&ssl=1&resize=525%2C300 1.5x, https:\/\/i0.wp.com\/historiografija.hr\/wp-content\/uploads\/2026\/04\/Jasenov_prut.jpg?fit=1024%2C640&ssl=1&resize=700%2C400 2x"},"classes":[]},{"id":52613,"url":"https:\/\/historiografija.hr\/?p=52613","url_meta":{"origin":23391,"position":4},"title":"No\u0107 knjige u Hrvatskom dr\u017eavnom arhivu","author":"Branimir Jankovi\u0107","date":"22. travnja 2026.","format":false,"excerpt":"Predstavljanje knjige Rajke Bu\u0107in \u201dLije\u010denje i zbrinjavanje \u017didova u Bolnici sestara milosrdnica u Zagrebu 1941. \u2013 1945.\u201d u \u010detvrtak, 23. travnja 2026. u 13 sati u Hrvatskom dr\u017eavnom arhivu u Zagrebu. Izvor: https:\/\/www.arhiv.hr\/hr-hr\/Kulturno-prosvjetne-aktivnosti\/ArticleId\/1986\/oamid\/1633","rel":"","context":"U &quot;Novosti&quot;","block_context":{"text":"Novosti","link":"https:\/\/historiografija.hr\/?cat=3"},"img":{"alt_text":"","src":"https:\/\/i0.wp.com\/historiografija.hr\/wp-content\/uploads\/2026\/04\/noc_knjige_2026.jpg?fit=680%2C276&ssl=1&resize=350%2C200","width":350,"height":200,"srcset":"https:\/\/i0.wp.com\/historiografija.hr\/wp-content\/uploads\/2026\/04\/noc_knjige_2026.jpg?fit=680%2C276&ssl=1&resize=350%2C200 1x, https:\/\/i0.wp.com\/historiografija.hr\/wp-content\/uploads\/2026\/04\/noc_knjige_2026.jpg?fit=680%2C276&ssl=1&resize=525%2C300 1.5x"},"classes":[]},{"id":52675,"url":"https:\/\/historiografija.hr\/?p=52675","url_meta":{"origin":23391,"position":5},"title":"Predstavljanje knjige Luke Peji\u0107a &#8220;U taboru anarhista: \u017divot Ivana Zeppa&#8221; u Osijeku","author":"Branimir Jankovi\u0107","date":"27. travnja 2026.","format":false,"excerpt":"U \u010detvrtak, 30. travnja 2026.\u00a0u\u00a019.00 sati\u00a0u Klubu knji\u017eare Nova\u00a0(Trg Ante Star\u010devi\u0107a 4, Osijek) odr\u017eat \u0107e se predstavljanje nove knjige Luke Peji\u0107a U taboru anarhista: \u017divot Ivana Zeppa (DAF, 2025.). Uz autora o knjizi \u0107e govoriti recenzent i povjesni\u010dar Nikola Toma\u0161egovi\u0107 te povjesni\u010darka Ana Rajkovi\u0107 Peji\u0107. Razgovor \u0107e moderirati doktorandica\u00a0Valentina Kezi\u0107.\u2026","rel":"","context":"U &quot;Novosti&quot;","block_context":{"text":"Novosti","link":"https:\/\/historiografija.hr\/?cat=3"},"img":{"alt_text":"","src":"https:\/\/i0.wp.com\/historiografija.hr\/wp-content\/uploads\/2025\/11\/Pejic.jpg?fit=574%2C790&ssl=1&resize=350%2C200","width":350,"height":200,"srcset":"https:\/\/i0.wp.com\/historiografija.hr\/wp-content\/uploads\/2025\/11\/Pejic.jpg?fit=574%2C790&ssl=1&resize=350%2C200 1x, https:\/\/i0.wp.com\/historiografija.hr\/wp-content\/uploads\/2025\/11\/Pejic.jpg?fit=574%2C790&ssl=1&resize=525%2C300 1.5x"},"classes":[]}],"_links":{"self":[{"href":"https:\/\/historiografija.hr\/index.php?rest_route=\/wp\/v2\/posts\/23391","targetHints":{"allow":["GET"]}}],"collection":[{"href":"https:\/\/historiografija.hr\/index.php?rest_route=\/wp\/v2\/posts"}],"about":[{"href":"https:\/\/historiografija.hr\/index.php?rest_route=\/wp\/v2\/types\/post"}],"author":[{"embeddable":true,"href":"https:\/\/historiografija.hr\/index.php?rest_route=\/wp\/v2\/users\/2"}],"replies":[{"embeddable":true,"href":"https:\/\/historiografija.hr\/index.php?rest_route=%2Fwp%2Fv2%2Fcomments&post=23391"}],"version-history":[{"count":1,"href":"https:\/\/historiografija.hr\/index.php?rest_route=\/wp\/v2\/posts\/23391\/revisions"}],"predecessor-version":[{"id":23393,"href":"https:\/\/historiografija.hr\/index.php?rest_route=\/wp\/v2\/posts\/23391\/revisions\/23393"}],"wp:featuredmedia":[{"embeddable":true,"href":"https:\/\/historiografija.hr\/index.php?rest_route=\/wp\/v2\/media\/23392"}],"wp:attachment":[{"href":"https:\/\/historiografija.hr\/index.php?rest_route=%2Fwp%2Fv2%2Fmedia&parent=23391"}],"wp:term":[{"taxonomy":"category","embeddable":true,"href":"https:\/\/historiografija.hr\/index.php?rest_route=%2Fwp%2Fv2%2Fcategories&post=23391"},{"taxonomy":"post_tag","embeddable":true,"href":"https:\/\/historiografija.hr\/index.php?rest_route=%2Fwp%2Fv2%2Ftags&post=23391"}],"curies":[{"name":"wp","href":"https:\/\/api.w.org\/{rel}","templated":true}]}}