{"id":23373,"date":"2020-10-29T12:55:20","date_gmt":"2020-10-29T12:55:20","guid":{"rendered":"http:\/\/historiografija.hr\/?p=23373"},"modified":"2020-11-07T17:56:54","modified_gmt":"2020-11-07T17:56:54","slug":"miroslav-akmadza-franjo-kuharic-kardinal-i-vlast","status":"publish","type":"post","link":"https:\/\/historiografija.hr\/?p=23373","title":{"rendered":"Miroslav Akmad\u017ea, \u201cFranjo Kuhari\u0107: kardinal i vlast\u201d"},"content":{"rendered":"\n<p>U izdanju Profila iz Zagreba upravo je pred izlaskom knjiga povjesni\u010dara Miroslava Akmad\u017ee \u201cFranjo Kuhari\u0107: kardinal i vlast\u201d koja je ve\u0107 izazvala pozornost javnosti.<\/p>\n\n\n\n<p>&#8212;<\/p>\n\n\n\n<p>Miroslav Akmad\u017ea<\/p>\n\n\n\n<p><strong>Franjo Kuhari\u0107: kardinal i vlast<\/strong><\/p>\n\n\n\n<p>Zagreb: Profil knjiga, 2020., 608 str.<\/p>\n\n\n\n<p>Zagreba\u010dki nadbiskup kardinal Franjo Kuhari\u0107 bio je jedna od najva\u017enijih li\u010dnosti novije hrvatske povijesti, i to u dva klju\u010dna razdoblja, u doba komunisti\u010dke vlasti i potom u razdoblju samostalne Hrvatske. Iz pozadine, ne mije\u0161aju\u0107i se izravno u konkretne politi\u010dke doga\u0111aje i procese, jako je utjecao na politi\u010dki i dru\u0161tveni razvoj Hrvatske i na to kakva je Hrvatska danas.<\/p>\n\n\n\n<p>Za\u010dudo, o toj njegovoj ulozi i za njegova \u017eivota, ali i nakon njegove smrti vrlo se malo pisalo, pa do danas nije bilo ni jedne relevantne knjige koja bi se time bavila. Ova knjiga povjesni\u010dara Miroslava Akmad\u017ee to u potpunosti mijenja. Autor je desetlje\u0107ima prou\u010davao \u017eivot i djelovanje kardinala Kuhari\u0107a i tijekom svojeg istra\u017eivanja dobio uvid u tri fascinantna izvora. (Profil)<\/p>\n\n\n\n<hr class=\"wp-block-separator\"\/>\n\n\n\n<p><strong>Iz<\/strong> <strong>medija:<\/strong><\/p>\n\n\n\n<p><a href=\"https:\/\/www.telegram.hr\/price\/uskoro-stize-knjiga-koja-najopseznije-dosad-rekonstruira-zivot-i-karijeru-nadbiskupa-franje-kuharica-imamo-detalje\/\">https:\/\/www.telegram.hr\/price\/uskoro-stize-knjiga-koja-najopseznije-dosad-rekonstruira-zivot-i-karijeru-nadbiskupa-franje-kuharica-imamo-detalje\/<\/a><\/p>\n\n\n\n<p><a href=\"https:\/\/www.telegram.hr\/price\/prvi-put-objavljeni-privatni-kuharicevi-dnevnici-kako-je-kardinal-pokusavao-odgovoriti-tudmana-od-podjele-bih\/\">https:\/\/www.telegram.hr\/price\/prvi-put-objavljeni-privatni-kuharicevi-dnevnici-kako-je-kardinal-pokusavao-odgovoriti-tudmana-od-podjele-bih\/<\/a><\/p>\n\n\n\n<figure class=\"wp-block-embed-wordpress wp-block-embed is-type-wp-embed is-provider-bitno-net\"><div class=\"wp-block-embed__wrapper\">\n<blockquote class=\"wp-embedded-content\" data-secret=\"t58D4aanT5\"><a href=\"https:\/\/www.bitno.net\/vijesti\/kako-je-nadbiskup-kuharic-pred-tuziteljem-blazevicem-branio-kardinala-stepinca\/\">Kako je nadbiskup Kuhari\u0107 pred tu\u017eiteljem Bla\u017eevi\u0107em branio kardinala Stepinca<\/a><\/blockquote><iframe loading=\"lazy\" class=\"wp-embedded-content\" sandbox=\"allow-scripts\" security=\"restricted\" style=\"position: absolute; clip: rect(1px, 1px, 1px, 1px);\" title=\"&#8220;Kako je nadbiskup Kuhari\u0107 pred tu\u017eiteljem Bla\u017eevi\u0107em branio kardinala Stepinca&#8221; &#8212; Bitno.net\" src=\"https:\/\/www.bitno.net\/vijesti\/kako-je-nadbiskup-kuharic-pred-tuziteljem-blazevicem-branio-kardinala-stepinca\/embed\/#?secret=t58D4aanT5\" data-secret=\"t58D4aanT5\" width=\"600\" height=\"338\" frameborder=\"0\" marginwidth=\"0\" marginheight=\"0\" scrolling=\"no\"><\/iframe>\n<\/div><\/figure>\n\n\n\n<p><a href=\"https:\/\/avaz.ba\/vijesti\/bih\/603620\/kardinal-kuharic-pokusavao-odgovoriti-tudmana-od-podjele-bih\">https:\/\/avaz.ba\/vijesti\/bih\/603620\/kardinal-kuharic-pokusavao-odgovoriti-tudmana-od-podjele-bih<\/a><\/p>\n\n\n\n<hr class=\"wp-block-separator\"\/>\n\n\n\n<p><a href=\"https:\/\/www.telegram.hr\/price\/dnevnici-kardinala-kuharica-cvrsto-dokazuju-istocni-grijeh-politike-predsjednika-tudmana\/\">https:\/\/www.telegram.hr\/price\/dnevnici-kardinala-kuharica-cvrsto-dokazuju-istocni-grijeh-politike-predsjednika-tudmana\/<\/a><\/p>\n\n\n\n<p><a href=\"https:\/\/www.vecernji.hr\/vijesti\/kuharic-tudmanu-politicki-angazman-biskupa-nije-moguc-jer-je-to-kontraproduktivno-1442968\">https:\/\/www.vecernji.hr\/vijesti\/kuharic-tudmanu-politicki-angazman-biskupa-nije-moguc-jer-je-to-kontraproduktivno-1442968<\/a><\/p>\n\n\n\n<p><a href=\"https:\/\/www.jutarnji.hr\/vijesti\/hrvatska\/bio-je-antikomunist-zauzimao-se-za-proljecare-a-jednog-politicara-90-ih-je-ostro-kritizirao-15028908\">https:\/\/www.jutarnji.hr\/vijesti\/hrvatska\/bio-je-antikomunist-zauzimao-se-za-proljecare-a-jednog-politicara-90-ih-je-ostro-kritizirao-15028908<\/a><\/p>\n\n\n\n<p><a href=\"https:\/\/www.jutarnji.hr\/vijesti\/hrvatska\/sto-je-kuharic-zamjerao-tudmanu-i-zasto-je-odbio-blagosloviti-oltar-domovine-na-medvedgradu-15000836\">https:\/\/www.jutarnji.hr\/vijesti\/hrvatska\/sto-je-kuharic-zamjerao-tudmanu-i-zasto-je-odbio-blagosloviti-oltar-domovine-na-medvedgradu-15000836<\/a><\/p>\n\n\n\n<p><a href=\"https:\/\/www.jutarnji.hr\/globus\/politika\/kardinalov-biograf-kuharic-bi-da-je-ziv-bio-ogorcen-sto-papa-jos-nije-kanonizirao-stepinca-15001342\">https:\/\/www.jutarnji.hr\/globus\/politika\/kardinalov-biograf-kuharic-bi-da-je-ziv-bio-ogorcen-sto-papa-jos-nije-kanonizirao-stepinca-15001342<\/a><\/p>\n\n\n\n<p><a href=\"https:\/\/magazin.hrt.hr\/672525\/stize-biografija-kardinala-franje-kuharica\">https:\/\/magazin.hrt.hr\/672525\/stize-biografija-kardinala-franje-kuharica<\/a><\/p>\n\n\n\n<figure class=\"wp-block-embed-wordpress wp-block-embed is-type-wp-embed is-provider-ika\"><div class=\"wp-block-embed__wrapper\">\n<iframe loading=\"lazy\" class=\"wp-embedded-content\" sandbox=\"allow-scripts\" security=\"restricted\" title=\"&#8220;Objavljena knjiga dr. Miroslava Akmad\u017ee &#8211; \u201eFranjo Kuhari\u0107. Kardinal i vlast\u201d&#8221; &#8212; IKA\" src=\"https:\/\/ika.hkm.hr\/novosti\/objavljena-knjiga-dr-miroslava-akmadze-franjo-kuharic-kardinal-i-vlast\/embed\/#?secret=rIGY3E9jcn\" data-secret=\"rIGY3E9jcn\" width=\"600\" height=\"338\" frameborder=\"0\" marginwidth=\"0\" marginheight=\"0\" scrolling=\"no\"><\/iframe>\n<\/div><\/figure>\n\n\n\n<figure class=\"wp-block-embed-wordpress wp-block-embed is-type-wp-embed is-provider-ika\"><div class=\"wp-block-embed__wrapper\">\n<iframe loading=\"lazy\" class=\"wp-embedded-content\" sandbox=\"allow-scripts\" security=\"restricted\" title=\"&#8220;Dr. Akmad\u017ea za HKR: Kardinal Kuhari\u0107 je na\u0161 Wojtyla&#8221; &#8212; IKA\" src=\"https:\/\/ika.hkm.hr\/novosti\/dr-akmadza-za-hkr-kardinal-kuharic-je-nas-wojtyla\/embed\/#?secret=UBTsLh02sh\" data-secret=\"UBTsLh02sh\" width=\"600\" height=\"338\" frameborder=\"0\" marginwidth=\"0\" marginheight=\"0\" scrolling=\"no\"><\/iframe>\n<\/div><\/figure>\n\n\n\n<p><a href=\"https:\/\/www.delo.si\/mnenja\/kolumne\/takrat-sem-vedel-da-mu-je-odpustil\/\">https:\/\/www.delo.si\/mnenja\/kolumne\/takrat-sem-vedel-da-mu-je-odpustil\/<\/a><\/p>\n\n\n\n<hr class=\"wp-block-separator\"\/>\n","protected":false},"excerpt":{"rendered":"","protected":false},"author":2,"featured_media":23374,"comment_status":"open","ping_status":"open","sticky":false,"template":"","format":"standard","meta":{"_acf_changed":false,"jetpack_post_was_ever_published":false,"_jetpack_newsletter_access":"","_jetpack_dont_email_post_to_subs":false,"_jetpack_newsletter_tier_id":0,"_jetpack_memberships_contains_paywalled_content":false,"_jetpack_memberships_contains_paid_content":false,"footnotes":"","jetpack_publicize_message":"","jetpack_publicize_feature_enabled":true,"jetpack_social_post_already_shared":true,"jetpack_social_options":{"image_generator_settings":{"template":"highway","default_image_id":0,"font":"","enabled":false},"version":2}},"categories":[8,3],"tags":[],"class_list":["post-23373","post","type-post","status-publish","format-standard","has-post-thumbnail","hentry","category-knjige","category-novosti"],"acf":{"facebook_opis":""},"jetpack_publicize_connections":[],"jetpack_featured_media_url":"https:\/\/i0.wp.com\/historiografija.hr\/wp-content\/uploads\/2020\/10\/naslovnica-Akmadza.png?fit=769%2C543&ssl=1","jetpack_sharing_enabled":true,"jetpack-related-posts":[{"id":52631,"url":"https:\/\/historiografija.hr\/?p=52631","url_meta":{"origin":23373,"position":0},"title":"Predavanje Ivana Tepe\u0161a: Djelovanje hrvatske politi\u010dke emigracije","author":"Branimir Jankovi\u0107","date":"23. travnja 2026.","format":false,"excerpt":"Odjel za me\u0111unarodnu suradnju i iseljeni\u0161tvo Matice hrvatske Predavanje Ivana Tepe\u0161a: Djelovanje hrvatske politi\u010dke emigracije Utorak, 28. travnja 2026. u 18:00 sati, Dvorana Ljudevita Jonkea (Mala dvorana MH), Strossmayerov trg 4, Zagreb dr. sc. Ivan Tepe\u0161, Institut za istra\u017eivanje migracija Hrvatska politi\u010dka emigracija obilje\u017eila je polustoljetnu hrvatsku povijest u drugoj\u2026","rel":"","context":"U &quot;Novosti&quot;","block_context":{"text":"Novosti","link":"https:\/\/historiografija.hr\/?cat=3"},"img":{"alt_text":"","src":"","width":0,"height":0},"classes":[]},{"id":52499,"url":"https:\/\/historiografija.hr\/?p=52499","url_meta":{"origin":23373,"position":1},"title":"POTPISAN UGOVOR O ZNANSTVENO-ISTRA\u017dIVA\u010cKOJ SURADNJI: PROJEKT \u201eTEMELJI HRVATSKE SAMOSTALNOSTI\u201d","author":"Branimir Jankovi\u0107","date":"17. travnja 2026.","format":false,"excerpt":"Hrvatski institut za povijest, Sveu\u010dili\u0161te obrane i sigurnosti \u201eDr. Franjo Tu\u0111man\u201d, Institut dru\u0161tvenih znanosti Ivo Pilar i Hrvatski dr\u017eavni arhiv\u00a0potpisali su 23. o\u017eujka 2026.\u00a0Ugovor o znanstveno-istra\u017eiva\u010dkoj suradnji s ciljem provedbe projekta \u201eTemelji hrvatske samostalnosti\u201d. Tim projektom obuhva\u0107a se istra\u017eivanje arhivskoga gradiva, priprema znanstvenih publikacija, digitalizacija i javna prezentacija rezultata istra\u017eivanja\u2026","rel":"","context":"U &quot;Novosti&quot;","block_context":{"text":"Novosti","link":"https:\/\/historiografija.hr\/?cat=3"},"img":{"alt_text":"","src":"https:\/\/i0.wp.com\/historiografija.hr\/wp-content\/uploads\/2026\/04\/THS_sporazum.jpg?fit=1200%2C583&ssl=1&resize=350%2C200","width":350,"height":200,"srcset":"https:\/\/i0.wp.com\/historiografija.hr\/wp-content\/uploads\/2026\/04\/THS_sporazum.jpg?fit=1200%2C583&ssl=1&resize=350%2C200 1x, https:\/\/i0.wp.com\/historiografija.hr\/wp-content\/uploads\/2026\/04\/THS_sporazum.jpg?fit=1200%2C583&ssl=1&resize=525%2C300 1.5x, https:\/\/i0.wp.com\/historiografija.hr\/wp-content\/uploads\/2026\/04\/THS_sporazum.jpg?fit=1200%2C583&ssl=1&resize=700%2C400 2x, https:\/\/i0.wp.com\/historiografija.hr\/wp-content\/uploads\/2026\/04\/THS_sporazum.jpg?fit=1200%2C583&ssl=1&resize=1050%2C600 3x"},"classes":[]},{"id":52616,"url":"https:\/\/historiografija.hr\/?p=52616","url_meta":{"origin":23373,"position":2},"title":"No\u0107 knjige 2026.","author":"Branimir Jankovi\u0107","date":"22. travnja 2026.","format":false,"excerpt":"Slavljeni\u010dka 15. No\u0107 knjige odr\u017eat \u0107e se 23. travnja diljem Hrvatske u povodu Svjetskog dana knjige i autorskih prava te Dana hrvatske knjige. S vi\u0161e od 1.000 prijavljenih programa i akcija s pravom nosi epitet najmasovnije doma\u0107e kulturne manifestacije, a ove \u0107e godine prote\u0107i u znaku mira, razumijevanja, tolerancije, srodnosti\u2026","rel":"","context":"U &quot;Novosti&quot;","block_context":{"text":"Novosti","link":"https:\/\/historiografija.hr\/?cat=3"},"img":{"alt_text":"","src":"https:\/\/i0.wp.com\/historiografija.hr\/wp-content\/uploads\/2026\/04\/noc_knjige_2026.jpg?fit=680%2C276&ssl=1&resize=350%2C200","width":350,"height":200,"srcset":"https:\/\/i0.wp.com\/historiografija.hr\/wp-content\/uploads\/2026\/04\/noc_knjige_2026.jpg?fit=680%2C276&ssl=1&resize=350%2C200 1x, https:\/\/i0.wp.com\/historiografija.hr\/wp-content\/uploads\/2026\/04\/noc_knjige_2026.jpg?fit=680%2C276&ssl=1&resize=525%2C300 1.5x"},"classes":[]},{"id":52666,"url":"https:\/\/historiografija.hr\/?p=52666","url_meta":{"origin":23373,"position":3},"title":"Najava programa Festivala povijesti Kliofest (5-8. V. 2026)","author":"Branimir Jankovi\u0107","date":"24. travnja 2026.","format":false,"excerpt":"Po trinaesti put odr\u017eava se Festival povijesti Kliofest! Do petka \u0107emo odr\u017eati osam okruglih stolova i dva kolokvija te niz predstavljanja knjiga i projekata razli\u010dite tematike, od antike do suvremenosti. Bit \u0107e predstavljeno i nekoliko izlo\u017ebi te odr\u017ean jedan povijesni kviz. Prikazat \u0107emo i jedan film \u2013 o generalu Boroevi\u0107u.\u2026","rel":"","context":"U &quot;Novosti&quot;","block_context":{"text":"Novosti","link":"https:\/\/historiografija.hr\/?cat=3"},"img":{"alt_text":"","src":"https:\/\/i0.wp.com\/historiografija.hr\/wp-content\/uploads\/2026\/04\/Kliofest-2026.jpg?fit=526%2C526&ssl=1&resize=350%2C200","width":350,"height":200,"srcset":"https:\/\/i0.wp.com\/historiografija.hr\/wp-content\/uploads\/2026\/04\/Kliofest-2026.jpg?fit=526%2C526&ssl=1&resize=350%2C200 1x, https:\/\/i0.wp.com\/historiografija.hr\/wp-content\/uploads\/2026\/04\/Kliofest-2026.jpg?fit=526%2C526&ssl=1&resize=525%2C300 1.5x"},"classes":[]},{"id":52552,"url":"https:\/\/historiografija.hr\/?p=52552","url_meta":{"origin":23373,"position":4},"title":"Besplatni glazbeni antikvarijat","author":"Branimir Jankovi\u0107","date":"20. travnja 2026.","format":false,"excerpt":"Muzi\u010dka akademija Sveu\u010dili\u0161ta u Zagrebu 23. travnja 2026. od 10 do 17 sati Pozivamo Vas na Besplatni glazbeni antikvarijat, koji u sklopu manifestacije No\u0107 knjige 2026. organizira Hrvatska udruga muzi\u010dkih knji\u017enica, arhiva i dokumentacijskih centara (HUMKAD). Antikvarijat \u0107e se odr\u017eati na Svjetski dan knjige \u2013 u \u010detvrtak 23. travnja 2026.\u2026","rel":"","context":"U &quot;Novosti&quot;","block_context":{"text":"Novosti","link":"https:\/\/historiografija.hr\/?cat=3"},"img":{"alt_text":"","src":"https:\/\/i0.wp.com\/historiografija.hr\/wp-content\/uploads\/2026\/04\/Besplatni-glazbeni-antikvarijat-23.-4.-2026.jpg?fit=1200%2C848&ssl=1&resize=350%2C200","width":350,"height":200,"srcset":"https:\/\/i0.wp.com\/historiografija.hr\/wp-content\/uploads\/2026\/04\/Besplatni-glazbeni-antikvarijat-23.-4.-2026.jpg?fit=1200%2C848&ssl=1&resize=350%2C200 1x, https:\/\/i0.wp.com\/historiografija.hr\/wp-content\/uploads\/2026\/04\/Besplatni-glazbeni-antikvarijat-23.-4.-2026.jpg?fit=1200%2C848&ssl=1&resize=525%2C300 1.5x, https:\/\/i0.wp.com\/historiografija.hr\/wp-content\/uploads\/2026\/04\/Besplatni-glazbeni-antikvarijat-23.-4.-2026.jpg?fit=1200%2C848&ssl=1&resize=700%2C400 2x, https:\/\/i0.wp.com\/historiografija.hr\/wp-content\/uploads\/2026\/04\/Besplatni-glazbeni-antikvarijat-23.-4.-2026.jpg?fit=1200%2C848&ssl=1&resize=1050%2C600 3x"},"classes":[]},{"id":52607,"url":"https:\/\/historiografija.hr\/?p=52607","url_meta":{"origin":23373,"position":5},"title":"No\u0107 knjige: Kako je prije 410 godina smr\u0107u Shakespearea i Cervantesa zavr\u0161ilo razdoblje renesanse u knji\u017eevnosti","author":"Branimir Jankovi\u0107","date":"22. travnja 2026.","format":false,"excerpt":"\u010cetvrtak, 23. travnja 2026. u 18:00 sati, Knji\u017eara Matice hrvatske, Ulica Matice hrvatske 2, Zagreb Uvodna rije\u010d: dr. sc.\u00a0Dubravka Brezak Stama\u0107, pro\u010delnica Odjela za knji\u017eevnost Matice hrvatske Prof. dr. sc. Ivan Lupi\u0107, redoviti profesor u Odsjeku za anglistiku i Odsjeku za kroatistiku Sveu\u010dili\u0161ta u RijeciShakespeare, kazali\u0161te, glazbaKada se susre\u0107emo sa\u2026","rel":"","context":"U &quot;Novosti&quot;","block_context":{"text":"Novosti","link":"https:\/\/historiografija.hr\/?cat=3"},"img":{"alt_text":"","src":"https:\/\/i0.wp.com\/historiografija.hr\/wp-content\/uploads\/2026\/04\/noc_knjige_2026.jpg?fit=680%2C276&ssl=1&resize=350%2C200","width":350,"height":200,"srcset":"https:\/\/i0.wp.com\/historiografija.hr\/wp-content\/uploads\/2026\/04\/noc_knjige_2026.jpg?fit=680%2C276&ssl=1&resize=350%2C200 1x, https:\/\/i0.wp.com\/historiografija.hr\/wp-content\/uploads\/2026\/04\/noc_knjige_2026.jpg?fit=680%2C276&ssl=1&resize=525%2C300 1.5x"},"classes":[]}],"_links":{"self":[{"href":"https:\/\/historiografija.hr\/index.php?rest_route=\/wp\/v2\/posts\/23373","targetHints":{"allow":["GET"]}}],"collection":[{"href":"https:\/\/historiografija.hr\/index.php?rest_route=\/wp\/v2\/posts"}],"about":[{"href":"https:\/\/historiografija.hr\/index.php?rest_route=\/wp\/v2\/types\/post"}],"author":[{"embeddable":true,"href":"https:\/\/historiografija.hr\/index.php?rest_route=\/wp\/v2\/users\/2"}],"replies":[{"embeddable":true,"href":"https:\/\/historiografija.hr\/index.php?rest_route=%2Fwp%2Fv2%2Fcomments&post=23373"}],"version-history":[{"count":3,"href":"https:\/\/historiografija.hr\/index.php?rest_route=\/wp\/v2\/posts\/23373\/revisions"}],"predecessor-version":[{"id":23521,"href":"https:\/\/historiografija.hr\/index.php?rest_route=\/wp\/v2\/posts\/23373\/revisions\/23521"}],"wp:featuredmedia":[{"embeddable":true,"href":"https:\/\/historiografija.hr\/index.php?rest_route=\/wp\/v2\/media\/23374"}],"wp:attachment":[{"href":"https:\/\/historiografija.hr\/index.php?rest_route=%2Fwp%2Fv2%2Fmedia&parent=23373"}],"wp:term":[{"taxonomy":"category","embeddable":true,"href":"https:\/\/historiografija.hr\/index.php?rest_route=%2Fwp%2Fv2%2Fcategories&post=23373"},{"taxonomy":"post_tag","embeddable":true,"href":"https:\/\/historiografija.hr\/index.php?rest_route=%2Fwp%2Fv2%2Ftags&post=23373"}],"curies":[{"name":"wp","href":"https:\/\/api.w.org\/{rel}","templated":true}]}}