{"id":2336,"date":"2016-08-16T22:00:05","date_gmt":"2016-08-16T22:00:05","guid":{"rendered":"http:\/\/historiografija.hr\/?p=2336"},"modified":"2020-12-21T21:18:13","modified_gmt":"2020-12-21T21:18:13","slug":"povodom-smrti-ellen-meiksins-wood-1942-2016","status":"publish","type":"post","link":"https:\/\/historiografija.hr\/?p=2336","title":{"rendered":"Povodom smrti Ellen Meiksins Wood (1942-2016)"},"content":{"rendered":"<p align=\"justify\"><font size=\"3\"><br \/>\n<\/font><\/p>\n<p style=\"margin: 0cm 0cm 10pt;\" align=\"justify\"><font face=\"Calibri\"><font size=\"3\"><b style=\"mso-bidi-font-weight: normal;\">Ellen Meiksins Wood<\/b> (1942-2016) poznata je politi\u010dka teoreti\u010darka i socijalna povjesni\u010darka politi\u010dke misli, jedna od osniva\u010dica i najva\u017enijih predstavnica \u201cpoliti\u010dkog marksizma\u201d. Nekoliko njezinih tekstova prevedeno je na hrvatski jezik. <\/font><\/font><\/p>\n<p align=\"justify\"><font size=\"3\"><br \/>\n<\/font><\/p>\n<p style=\"margin: 0cm 0cm 10pt;\" align=\"justify\"><b style=\"mso-bidi-font-weight: normal;\"><font size=\"3\" face=\"Calibri\">&nbsp;&#8212;<\/font><\/b><\/p>\n<p align=\"justify\"><font size=\"3\"><br \/>\n<\/font><\/p>\n<p style=\"margin: 0cm 0cm 10pt;\" align=\"justify\"><b style=\"mso-bidi-font-weight: normal;\"><font size=\"3\" face=\"Calibri\">The Ellen Meiksins Wood Reader<\/font><\/b><\/p>\n<p align=\"justify\"><font size=\"3\"><br \/>\n<\/font><\/p>\n<p style=\"margin: 0cm 0cm 10pt;\" align=\"justify\"><font size=\"3\" face=\"Calibri\">&nbsp;<\/font><\/p>\n<p align=\"justify\"><font size=\"3\"><br \/>\n<\/font><\/p>\n<p style=\"margin: 0cm 0cm 10pt;\" align=\"justify\"><font size=\"3\" face=\"Calibri\">Ellen Meiksins Wood is a leading contemporary political theorist who has elaborated an innovative approach to the history of political thought, the \u2018social history of political theory\u2019. She has been described as the founder, together with the historian Robert Brenner, of \u2018Political Marxism\u2019, a distinct version of historical materialism which has inspired a research program that spans a number of academic disciplines.<\/font><\/p>\n<p align=\"justify\"><font size=\"3\"><br \/>\n<\/font><\/p>\n<p style=\"margin: 0cm 0cm 10pt;\" align=\"justify\"><font size=\"3\" face=\"Calibri\">&nbsp;<\/font><\/p>\n<p align=\"justify\"><font size=\"3\"><br \/>\n<\/font><\/p>\n<p style=\"margin: 0cm 0cm 10pt;\" align=\"justify\"><a href=\"http:\/\/www.brill.com\/ellen-meiksins-wood-reader\"><font size=\"3\" face=\"Calibri\" color=\"#0000ff\">http:\/\/www.brill.com\/ellen-meiksins-wood-reader<\/font><\/a><\/p>\n<p align=\"justify\"><font size=\"3\"><br \/>\n<\/font><\/p>\n<p style=\"margin: 0cm 0cm 10pt;\" align=\"justify\"><font size=\"3\" face=\"Calibri\">&nbsp;<\/font><\/p>\n<p align=\"justify\"><font size=\"3\"><br \/>\n<\/font><\/p>\n<p style=\"margin: 0cm 0cm 10pt;\" align=\"justify\"><font size=\"3\" face=\"Calibri\">&#8212;<\/font><\/p>\n<p align=\"justify\">\n<p><font size=\"3\"><\/font><\/p>\n<p><font size=\"3\"><\/p>\n<p align=\"justify\">\n<p style=\"margin: 0cm 0cm 10pt;\"><font face=\"Calibri\"><br \/>\n<\/font><\/p>\n<p style=\"margin: 0cm 0cm 10pt;\"><font face=\"Calibri\">Ellen Meiksins Wood <\/font><\/p>\n<p align=\"justify\">\n<p style=\"margin: 0cm 0cm 10pt;\"><font face=\"Calibri\">&nbsp;<\/font><\/p>\n<p style=\"margin: 0cm 0cm 10pt;\"><font face=\"Calibri\"><br \/>\n<\/font><\/p>\n<p align=\"justify\">\n<p style=\"margin: 0cm 0cm 10pt;\"><b style=\"mso-bidi-font-weight: normal;\"><font face=\"Calibri\">Dru\u0161tvena i politi\u010dka misao. Socijalna historija politi\u010dke teorije <span style=\"mso-spacerun: yes;\">&nbsp;&nbsp;<\/span><\/font><\/b><\/p>\n<p align=\"justify\">\n<p style=\"margin: 0cm 0cm 10pt;\"><b style=\"mso-bidi-font-weight: normal;\"><font face=\"Calibri\">&nbsp;<\/font><\/b><\/p>\n<p style=\"margin: 0cm 0cm 10pt;\"><strong><font face=\"Calibri\"><br \/>\n<\/font><\/strong><\/p>\n<p align=\"justify\">\n<p style=\"margin: 0cm 0cm 10pt;\"><font face=\"Calibri\"><i style=\"mso-bidi-font-style: normal;\">\u010cemu: \u010dasopis studenata <\/i>filozofije, god. XIII, br. 24, Zagreb 2016, str. 49-95.<\/font><\/p>\n<p align=\"justify\">\n<p style=\"margin: 0cm 0cm 10pt;\"><font face=\"Calibri\">&nbsp;<\/font><\/p>\n<p style=\"margin: 0cm 0cm 10pt;\"><font face=\"Calibri\"><br \/>\n<\/font><\/p>\n<p align=\"justify\">\n<p style=\"margin: 0cm 0cm 10pt;\"><a href=\"http:\/\/hrcak.srce.hr\/164020\"><font face=\"Calibri\" color=\"#0000ff\">http:\/\/hrcak.srce.hr\/164020<\/font><\/a><\/p>\n<p align=\"justify\">\n<p><\/font><font size=\"3\"><\/font><\/p>\n<p align=\"justify\">\n<p style=\"margin: 0cm 0cm 10pt;\" align=\"justify\"><font size=\"3\" face=\"Calibri\">&nbsp;<\/font><\/p>\n<p align=\"justify\"><font size=\"3\"><br \/>\n<\/font><\/p>\n<p align=\"justify\"><font size=\"3\">&#8212;<\/font><\/p>\n<p align=\"justify\"><font size=\"3\"><br \/>\n<\/font><\/p>\n<p style=\"margin: 0cm 0cm 10pt;\" align=\"justify\"><font face=\"Calibri\"><font size=\"3\">Ellen Meiksins Wood<span style=\"mso-spacerun: yes;\">&nbsp;&nbsp; <\/span><\/font><\/font><\/p>\n<p align=\"justify\"><font size=\"3\"><br \/>\n<\/font><\/p>\n<p style=\"margin: 0cm 0cm 10pt;\" align=\"justify\"><font size=\"3\" face=\"Calibri\">&nbsp;<\/font><\/p>\n<p align=\"justify\"><font size=\"3\"><br \/>\n<\/font><\/p>\n<p style=\"margin: 0cm 0cm 10pt;\" align=\"justify\"><b style=\"mso-bidi-font-weight: normal;\"><font size=\"3\" face=\"Calibri\">Uzmak intelektualaca<\/font><\/b><\/p>\n<p align=\"justify\"><font size=\"3\"><br \/>\n<\/font><\/p>\n<p style=\"margin: 0cm 0cm 10pt;\" align=\"justify\"><font size=\"3\" face=\"Calibri\">&nbsp;<\/font><\/p>\n<p align=\"justify\"><font size=\"3\"><br \/>\n<\/font><\/p>\n<p style=\"margin: 0cm 0cm 10pt;\" align=\"justify\"><a href=\"http:\/\/www.zarez.hr\/clanci\/uzmak-intelektualaca\"><font size=\"3\" face=\"Calibri\" color=\"#0000ff\">http:\/\/www.zarez.hr\/clanci\/uzmak-intelektualaca<\/font><\/a><\/p>\n<p align=\"justify\"><font size=\"3\"><br \/>\n<\/font><\/p>\n<p style=\"margin: 0cm 0cm 10pt;\" align=\"justify\"><font size=\"3\" face=\"Calibri\">&nbsp;<\/font><\/p>\n<p align=\"justify\"><font size=\"3\"><br \/>\n<\/font><\/p>\n<p style=\"margin: 0cm 0cm 10pt;\" align=\"justify\"><font size=\"3\" face=\"Calibri\">&#8212;<\/font><\/p>\n<p align=\"justify\"><font size=\"3\"><br \/>\n<\/font><\/p>\n<p style=\"margin: 0cm 0cm 10pt;\" align=\"justify\"><font size=\"3\" face=\"Calibri\">&nbsp;<\/font><\/p>\n<p align=\"justify\"><font size=\"3\"><br \/>\n<\/font><\/p>\n<p style=\"margin: 0cm 0cm 10pt;\" align=\"justify\"><font size=\"3\" face=\"Calibri\">Ellen Meiksins Wood<\/font><\/p>\n<p align=\"justify\"><font size=\"3\"><br \/>\n<\/font><\/p>\n<p style=\"margin: 0cm 0cm 10pt;\" align=\"justify\"><font face=\"Calibri\"><font size=\"3\"><span style=\"mso-tab-count: 1;\">&nbsp;&nbsp;&nbsp;&nbsp;&nbsp;&nbsp;&nbsp;&nbsp;&nbsp;&nbsp;&nbsp;&nbsp;&nbsp;&nbsp;&nbsp; <\/span><span style=\"mso-spacerun: yes;\">&nbsp;<\/span><\/font><\/font><\/p>\n<p align=\"justify\"><font size=\"3\"><br \/>\n<\/font><\/p>\n<p style=\"margin: 0cm 0cm 10pt;\" align=\"justify\"><b style=\"mso-bidi-font-weight: normal;\"><font size=\"3\" face=\"Calibri\">Grobari kapitalizma<\/font><\/b><\/p>\n<p align=\"justify\"><font size=\"3\"><br \/>\n<\/font><\/p>\n<p style=\"margin: 0cm 0cm 10pt;\" align=\"justify\"><font size=\"3\" face=\"Calibri\">&nbsp;<\/font><\/p>\n<p align=\"justify\"><font size=\"3\"><br \/>\n<\/font><\/p>\n<p style=\"margin: 0cm 0cm 10pt;\" align=\"justify\"><font size=\"3\" face=\"Calibri\">http:\/\/www.zarez.hr\/clanci\/grobari-kapitalizma<\/font><\/p>\n<p align=\"justify\"><font size=\"3\"><br \/>\n<\/font><\/p>\n<p style=\"margin: 0cm 0cm 10pt;\" align=\"justify\"><font size=\"3\" face=\"Calibri\">&nbsp;<\/font><\/p>\n<p align=\"justify\"><font size=\"3\"><br \/>\n<\/font><\/p>\n<p style=\"margin: 0cm 0cm 10pt;\" align=\"justify\"><font size=\"3\" face=\"Calibri\">http:\/\/slobodnifilozofski.com\/2016\/01\/ellen-meiksins-wood-grobari-kapitalizma.html<\/font><\/p>\n<p align=\"justify\"><font size=\"3\"><br \/>\n<\/font><\/p>\n<p style=\"margin: 0cm 0cm 10pt;\" align=\"justify\"><font size=\"3\" face=\"Calibri\">&nbsp;<\/font><\/p>\n<p align=\"justify\"><font size=\"3\"><br \/>\n<\/font><\/p>\n<p style=\"margin: 0cm 0cm 10pt;\" align=\"justify\"><font size=\"3\" face=\"Calibri\">&#8212;<\/font><\/p>\n<p align=\"justify\"><font size=\"3\"><br \/>\n<\/font><\/p>\n<p style=\"margin: 0cm 0cm 10pt;\" align=\"justify\"><font size=\"3\" face=\"Calibri\">&nbsp;<\/font><\/p>\n<p align=\"justify\"><font size=\"3\"><br \/>\n<\/font><\/p>\n<p style=\"margin: 0cm 0cm 10pt;\" align=\"justify\"><font size=\"3\" face=\"Calibri\">Ellen Meiksins Wood<\/font><\/p>\n<p align=\"justify\"><font size=\"3\"><br \/>\n<\/font><\/p>\n<p style=\"margin: 0cm 0cm 10pt;\" align=\"justify\"><font size=\"3\" face=\"Calibri\">&nbsp;<\/font><\/p>\n<p align=\"justify\"><font size=\"3\"><br \/>\n<\/font><\/p>\n<p style=\"margin: 0cm 0cm 10pt;\" align=\"justify\"><b style=\"mso-bidi-font-weight: normal;\"><font size=\"3\" face=\"Calibri\">Kapitalizam i socijalna prava<\/font><\/b><\/p>\n<p align=\"justify\"><font size=\"3\"><br \/>\n<\/font><\/p>\n<p style=\"margin: 0cm 0cm 10pt;\" align=\"justify\"><font size=\"3\" face=\"Calibri\">&nbsp;<\/font><\/p>\n<p align=\"justify\"><font size=\"3\"><br \/>\n<\/font><\/p>\n<p style=\"margin: 0cm 0cm 10pt;\" align=\"justify\"><a href=\"http:\/\/slobodnifilozofski.com\/2011\/02\/ellen-meiksins-wood-kapitalizam-i.html\"><font size=\"3\" face=\"Calibri\" color=\"#0000ff\">http:\/\/slobodnifilozofski.com\/2011\/02\/ellen-meiksins-wood-kapitalizam-i.html<\/font><\/a><\/p>\n<p align=\"justify\"><font size=\"3\"><br \/>\n<\/font><\/p>\n<p style=\"margin: 0cm 0cm 10pt;\" align=\"justify\"><font size=\"3\" face=\"Calibri\">&nbsp;<\/font><\/p>\n<p align=\"justify\"><font size=\"3\"><br \/>\n<\/font><\/p>\n<p style=\"margin: 0cm 0cm 10pt;\" align=\"justify\"><font size=\"3\" face=\"Calibri\">&#8212;<\/font><\/p>\n<p align=\"justify\"><font size=\"3\"><br \/>\n<\/font><\/p>\n<p style=\"margin: 0cm 0cm 10pt;\" align=\"justify\"><font size=\"3\" face=\"Calibri\">&nbsp;<\/font><\/p>\n<p align=\"justify\"><font size=\"3\"><br \/>\n<\/font><\/p>\n<p style=\"margin: 0cm 0cm 10pt;\" align=\"justify\"><b style=\"mso-bidi-font-weight: normal;\"><font size=\"3\" face=\"Calibri\">Kre\u0161imir Zovak<\/font><\/b><\/p>\n<p align=\"justify\"><font size=\"3\"><br \/>\n<\/font><\/p>\n<p style=\"margin: 0cm 0cm 10pt;\" align=\"justify\"><font size=\"3\" face=\"Calibri\">&nbsp;<\/font><\/p>\n<p align=\"justify\"><font size=\"3\"><br \/>\n<\/font><\/p>\n<p style=\"margin: 0cm 0cm 10pt;\" align=\"justify\"><font size=\"3\" face=\"Calibri\">Ellen Meiksins Wood, \u201dLiberty and property: A Social History of Western Political Thought from Renaissance to Enlightement\u201d Verso, London, 2012.<\/font><\/p>\n<p align=\"justify\"><font size=\"3\"><br \/>\n<\/font><\/p>\n<p style=\"margin: 0cm 0cm 10pt;\" align=\"justify\"><font size=\"3\" face=\"Calibri\">&nbsp;<\/font><\/p>\n<p align=\"justify\"><font size=\"3\"><br \/>\n<\/font><\/p>\n<p style=\"margin: 0cm 0cm 10pt;\" align=\"justify\"><font size=\"3\" face=\"Calibri\">(<b style=\"mso-bidi-font-weight: normal;\">recenzija<\/b>)<\/font><\/p>\n<p align=\"justify\"><font size=\"3\"><br \/>\n<\/font><\/p>\n<p style=\"margin: 0cm 0cm 10pt;\" align=\"justify\"><font size=\"3\" face=\"Calibri\">&nbsp;<\/font><\/p>\n<p align=\"justify\"><font size=\"3\"><br \/>\n<\/font><\/p>\n<p style=\"margin: 0cm 0cm 10pt;\" align=\"justify\"><font face=\"Calibri\"><font size=\"3\"><i style=\"mso-bidi-font-style: normal;\">Historijski zbornik<\/i>, god. 66, br. 2, Zagreb 2013, str. 481-487.<\/font><\/font><\/p>\n<p align=\"justify\"><font size=\"3\"><br \/>\n<\/font><\/p>\n<p style=\"margin: 0cm 0cm 10pt;\" align=\"justify\"><font size=\"3\" face=\"Calibri\">&nbsp;<\/font><\/p>\n<p align=\"justify\"><font size=\"3\"><br \/>\n<\/font><\/p>\n<p style=\"margin: 0cm 0cm 10pt;\" align=\"justify\"><font size=\"3\" face=\"Calibri\"><a href=\"http:\/\/hrcak.srce.hr\/hz\/\">http:\/\/hrcak.srce.hr\/hz\/<\/a><\/font><\/p>\n<p align=\"justify\"><font size=\"3\"><br \/>\n<\/font><\/p>\n<p style=\"margin: 0cm 0cm 10pt;\" align=\"justify\"><font size=\"3\" face=\"Calibri\">&nbsp;<\/font><\/p>\n<p align=\"justify\"><font size=\"3\"><br \/>\n<\/font><\/p>\n<p style=\"margin: 0cm 0cm 10pt;\" align=\"justify\"><font size=\"3\" face=\"Calibri\">&nbsp;<\/font><\/p>\n<p align=\"justify\"><font size=\"3\"><br \/>\n<\/font><\/p>\n<p style=\"margin: 0cm 0cm 10pt;\" align=\"justify\"><font face=\"Calibri\"><font size=\"3\"><i style=\"mso-bidi-font-style: normal;\">3k: kapital, klasa, kritika: \u010dasopis Centra za radni\u010dke studije<\/i>, god. 1, br. 1, Zagreb 2014, str. 205-210.<\/font><\/font><\/p>\n<p align=\"justify\"><font size=\"3\"><br \/>\n<\/font><\/p>\n<p style=\"margin: 0cm 0cm 10pt;\" align=\"justify\"><font size=\"3\" face=\"Calibri\">&nbsp;<\/font><\/p>\n<p align=\"justify\"><font size=\"3\"><br \/>\n<\/font><\/p>\n<p style=\"margin: 0cm 0cm 10pt;\" align=\"justify\"><a href=\"http:\/\/www.rosalux.rs\/sites\/default\/files\/publications\/3k_1_2014_WEB_FINAL.pdf\"><font size=\"3\" face=\"Calibri\" color=\"#0000ff\">http:\/\/www.rosalux.rs\/sites\/default\/files\/publications\/3k_1_2014_WEB_FINAL.pdf<\/font><\/a><\/p>\n<p align=\"justify\"><font size=\"3\"><br \/>\n<\/font><\/p>\n<p style=\"margin: 0cm 0cm 10pt;\" align=\"justify\"><font size=\"3\" face=\"Calibri\">&nbsp;<\/font><\/p>\n<p align=\"justify\"><font size=\"3\"><br \/>\n<\/font><font size=\"3\"><br \/>\n<\/font><\/p>\n<p style=\"margin: 0cm 0cm 10pt;\" align=\"justify\"><font size=\"3\" face=\"Calibri\">&#8212;<\/font><\/p>\n<p align=\"justify\"><font size=\"3\"><br \/>\n<\/font><\/p>\n<p style=\"margin: 0cm 0cm 10pt;\" align=\"justify\"><font size=\"3\" face=\"Calibri\">&nbsp;<\/font><\/p>\n<p align=\"justify\"><font size=\"3\"><br \/>\n<\/font><\/p>\n<p style=\"margin: 0cm 0cm 10pt;\" align=\"justify\"><b style=\"mso-bidi-font-weight: normal;\"><font size=\"3\" face=\"Calibri\">Ellen Meiksins Wood obituary<\/font><\/b><\/p>\n<p align=\"justify\"><font size=\"3\"><br \/>\n<\/font><\/p>\n<p style=\"margin: 0cm 0cm 10pt;\" align=\"justify\"><font size=\"3\" face=\"Calibri\">&nbsp;<\/font><\/p>\n<p align=\"justify\"><font size=\"3\"><br \/>\n<\/font><\/p>\n<p style=\"margin: 0cm 0cm 10pt;\" align=\"justify\"><a href=\"https:\/\/www.theguardian.com\/books\/2016\/feb\/10\/ellen-meiksins-wood-obituary\"><font size=\"3\" face=\"Calibri\" color=\"#0000ff\">https:\/\/www.theguardian.com\/books\/2016\/feb\/10\/ellen-meiksins-wood-obituary<\/font><\/a><\/p>\n<p align=\"justify\"><font size=\"3\"><br \/>\n<\/font><\/p>\n<p style=\"margin: 0cm 0cm 10pt;\" align=\"justify\"><font size=\"3\" face=\"Calibri\">&nbsp;<\/font><\/p>\n<p align=\"justify\"><font size=\"3\"><br \/>\n<\/font><\/p>\n<p style=\"margin: 0cm 0cm 10pt;\" align=\"justify\"><font size=\"3\" face=\"Calibri\">&nbsp;<\/font><\/p>\n<p align=\"justify\"><font size=\"3\"><br \/>\n<\/font><\/p>\n<p style=\"margin: 0cm 0cm 10pt;\" align=\"justify\"><font size=\"3\" face=\"Calibri\">&#8212;<\/font><\/p>\n<p align=\"justify\"><font size=\"3\"><br \/>\n<\/font><\/p>\n<p style=\"margin: 0cm 0cm 10pt;\" align=\"justify\"><font size=\"3\" face=\"Calibri\">&nbsp;<\/font><\/p>\n<p align=\"justify\"><font size=\"3\"><br \/>\n<\/font><\/p>\n<p style=\"margin: 0cm 0cm 10pt;\" align=\"justify\"><font size=\"3\" face=\"Calibri\">Vivek Chibber<\/font><\/p>\n<p align=\"justify\"><font size=\"3\"><br \/>\n<\/font><\/p>\n<p style=\"margin: 0cm 0cm 10pt;\" align=\"justify\"><font size=\"3\" face=\"Calibri\">&nbsp;<\/font><\/p>\n<p align=\"justify\"><font size=\"3\"><br \/>\n<\/font><\/p>\n<p style=\"margin: 0cm 0cm 10pt;\" align=\"justify\"><b style=\"mso-bidi-font-weight: normal;\"><font size=\"3\" face=\"Calibri\">Remembering Ellen Meiksins Wood<\/font><\/b><\/p>\n<p align=\"justify\"><font size=\"3\"><br \/>\n<\/font><\/p>\n<p style=\"margin: 0cm 0cm 10pt;\" align=\"justify\"><font size=\"3\" face=\"Calibri\">&nbsp;<\/font><\/p>\n<p align=\"justify\"><font size=\"3\"><br \/>\n<\/font><\/p>\n<p style=\"margin: 0cm 0cm 10pt;\" align=\"justify\"><a href=\"https:\/\/www.jacobinmag.com\/2016\/01\/ellen-wood-obituary-chibber-retreat-from-class-origins-of-capitalism-marxist\/\"><font size=\"3\" face=\"Calibri\" color=\"#0000ff\">https:\/\/www.jacobinmag.com\/2016\/01\/ellen-wood-obituary-chibber-retreat-from-class-origins-of-capitalism-marxist\/<\/font><\/a><\/p>\n<p align=\"justify\"><font size=\"3\"><br \/>\n<\/font><\/p>\n<p style=\"margin: 0cm 0cm 10pt;\" align=\"justify\"><font size=\"3\" face=\"Calibri\">&nbsp;<\/font><\/p>\n<p align=\"justify\"><font size=\"3\"><br \/>\n<\/font><\/p>\n<p style=\"margin: 0cm 0cm 10pt;\" align=\"justify\"><span style=\"mso-ansi-language: FR;\" lang=\"FR\"><font size=\"3\" face=\"Calibri\">&#8212;<\/font><\/span><\/p>\n<p align=\"justify\"><font size=\"3\"><br \/>\n<\/font><\/p>\n<p style=\"margin: 0cm 0cm 10pt;\" align=\"justify\"><span style=\"mso-ansi-language: FR;\" lang=\"FR\"><font size=\"3\" face=\"Calibri\">&nbsp;<\/font><\/span><\/p>\n<p align=\"justify\"><font size=\"3\"><br \/>\n<\/font><\/p>\n<p style=\"margin: 0cm 0cm 10pt;\" align=\"justify\"><b style=\"mso-bidi-font-weight: normal;\"><span style=\"mso-ansi-language: FR;\" lang=\"FR\"><font size=\"3\" face=\"Calibri\">Ellen Meiksins Wood<\/font><\/span><\/b><\/p>\n<p align=\"justify\"><font size=\"3\"><br \/>\n<\/font><\/p>\n<p style=\"margin: 0cm 0cm 10pt;\" align=\"justify\"><span style=\"mso-ansi-language: FR;\" lang=\"FR\"><font size=\"3\" face=\"Calibri\">&nbsp;<\/font><\/span><\/p>\n<p align=\"justify\"><font size=\"3\"><br \/>\n<\/font><\/p>\n<p style=\"margin: 0cm 0cm 10pt;\" align=\"justify\"><a href=\"http:\/\/www.versobooks.com\/authors\/263-ellen-meiksins-wood\"><span style=\"mso-ansi-language: FR;\" lang=\"FR\"><font size=\"3\" face=\"Calibri\" color=\"#0000ff\">http:\/\/www.versobooks.com\/authors\/263-ellen-meiksins-wood<\/font><\/span><\/a><\/p>\n<p align=\"justify\"><font size=\"3\"><br \/>\n<\/font><\/p>\n<p style=\"margin: 0cm 0cm 10pt;\" align=\"justify\"><span style=\"mso-ansi-language: FR;\" lang=\"FR\"><font size=\"3\" face=\"Calibri\">&nbsp;<\/font><\/span><\/p>\n<p align=\"justify\"><font size=\"3\"><br \/>\n<\/font><\/p>\n<p style=\"margin: 0cm 0cm 10pt;\" align=\"justify\"><span style=\"mso-ansi-language: FR;\" lang=\"FR\"><font size=\"3\" face=\"Calibri\">&nbsp;<\/font><\/span><\/p>\n<p align=\"justify\"><font size=\"3\"><br \/>\n<\/font><\/p>\n<p style=\"margin: 0cm 0cm 10pt;\" align=\"justify\"><span style=\"mso-ansi-language: FR;\" lang=\"FR\"><font size=\"3\" face=\"Calibri\">&nbsp;<\/font><\/span><\/p>\n<p align=\"justify\"><font size=\"3\"><br \/>\n<\/font><\/p>\n<p style=\"margin: 0cm 0cm 10pt;\" align=\"justify\"><span style=\"mso-ansi-language: FR;\" lang=\"FR\"><font size=\"3\" face=\"Calibri\">&nbsp;<\/font><\/span><\/p>\n<p align=\"justify\"><font size=\"3\"><br \/>\n<\/font><\/p>\n","protected":false},"excerpt":{"rendered":"","protected":false},"author":1,"featured_media":0,"comment_status":"open","ping_status":"open","sticky":false,"template":"","format":"standard","meta":{"_acf_changed":false,"jetpack_post_was_ever_published":false,"_jetpack_newsletter_access":"","_jetpack_dont_email_post_to_subs":false,"_jetpack_newsletter_tier_id":0,"_jetpack_memberships_contains_paywalled_content":false,"_jetpack_memberships_contains_paid_content":false,"footnotes":"","jetpack_publicize_message":"","jetpack_publicize_feature_enabled":true,"jetpack_social_post_already_shared":false,"jetpack_social_options":{"image_generator_settings":{"template":"highway","default_image_id":0,"font":"","enabled":false},"version":2}},"categories":[3,20],"tags":[],"class_list":["post-2336","post","type-post","status-publish","format-standard","hentry","category-novosti","category-obavijesti-o-smrti-i-nekrolozi"],"acf":{"facebook_opis":""},"jetpack_publicize_connections":[],"jetpack_featured_media_url":"","jetpack_sharing_enabled":true,"jetpack-related-posts":[{"id":52578,"url":"https:\/\/historiografija.hr\/?p=52578","url_meta":{"origin":2336,"position":0},"title":"Poziv za sudjelovanje: XXII. Dani Julija Bene\u0161i\u0107a u Iloku","author":"Branimir Jankovi\u0107","date":"21. travnja 2026.","format":false,"excerpt":"Zavod za lingvisti\u010dka istra\u017eivanja Hrvatske akademije znanosti i umjetnosti, zajedno s Muzejom grada Iloka, organizira XXII. Dane Julija Bene\u0161i\u0107a, koji \u0107e se odr\u017eati od 28. do 30. listopada 2026. u Iloku.\u00a0Teme ovogodi\u0161njih Dana podijeljene su u dvije cjeline: Knji\u017eevno-jezikoslovni d\u00ecv\u0101n s Bene\u0161i\u0107em te Ilok i Srijem u povijesnim stalnicama i\u2026","rel":"","context":"U &quot;Novosti&quot;","block_context":{"text":"Novosti","link":"https:\/\/historiografija.hr\/?cat=3"},"img":{"alt_text":"","src":"https:\/\/i0.wp.com\/historiografija.hr\/wp-content\/uploads\/2019\/10\/HE2_Benesic.jpg?fit=413%2C591&ssl=1&resize=350%2C200","width":350,"height":200},"classes":[]},{"id":52505,"url":"https:\/\/historiografija.hr\/?p=52505","url_meta":{"origin":2336,"position":1},"title":"Izlo\u017eba &#8220;Eschenstock \/ Jasenov prut&#8221;","author":"Branimir Jankovi\u0107","date":"17. travnja 2026.","format":false,"excerpt":"Srpsko narodno vije\u0107e (SNV) i Vizura aperta postavljaju izlo\u017ebu \u0161vicarskog slikara Velimira Ili\u0161evi\u0107a: Eschenstock \/ Jasenov prut. Izlo\u017eba se uz prisustvo autora otvara povodom 81. godi\u0161njice proboja logora\u0161a iz usta\u0161kog logora smrti Jasenovac 22. aprila 2026. u 19 sati u Srpskom kulturnom centru (SKC) u Preradovi\u0107evoj ulici 21 u Zagrebu.\u2026","rel":"","context":"U &quot;Izlo\u017ebe&quot;","block_context":{"text":"Izlo\u017ebe","link":"https:\/\/historiografija.hr\/?cat=10"},"img":{"alt_text":"","src":"https:\/\/i0.wp.com\/historiografija.hr\/wp-content\/uploads\/2026\/04\/Jasenov_prut.jpg?fit=1024%2C640&ssl=1&resize=350%2C200","width":350,"height":200,"srcset":"https:\/\/i0.wp.com\/historiografija.hr\/wp-content\/uploads\/2026\/04\/Jasenov_prut.jpg?fit=1024%2C640&ssl=1&resize=350%2C200 1x, https:\/\/i0.wp.com\/historiografija.hr\/wp-content\/uploads\/2026\/04\/Jasenov_prut.jpg?fit=1024%2C640&ssl=1&resize=525%2C300 1.5x, https:\/\/i0.wp.com\/historiografija.hr\/wp-content\/uploads\/2026\/04\/Jasenov_prut.jpg?fit=1024%2C640&ssl=1&resize=700%2C400 2x"},"classes":[]},{"id":52666,"url":"https:\/\/historiografija.hr\/?p=52666","url_meta":{"origin":2336,"position":2},"title":"Najava programa Festivala povijesti Kliofest (5-8. V. 2026)","author":"Branimir Jankovi\u0107","date":"24. travnja 2026.","format":false,"excerpt":"Po trinaesti put odr\u017eava se Festival povijesti Kliofest! Do petka \u0107emo odr\u017eati osam okruglih stolova i dva kolokvija te niz predstavljanja knjiga i projekata razli\u010dite tematike, od antike do suvremenosti. Bit \u0107e predstavljeno i nekoliko izlo\u017ebi te odr\u017ean jedan povijesni kviz. Prikazat \u0107emo i jedan film \u2013 o generalu Boroevi\u0107u.\u2026","rel":"","context":"U &quot;Novosti&quot;","block_context":{"text":"Novosti","link":"https:\/\/historiografija.hr\/?cat=3"},"img":{"alt_text":"","src":"https:\/\/i0.wp.com\/historiografija.hr\/wp-content\/uploads\/2026\/04\/Kliofest-2026.jpg?fit=526%2C526&ssl=1&resize=350%2C200","width":350,"height":200,"srcset":"https:\/\/i0.wp.com\/historiografija.hr\/wp-content\/uploads\/2026\/04\/Kliofest-2026.jpg?fit=526%2C526&ssl=1&resize=350%2C200 1x, https:\/\/i0.wp.com\/historiografija.hr\/wp-content\/uploads\/2026\/04\/Kliofest-2026.jpg?fit=526%2C526&ssl=1&resize=525%2C300 1.5x"},"classes":[]},{"id":52502,"url":"https:\/\/historiografija.hr\/?p=52502","url_meta":{"origin":2336,"position":3},"title":"Novi znanstveni projekt Hrvatskog instituta za povijest: \u201c\u017drtve ratova i dr\u017eavnog\/politi\u010dkog nasilja u hrvatskoj povijesti 20. stolje\u0107a\u201d","author":"Branimir Jankovi\u0107","date":"17. travnja 2026.","format":false,"excerpt":"Na redovitoj sjednici Vlade RH, 16. travnja 2026., donijet je Zaklju\u010dak kojim se pokre\u0107e znanstveni projekt \u201c\u017drtve ratova i dr\u017eavnog\/politi\u010dkog nasilja u hrvatskoj povijesti 20. stolje\u0107a\u201d. Projekt \u0107e provoditi i koordinirati Hrvatski institut za povijest u razdoblju trajanja projekta od pet godina. Zakljucak Vlade RH Iz teksta projektnog prijedloga: Problematika\u2026","rel":"","context":"U &quot;Novosti&quot;","block_context":{"text":"Novosti","link":"https:\/\/historiografija.hr\/?cat=3"},"img":{"alt_text":"","src":"https:\/\/i0.wp.com\/historiografija.hr\/wp-content\/uploads\/2026\/04\/Vlada-RH.jpg?fit=1200%2C557&ssl=1&resize=350%2C200","width":350,"height":200,"srcset":"https:\/\/i0.wp.com\/historiografija.hr\/wp-content\/uploads\/2026\/04\/Vlada-RH.jpg?fit=1200%2C557&ssl=1&resize=350%2C200 1x, https:\/\/i0.wp.com\/historiografija.hr\/wp-content\/uploads\/2026\/04\/Vlada-RH.jpg?fit=1200%2C557&ssl=1&resize=525%2C300 1.5x, https:\/\/i0.wp.com\/historiografija.hr\/wp-content\/uploads\/2026\/04\/Vlada-RH.jpg?fit=1200%2C557&ssl=1&resize=700%2C400 2x, https:\/\/i0.wp.com\/historiografija.hr\/wp-content\/uploads\/2026\/04\/Vlada-RH.jpg?fit=1200%2C557&ssl=1&resize=1050%2C600 3x"},"classes":[]},{"id":52733,"url":"https:\/\/historiografija.hr\/?p=52733","url_meta":{"origin":2336,"position":4},"title":"Vlado Raji\u0107 \u201eGranica na kraju stolje\u0107a\u201c","author":"Filip \u0160imunjak","date":"29. travnja 2026.","format":false,"excerpt":"U suizdanju Durieuxa i Beletre objavljena je 2025. godine knjiga Granica na kraju stolje\u0107a autora Vlade Raji\u0107a.\u00a0 O knjizi\u00a0 Romansirana biografija Vladimira Iblera mnogo je vi\u0161e od zanimljive pri\u010de o privatnom \u017eivotu i impresivnoj profesionalnoj karijeri istaknutog stru\u010dnjaka za me\u0111unarodno pravo i dugo\u00adgodi\u0161njeg profesora na zagreba\u010dkom Pravnom fakultetu, akademika, koji\u2026","rel":"","context":"U &quot;Knjige&quot;","block_context":{"text":"Knjige","link":"https:\/\/historiografija.hr\/?cat=8"},"img":{"alt_text":"","src":"https:\/\/i0.wp.com\/historiografija.hr\/wp-content\/uploads\/2026\/04\/VLADO-RAJIC-GRANICA-NA-KRAJU-STOLJECA.jpg?fit=450%2C650&ssl=1&resize=350%2C200","width":350,"height":200},"classes":[]},{"id":52631,"url":"https:\/\/historiografija.hr\/?p=52631","url_meta":{"origin":2336,"position":5},"title":"Predavanje Ivana Tepe\u0161a: Djelovanje hrvatske politi\u010dke emigracije","author":"Branimir Jankovi\u0107","date":"23. travnja 2026.","format":false,"excerpt":"Odjel za me\u0111unarodnu suradnju i iseljeni\u0161tvo Matice hrvatske Predavanje Ivana Tepe\u0161a: Djelovanje hrvatske politi\u010dke emigracije Utorak, 28. travnja 2026. u 18:00 sati, Dvorana Ljudevita Jonkea (Mala dvorana MH), Strossmayerov trg 4, Zagreb dr. sc. Ivan Tepe\u0161, Institut za istra\u017eivanje migracija Hrvatska politi\u010dka emigracija obilje\u017eila je polustoljetnu hrvatsku povijest u drugoj\u2026","rel":"","context":"U &quot;Novosti&quot;","block_context":{"text":"Novosti","link":"https:\/\/historiografija.hr\/?cat=3"},"img":{"alt_text":"","src":"","width":0,"height":0},"classes":[]}],"_links":{"self":[{"href":"https:\/\/historiografija.hr\/index.php?rest_route=\/wp\/v2\/posts\/2336","targetHints":{"allow":["GET"]}}],"collection":[{"href":"https:\/\/historiografija.hr\/index.php?rest_route=\/wp\/v2\/posts"}],"about":[{"href":"https:\/\/historiografija.hr\/index.php?rest_route=\/wp\/v2\/types\/post"}],"author":[{"embeddable":true,"href":"https:\/\/historiografija.hr\/index.php?rest_route=\/wp\/v2\/users\/1"}],"replies":[{"embeddable":true,"href":"https:\/\/historiografija.hr\/index.php?rest_route=%2Fwp%2Fv2%2Fcomments&post=2336"}],"version-history":[{"count":1,"href":"https:\/\/historiografija.hr\/index.php?rest_route=\/wp\/v2\/posts\/2336\/revisions"}],"predecessor-version":[{"id":24222,"href":"https:\/\/historiografija.hr\/index.php?rest_route=\/wp\/v2\/posts\/2336\/revisions\/24222"}],"wp:attachment":[{"href":"https:\/\/historiografija.hr\/index.php?rest_route=%2Fwp%2Fv2%2Fmedia&parent=2336"}],"wp:term":[{"taxonomy":"category","embeddable":true,"href":"https:\/\/historiografija.hr\/index.php?rest_route=%2Fwp%2Fv2%2Fcategories&post=2336"},{"taxonomy":"post_tag","embeddable":true,"href":"https:\/\/historiografija.hr\/index.php?rest_route=%2Fwp%2Fv2%2Ftags&post=2336"}],"curies":[{"name":"wp","href":"https:\/\/api.w.org\/{rel}","templated":true}]}}