{"id":23342,"date":"2020-10-28T12:07:19","date_gmt":"2020-10-28T12:07:19","guid":{"rendered":"http:\/\/historiografija.hr\/?p=23342"},"modified":"2020-10-28T12:10:12","modified_gmt":"2020-10-28T12:10:12","slug":"georg-simmel-siromasni-uvod-u-sociologiju-siromastva","status":"publish","type":"post","link":"https:\/\/historiografija.hr\/?p=23342","title":{"rendered":"Georg Simmel, \u201cSiroma\u0161ni. Uvod u sociologiju siroma\u0161tva\u201d"},"content":{"rendered":"\n<p>Nakon knjige povjesni\u010dara Bronis\u0142awa Geremeka \u201eIstorija siroma\u0161tva\u201c 2015. godine, izdava\u010d Karpos iz Beograda objavio je 2020. godine srpsko izdanje knjige \u201cSiroma\u0161ni. Uvod u sociologiju siroma\u0161tva\u201d u kojem je tekst sociologa Georga Simmela o siroma\u0161tvu pisan po\u010detkom 20. stolje\u0107a.<\/p>\n\n\n\n<p>&#8212;<\/p>\n\n\n\n<p><strong>SIROMA\u0160NI<br>Uvod u sociologiju siroma\u0161tva<br>Georg Zimel<\/strong><\/p>\n\n\n\n<p><strong>Uvod:<\/strong> Ser\u017e Pogam i Franc \u0160ulthajs<br><strong>Prevod sa nema\u010dkog<\/strong>:&nbsp;Aleksandra Kosti\u0107<br><strong>Prevod sa francuskog:<\/strong> Jelena Staki\u0107<br>Oko 50 ilustracija, delom u boji<br>(Odabrao i priredio D. Ani\u010di\u0107)<br><strong>Broj strana:<\/strong> 105<br><strong>Godina izdanja:<\/strong> 2020.<\/p>\n\n\n\n<p>Tekst Georga Zimela o siroma\u0161tvu zanimljiv je i koristan na vi\u0161e na\u010dina. Kao prvo, rasvetljava probleme definisanja siroma\u0161tva i omogu\u0107uje razumevanje na\u010dina uspostavljanja kategorije siroma\u0161nih i veza siroma\u0161nih sa dru\u0161tvom u celini. Zimelov konstruktivisti\u010dki pristup rigorozan je i istra\u017eiva\u010dki plodan: on prekida sa svakovrsnim naturalisti\u010dkim ili substancijalisti\u010dkim shvatanjima koja su jo\u0161 u modi u aktuelnim nau\u010dnim i politi\u010dkim rasprama, kao \u0161to su i dalje duboko ukorenjena u spontanoj sociologiji. Iako napisan po\u010detkom 20. veka, ovaj tekst baca originalnu teorijsku svetlost na aktuelnu raspravu o siroma\u0161tvu i isklju\u010denosti iz dru\u0161tva. U tom se pogledu mo\u017ee smatrati za polazi\u0161te sociologije siroma\u0161tva. Istovremeno, ovaj tekst otvara perspektive socioistorijske teorije na\u010din\u00e2 na koje se reguli\u0161e dru\u0161tvena veza. Zimel tu na\u010dinje pitanja pomo\u0107i i analizira ga u zavisnosti od evolucije evropskih dru\u0161tava. Stoga sociologija siroma\u0161tva, s ovim tekstom, nije svedena na neko posebno polje sociologije nego, naprotiv, upu\u0107uje na fundamentalna pitanja o dru\u0161tvenoj vezi i tako te\u017ei da izdvoji teorijske tvrdnje op\u0161teg dometa. Zimel i ina\u010de uvek te\u017ei da kroz analizu raznih i naizgled marginalnih empirijskih tema pru\u017ei doprinos op\u0161toj teoriji dru\u0161tva.<\/p>\n\n\n\n<p>Ser\u017e Pogam i Franc \u0160ulthajs, iz \u201eUvoda\u201c u esej \u201eSiroma\u0161ni\u201c<\/p>\n\n\n\n<p>\u201eSamo zahvaljuju\u0107i tome \u0161to je siroma\u0161an, siromah jo\u0161 ne pripada jednoj dru\u0161tveno definisanoj kategoriji. On mo\u017ee da bude siroma\u0161ni trgovac, umetnik, slu\u017ebenik i tako dalje, i da na osnovu vrste svoje delatnosti, ili svoje pozicije, i nadalje pripada odre\u0111enoj grupaciji. \u2026 Tek kada po\u010dnu da primaju pomo\u0107 \u2013 a \u010desto \u010dak \u010dim celokupna konstelacija to normalno zahteva, bez obzira da li se to zaista i doga\u0111a \u2013 siroma\u0161ni stupaju u krug onih koji karakteri\u0161e siroma\u0161tvo. Dodu\u0161e, taj krug se ne odr\u017eava uzajamnim delovanjem njegovih \u010dlanova, nego posredstvom kolektivnog stava koji dru\u0161tvo kao celina prema njemu zauzima. \u2026 Siromah kao sociolo\u0161ka kategorija ne nastaje na osnovu odre\u0111ene mere nedostatka i uskra\u0107enosti, nego na osnovu toga da neko prima pomo\u0107, ili bi na osnovu dru\u0161tvenih normi trebalo da je prima. Ako se tako posmatra, ne postoji siroma\u0161tvo samo po sebi, kao stanje koje se mo\u017ee utvrditi na osnovu kvantitativnih pokazatelja, nego siroma\u0161tvo postoji samo na osnovu dru\u0161tvene reakcije na neko odre\u0111eno stanje.\u201c<\/p>\n\n\n\n<p>Georg Zimel (1858\u20131918) u ovom tekstu, koji je koliko sociologija siroma\u0161tva, toliko i sociologija dru\u0161tvene veze, ne govori neposredno o \u017eivljenoj stvarnosti siroma\u0161tva. Njegova ga analiza vodi predstavljanju jedne od su\u0161tinskih dimenzija situacije siroma\u0161nih, dimenzije koja proisti\u010de iz odnosa pomo\u0107i. Kad se zajednica u celini bori protiv siroma\u0161tva i smatra da se ono ne mo\u017ee tolerisati, status siroma\u0161nih je obezvre\u0111en i \u017eigosan. Siroma\u0161ni su, prema tome, manje-vi\u0161e prinu\u0111eni da svoju situaciju \u017eive u izolovanosti. Oni te\u017ee da u svojoj okolini zata\u0161kaju inferiornost svog statusa, a od onih \u010dije je stanje blisko njihovom dr\u017ee se na distanci. Poni\u017eenost ih spre\u010dava da razviju bilo kakvo ose\u0107anje pripadnosti nekoj dru\u0161tvenoj klasi. Dru\u0161tvena kategorija kojoj pripadaju je heterogena, \u0161to jo\u0161 vi\u0161e uve\u0107ava opasnost od izolovanosti kojoj su izlo\u017eeni njeni \u010dlanovi. Stigmatizacija osoba zavisnih od pomo\u0107i bila je, osim toga, utoliko ja\u010da \u0161to su te osobe gubile gra\u0111anska prava (pravo glasanja) i time bile otposlate u status gra\u0111ana drugog reda. Podsetimo isto tako i na to da je tehnika \u201eprisilnog zatvaranja\u201c takvih kategorija \u0161to smetaju i dalje bila na snazi u Zimelovoj Nema\u010dkoj (bar u nekim njenim zemljama). Jo\u0161 i 1914. 30 000 do 40 000 osoba bilo je \u201ezatvoreno\u201c zbog bede, a jo\u0161 i 1886. pravljene su neke vrste racija, \u0161to je za ishod imalo zatvaranje, samo u gradu Berlinu, 20 000 siroma\u0161nih.<\/p>\n\n\n\n<p>Za Zimela je pomo\u0107, pak, konzervativna po definiciji. \u201eZbrinjavanje siroma\u0161nih se oslanja na postoje\u0107u strukturu dru\u0161tva i po tome se najo\u0161trije razlikuje od svih socijalisti\u010dkih i komunisti\u010dkih struja kojima je cilj upravo da razore tu strukturu. Svrha zbrinjavanja je da izvesne ekstremne pojave dru\u0161tvenog raslojavanja ubla\u017ee toliko da postoje\u0107a struktura mo\u017ee i nadalje da na njima po\u010diva.\u201c Pomo\u0107 je faktor ravnote\u017ee i kohezije dru\u0161tva. Zimel, koji je bio pod uticajem Ni\u010deove filozofije, ne svodi fenomen pomo\u0107i na njenu filantropsku ili \u201ehumanitarnu\u201c dimenziju. Naprotiv, njegov makrosociolo\u0161ki pristup vodi ga podvla\u010denju primarnog dru\u0161tvenog utilitarizma i funcionalizma, po\u0161to je pomo\u0107 siroma\u0161nima sredstvo tog dru\u0161tva da obezbedi samoza\u0161titu i samoodbranu.<\/p>\n\n\n\n<p>Ser\u017e Pogam i Franc \u0160ulthajs, iz \u201eUvoda\u201c u esej \u201eSiroma\u0161ni\u201c<\/p>\n\n\n\n<p>Georg Zimel (Georg Simmel, 1858\u20131918), nema\u010dki sociolog i filozof<\/p>\n\n\n\n<p>\u201e\u2019Znam da u trenutku smrti ne\u0107u imati duhovnog sledbenika (a i dobro je tako). Moja ostav\u0161tina li\u010di na nasledstvo u gotovini koje treba da podele mnogobrojni naslednici, od kojih \u0107e svaki sa svojim delom praviti transakcije prema sopstvenom naho\u0111enju, transakcije u kojima se vi\u0161e ne\u0107e prepoznavati odakle sredstva poti\u010du\u2019, to je bilo pesimisti\u010dko, ali nimalo ogor\u010deno niti ozloje\u0111eno predvi\u0111anje Georga Zimela o sudbini njegovog dela nakon njegove smrti. Gledano unazad, ispostavlja se da je to proro\u010danstvo bilo veoma lucidno i izvanredno teorijski refleksivno kad su posredi specifi\u010dnosti jednog dela koliko obimnog i zna\u010dajnog, toliko i heterogenog i te\u0161kog za obuhvat i klasifikovanje. Od Zimelove smrti 1918, nedugo pre smrti Emila Dirkema, s kojim je odr\u017eavao ambivalentan odnos, Zimelovi su tekstovi neka vrsta naizgled neiscrpnog \u201erudnika\u201c iz kog su mnogobrojni sociolozi, filozofi i istori\u010dari vadili neke od osnovnih elemenata svojih teorijskih konstrukcija. Vi\u0161estruko i ne ba\u0161 koherentno kori\u0161\u0107enje njegovim delom kao da su olak\u0161ale, ako ne i predodredile, kaledoskopska priroda Zimelove sociologije i gotovo egzoti\u010dna raznovrsnost prou\u010davanih predmeta i tema. Od stranca do prostitucije, od zahvalnosti do novca, od Mikelan\u0111ela do \u017eenske psihologije, od diskrecije do mode i od filozofije dominacije do sociologije prostora, raznorodnost i raznoli\u010dnost Zimelovog sociolo\u0161kog razmi\u0161ljanja svaki nas put zaprepa\u0161\u0107uju.<\/p>\n\n\n\n<p>Ser\u017e Pogam i Franc \u0160ulthajs, iz \u201eUvoda\u201c u esej Siroma\u0161ni<\/p>\n\n\n\n<p>Izvor: <a href=\"http:\/\/karposbooks.rs\/shop\/novo\/siromasni-uvod-u-sociologiju-siromastva\/\">http:\/\/karposbooks.rs\/shop\/novo\/siromasni-uvod-u-sociologiju-siromastva\/<\/a><\/p>\n\n\n\n<hr class=\"wp-block-separator\"\/>\n","protected":false},"excerpt":{"rendered":"","protected":false},"author":2,"featured_media":23343,"comment_status":"open","ping_status":"open","sticky":false,"template":"","format":"standard","meta":{"_acf_changed":false,"jetpack_post_was_ever_published":false,"_jetpack_newsletter_access":"","_jetpack_dont_email_post_to_subs":false,"_jetpack_newsletter_tier_id":0,"_jetpack_memberships_contains_paywalled_content":false,"_jetpack_memberships_contains_paid_content":false,"footnotes":"","jetpack_publicize_message":"","jetpack_publicize_feature_enabled":true,"jetpack_social_post_already_shared":true,"jetpack_social_options":{"image_generator_settings":{"template":"highway","default_image_id":0,"font":"","enabled":false},"version":2}},"categories":[8,3],"tags":[],"class_list":["post-23342","post","type-post","status-publish","format-standard","has-post-thumbnail","hentry","category-knjige","category-novosti"],"acf":{"facebook_opis":""},"jetpack_publicize_connections":[],"jetpack_featured_media_url":"https:\/\/i0.wp.com\/historiografija.hr\/wp-content\/uploads\/2020\/10\/Siromasni.jpg?fit=320%2C497&ssl=1","jetpack_sharing_enabled":true,"jetpack-related-posts":[{"id":52616,"url":"https:\/\/historiografija.hr\/?p=52616","url_meta":{"origin":23342,"position":0},"title":"No\u0107 knjige 2026.","author":"Branimir Jankovi\u0107","date":"22. travnja 2026.","format":false,"excerpt":"Slavljeni\u010dka 15. No\u0107 knjige odr\u017eat \u0107e se 23. travnja diljem Hrvatske u povodu Svjetskog dana knjige i autorskih prava te Dana hrvatske knjige. S vi\u0161e od 1.000 prijavljenih programa i akcija s pravom nosi epitet najmasovnije doma\u0107e kulturne manifestacije, a ove \u0107e godine prote\u0107i u znaku mira, razumijevanja, tolerancije, srodnosti\u2026","rel":"","context":"U &quot;Novosti&quot;","block_context":{"text":"Novosti","link":"https:\/\/historiografija.hr\/?cat=3"},"img":{"alt_text":"","src":"https:\/\/i0.wp.com\/historiografija.hr\/wp-content\/uploads\/2026\/04\/noc_knjige_2026.jpg?fit=680%2C276&ssl=1&resize=350%2C200","width":350,"height":200,"srcset":"https:\/\/i0.wp.com\/historiografija.hr\/wp-content\/uploads\/2026\/04\/noc_knjige_2026.jpg?fit=680%2C276&ssl=1&resize=350%2C200 1x, https:\/\/i0.wp.com\/historiografija.hr\/wp-content\/uploads\/2026\/04\/noc_knjige_2026.jpg?fit=680%2C276&ssl=1&resize=525%2C300 1.5x"},"classes":[]},{"id":52528,"url":"https:\/\/historiografija.hr\/?p=52528","url_meta":{"origin":23342,"position":1},"title":"[Promocija knjige] Banja Luka u ratu: Etnopolitika i svakodnevica (1990\u20131995) (ActiveLab, YugoLab)","author":"Branimir Jankovi\u0107","date":"17. travnja 2026.","format":false,"excerpt":"Institut za filozofiju i dru\u0161tvenu teoriju i O\u0161tra Nula organizuju promociju knjige Banja Luka u ratu: Etnopolitika i svakodnevica (1990\u20131995) autorke Armine Galija\u0161, koja \u0107e se odr\u017eati 20. aprila 2026. u 12.00 sati u prostorijama Instituta (Kraljice Natalije 45, Beograd). Re\u010d je o prvom nau\u010dno utemeljenom i sistematskom radu koji\u2026","rel":"","context":"U &quot;Novosti&quot;","block_context":{"text":"Novosti","link":"https:\/\/historiografija.hr\/?cat=3"},"img":{"alt_text":"","src":"https:\/\/i0.wp.com\/historiografija.hr\/wp-content\/uploads\/2026\/04\/20-april-RS.jpg?fit=1200%2C675&ssl=1&resize=350%2C200","width":350,"height":200,"srcset":"https:\/\/i0.wp.com\/historiografija.hr\/wp-content\/uploads\/2026\/04\/20-april-RS.jpg?fit=1200%2C675&ssl=1&resize=350%2C200 1x, https:\/\/i0.wp.com\/historiografija.hr\/wp-content\/uploads\/2026\/04\/20-april-RS.jpg?fit=1200%2C675&ssl=1&resize=525%2C300 1.5x, https:\/\/i0.wp.com\/historiografija.hr\/wp-content\/uploads\/2026\/04\/20-april-RS.jpg?fit=1200%2C675&ssl=1&resize=700%2C400 2x, https:\/\/i0.wp.com\/historiografija.hr\/wp-content\/uploads\/2026\/04\/20-april-RS.jpg?fit=1200%2C675&ssl=1&resize=1050%2C600 3x"},"classes":[]},{"id":52592,"url":"https:\/\/historiografija.hr\/?p=52592","url_meta":{"origin":23342,"position":2},"title":"Predstavljanje knjige &#8220;Turska ku\u0107a u Rijeci&#8221; u Zagrebu","author":"Branimir Jankovi\u0107","date":"22. travnja 2026.","format":false,"excerpt":"U prostorijama Turskog kulturnog centra Yunus Emre u Zagrebu, u utorak 21. travnja 2026. godine, odr\u017eano je sve\u010dano predstavljanje dopunjenog izdanja knjige Turska ku\u0107a u Rijeci, u organizaciji Hrvatsko-turskog dru\u0161tva Rijeka i partnerstvu sa Skupinom prijateljstva Hrvatska-Turska Hrvatskog sabora, Veleposlanstvom Republike Turske u Republici Hrvatskoj te Turskim kulturnim centrom Yunus\u2026","rel":"","context":"U &quot;Novosti&quot;","block_context":{"text":"Novosti","link":"https:\/\/historiografija.hr\/?cat=3"},"img":{"alt_text":"","src":"https:\/\/i0.wp.com\/historiografija.hr\/wp-content\/uploads\/2026\/04\/Turska-kuca-ZG.jpg?fit=1200%2C800&ssl=1&resize=350%2C200","width":350,"height":200,"srcset":"https:\/\/i0.wp.com\/historiografija.hr\/wp-content\/uploads\/2026\/04\/Turska-kuca-ZG.jpg?fit=1200%2C800&ssl=1&resize=350%2C200 1x, https:\/\/i0.wp.com\/historiografija.hr\/wp-content\/uploads\/2026\/04\/Turska-kuca-ZG.jpg?fit=1200%2C800&ssl=1&resize=525%2C300 1.5x, https:\/\/i0.wp.com\/historiografija.hr\/wp-content\/uploads\/2026\/04\/Turska-kuca-ZG.jpg?fit=1200%2C800&ssl=1&resize=700%2C400 2x, https:\/\/i0.wp.com\/historiografija.hr\/wp-content\/uploads\/2026\/04\/Turska-kuca-ZG.jpg?fit=1200%2C800&ssl=1&resize=1050%2C600 3x"},"classes":[]},{"id":52589,"url":"https:\/\/historiografija.hr\/?p=52589","url_meta":{"origin":23342,"position":3},"title":"Predstavljena knjiga Miomira \u017du\u017eula &#8220;Dayton: Diplomacija &#8211; druga strana rata&#8221;","author":"Branimir Jankovi\u0107","date":"22. travnja 2026.","format":false,"excerpt":"Knjiga Miomira \u017du\u017eula \u201eDayton: Diplomacija \u2013 druga strana rata\u201d predstavljena je u srijedu, 22. travnja 2026. godine u foajeu Hrvatskoga narodnog kazali\u0161ta u Zagrebu. Op\u0161irnije: https:\/\/vijesti.hrt.hr\/hrvatska\/predstavljena-knjiga-miomira-zuzula-dayton-diplomacija-druga-strana-rata-12683259 https:\/\/www.vecernji.ba\/amp\/vijesti\/zuzulova-knjiga-o-daytonu-predstavljena-u-zagrebu-diplomacija-kao-druga-strana-rata-1953700 https:\/\/www.tportal.hr\/vijesti\/clanak\/bivsi-sanaderov-ministar-odrzao-promociju-evo-tko-je-sve-dosao-na-predstavljanje-knjige-miomira-zuzula-foto-20260422 https:\/\/direktno.hr\/zivot\/kultura\/zuzul-otkrio-sve-o-drugoj-strani-rata-za-hrvatsku-se-nije-libio-povuci-nekoga-i-za-kosu-395042 https:\/\/www.24sata.hr\/news\/miomir-zuzul-predstavio-je-knjigu-o-daytonu-diplomacija-je-bila-druga-strana-rata-1123152 https:\/\/www.vecernji.hr\/kultura\/kolinda-grabar-kitarovic-otvoreno-miomir-zuzul-nije-vukao-samo-za-rukav-nego-i-za-kosu-1953722 https:\/\/www.vecernji.hr\/kultura\/i-papa-lav-xiv-eksplicitno-je-daytonski-sporazum-istaknuo-kao-primjer-uspjesna-rjesavanja-sukoba-1952215","rel":"","context":"U &quot;Novosti&quot;","block_context":{"text":"Novosti","link":"https:\/\/historiografija.hr\/?cat=3"},"img":{"alt_text":"","src":"https:\/\/i0.wp.com\/historiografija.hr\/wp-content\/uploads\/2026\/04\/Dayton.jpg?fit=1024%2C683&ssl=1&resize=350%2C200","width":350,"height":200,"srcset":"https:\/\/i0.wp.com\/historiografija.hr\/wp-content\/uploads\/2026\/04\/Dayton.jpg?fit=1024%2C683&ssl=1&resize=350%2C200 1x, https:\/\/i0.wp.com\/historiografija.hr\/wp-content\/uploads\/2026\/04\/Dayton.jpg?fit=1024%2C683&ssl=1&resize=525%2C300 1.5x, https:\/\/i0.wp.com\/historiografija.hr\/wp-content\/uploads\/2026\/04\/Dayton.jpg?fit=1024%2C683&ssl=1&resize=700%2C400 2x"},"classes":[]},{"id":52603,"url":"https:\/\/historiografija.hr\/?p=52603","url_meta":{"origin":23342,"position":4},"title":"No\u0107 knjige: Carska i kraljevska kuhinja","author":"Branimir Jankovi\u0107","date":"22. travnja 2026.","format":false,"excerpt":"Pozivamo vas da nam se pridru\u017eite 23. travnja 2026. u 18 sati u obilje\u017eavanju No\u0107i knjige u Pivnici Bobi&Rudi na Trgu Ivana Me\u0161trovi\u0107a u Zapru\u0111u u Zagrebu gdje uz kavu \u010ditamo recepte iz zemalja Austro-Ugarske Monarhije iz knjige Carska i kraljevska kuhinja, autora Roberta Mak\u0142owicza, u prijevodu Damira Agi\u010di\u0107a. Izvor:\u2026","rel":"","context":"U &quot;Novosti&quot;","block_context":{"text":"Novosti","link":"https:\/\/historiografija.hr\/?cat=3"},"img":{"alt_text":"","src":"https:\/\/i0.wp.com\/historiografija.hr\/wp-content\/uploads\/2026\/04\/Noc-knjige-Carska-i-kraljevska.jpg?fit=1200%2C1200&ssl=1&resize=350%2C200","width":350,"height":200,"srcset":"https:\/\/i0.wp.com\/historiografija.hr\/wp-content\/uploads\/2026\/04\/Noc-knjige-Carska-i-kraljevska.jpg?fit=1200%2C1200&ssl=1&resize=350%2C200 1x, https:\/\/i0.wp.com\/historiografija.hr\/wp-content\/uploads\/2026\/04\/Noc-knjige-Carska-i-kraljevska.jpg?fit=1200%2C1200&ssl=1&resize=525%2C300 1.5x, https:\/\/i0.wp.com\/historiografija.hr\/wp-content\/uploads\/2026\/04\/Noc-knjige-Carska-i-kraljevska.jpg?fit=1200%2C1200&ssl=1&resize=700%2C400 2x, https:\/\/i0.wp.com\/historiografija.hr\/wp-content\/uploads\/2026\/04\/Noc-knjige-Carska-i-kraljevska.jpg?fit=1200%2C1200&ssl=1&resize=1050%2C600 3x"},"classes":[]},{"id":52651,"url":"https:\/\/historiografija.hr\/?p=52651","url_meta":{"origin":23342,"position":5},"title":"Promocija knjige Emira O. Filipovi\u0107a \u201cVite\u0161tvo u srednjovjekovnoj Bosni\u201d u Sarajevu","author":"Branimir Jankovi\u0107","date":"24. travnja 2026.","format":false,"excerpt":"Knji\u017eevni korner poziva na promociju knjige Emira O. Filipovi\u0107a \u201cVite\u0161tvo u srednjovjekovnoj Bosni\u201d koja \u0107e se odr\u017eati u srijedu, 29. aprila 2026. u 18 sati u Evropskoj ku\u0107i kulture i nacionalnih manjina (Austrijska ku\u0107a) u Sarajevu. Na promociji \u0107e govoriti Mirsad Sijari\u0107, Ema Mazrak i autor, a moderirat \u0107e Nikola\u2026","rel":"","context":"U &quot;Novosti&quot;","block_context":{"text":"Novosti","link":"https:\/\/historiografija.hr\/?cat=3"},"img":{"alt_text":"","src":"https:\/\/i0.wp.com\/historiografija.hr\/wp-content\/uploads\/2026\/04\/Vitestvo.jpg?fit=1080%2C565&ssl=1&resize=350%2C200","width":350,"height":200,"srcset":"https:\/\/i0.wp.com\/historiografija.hr\/wp-content\/uploads\/2026\/04\/Vitestvo.jpg?fit=1080%2C565&ssl=1&resize=350%2C200 1x, https:\/\/i0.wp.com\/historiografija.hr\/wp-content\/uploads\/2026\/04\/Vitestvo.jpg?fit=1080%2C565&ssl=1&resize=525%2C300 1.5x, https:\/\/i0.wp.com\/historiografija.hr\/wp-content\/uploads\/2026\/04\/Vitestvo.jpg?fit=1080%2C565&ssl=1&resize=700%2C400 2x, https:\/\/i0.wp.com\/historiografija.hr\/wp-content\/uploads\/2026\/04\/Vitestvo.jpg?fit=1080%2C565&ssl=1&resize=1050%2C600 3x"},"classes":[]}],"_links":{"self":[{"href":"https:\/\/historiografija.hr\/index.php?rest_route=\/wp\/v2\/posts\/23342","targetHints":{"allow":["GET"]}}],"collection":[{"href":"https:\/\/historiografija.hr\/index.php?rest_route=\/wp\/v2\/posts"}],"about":[{"href":"https:\/\/historiografija.hr\/index.php?rest_route=\/wp\/v2\/types\/post"}],"author":[{"embeddable":true,"href":"https:\/\/historiografija.hr\/index.php?rest_route=\/wp\/v2\/users\/2"}],"replies":[{"embeddable":true,"href":"https:\/\/historiografija.hr\/index.php?rest_route=%2Fwp%2Fv2%2Fcomments&post=23342"}],"version-history":[{"count":3,"href":"https:\/\/historiografija.hr\/index.php?rest_route=\/wp\/v2\/posts\/23342\/revisions"}],"predecessor-version":[{"id":23346,"href":"https:\/\/historiografija.hr\/index.php?rest_route=\/wp\/v2\/posts\/23342\/revisions\/23346"}],"wp:featuredmedia":[{"embeddable":true,"href":"https:\/\/historiografija.hr\/index.php?rest_route=\/wp\/v2\/media\/23343"}],"wp:attachment":[{"href":"https:\/\/historiografija.hr\/index.php?rest_route=%2Fwp%2Fv2%2Fmedia&parent=23342"}],"wp:term":[{"taxonomy":"category","embeddable":true,"href":"https:\/\/historiografija.hr\/index.php?rest_route=%2Fwp%2Fv2%2Fcategories&post=23342"},{"taxonomy":"post_tag","embeddable":true,"href":"https:\/\/historiografija.hr\/index.php?rest_route=%2Fwp%2Fv2%2Ftags&post=23342"}],"curies":[{"name":"wp","href":"https:\/\/api.w.org\/{rel}","templated":true}]}}