{"id":23339,"date":"2020-10-28T11:51:28","date_gmt":"2020-10-28T11:51:28","guid":{"rendered":"http:\/\/historiografija.hr\/?p=23339"},"modified":"2020-10-28T11:51:28","modified_gmt":"2020-10-28T11:51:28","slug":"global-economic-history-editors-tirthankar-roy-giorgio-riello","status":"publish","type":"post","link":"https:\/\/historiografija.hr\/?p=23339","title":{"rendered":"Global economic history. Editor(s): Tirthankar Roy, Giorgio Riello"},"content":{"rendered":"\n<p>What are the problems addressed by the growing field of global economic history? What debates and methodologies does it engage with?<br><br>As <em>Global Economic History<\/em> shows, there are many answers to these questions. Riello and Roy, alongside 20 leading academics from the US, UK, Europe, Australia and Japan, explain why a global perspective matters to economic history. The impressive cast recruited by the editors brings together top scholars in their respective areas of expertise, including John McNeill, Patrick O&#8217;Brien, and Prasannan Parthasarathi.<br><br>An ambitious scope of topics ranges from the &#8216;Great Divergence&#8217; to the rise of global finance, to the New World and the global silver economy. Chapters are organized both thematically (Divergence in Global History and Emergence of a World Economy), and geographically (Regional Perspectives on Global Economic Change), ensuring the global perspective required on these challenging courses today.<br><br>The result is a textbook which provides students with a quick and confident grasp of the field and its essential issues.<\/p>\n\n\n\n<hr class=\"wp-block-separator\"\/>\n\n\n\n<p><strong>Table of contents<\/strong><\/p>\n\n\n\n<p>Introduction: Globalization and Economic Change in History <em>Giorgio Riello (University of Warwick, UK) and Tirthankar Roy (London School of Economics, UK)<\/em><br><strong><br>PART I: DIVERGENCE IN GLOBAL HISTORY<\/strong><br>1. The Great Divergence Debate <em>Prasannan Parthasarathi (Boston College, USA) and Kenneth Pomeranz (University of Chicago, USA)<\/em><br>2. Data and Dating the Great Divergence <em>Jack A. Goldstone (George Mason University, USA)<\/em><br>3. Useful and Reliable Knowledge in Europe and China <em>Patrick O&#8217;Brien (University of Oxford, UK)<\/em><br>4. Toolkits, Creativity and Divergences: Technology in Global History <em>Karel Davids (VU University Amsterdam, the Netherlands)<\/em><br>5. Families, Firms and Polities: Pre-modern Institution, Economic Growth and the Great Divergence <em>Regina Grafe (European University Institute, Italy) and Maarten Prak (Utrecht University, the Netherlands)<\/em><br>6. Plantations and the Great Divergence <em>Trevor Burnard (University of Melbourne, Australia)<\/em><br>7. Consumption and Global History in the Early Modern Period <em>Maxine Berg (University of Warwick, UK)<\/em><br><br><strong>PART II: THE EMERGENCE OF A WORLD ECONOMY<\/strong><br>8. Trade and the Emergence of the World Economy, 1500-2000 <em>Giorgio Riello (University of Warwick, UK) and Tirthankar Roy (London School of Economics, UK)<\/em><br>9. The Environment and the World Economy since 1500 <em>John McNeill (Georgetown University, USA)<\/em><br>10. Labour Regimes and Labour Mobility from the Seventeenth to the Nineteenth Century <em>Alessandro Stanziani (University of Paris, France)<\/em><br>11. Varieties of Industrialization: An Asian Regional Perspective <em>Kaoru Sugihara (Kyoto University, Japan)<\/em><br>12. Global Commodities and Commodity Chains <em>Bernd-Stefan Grewe (Freiburg University, Germany)<\/em><br>13. The Rise of Global Finance, 1850-2000 <em>Youssef Cassis (European University Institute, Italy)<\/em><br><br><strong>PART III: REGIONAL PERSPECTIVES TO GLOBAL ECONOMIC CHANGE<\/strong><br>14. Africa: Economic Change South of the Sahara since c. 1500 <em>Gareth Austin, The Graduate Institute of International and Development Studies, Geneva, Switzerland<\/em><br>15. The New World and the Global Silver Economy, 1500-1800 <em>Alejandra Irigoin (London School of Economics, UK)<\/em><br>16. Economic Change in East Asia from the Seventeenth to the Twentieth Century <em>Debin Ma (London School of Economics, UK)<\/em><br>17. Europe and the World, 1500-2000 <em>Peer Vries (University of Vienna, Austria)<\/em><br>18. South Asia in the World Economy <em>Bishnupriya Gupta (University of Warwick, UK)<\/em><br>19. Changing Destinies in the Economy of Southeast Asia <em>J. Thomas Lindblad (Leiden University, the Netherlands)<\/em><br>Bibliography<br>Index<\/p>\n\n\n\n<hr class=\"wp-block-separator\"\/>\n\n\n\n<p><strong>Reviews<\/strong><\/p>\n\n\n\n<p>\u201cAs a stimulating summary of some of the new contributions to global economic history, it is well worth reading.\u201d&nbsp;\u2013&nbsp; EH.Net<\/p>\n\n\n\n<p>\u201cAt last we have a volume containing sophisticated illustrations of the many facets and features of global economic history, endorsing its indispensability. Incorporating divergence and global interconnectedness, delving into the related histories of Africa, Latin America and Asia, as well as Europe, and addressing developments from the 16th to the 20th centuries, this is a perfect tribute to Patrick O&#8217;Brien&#8217;s broadminded inspiration.\u201d\u00a0\u2013\u00a0 Pat Hudson, Emeritus Professor of Economic History, Cardiff University, UK<\/p>\n\n\n\n<hr class=\"wp-block-separator\"\/>\n\n\n\n<p><strong>About Author\/Editor(s)\/ Contributor(s)<\/strong><\/p>\n\n\n\n<p><strong>Tirthankar Roy <\/strong>is Professor of Economic History at the London School of Economics, UK. He has published extensively on the economic history of modern South Asia, and is the author of <em>India in the World Economy from Antiquity to the Present<\/em> (2012); <em>The Economic History of India 1857-1947<\/em> (2012); and <em>An Economic History of Early Modern India<\/em> (2013).<\/p>\n\n\n\n<p><strong>Giorgio Riello<\/strong> is Professor of Global History and Culture and Director of the Warwick Institute of Advanced Study at the University of Warwick, UK.<\/p>\n\n\n\n<hr class=\"wp-block-separator\"\/>\n\n\n\n<p>Published: 01-11-2018<\/p>\n\n\n\n<p>Edition: 1st<\/p>\n\n\n\n<p>Extent: 386<\/p>\n\n\n\n<p>Imprint: Bloomsbury Academic<\/p>\n\n\n\n<hr class=\"wp-block-separator\"\/>\n\n\n\n<p><a href=\"https:\/\/www.bloomsbury.com\/au\/global-economic-history-9781472588425\/\">https:\/\/www.bloomsbury.com\/au\/global-economic-history-9781472588425\/<\/a><\/p>\n\n\n\n<p><a href=\"https:\/\/cadmus.eui.eu\/\/handle\/1814\/65591\">https:\/\/cadmus.eui.eu\/\/handle\/1814\/65591<\/a><\/p>\n\n\n\n<hr class=\"wp-block-separator\"\/>\n","protected":false},"excerpt":{"rendered":"","protected":false},"author":2,"featured_media":23340,"comment_status":"open","ping_status":"open","sticky":false,"template":"","format":"standard","meta":{"_acf_changed":false,"jetpack_post_was_ever_published":false,"_jetpack_newsletter_access":"","_jetpack_dont_email_post_to_subs":false,"_jetpack_newsletter_tier_id":0,"_jetpack_memberships_contains_paywalled_content":false,"_jetpack_memberships_contains_paid_content":false,"footnotes":"","jetpack_publicize_message":"","jetpack_publicize_feature_enabled":true,"jetpack_social_post_already_shared":true,"jetpack_social_options":{"image_generator_settings":{"template":"highway","default_image_id":0,"font":"","enabled":false},"version":2}},"categories":[8,3],"tags":[],"class_list":["post-23339","post","type-post","status-publish","format-standard","has-post-thumbnail","hentry","category-knjige","category-novosti"],"acf":{"facebook_opis":""},"jetpack_publicize_connections":[],"jetpack_featured_media_url":"https:\/\/i0.wp.com\/historiografija.hr\/wp-content\/uploads\/2020\/10\/Global-economic-history.jpg?fit=420%2C630&ssl=1","jetpack_sharing_enabled":true,"jetpack-related-posts":[{"id":52516,"url":"https:\/\/historiografija.hr\/?p=52516","url_meta":{"origin":23339,"position":0},"title":"Marko Grde\u0161i\u0107, Mislav \u017ditko, \u201eSocialist Economics in Yugoslavia: A Critical History\u201c","author":"Branimir Jankovi\u0107","date":"17. travnja 2026.","format":false,"excerpt":"This book presents a critical history of Yugoslav socialist economics, from its inception in the late 1940s to its dissolution in the late 1980s. After the dramatic break with the Soviet Union in 1948, Yugoslavia found itself in urgent need of a third way: A socialist trajectory which would not\u2026","rel":"","context":"U &quot;Knjige&quot;","block_context":{"text":"Knjige","link":"https:\/\/historiografija.hr\/?cat=8"},"img":{"alt_text":"","src":"https:\/\/i0.wp.com\/historiografija.hr\/wp-content\/uploads\/2026\/04\/Zitko_Grdesic.jpg?fit=350%2C535&ssl=1&resize=350%2C200","width":350,"height":200},"classes":[]},{"id":52531,"url":"https:\/\/historiografija.hr\/?p=52531","url_meta":{"origin":23339,"position":1},"title":"Jonathan G. Leslie, \u201eFear and Insecurity: Israel and the Iran Threat Narrative\u201c","author":"Branimir Jankovi\u0107","date":"17. travnja 2026.","format":false,"excerpt":"Why is Israel\u2019s former ally Iran now perceived as the country\u2019s greatest threat? Description To observers of the Iran-Israel conflict, its vitriolic rhetoric might suggest an ancient hatred between Jews and Muslims\u2013a biblical feud dating back hundreds, or thousands, of years. But this rivalry is a far more modern development.\u2026","rel":"","context":"U &quot;Knjige&quot;","block_context":{"text":"Knjige","link":"https:\/\/historiografija.hr\/?cat=8"},"img":{"alt_text":"","src":"https:\/\/i0.wp.com\/historiografija.hr\/wp-content\/uploads\/2026\/04\/Leslie.jpg?fit=391%2C612&ssl=1&resize=350%2C200","width":350,"height":200},"classes":[]},{"id":52664,"url":"https:\/\/historiografija.hr\/?p=52664","url_meta":{"origin":23339,"position":2},"title":"CfP: CONFERENCE OF THE HISTORY OF CONCEPTS GROUP, HELSINKI, 19TH\u201321ST AUGUST 2026 (DEADLINE: 30TH APRIL 2026)","author":"Branimir Jankovi\u0107","date":"24. travnja 2026.","format":false,"excerpt":"The annual conference of the History of Concepts Group is held at the University of Helsinki, 19-21 August 2026. Conference of the History of Concepts Group Conceptual history studies the use of concepts and tries to understand how historical actors have linguistically articulated views of the world. Studying concepts from\u2026","rel":"","context":"U &quot;Novosti&quot;","block_context":{"text":"Novosti","link":"https:\/\/historiografija.hr\/?cat=3"},"img":{"alt_text":"","src":"https:\/\/i0.wp.com\/historiografija.hr\/wp-content\/uploads\/2017\/10\/hsozkult.png?fit=1006%2C241&ssl=1&resize=350%2C200","width":350,"height":200,"srcset":"https:\/\/i0.wp.com\/historiografija.hr\/wp-content\/uploads\/2017\/10\/hsozkult.png?fit=1006%2C241&ssl=1&resize=350%2C200 1x, https:\/\/i0.wp.com\/historiografija.hr\/wp-content\/uploads\/2017\/10\/hsozkult.png?fit=1006%2C241&ssl=1&resize=525%2C300 1.5x, https:\/\/i0.wp.com\/historiografija.hr\/wp-content\/uploads\/2017\/10\/hsozkult.png?fit=1006%2C241&ssl=1&resize=700%2C400 2x"},"classes":[]},{"id":52677,"url":"https:\/\/historiografija.hr\/?p=52677","url_meta":{"origin":23339,"position":3},"title":"CfP: NAVIGATING THE PAST, FACING THE PRESENT: CHALLENGES AND OPPORTUNITIES IN RE-PRESENTING CONFLICTS AND VIOLENCE IN MEMORY AND EDUCATION INSTITUTIONS, WARSAW, 22ND\u201324TH OCTOBER 2026 (DEADLINE: 30TH APRIL 2026)","author":"Branimir Jankovi\u0107","date":"27. travnja 2026.","format":false,"excerpt":"The conference and graduate workshop (October 22-24, 2026, Warsaw) addresses the representation of history in public and institutional contexts, with a focus beyond the often-studied field of \u201cmemory culture\u201d. Rather than emphasizing the politicization of memory and cultural institutions, the discussion shifts toward new methods, media, and challenges in historical\u2026","rel":"","context":"U &quot;Novosti&quot;","block_context":{"text":"Novosti","link":"https:\/\/historiografija.hr\/?cat=3"},"img":{"alt_text":"","src":"https:\/\/i0.wp.com\/historiografija.hr\/wp-content\/uploads\/2017\/10\/hsozkult.png?fit=1006%2C241&ssl=1&resize=350%2C200","width":350,"height":200,"srcset":"https:\/\/i0.wp.com\/historiografija.hr\/wp-content\/uploads\/2017\/10\/hsozkult.png?fit=1006%2C241&ssl=1&resize=350%2C200 1x, https:\/\/i0.wp.com\/historiografija.hr\/wp-content\/uploads\/2017\/10\/hsozkult.png?fit=1006%2C241&ssl=1&resize=525%2C300 1.5x, https:\/\/i0.wp.com\/historiografija.hr\/wp-content\/uploads\/2017\/10\/hsozkult.png?fit=1006%2C241&ssl=1&resize=700%2C400 2x"},"classes":[]},{"id":52520,"url":"https:\/\/historiografija.hr\/?p=52520","url_meta":{"origin":23339,"position":4},"title":"Predstavljanje knjige &#8220;Socialist Economics in Yugoslavia: A Critical History&#8221; u Zagrebu","author":"Branimir Jankovi\u0107","date":"17. travnja 2026.","format":false,"excerpt":"Pozivamo vas na predstavljanje knjige \"Socialist Economics in Yugoslavia: A Critical History\", autora Mislava \u00a0\u017ditka i Marka Grde\u0161i\u0107a (Routledge, 2026). Na predstavljanju \u0107e govoriti Branko Milanovi\u0107 (CUNY), Milica Uvali\u0107 (EUI), Zdravko Petak (FPZG) te autori.\u00a0 Predstavljanje \u0107e se odr\u017eati u srijedu 22. travnja u 16:00 sati na Fakultetu politi\u010dkih znanosti\u2026","rel":"","context":"U &quot;Novosti&quot;","block_context":{"text":"Novosti","link":"https:\/\/historiografija.hr\/?cat=3"},"img":{"alt_text":"","src":"https:\/\/i0.wp.com\/historiografija.hr\/wp-content\/uploads\/2026\/04\/Poziv-na-predstavljanje.png?fit=800%2C652&ssl=1&resize=350%2C200","width":350,"height":200,"srcset":"https:\/\/i0.wp.com\/historiografija.hr\/wp-content\/uploads\/2026\/04\/Poziv-na-predstavljanje.png?fit=800%2C652&ssl=1&resize=350%2C200 1x, https:\/\/i0.wp.com\/historiografija.hr\/wp-content\/uploads\/2026\/04\/Poziv-na-predstavljanje.png?fit=800%2C652&ssl=1&resize=525%2C300 1.5x, https:\/\/i0.wp.com\/historiografija.hr\/wp-content\/uploads\/2026\/04\/Poziv-na-predstavljanje.png?fit=800%2C652&ssl=1&resize=700%2C400 2x"},"classes":[]},{"id":52692,"url":"https:\/\/historiografija.hr\/?p=52692","url_meta":{"origin":23339,"position":5},"title":"Florian Bieber \u201eHvar in the Modern Age: Identity and Change in Southeast Europe\u201c","author":"Filip \u0160imunjak","date":"28. travnja 2026.","format":false,"excerpt":"Description\u00a0 In this open-access book, Florian Bieber traces the history of the Adriatic island of Hvar over half a millennium, from the advent of Venetian rule in the 15th century to the end of Yugoslavia in the late 20th century. The history of Hvar tells a larger story about modernity,\u2026","rel":"","context":"U &quot;Knjige&quot;","block_context":{"text":"Knjige","link":"https:\/\/historiografija.hr\/?cat=8"},"img":{"alt_text":"","src":"https:\/\/i0.wp.com\/historiografija.hr\/wp-content\/uploads\/2026\/04\/Florian-Bieber-Hvar-in-the-Modern-Age-Identity-and-Change-in-Southeast-Europe.webp?fit=540%2C810&ssl=1&resize=350%2C200","width":350,"height":200,"srcset":"https:\/\/i0.wp.com\/historiografija.hr\/wp-content\/uploads\/2026\/04\/Florian-Bieber-Hvar-in-the-Modern-Age-Identity-and-Change-in-Southeast-Europe.webp?fit=540%2C810&ssl=1&resize=350%2C200 1x, https:\/\/i0.wp.com\/historiografija.hr\/wp-content\/uploads\/2026\/04\/Florian-Bieber-Hvar-in-the-Modern-Age-Identity-and-Change-in-Southeast-Europe.webp?fit=540%2C810&ssl=1&resize=525%2C300 1.5x"},"classes":[]}],"_links":{"self":[{"href":"https:\/\/historiografija.hr\/index.php?rest_route=\/wp\/v2\/posts\/23339","targetHints":{"allow":["GET"]}}],"collection":[{"href":"https:\/\/historiografija.hr\/index.php?rest_route=\/wp\/v2\/posts"}],"about":[{"href":"https:\/\/historiografija.hr\/index.php?rest_route=\/wp\/v2\/types\/post"}],"author":[{"embeddable":true,"href":"https:\/\/historiografija.hr\/index.php?rest_route=\/wp\/v2\/users\/2"}],"replies":[{"embeddable":true,"href":"https:\/\/historiografija.hr\/index.php?rest_route=%2Fwp%2Fv2%2Fcomments&post=23339"}],"version-history":[{"count":1,"href":"https:\/\/historiografija.hr\/index.php?rest_route=\/wp\/v2\/posts\/23339\/revisions"}],"predecessor-version":[{"id":23341,"href":"https:\/\/historiografija.hr\/index.php?rest_route=\/wp\/v2\/posts\/23339\/revisions\/23341"}],"wp:featuredmedia":[{"embeddable":true,"href":"https:\/\/historiografija.hr\/index.php?rest_route=\/wp\/v2\/media\/23340"}],"wp:attachment":[{"href":"https:\/\/historiografija.hr\/index.php?rest_route=%2Fwp%2Fv2%2Fmedia&parent=23339"}],"wp:term":[{"taxonomy":"category","embeddable":true,"href":"https:\/\/historiografija.hr\/index.php?rest_route=%2Fwp%2Fv2%2Fcategories&post=23339"},{"taxonomy":"post_tag","embeddable":true,"href":"https:\/\/historiografija.hr\/index.php?rest_route=%2Fwp%2Fv2%2Ftags&post=23339"}],"curies":[{"name":"wp","href":"https:\/\/api.w.org\/{rel}","templated":true}]}}