{"id":23318,"date":"2020-10-27T21:45:47","date_gmt":"2020-10-27T21:45:47","guid":{"rendered":"http:\/\/historiografija.hr\/?p=23318"},"modified":"2020-10-27T21:45:47","modified_gmt":"2020-10-27T21:45:47","slug":"12-dani-fotografije-arhiva-toso-dabac-selo-u-reportaznoj-fotografiji-tose-dabca-1930-ih-1950-ih","status":"publish","type":"post","link":"https:\/\/historiografija.hr\/?p=23318","title":{"rendered":"12. dani fotografije Arhiva To\u0161o Dabac \/ Selo u reporta\u017enoj fotografiji To\u0161e Dabca 1930-ih \u2013 1950-ih"},"content":{"rendered":"\n<p>29.10.2020 &#8211; 26.11.2020 \/ MSU galerija<\/p>\n\n\n\n<p>Zbog epidemiolo\u0161kih mjera u sljede\u0107im tjednima pravovremeno \u0107emo vas obavje\u0161tavati o odr\u017eavanju pojedinih doga\u0111anja 12. dana fotografije Arhiva To\u0161o Dabac putem platforme ZOOM s direktnim prijenosom na Facebook stranicu Muzeja suvremene umjetnosti i Arhiva To\u0161o Dabac.<\/p>\n\n\n\n<p>12. dani fotografije Arhiva To\u0161o Dabac \u2013 izlo\u017eba, predavanja, okrugli stol, prezentacije<br>MSU galerija, Dvorana Gorgona, Muzej suvremene umjetnosti Zagreb<br>29. 10. \u2013 26. 11. 2020.<\/p>\n\n\n\n<p><strong><em>Selo u reporta\u017enoj fotografiji To\u0161e Dabca<\/em><\/strong><br><strong>od 1930-ih do 1950-ih<\/strong><br>Izlo\u017eba se mo\u017ee pogledati od 30.10.2020. od 11 sati u prostoru MSU galerije.<\/p>\n\n\n\n<p>Fotografija je &#8220;pomo\u0107nik, mla\u0111i brat rije\u010di&#8221;, tako je Roy Stryker opisao va\u017enost reporta\u017enih fotografija sela nastalih 1930-ih u SAD-u, danas poznatih pod nazivom&nbsp;<em>New Deal Photography<\/em>&nbsp;(1935.\u20131943.), fotografija ve\u0107inom nastalih zbog narud\u017ebi i dr\u017eavnih subvencija u nastojanju da se kod gra\u0111ana osvijeste problemi osiroma\u0161enog sela nakon velike ekonomske krize (1929.\u20131933.).<\/p>\n\n\n\n<p>U tom kontekstu reporta\u017ene fotografije na\u0161eg sela To\u0161e Dabca, mo\u017eemo promatrati kao &#8220;mla\u0111eg brata&#8221; najzna\u010dajnije pisane rije\u010di o hrvatskom selu: zbornika&nbsp;<em>Kako \u017eivi narod<\/em>&nbsp;(1936.) Rudolfa Bi\u0107ani\u0107a<\/p>\n\n\n\n<p>Predstavljene su reporta\u017ene fotografije ruralnih krajeva i seoskog stanovni\u0161tva snimljene u me\u0111uratnom i poratnom periodu (od 1930-ih do 1950-ih) s fokusom na socijalne prilike i tada\u0161nje uvjete \u017eivota. Izabrane su fotografije koje su do sada rijetko (ili uop\u0107e nisu) prikazivane, a na kojima je Dabac zabilje\u017eio seljake kako rade i obavljaju svakodnevne poslove, u dnevnim migracijama na relaciji selo-grad, u gradu (na tr\u017enici), ali i na sve\u010danostima ili svetkovinama te u rijetkim trenucima odmora. Premda znatno manje poznate od fotografija iz ciklusa&nbsp;<em>Ljudi s ulice<\/em>, koje su mu donijele status najpoznatijeg hrvatskog reporta\u017enog fotografa, Dab\u010deve fotografije obuhva\u0107ene ovom izlo\u017ebom nimalo ne zaostaju po svojoj umjetni\u010dkoj i dokumentarnoj kvaliteti. Na izlo\u017ebi su fotografije stavljene u \u0161iri dru\u0161tveno-politi\u010dki kontekst, povezane su sa suvremenim dru\u0161tvenim i umjetni\u010dkim projektima te trendovima na lokalnoj i globalnoj razini.<br><br>KUSTOSICE IZLO\u017dBE: Barbara Blasin, Kosjenka Laszlo Klemar<br>LIKOVNI POSTAV: Barbara Blasin<br><br>Izlo\u017eba ostaje otvorena do 26. 11. 2020.<\/p>\n\n\n\n<p><strong>INTEGRALNI PROGRAM<\/strong><br><em>12. DANI FOTOGRAFIJE ARHIVA TO\u0160O DABAC<\/em><br>29.&nbsp;listopada \u2013 26. studenoga 2020.<\/p>\n\n\n\n<p><strong>IZLO\u017dBA<\/strong><br><strong>29.&nbsp;listopada \u2013 26. studenoga 2020.<\/strong><br><em>SELO U REPORTA\u017dNOJ FOTOGRAFIJI TO\u0160E DABCA (OD 1930-ih DO 1950-ih)<\/em><br><strong>MSU galerija<\/strong><\/p>\n\n\n\n<p><br><strong>03. 11. 2020. u 17 sati \/ MSU galerija \/ predavanje<\/strong><br>ZBIRKA FOTOGRAFIJA MUZEJA SLAVONIJE U OSIJEKU<br>Iva Horvat, dr. sc. Marija Erl \u0160afar, dr. sc. Tihana Lubina<\/p>\n\n\n\n<p><strong>05. 11. 2020. u 18 sati \/ Dvorana Gorgona \/ okrugli stol<\/strong><br>REPORTA\u017dNA FOTOGRAFIJA U HRVATSKOJ: JU\u010cER, DANAS, SUTRA<br>Barbara Blasin, Boris Cvjetanovi\u0107, Davor Konjiku\u0161i\u0107, Bojan Mr\u0111enovi\u0107, Marina Paulenka i Borko Vukosav, moderatorice: Marina Bena\u017ei\u0107, Jana Gamilec, Mia Maros<\/p>\n\n\n\n<p><strong>10. 11. 2020. u 18 sati \/ MSU galerija \/ predavanje<\/strong><br>NA DRUGOJ STRANI: SLOVENSKA FOTOREPORTA\u017dA \u2013 PREZENTACIJA PROJEKTA U GALERIJI JAKOPI\u010c U LJUBLJANI<br>Marija Sko\u010dir<\/p>\n\n\n\n<p><strong>13. 11. 2020. u 18 sati \/ MSU galerija \/ predstavljanje umjetnika<\/strong><br>AUTOPORTRETI<br>Nina \u0110ur\u0111evi\u0107<\/p>\n\n\n\n<p><strong>13. 11. u 19.30 sati \/ MSU galerija \/predstavljanje kataloga izlo\u017ebe<\/strong><br><em>79 GODINA ATELIJERA DABAC U ILICI<\/em><br>Marina Bena\u017ei\u0107, Ivana Jankovi\u0107, Lana Lovren\u010di\u0107, Natalija Nikpalj<\/p>\n\n\n\n<p><strong>14. 11. 2020. u 15 sati \/ Dvorana Gorgona \/ predavanje s projekcijom<\/strong><br>FOTOESEJ GRF<br>dr. sc. Maja Strgar Kure\u010di\u0107<\/p>\n\n\n\n<p><strong>17. 11. 2020. u 18 sati \/ MSU galerija \/ predavanje<\/strong><br>VIZUALNA PRODUKCIJA STVARNOSTI BEZ CENZURE<br>Igor \u010coko<\/p>\n\n\n\n<p><strong>20. 11. u 18 sati \/ MSU galerija \/ predstavljanje kataloga izlo\u017ebe<\/strong><br><em>SELO U REPORTA\u017dNOJ FOTOGRAFIJI TO\u0160E DABCA (OD 1930-ih DO 1950-ih)<\/em><br>Barbara Blasin, Kosjenka Laszlo Klemar, Orlanda Obad<\/p>\n\n\n\n<p><strong>Dani fotografije Arhiva To\u0161o Dabac<\/strong><\/p>\n\n\n\n<p>Tematski okvir ovogodi\u0161njih Dana fotografije je dru\u0161tvena fotoreporta\u017ea. Stru\u010dna predavanja uz izlo\u017ebu odr\u017eat \u0107e kolege iz Slovenije, Srbije, Zagreba i Osijeka.<\/p>\n\n\n\n<p>Iva Horvat, autorica rada <em>\u201c<\/em>Zbirka fotografija Muzeja Slavonije u Osijeku\u201d \u0107e uz mentorice, dr. sc. Mariju Erl \u0160afar i dr. sc. Tihanu Lubina, sa Studija informatologije Filozofskog fakulteta u Osijeku pojasniti razvoj fotografije u Osijeku te prikazati najpoznatije fotografske atelijere i fotografe na podru\u010dju Osje\u010dko-baranjske \u017eupanije kroz povijest.<\/p>\n\n\n\n<p>Beogradsko udru\u017eenje \u201eGrain\u201c osnovano je da bi radilo projekte razvoja i produkcije autorske dokumentarne i uli\u010dne fotografije, bazirane na dru\u0161tveno anga\u017eiranoj formi. Predstavit \u0107e ga Igor \u010coko, osniva\u010d i izvr\u0161ni direktor magazina koji je kroz ediciju autorskih knjiga \u201cGrain photo books\u201d ugostio velik broj doma\u0107ih, regionalnih i inozemnih fotografa s autenti\u010dnim i sna\u017enim pri\u010dama.<\/p>\n\n\n\n<p>Dr. sc. Maja Strgar Kure\u010di\u0107 izvanredna je profesorica na Katedri za grafi\u010dki dizajn i slikovne informacije na Grafi\u010dkom fakultetu Sveu\u010dili\u0161ta u Zagrebu gdje predaje fotografiju i grafi\u010dku pripremu. Na predavanju prikazat \u0107e se desetak najboljih fotoeseja nastalih u proteklih deset godina na sveu\u010dili\u0161nom diplomskom studiju Grafi\u010dkog fakulteta u sklopu projektnog zadatka &#8220;Fotoesej&#8221; na kolegiju &#8220;Primjena digitalne fotografije u reprodukcijskim medijima&#8221;.<\/p>\n\n\n\n<p>Slovenska reporta\u017ena fotografija tako\u0111er gostuje na Danima, a vi\u0161a kustosica i voditeljica Galerije Jakopi\u010d i Galerije V\u017eigalica u sklopu Muzeja i galerija grada Ljubljane u Sloveniji Marija Sko\u010dir govorit \u0107e o izlo\u017ebenom projektu istoimenog naslova koji pripremaju u prosincu ove godine.<\/p>\n\n\n\n<p><strong>Predstavljanje umjetnika<\/strong><\/p>\n\n\n\n<p>Na ovogodi\u0161njim Danima fotografije predstavit \u0107e nam se dvoje mladih umjetnika. Nina \u0110ur\u0111evi\u0107 \u010dije se fotografije iz serije \u201cObjekt(iv)na\u201d nalaze u fundusu zagreba\u010dkog Muzeja za umjetnost i obrt izlagala je na brojnim samostalnim i grupnim izlo\u017ebama, a tu je i niz ciklusa: \u201cPriroda i dru\u0161tvo\u201d, \u201cOdlasci\u201d, \u201cPoslov(i\u010d)na\u201d i najnoviji \u201cSamizolativna\u201d.&nbsp;<\/p>\n\n\n\n<p>Denis Butorac, ugledni modni fotograf, poznat po izlo\u017ebenom projektu \u201cPoslanica\u201c u svojoj umjetni\u010dkoj praksi, medij fotografije naj\u010de\u0161\u0107e koristi kao sredstvo samoreprezentacije i vizualizacije performativnih procesa kojima rekonstruira pro\u017eivljena iskustva.<\/p>\n\n\n\n<p><strong>Okrugli stol o reporta\u017enoj fotografiji<br>Dvorana Gorgona, Muzej suvremene umjetnosti Zagreb<br>5.11. 2020. u 18 sati<\/strong><\/p>\n\n\n\n<p>Okrugli stol reporta\u017enoj fotografiji okupit \u0107e krug vrsnih fotografa, koji su se bavili, jo\u0161 se bave i zasigurno \u0107e u budu\u0107nosti njegovati fotoreporta\u017eu.<\/p>\n\n\n\n<p>Marina Paulenka nagra\u0111ivana je fotografkinja, te organizatorica i voditeljica me\u0111unarodnog festivala Organ Vida, a od 2019. godine i umjetni\u010dka direktorica UNSEEN-a, vode\u0107e svjetske platforme za suvremenu fotografiju.<\/p>\n\n\n\n<p>Barbara Blasin grafi\u010dka je dizajnerica i fotografkinja. Fotoreportersko iskustvo stje\u010de radom u \u010dasopisu Arkzin 1990-ih. Nagra\u0111ena je dva puta nagradom AICA-e, a sura\u0111uje i na raznim interdisciplinarnim istra\u017eiva\u010dkim projektima.<\/p>\n\n\n\n<p>Restaurator, fotograf, urednik raznih fotografskih \u010dasopisa, profesor, samo su neke od titula Borisa Cvjetanovi\u0107a. Njegove fotografije dio su nekoliko zna\u010dajnih me\u0111unarodnih izlo\u017ebi te su objavljene u knjigama svjetske suvremene fotografije.<\/p>\n\n\n\n<p>Borko Vukosav, ime vrlo dobro poznato na hrvatskoj fotografskoj sceni, projektom \u201cGrad\u201d, neuobi\u010dajnim konceptom i realizacijom svoje fotografije rodnog grada pola\u017ee u fotoknjigu, te budi radoznalost mladih.<\/p>\n\n\n\n<p>Bojan Mr\u0111enovi\u0107 nagra\u0111ivani je fotograf mla\u0111e generacije koji je fotografske cikluse \u201cDobrodo\u0161li\u201d, \u201cBudu\u0107nost\u201d, \u201cUvozna pustinja\u201d, \u201cToplice\u201d izlagao u Hrvatskoj i inozemstvu.<\/p>\n\n\n\n<p>Davor Konjiku\u0161i\u0107 vi\u0161estruko nagra\u0111ivani fotograf izla\u017ee svoja djela grupno i samostalno u Hrvatskoj i svijetu. Fotografiju povezuje s tekstom, arhivom, video i na\u0111enim predmetima.<\/p>\n\n\n\n<p>Deplijan programa mo\u017eete preuzeti <a href=\"https:\/\/drive.google.com\/drive\/folders\/12OnMxOq2JnY_XVxHP3rQDlmyzyUMGAI-?usp=sharing\">ovdje<\/a>.<\/p>\n\n\n\n<p><strong>AUTORICE KONCEPCIJE 12. dana fotografije Arhiva To\u0161o Dabac: Jana Gamilec i Mia Maros<br>AUTORICE KONCEPCIJE IZLO\u017dBE: Barbara Blasin i Kosjenka Laszlo Klemar<br>LIKOVNI POSTAV: Barbara Blasin<\/strong><\/p>\n\n\n\n<p><br>Program <em>12. dana fotografije Arhiva To\u0161o Dabac<\/em> podr\u017eao je Grad Zagreb.<br>Izlo\u017ebu <em>Selo u reporta\u017enoj fotografiji To\u0161e Dabca (od 1930-ih do 1950-ih) <\/em>podr\u017eali su Grad Zagreb i Ministarstvo kulture Republike Hrvatske.<\/p>\n\n\n\n<p>Izvor: <a href=\"http:\/\/www.msu.hr\/dogadanja\/12-dani-fotografije-arhiva-toso-dabac-selo-u-reportaznoj-fotografiji-tose-dapca-(od-1930-ih-do-1950-ih)\/543.html\">http:\/\/www.msu.hr\/dogadanja\/12-dani-fotografije-arhiva-toso-dabac-selo-u-reportaznoj-fotografiji-tose-dapca-(od-1930-ih-do-1950-ih)\/543.html<\/a><\/p>\n\n\n\n<hr class=\"wp-block-separator\"\/>\n","protected":false},"excerpt":{"rendered":"","protected":false},"author":2,"featured_media":23319,"comment_status":"open","ping_status":"open","sticky":false,"template":"","format":"standard","meta":{"_acf_changed":false,"jetpack_post_was_ever_published":false,"_jetpack_newsletter_access":"","_jetpack_dont_email_post_to_subs":false,"_jetpack_newsletter_tier_id":0,"_jetpack_memberships_contains_paywalled_content":false,"_jetpack_memberships_contains_paid_content":false,"footnotes":"","jetpack_publicize_message":"","jetpack_publicize_feature_enabled":true,"jetpack_social_post_already_shared":true,"jetpack_social_options":{"image_generator_settings":{"template":"highway","default_image_id":0,"font":"","enabled":false},"version":2}},"categories":[10,3],"tags":[],"class_list":["post-23318","post","type-post","status-publish","format-standard","has-post-thumbnail","hentry","category-izlozbe","category-novosti"],"acf":{"facebook_opis":""},"jetpack_publicize_connections":[],"jetpack_featured_media_url":"https:\/\/i0.wp.com\/historiografija.hr\/wp-content\/uploads\/2020\/10\/Dabac-izlozba.jpg?fit=1280%2C442&ssl=1","jetpack_sharing_enabled":true,"jetpack-related-posts":[{"id":52633,"url":"https:\/\/historiografija.hr\/?p=52633","url_meta":{"origin":23318,"position":0},"title":"POVIJEST TRE\u0160NJEVA\u010cKE GLAZBE: prikupljanje virtualnog fundusa Muzeja susjedstva Tre\u0161njevka","author":"Branimir Jankovi\u0107","date":"23. travnja 2026.","format":false,"excerpt":"utorak 28. 4. 2026. 14 - 18 h Nova BAZA, Nova cesta 66, Zagreb Prvi su dani ljeta 1957. godine. Bo\u017eica Kalafati\u0107 poha\u0111a drugi razred Osnovne \u0161kole Bratstvo i jedinstvo, danas kralja Tomislava, a ide i na muzi\u010dke satove u Mo\u0161\u0107eni\u010dkoj ulici. Na fotografiji s harmonikom u rukama stoji u\u2026","rel":"","context":"U &quot;Novosti&quot;","block_context":{"text":"Novosti","link":"https:\/\/historiografija.hr\/?cat=3"},"img":{"alt_text":"","src":"https:\/\/i0.wp.com\/historiografija.hr\/wp-content\/uploads\/2026\/04\/MST_prikupljanje.jpg?fit=380%2C475&ssl=1&resize=350%2C200","width":350,"height":200},"classes":[]},{"id":52619,"url":"https:\/\/historiografija.hr\/?p=52619","url_meta":{"origin":23318,"position":1},"title":"Predavanje \u0110ur\u0111ice Vitkovi\u0107 &#8220;Izme\u0111u pera i objektiva: Zagorka i Foto Tonka&#8221;","author":"Branimir Jankovi\u0107","date":"23. travnja 2026.","format":false,"excerpt":"Memorijalni stan Marije Juri\u0107 Zagorke poziva Vas na predavanje \u0110ur\u0111ice Vitkovi\u0107 \u201eIzme\u0111u pera i objektiva: Zagorka i Foto Tonka\u201c koje \u0107e se odr\u017eati u utorak, 28. travnja 2026. s po\u010detkom u 18 h u sklopu Ciklusa predavanja u Memorijalnom stanu Marije Juri\u0107 Zagorke. Kako su se susrele knji\u017eevnost i fotografija\u2026","rel":"","context":"U &quot;Novosti&quot;","block_context":{"text":"Novosti","link":"https:\/\/historiografija.hr\/?cat=3"},"img":{"alt_text":"","src":"https:\/\/i0.wp.com\/historiografija.hr\/wp-content\/uploads\/2024\/11\/Zagorka_ciklus.jpg?fit=1200%2C1006&ssl=1&resize=350%2C200","width":350,"height":200,"srcset":"https:\/\/i0.wp.com\/historiografija.hr\/wp-content\/uploads\/2024\/11\/Zagorka_ciklus.jpg?fit=1200%2C1006&ssl=1&resize=350%2C200 1x, https:\/\/i0.wp.com\/historiografija.hr\/wp-content\/uploads\/2024\/11\/Zagorka_ciklus.jpg?fit=1200%2C1006&ssl=1&resize=525%2C300 1.5x, https:\/\/i0.wp.com\/historiografija.hr\/wp-content\/uploads\/2024\/11\/Zagorka_ciklus.jpg?fit=1200%2C1006&ssl=1&resize=700%2C400 2x, https:\/\/i0.wp.com\/historiografija.hr\/wp-content\/uploads\/2024\/11\/Zagorka_ciklus.jpg?fit=1200%2C1006&ssl=1&resize=1050%2C600 3x"},"classes":[]},{"id":52499,"url":"https:\/\/historiografija.hr\/?p=52499","url_meta":{"origin":23318,"position":2},"title":"POTPISAN UGOVOR O ZNANSTVENO-ISTRA\u017dIVA\u010cKOJ SURADNJI: PROJEKT \u201eTEMELJI HRVATSKE SAMOSTALNOSTI\u201d","author":"Branimir Jankovi\u0107","date":"17. travnja 2026.","format":false,"excerpt":"Hrvatski institut za povijest, Sveu\u010dili\u0161te obrane i sigurnosti \u201eDr. Franjo Tu\u0111man\u201d, Institut dru\u0161tvenih znanosti Ivo Pilar i Hrvatski dr\u017eavni arhiv\u00a0potpisali su 23. o\u017eujka 2026.\u00a0Ugovor o znanstveno-istra\u017eiva\u010dkoj suradnji s ciljem provedbe projekta \u201eTemelji hrvatske samostalnosti\u201d. Tim projektom obuhva\u0107a se istra\u017eivanje arhivskoga gradiva, priprema znanstvenih publikacija, digitalizacija i javna prezentacija rezultata istra\u017eivanja\u2026","rel":"","context":"U &quot;Novosti&quot;","block_context":{"text":"Novosti","link":"https:\/\/historiografija.hr\/?cat=3"},"img":{"alt_text":"","src":"https:\/\/i0.wp.com\/historiografija.hr\/wp-content\/uploads\/2026\/04\/THS_sporazum.jpg?fit=1200%2C583&ssl=1&resize=350%2C200","width":350,"height":200,"srcset":"https:\/\/i0.wp.com\/historiografija.hr\/wp-content\/uploads\/2026\/04\/THS_sporazum.jpg?fit=1200%2C583&ssl=1&resize=350%2C200 1x, https:\/\/i0.wp.com\/historiografija.hr\/wp-content\/uploads\/2026\/04\/THS_sporazum.jpg?fit=1200%2C583&ssl=1&resize=525%2C300 1.5x, https:\/\/i0.wp.com\/historiografija.hr\/wp-content\/uploads\/2026\/04\/THS_sporazum.jpg?fit=1200%2C583&ssl=1&resize=700%2C400 2x, https:\/\/i0.wp.com\/historiografija.hr\/wp-content\/uploads\/2026\/04\/THS_sporazum.jpg?fit=1200%2C583&ssl=1&resize=1050%2C600 3x"},"classes":[]},{"id":52552,"url":"https:\/\/historiografija.hr\/?p=52552","url_meta":{"origin":23318,"position":3},"title":"Besplatni glazbeni antikvarijat","author":"Branimir Jankovi\u0107","date":"20. travnja 2026.","format":false,"excerpt":"Muzi\u010dka akademija Sveu\u010dili\u0161ta u Zagrebu 23. travnja 2026. od 10 do 17 sati Pozivamo Vas na Besplatni glazbeni antikvarijat, koji u sklopu manifestacije No\u0107 knjige 2026. organizira Hrvatska udruga muzi\u010dkih knji\u017enica, arhiva i dokumentacijskih centara (HUMKAD). Antikvarijat \u0107e se odr\u017eati na Svjetski dan knjige \u2013 u \u010detvrtak 23. travnja 2026.\u2026","rel":"","context":"U &quot;Novosti&quot;","block_context":{"text":"Novosti","link":"https:\/\/historiografija.hr\/?cat=3"},"img":{"alt_text":"","src":"https:\/\/i0.wp.com\/historiografija.hr\/wp-content\/uploads\/2026\/04\/Besplatni-glazbeni-antikvarijat-23.-4.-2026.jpg?fit=1200%2C848&ssl=1&resize=350%2C200","width":350,"height":200,"srcset":"https:\/\/i0.wp.com\/historiografija.hr\/wp-content\/uploads\/2026\/04\/Besplatni-glazbeni-antikvarijat-23.-4.-2026.jpg?fit=1200%2C848&ssl=1&resize=350%2C200 1x, https:\/\/i0.wp.com\/historiografija.hr\/wp-content\/uploads\/2026\/04\/Besplatni-glazbeni-antikvarijat-23.-4.-2026.jpg?fit=1200%2C848&ssl=1&resize=525%2C300 1.5x, https:\/\/i0.wp.com\/historiografija.hr\/wp-content\/uploads\/2026\/04\/Besplatni-glazbeni-antikvarijat-23.-4.-2026.jpg?fit=1200%2C848&ssl=1&resize=700%2C400 2x, https:\/\/i0.wp.com\/historiografija.hr\/wp-content\/uploads\/2026\/04\/Besplatni-glazbeni-antikvarijat-23.-4.-2026.jpg?fit=1200%2C848&ssl=1&resize=1050%2C600 3x"},"classes":[]},{"id":52508,"url":"https:\/\/historiografija.hr\/?p=52508","url_meta":{"origin":23318,"position":4},"title":"Glazbena radionica \u201eDUGMETARA REVISITED\u201c","author":"Branimir Jankovi\u0107","date":"17. travnja 2026.","format":false,"excerpt":"DUGMETARA REVISITED glazbena radionica vodi: Ana Horvat 13., 20. i 27. travnja, od 18 do 20 sati Radiona, Nova cesta 186 Na tri radioni\u010dka susreta uranjamo u naslje\u0111e Dugmetare, biv\u0161e tvornice dugmadi na Savskoj cesti koja je po\u010detkom 2000-ih igrom slu\u010daja postala \u017eivo, jedinstveno mjesto glazbene proizvodnje. Svoje su probe\u2026","rel":"","context":"U &quot;Novosti&quot;","block_context":{"text":"Novosti","link":"https:\/\/historiografija.hr\/?cat=3"},"img":{"alt_text":"","src":"https:\/\/i0.wp.com\/historiografija.hr\/wp-content\/uploads\/2026\/04\/TRESNJA_TRESTI.jpg?fit=380%2C475&ssl=1&resize=350%2C200","width":350,"height":200},"classes":[]},{"id":52578,"url":"https:\/\/historiografija.hr\/?p=52578","url_meta":{"origin":23318,"position":5},"title":"Poziv za sudjelovanje: XXII. Dani Julija Bene\u0161i\u0107a u Iloku","author":"Branimir Jankovi\u0107","date":"21. travnja 2026.","format":false,"excerpt":"Zavod za lingvisti\u010dka istra\u017eivanja Hrvatske akademije znanosti i umjetnosti, zajedno s Muzejom grada Iloka, organizira XXII. Dane Julija Bene\u0161i\u0107a, koji \u0107e se odr\u017eati od 28. do 30. listopada 2026. u Iloku.\u00a0Teme ovogodi\u0161njih Dana podijeljene su u dvije cjeline: Knji\u017eevno-jezikoslovni d\u00ecv\u0101n s Bene\u0161i\u0107em te Ilok i Srijem u povijesnim stalnicama i\u2026","rel":"","context":"U &quot;Novosti&quot;","block_context":{"text":"Novosti","link":"https:\/\/historiografija.hr\/?cat=3"},"img":{"alt_text":"","src":"https:\/\/i0.wp.com\/historiografija.hr\/wp-content\/uploads\/2019\/10\/HE2_Benesic.jpg?fit=413%2C591&ssl=1&resize=350%2C200","width":350,"height":200},"classes":[]}],"_links":{"self":[{"href":"https:\/\/historiografija.hr\/index.php?rest_route=\/wp\/v2\/posts\/23318","targetHints":{"allow":["GET"]}}],"collection":[{"href":"https:\/\/historiografija.hr\/index.php?rest_route=\/wp\/v2\/posts"}],"about":[{"href":"https:\/\/historiografija.hr\/index.php?rest_route=\/wp\/v2\/types\/post"}],"author":[{"embeddable":true,"href":"https:\/\/historiografija.hr\/index.php?rest_route=\/wp\/v2\/users\/2"}],"replies":[{"embeddable":true,"href":"https:\/\/historiografija.hr\/index.php?rest_route=%2Fwp%2Fv2%2Fcomments&post=23318"}],"version-history":[{"count":1,"href":"https:\/\/historiografija.hr\/index.php?rest_route=\/wp\/v2\/posts\/23318\/revisions"}],"predecessor-version":[{"id":23320,"href":"https:\/\/historiografija.hr\/index.php?rest_route=\/wp\/v2\/posts\/23318\/revisions\/23320"}],"wp:featuredmedia":[{"embeddable":true,"href":"https:\/\/historiografija.hr\/index.php?rest_route=\/wp\/v2\/media\/23319"}],"wp:attachment":[{"href":"https:\/\/historiografija.hr\/index.php?rest_route=%2Fwp%2Fv2%2Fmedia&parent=23318"}],"wp:term":[{"taxonomy":"category","embeddable":true,"href":"https:\/\/historiografija.hr\/index.php?rest_route=%2Fwp%2Fv2%2Fcategories&post=23318"},{"taxonomy":"post_tag","embeddable":true,"href":"https:\/\/historiografija.hr\/index.php?rest_route=%2Fwp%2Fv2%2Ftags&post=23318"}],"curies":[{"name":"wp","href":"https:\/\/api.w.org\/{rel}","templated":true}]}}