{"id":23314,"date":"2020-10-26T17:19:38","date_gmt":"2020-10-26T17:19:38","guid":{"rendered":"http:\/\/historiografija.hr\/?p=23314"},"modified":"2020-10-26T17:19:38","modified_gmt":"2020-10-26T17:19:38","slug":"a-film-screening-and-discussion-rosenol-und-deutscher-geist-the-fortunes-of-german-intellectual-history","status":"publish","type":"post","link":"https:\/\/historiografija.hr\/?p=23314","title":{"rendered":"A Film Screening and Discussion: Rosen\u00f6l und Deutscher Geist: The Fortunes of German Intellectual History"},"content":{"rendered":"\n<p><strong>A Film Screening and Discussion: Rosen\u00f6l und Deutscher Geist: The Fortunes of German Intellectual History<\/strong><\/p>\n\n\n\n<p>The Council for European Studies is thrilled to announce that registration is now open for the third installment of the&nbsp;<a href=\"https:\/\/councilforeuropeanstudies.org\/conferences\/ces-insights-webinar-series\/\" target=\"_blank\" rel=\"noreferrer noopener\">CES Insights<\/a>&nbsp;webinar series. These virtual gatherings bring together experts on a variety of topics of pressing concern in contemporary Europe, featuring experts from our&nbsp;<a href=\"https:\/\/councilforeuropeanstudies.org\/membership\/research-networks\/\">Research Networks<\/a>.&nbsp;<\/p>\n\n\n\n<p><strong>We\u2019re pleased to invite you to the upcoming webinar:<\/strong><\/p>\n\n\n\n<p><strong>A Film Screening and Discussion: Rosen\u00f6l und Deutscher Geist: The Fortunes of German Intellectual History, dir. Richard Bourke and Dina Gusejnova&nbsp;<\/strong><\/p>\n\n\n\n<p><strong>Thursday, October 29<\/strong><\/p>\n\n\n\n<p><strong>11:00am PST \/ 2:00pm EST \/ 6:00pm GST<\/strong><\/p>\n\n\n\n<p><strong>Chair<\/strong>: Nicholas Ostrum,&nbsp;<strong>Moderator:<\/strong>&nbsp;Samuel Moyn,<strong>&nbsp;Discussants:&nbsp;<\/strong>Emily Levine, Robert Pippin&nbsp;<\/p>\n\n\n\n<p><a href=\"https:\/\/zoom.us\/webinar\/register\/WN_IO_mctMuTQCEWTG0rlukbw\">Register Here<\/a><\/p>\n\n\n\n<p>This webinar will discuss the film&nbsp;<em>Rosen\u00f6l und Deutscher Geist: the fortunes of German intellectual history\u201d<\/em>&nbsp;by Richard Bourke (Cambridge) and Dina Gusejnova (LSE), who will offer a brief response prior to the Q&amp;A. This film, produced in 2018-20 in Berlin and London with support from the ZEIT Foundation Hamburg, presents the fortunes of a distinctly German phenomenon. In conversation with colleagues spanning three generations, Richard Bourke and Dina Gusejnova explore how the history of ideas declined in Germany after a period of innovation and prosperity that lasted through the long nineteenth century. Today intellectual history prevails in other parts of the globe. How did this come to pass?<br><br>In addressing this question, the film returns to numerous striking episodes, and collects an array of unexpected insights \u00ad\u2013 including Christopher Clark on the absence of a specifically Prussian culture; Quentin Skinner and Wolf Lepenies on the lives of Albert Hirschman; and Barbara Stollberg-Rilinger on the controversies of the 1980s. The film reflects on the shadow cast by Hegel and Burckhardt; the melancholy fate of Prussia; the theological roots of historicism; the Nazi appropriation of cultural history; the impact of exile and emigration; the reestablishment of democracy; and the historical profession since the 1960s.<\/p>\n\n\n\n<p><strong>All attendees are encouraged to watch the film before the webinar<\/strong>. The film is fully subtitled in German and English. A link to the film will be included in the webinar registration confirmation.&nbsp;<\/p>\n\n\n\n<p>This webinar is organized by the&nbsp;<a href=\"https:\/\/councilforeuropeanstudies.org\/membership\/research-networks\/critical-european-studies\/\">CES Critical European Studies Research Network<\/a>. The Critical European Studies Research Network provides a collaborative, interdisciplinary, and socially engaged space for pedagogical exchange and criticism for researchers and instructors who work on curriculum development, interrogate the evolution of education-focused institutional landscapes, assess the ways in which new media transforms European Studies in the 21st Century, and explore the trajectory of the discipline.<\/p>\n\n\n\n<h3 class=\"wp-block-heading\">Chair<\/h3>\n\n\n\n<p><strong>Nicholas Ostrum<\/strong> teaches at the Department of History and Philosophy at the University of New Orleans, the Department of History at Xavier University of Louisiana, and the Department of Arts and Sciences at Clark State Community College. Nicholas has served on the Research Editorial Committee of the online journal EuropeNow since 2016 and is a member of the CES Critical European Studies Research Network.<\/p>\n\n\n\n<h3 class=\"wp-block-heading\">Moderator<\/h3>\n\n\n\n<p><strong>Samuel Moyn<\/strong> is Henry R. Luce Professor of Jurisprudence at Yale Law school and Professor of History at Yale University. He has written several books in his fields of European intellectual history and human rights history, including The Last Utopia: Human Rights in History (2010), and edited and coedited a number of others. His most recent books are Christian Human Rights (2015), based on Mellon Distinguished Lectures at the University of Pennsylvania in fall 2014, and Not Enough: Human Rights in an Unequal World (2018). A fellow of the new Quincy Institute for Responsible Statecraft, he is currently working on a book on the origins of humane war for Farrar, Straus, and Giroux. Over the years he has written in venues such as the <em>Atlantic, Boston Review<\/em>, The <em>Chronicle of Higher Education, Commonweal, Dissent<\/em>, the <em>Guardian<\/em>, the <em>London Review of Books<\/em>, The <em>Nation<\/em>, The <em>New Republic<\/em>, the <em>New York Times<\/em>, the <em>Wall Street Journal<\/em>, and the <em>Washington Post<\/em>.<\/p>\n\n\n\n<h3 class=\"wp-block-heading\">Speakers<\/h3>\n\n\n\n<p><strong>Emily Levine<\/strong>&nbsp;is an Associate Professor of Education at Stanford University. Before, she was an Associate Professor of Modern European History. Dr. Levine received her PhD in History and the Humanities at Stanford and her BA from Yale, where she later returned as an Andrew W. Mellon Postdoctoral Fellow. She is the author of Dreamland of Humanists: Warburg, Cassirer, Panofsky, and the Hamburg School (University of Chicago Press, 2013), which was awarded the Herbert Baxter Adams Prize by the American Historical Association for the best book in European history from 1815 through the 20th Century. Levine has published in The New York Times, the LA Review of Books, Foreign Policy, The Chronicle of Higher Education, and Inside Higher Ed, as well as in top scholarly journals. She recently completed A New Currency for the World: The History of the Modern Research University, which was supported by fellowships from the National Humanities Center and the Alexander von Humboldt Foundation, and is forthcoming from the University of Chicago Press in fall 2020.<\/p>\n\n\n\n<p><strong>Robert Pippin<\/strong>&nbsp;is the Evelyn Stefansson Nef Distinguished Service Professor in the Committee on Social Thought, the Department of Philosophy, and the College at the University of Chicago. He is the author of several books and articles on German idealism and later German philosophy, including&nbsp;<em>Kant\u2019s Theory of Form<\/em>;&nbsp;<em>Hegel\u2019s Idealism: The Satisfactions of Self-Consciousness<\/em>;&nbsp;<em>Modernism as a Philosophical Problem<\/em>; and&nbsp;<em>Idealism as Modernism: Hegelian Variations<\/em>.&nbsp; In addition, he has published on issues in political philosophy, theories of self-consciousness, the nature of conceptual change, and the problem of freedom. He also wrote a book about literature and philosophy:<em>&nbsp;Henry James and Modern Moral Life<\/em>. A collection of his essays in German,<em>&nbsp;Die Verwirklichung der Freiheit,<\/em>&nbsp;appeared in 2005, as did&nbsp;<em>The Persistence of Subjectivity: On the Kantian Aftermath<\/em>, and his book on Nietzsche,&nbsp;<em>Nietzsche, moraliste fran\u00e7ais: La conception nietzsch\u00e9enne d\u2019une psychologie philosophique<\/em>, appeared in 2006.&nbsp;<em>Fatalism in American Film Noir: Some Cinematic Philosophy<\/em>&nbsp;appeared in 2012.&nbsp;He was twice an Alexander von Humboldt fellow, is a winner of the Mellon Distinguished Achievement Award in the Humanities, and was recently a fellow at the Wissenschaftskolleg zu Berlin. He is a fellow of the American Academy of Arts and Sciences and is a member of the American Philosophical Society. He is also a member of the German National Academy of Arts and Sciences.<\/p>\n\n\n\n<p><strong>Richard Bourke<\/strong>&nbsp;is a Professor of the History of Political Thought and a Fellow of King\u2019s College at the University of Cambridge. He completed his PhD at the University of Cambridge. His first academic post was in Dublin before moving to Queen May University of London, where he became Professor in the School of History in 2012. He was elected as the chair in the History of Political thought at Cambridge in 2018. Dr. Bourke, has a number of Fellowships in Europe and the United States (Wissenschaftskolleg zu Berlin, Humboldt Stiftung, DAAD, Freie Universit\u00e4t, LMU Munich, Huntington, Beinecke, William Andrews Clark Memorial Library, John Carter Brown Library). He has published widely in intellectual history and the history of political ideas, above all on enlightenment political theory. His most recent monograph,&nbsp;<em>Empire and Revolution: The Political Life of Edmund Burke,&nbsp;<\/em>appeared with Princeton University Press in 2015. He is currently working on the philosophy of history since Rousseau and Kant, and on the history of democratic thought in the ancient and modern worlds.<\/p>\n\n\n\n<p><strong>Dina Gusejnova<\/strong>&nbsp;is an Assistant Professor at the Department of International History at LSE. Prior to this, she was a Senior lecturer at the University of Sheffield and a Collegiate Assistant Professor at the University of Chicago, and has held teaching and research appointments at Queen Mary University of London and UCL. Dina&nbsp;is the author of&nbsp;<em>European Elites and Ideas of Empire, 1917-57<\/em>&nbsp;(2016), which examines the intellectual life of Europe\u2019s fading empires through the presence of German-speaking intellectuals, and the editor of&nbsp;<em>Cosmopolitanism in Conflict<\/em>.&nbsp;<em>Imperial Encounters from the Seven Years\u2019 War to the Cold War<\/em>(2018). Dina\u2019s current research concentrates on the circulation of ideas of citizenship and nationality in the context of the internment of continental Europeans in Britain during the Second World War.<\/p>\n\n\n\n<p>This webinar will take the form of a moderated discussion, where panelists respond to questions from the moderator, each other, and the audience.&nbsp;Please join us for a lively conversation!<\/p>\n\n\n\n<p>If you have any questions, please contact\u00a0<a href=\"mailto:events@ces-europe.org\">events@ces-europe.org<\/a>.\u00a0<\/p>\n\n\n\n<figure class=\"wp-block-embed-wordpress wp-block-embed is-type-wp-embed is-provider-council-for-european-studies\"><div class=\"wp-block-embed__wrapper\">\n<blockquote class=\"wp-embedded-content\" data-secret=\"3mz4TcAHaf\"><a href=\"https:\/\/councilforeuropeanstudies.org\/a-film-screening-and-discussion-rosenol-und-deutscher-geist-the-fortunes-of-german-intellectual-history\/\">A Film Screening and Discussion: Rosen\u00f6l und Deutscher Geist: The Fortunes of German Intellectual History<\/a><\/blockquote><iframe loading=\"lazy\" class=\"wp-embedded-content\" sandbox=\"allow-scripts\" security=\"restricted\" style=\"position: absolute; clip: rect(1px, 1px, 1px, 1px);\" title=\"&#8220;A Film Screening and Discussion: Rosen\u00f6l und Deutscher Geist: The Fortunes of German Intellectual History&#8221; &#8212; Council for European Studies\" src=\"https:\/\/councilforeuropeanstudies.org\/a-film-screening-and-discussion-rosenol-und-deutscher-geist-the-fortunes-of-german-intellectual-history\/embed\/#?secret=3mz4TcAHaf\" data-secret=\"3mz4TcAHaf\" width=\"600\" height=\"338\" frameborder=\"0\" marginwidth=\"0\" marginheight=\"0\" scrolling=\"no\"><\/iframe>\n<\/div><\/figure>\n\n\n\n<hr class=\"wp-block-separator\"\/>\n","protected":false},"excerpt":{"rendered":"","protected":false},"author":2,"featured_media":23315,"comment_status":"open","ping_status":"open","sticky":false,"template":"","format":"standard","meta":{"_acf_changed":false,"jetpack_post_was_ever_published":false,"_jetpack_newsletter_access":"","_jetpack_dont_email_post_to_subs":false,"_jetpack_newsletter_tier_id":0,"_jetpack_memberships_contains_paywalled_content":false,"_jetpack_memberships_contains_paid_content":false,"footnotes":"","jetpack_publicize_message":"","jetpack_publicize_feature_enabled":true,"jetpack_social_post_already_shared":true,"jetpack_social_options":{"image_generator_settings":{"template":"highway","default_image_id":0,"font":"","enabled":false},"version":2}},"categories":[13,3],"tags":[],"class_list":["post-23314","post","type-post","status-publish","format-standard","has-post-thumbnail","hentry","category-filmovi-i-serije","category-novosti"],"acf":{"facebook_opis":""},"jetpack_publicize_connections":[],"jetpack_featured_media_url":"https:\/\/i0.wp.com\/historiografija.hr\/wp-content\/uploads\/2020\/10\/German-Intellectual-History.jpeg?fit=1279%2C1022&ssl=1","jetpack_sharing_enabled":true,"jetpack-related-posts":[{"id":52664,"url":"https:\/\/historiografija.hr\/?p=52664","url_meta":{"origin":23314,"position":0},"title":"CfP: CONFERENCE OF THE HISTORY OF CONCEPTS GROUP, HELSINKI, 19TH\u201321ST AUGUST 2026 (DEADLINE: 30TH APRIL 2026)","author":"Branimir Jankovi\u0107","date":"24. travnja 2026.","format":false,"excerpt":"The annual conference of the History of Concepts Group is held at the University of Helsinki, 19-21 August 2026. Conference of the History of Concepts Group Conceptual history studies the use of concepts and tries to understand how historical actors have linguistically articulated views of the world. Studying concepts from\u2026","rel":"","context":"U &quot;Novosti&quot;","block_context":{"text":"Novosti","link":"https:\/\/historiografija.hr\/?cat=3"},"img":{"alt_text":"","src":"https:\/\/i0.wp.com\/historiografija.hr\/wp-content\/uploads\/2017\/10\/hsozkult.png?fit=1006%2C241&ssl=1&resize=350%2C200","width":350,"height":200,"srcset":"https:\/\/i0.wp.com\/historiografija.hr\/wp-content\/uploads\/2017\/10\/hsozkult.png?fit=1006%2C241&ssl=1&resize=350%2C200 1x, https:\/\/i0.wp.com\/historiografija.hr\/wp-content\/uploads\/2017\/10\/hsozkult.png?fit=1006%2C241&ssl=1&resize=525%2C300 1.5x, https:\/\/i0.wp.com\/historiografija.hr\/wp-content\/uploads\/2017\/10\/hsozkult.png?fit=1006%2C241&ssl=1&resize=700%2C400 2x"},"classes":[]},{"id":52677,"url":"https:\/\/historiografija.hr\/?p=52677","url_meta":{"origin":23314,"position":1},"title":"CfP: NAVIGATING THE PAST, FACING THE PRESENT: CHALLENGES AND OPPORTUNITIES IN RE-PRESENTING CONFLICTS AND VIOLENCE IN MEMORY AND EDUCATION INSTITUTIONS, WARSAW, 22ND\u201324TH OCTOBER 2026 (DEADLINE: 30TH APRIL 2026)","author":"Branimir Jankovi\u0107","date":"27. travnja 2026.","format":false,"excerpt":"The conference and graduate workshop (October 22-24, 2026, Warsaw) addresses the representation of history in public and institutional contexts, with a focus beyond the often-studied field of \u201cmemory culture\u201d. Rather than emphasizing the politicization of memory and cultural institutions, the discussion shifts toward new methods, media, and challenges in historical\u2026","rel":"","context":"U &quot;Novosti&quot;","block_context":{"text":"Novosti","link":"https:\/\/historiografija.hr\/?cat=3"},"img":{"alt_text":"","src":"https:\/\/i0.wp.com\/historiografija.hr\/wp-content\/uploads\/2017\/10\/hsozkult.png?fit=1006%2C241&ssl=1&resize=350%2C200","width":350,"height":200,"srcset":"https:\/\/i0.wp.com\/historiografija.hr\/wp-content\/uploads\/2017\/10\/hsozkult.png?fit=1006%2C241&ssl=1&resize=350%2C200 1x, https:\/\/i0.wp.com\/historiografija.hr\/wp-content\/uploads\/2017\/10\/hsozkult.png?fit=1006%2C241&ssl=1&resize=525%2C300 1.5x, https:\/\/i0.wp.com\/historiografija.hr\/wp-content\/uploads\/2017\/10\/hsozkult.png?fit=1006%2C241&ssl=1&resize=700%2C400 2x"},"classes":[]},{"id":52679,"url":"https:\/\/historiografija.hr\/?p=52679","url_meta":{"origin":23314,"position":2},"title":"CfP: CHOSEN NATION(S): HISTORICAL AND CULTURAL INTERPRETATIONS OF EXCEPTIONALISM, BUDAPEST, 10TH\u201311TH JUNE 2026 (DEADLINE: 1ST MAY 2026)","author":"Branimir Jankovi\u0107","date":"27. travnja 2026.","format":false,"excerpt":"The Ludovika University of Public Service (NKE) and the Jewish Theological Seminary \u2013 University of Jewish Studies (OR-ZSE) are pleased to announce a joint academic conference on \u201cChosen Nation(s): Historical and Cultural Interpretations of Exceptionalism\u201d, to be held in Budapest, Hungary. Chosen Nation(s): Historical and Cultural Interpretations of Exceptionalism Keynote\u2026","rel":"","context":"U &quot;Novosti&quot;","block_context":{"text":"Novosti","link":"https:\/\/historiografija.hr\/?cat=3"},"img":{"alt_text":"","src":"https:\/\/i0.wp.com\/historiografija.hr\/wp-content\/uploads\/2017\/10\/hsozkult.png?fit=1006%2C241&ssl=1&resize=350%2C200","width":350,"height":200,"srcset":"https:\/\/i0.wp.com\/historiografija.hr\/wp-content\/uploads\/2017\/10\/hsozkult.png?fit=1006%2C241&ssl=1&resize=350%2C200 1x, https:\/\/i0.wp.com\/historiografija.hr\/wp-content\/uploads\/2017\/10\/hsozkult.png?fit=1006%2C241&ssl=1&resize=525%2C300 1.5x, https:\/\/i0.wp.com\/historiografija.hr\/wp-content\/uploads\/2017\/10\/hsozkult.png?fit=1006%2C241&ssl=1&resize=700%2C400 2x"},"classes":[]},{"id":52643,"url":"https:\/\/historiografija.hr\/?p=52643","url_meta":{"origin":23314,"position":3},"title":"BRACEWELL TRAVELLING SCHOLARSHIP\u202fFOR PHD STUDENTS (DEADLINE: 30TH APRIL 2026)","author":"Branimir Jankovi\u0107","date":"24. travnja 2026.","format":false,"excerpt":"The Bracewell Travelling Scholarship\u202fis funded by a gift from SSEES Emeritus Professor of History Wendy Bracewell, whose research examines South Slav history, and travel writing in eastern Europe. The Scholarship honours the long tradition of mutual curiosity between the UK and eastern, central and southeastern Europe by supporting PhD students\u2026","rel":"","context":"U &quot;Novosti&quot;","block_context":{"text":"Novosti","link":"https:\/\/historiografija.hr\/?cat=3"},"img":{"alt_text":"","src":"https:\/\/i0.wp.com\/historiografija.hr\/wp-content\/uploads\/2026\/04\/Bracewell-Travelling-Scholarship-.webp?fit=980%2C700&ssl=1&resize=350%2C200","width":350,"height":200,"srcset":"https:\/\/i0.wp.com\/historiografija.hr\/wp-content\/uploads\/2026\/04\/Bracewell-Travelling-Scholarship-.webp?fit=980%2C700&ssl=1&resize=350%2C200 1x, https:\/\/i0.wp.com\/historiografija.hr\/wp-content\/uploads\/2026\/04\/Bracewell-Travelling-Scholarship-.webp?fit=980%2C700&ssl=1&resize=525%2C300 1.5x, https:\/\/i0.wp.com\/historiografija.hr\/wp-content\/uploads\/2026\/04\/Bracewell-Travelling-Scholarship-.webp?fit=980%2C700&ssl=1&resize=700%2C400 2x"},"classes":[]},{"id":52516,"url":"https:\/\/historiografija.hr\/?p=52516","url_meta":{"origin":23314,"position":4},"title":"Marko Grde\u0161i\u0107, Mislav \u017ditko, \u201eSocialist Economics in Yugoslavia: A Critical History\u201c","author":"Branimir Jankovi\u0107","date":"17. travnja 2026.","format":false,"excerpt":"This book presents a critical history of Yugoslav socialist economics, from its inception in the late 1940s to its dissolution in the late 1980s. After the dramatic break with the Soviet Union in 1948, Yugoslavia found itself in urgent need of a third way: A socialist trajectory which would not\u2026","rel":"","context":"U &quot;Knjige&quot;","block_context":{"text":"Knjige","link":"https:\/\/historiografija.hr\/?cat=8"},"img":{"alt_text":"","src":"https:\/\/i0.wp.com\/historiografija.hr\/wp-content\/uploads\/2026\/04\/Zitko_Grdesic.jpg?fit=350%2C535&ssl=1&resize=350%2C200","width":350,"height":200},"classes":[]},{"id":52641,"url":"https:\/\/historiografija.hr\/?p=52641","url_meta":{"origin":23314,"position":5},"title":"CfP: WHO OWNS THE PAST? VERNACULAR MEMORY, STATE MEMORY, AND THE POLITICS OF OWNERSHIP","author":"Branimir Jankovi\u0107","date":"24. travnja 2026.","format":false,"excerpt":"VIENNA, 31ST AUGUST\u20133RD SEPTEMBER 2026 (DEADLINE: 24TH APRIL 2026) The Center for Austrian Studies at the European Forum at the Hebrew University and the Austrian Academy of Sciences\/Institute of Culture Studies invite early postdocs, PhD candidates, and advanced Master\u2019s students from the Hebrew University of Jerusalem and universities and academic\u2026","rel":"","context":"U &quot;Novosti&quot;","block_context":{"text":"Novosti","link":"https:\/\/historiografija.hr\/?cat=3"},"img":{"alt_text":"","src":"https:\/\/i0.wp.com\/historiografija.hr\/wp-content\/uploads\/2017\/10\/hsozkult.png?fit=1006%2C241&ssl=1&resize=350%2C200","width":350,"height":200,"srcset":"https:\/\/i0.wp.com\/historiografija.hr\/wp-content\/uploads\/2017\/10\/hsozkult.png?fit=1006%2C241&ssl=1&resize=350%2C200 1x, https:\/\/i0.wp.com\/historiografija.hr\/wp-content\/uploads\/2017\/10\/hsozkult.png?fit=1006%2C241&ssl=1&resize=525%2C300 1.5x, https:\/\/i0.wp.com\/historiografija.hr\/wp-content\/uploads\/2017\/10\/hsozkult.png?fit=1006%2C241&ssl=1&resize=700%2C400 2x"},"classes":[]}],"_links":{"self":[{"href":"https:\/\/historiografija.hr\/index.php?rest_route=\/wp\/v2\/posts\/23314","targetHints":{"allow":["GET"]}}],"collection":[{"href":"https:\/\/historiografija.hr\/index.php?rest_route=\/wp\/v2\/posts"}],"about":[{"href":"https:\/\/historiografija.hr\/index.php?rest_route=\/wp\/v2\/types\/post"}],"author":[{"embeddable":true,"href":"https:\/\/historiografija.hr\/index.php?rest_route=\/wp\/v2\/users\/2"}],"replies":[{"embeddable":true,"href":"https:\/\/historiografija.hr\/index.php?rest_route=%2Fwp%2Fv2%2Fcomments&post=23314"}],"version-history":[{"count":1,"href":"https:\/\/historiografija.hr\/index.php?rest_route=\/wp\/v2\/posts\/23314\/revisions"}],"predecessor-version":[{"id":23316,"href":"https:\/\/historiografija.hr\/index.php?rest_route=\/wp\/v2\/posts\/23314\/revisions\/23316"}],"wp:featuredmedia":[{"embeddable":true,"href":"https:\/\/historiografija.hr\/index.php?rest_route=\/wp\/v2\/media\/23315"}],"wp:attachment":[{"href":"https:\/\/historiografija.hr\/index.php?rest_route=%2Fwp%2Fv2%2Fmedia&parent=23314"}],"wp:term":[{"taxonomy":"category","embeddable":true,"href":"https:\/\/historiografija.hr\/index.php?rest_route=%2Fwp%2Fv2%2Fcategories&post=23314"},{"taxonomy":"post_tag","embeddable":true,"href":"https:\/\/historiografija.hr\/index.php?rest_route=%2Fwp%2Fv2%2Ftags&post=23314"}],"curies":[{"name":"wp","href":"https:\/\/api.w.org\/{rel}","templated":true}]}}