{"id":23298,"date":"2020-10-26T16:29:24","date_gmt":"2020-10-26T16:29:24","guid":{"rendered":"http:\/\/historiografija.hr\/?p=23298"},"modified":"2020-10-26T16:29:24","modified_gmt":"2020-10-26T16:29:24","slug":"antoine-compagnon-antimodernisti-od-josepha-de-maistrea-do-rolanda-barthesa-preveo-marko-gregoric","status":"publish","type":"post","link":"https:\/\/historiografija.hr\/?p=23298","title":{"rendered":"Antoine Compagnon, &#8220;Antimodernisti. Od Josepha de Maistrea do Rolanda Barthesa&#8221; (preveo Marko Gregori\u0107)"},"content":{"rendered":"\n<p>Knjiga <em>Antimodernisti <\/em>francuskoga povjesni\u010dara knji\u017eevnosti Antoinea Compagnona sustavan je i cjelovit prikaz antimoderne tradicije u francuskoj kulturi u posljednja dva stolje\u0107a. Tko su antimodernisti? To nisu konzervativni i reakcionarni pisci, upozorava Compagnon, nego moderni pisci, poput Baudelairea, Valeryja ili Prousta, pisci koje danas smatramo klasicima moderne knji\u017eevnosti, ali koji su prema moderni osje\u0107ali izrazitu odbojnost.<\/p>\n\n\n\n<p>Duga tradicija antimodernizma u Francuskoj naslje\u0111e je Francuske revolucije i zapo\u010dinje s kontroverznim misliocem Josepheom de Maistreom, a zavr\u0161ava, pomalo neo\u010dekivano, s Rolandom Barthesom. Antimodernisti\u010dka tradicija jednako je, dakle, stara kao i modernitet, a uvjerljiva je Compagnonova teza da moderno i ne postoji bez antimodernoga, ali da su antimoderni vi\u0161e slobodni od modernih jer su nezadovoljni modernom i jer se ne mogu pomiriti sa zahtijevanim gubitkom pro\u0161losti.<\/p>\n\n\n\n<p>&#x2666;&nbsp;&nbsp; &#x2666;&nbsp;&nbsp; &#x2666;&nbsp;&nbsp; &#x2666;&nbsp;&nbsp; &#x2666;<\/p>\n\n\n\n<p>U prvom dijelu knjige autor analizira \u0161est temeljnih figura antimodernizma: kontrarevoluciju, protuprosvjetiteljstvo, pesimizam, isto\u010dni grijeh, uzvi\u0161eno i grdnju, otkrivaju\u0107i ih prije svega kod De Maistrea, Chateaubrianda i Baudelairea. U drugom dijelu pozornost usmjerava na pojedine uglavnom zanemarene velike antimoderniste 19. i 20. stolje\u0107a, kao \u0161to su Lacordaire, L\u00e9on Bloy, Charles P\u00e9guy, Albert Thibaudet, Julien Benda, Julien Gracq i Roland Barthes jer se antimoderna nit mo\u017ee pratiti sve do danas.<\/p>\n\n\n\n<p>Pri tom, upozorava Compagnon, povijesne antimoderniste ne treba brkati s danas ra\u0161irenim pripadnicima raznih antimodernih pokreta jer bi u svijetu 21. stolje\u0107a, ugro\u017eenom raznim fundamentalizmima, biti doista antimoderan, odnosno vremenu neprilago\u0111en, zna\u010dilo paradoksalno, pru\u017eiti otpor antimodernoj doksi koja se sve vi\u0161e pretvara u ideologiju i braniti vrijednosti prosvjetiteljstva, koje se \u010desto uzimaju olako. \u00a0<br><br><\/p>\n\n\n\n<hr class=\"wp-block-separator\"\/>\n\n\n\n<p><strong>Biblioteka THEORIA \/ \u0398\u0395\u03a9\u03a1\u0399\u0391<\/strong>, glavni urednik Luka \u0160eput, izvr\u0161na urednica Romana Horvat, likovno oblikovanje Luka Gusi\u0107, grafi\u010dki urednik Neven Osojnik, likovni urednik \u017deljko Podore\u0161ki, tisak Kerschoffset (Zagreb). \u2014 Prijevod djela:\u00a0Les antimodernes de Joseph de Maistre \u00e0 Roland Barthes. \u2014 Knjiga je opremljena imenskim kazalom, bibliografskom napomenom tekomentarima i bibliografskim bilje\u0161kama uz tekst<\/p>\n\n\n\n<hr class=\"wp-block-separator\"\/>\n\n\n\n<p><strong>Autori<\/strong><\/p>\n\n\n\n<p><strong>Antoine Compagnon<\/strong><\/p>\n\n\n\n<p>Povjesni\u010dar knji\u017eevnosti, pisac i knji\u017eevni kriti\u010dar (Bruxelles, 1950), radi kao profesor francuske knji\u017eevnosti na Coll\u00e8ge de France u Parizu te kao profesor francuske i komparativne knji\u017eevnosti na Sveu\u010dili\u0161tu Columbia u New Yorku. Autor je dvadesetak znanstvenih knjiga o renesansi, knji\u017eevnosti devetnaestog i ranog dvadesetog stolje\u0107a te o teoriji knji\u017eevnosti i povijesti knji\u017eevnih teorija<\/p>\n\n\n\n<hr class=\"wp-block-separator\"\/>\n\n\n\n<ul class=\"wp-block-list\"><li>biblioteka: <a href=\"https:\/\/www.matica.hr\/knjige\/biblioteka\/97\/\"><strong>THEORIA. Novi niz<\/strong><\/a><\/li><li>cijena: <strong>200,00<\/strong> kn<\/li><li>broj stranica: <strong>428<\/strong><\/li><li>uvez: <strong>uvez bro\u0161iran i pro\u0161iven<\/strong><\/li><li>dimenzije: <strong>17 x 24 cm<\/strong><\/li><li>godina izdanja: <a href=\"https:\/\/www.matica.hr\/knjige\/godina\/2020\/\"><strong>2020.<\/strong><\/a><\/li><li>izdava\u010d: <strong>Matica hrvatska<\/strong><\/li><li>mjesto: <strong>Zagreb<\/strong><\/li><li>ISBN: <strong>978-953-341-189-7<\/strong><\/li><li>podru\u010dje: <strong><a href=\"https:\/\/www.matica.hr\/knjige\/podrucje\/filozofija\">filozofija<\/a>, <a href=\"https:\/\/www.matica.hr\/knjige\/podrucje\/povijest%20knji\u017eevnosti\">povijest knji\u017eevnosti<\/a>, <a href=\"https:\/\/www.matica.hr\/knjige\/podrucje\/teorija%20knji\u017eevnosti\">teorija knji\u017eevnosti<\/a><\/strong><\/li><\/ul>\n\n\n\n<h4 class=\"wp-block-heading\" id=\"TI\">PDF-ovi<\/h4>\n\n\n\n<ul class=\"wp-block-list\"><li><a href=\"https:\/\/www.matica.hr\/media\/knjige\/antimodernisti-1320\/pdf\/sadrzaj.pdf\">Sadr\u017eaj (832,2&nbsp;KB)<\/a><\/li><li><a href=\"https:\/\/www.matica.hr\/media\/knjige\/antimodernisti-1320\/pdf\/uvod-moderni-na-slobodi.pdf\">Uvod. MODERNI NA SLOBODI (123,6&nbsp;KB)<\/a><\/li><li><a href=\"https:\/\/www.matica.hr\/media\/knjige\/antimodernisti-1320\/pdf\/zakljucak-carni-reakcionari.pdf\">Zaklju\u010dak. \u010cARNI REAKCIONARI (1,3&nbsp;MB)<\/a><\/li><li><a href=\"https:\/\/www.matica.hr\/media\/knjige\/antimodernisti-1320\/pdf\/kazalo-imena.pdf\">KAZALO IMENA (2,4&nbsp;MB)<\/a><\/li><\/ul>\n\n\n\n<p>Izvor: \u00a0<a href=\"https:\/\/www.matica.hr\/knjige\/antimodernisti-1320\/\">https:\/\/www.matica.hr\/knjige\/antimodernisti-1320\/<\/a><\/p>\n\n\n\n<hr class=\"wp-block-separator\"\/>\n","protected":false},"excerpt":{"rendered":"","protected":false},"author":2,"featured_media":23299,"comment_status":"open","ping_status":"open","sticky":false,"template":"","format":"standard","meta":{"_acf_changed":false,"jetpack_post_was_ever_published":false,"_jetpack_newsletter_access":"","_jetpack_dont_email_post_to_subs":false,"_jetpack_newsletter_tier_id":0,"_jetpack_memberships_contains_paywalled_content":false,"_jetpack_memberships_contains_paid_content":false,"footnotes":"","jetpack_publicize_message":"","jetpack_publicize_feature_enabled":true,"jetpack_social_post_already_shared":true,"jetpack_social_options":{"image_generator_settings":{"template":"highway","default_image_id":0,"font":"","enabled":false},"version":2}},"categories":[8,3],"tags":[],"class_list":["post-23298","post","type-post","status-publish","format-standard","has-post-thumbnail","hentry","category-knjige","category-novosti"],"acf":{"facebook_opis":""},"jetpack_publicize_connections":[],"jetpack_featured_media_url":"https:\/\/i0.wp.com\/historiografija.hr\/wp-content\/uploads\/2020\/10\/antimodernisti.jpeg?fit=500%2C716&ssl=1","jetpack_sharing_enabled":true,"jetpack-related-posts":[{"id":52547,"url":"https:\/\/historiografija.hr\/?p=52547","url_meta":{"origin":23298,"position":0},"title":"ISHA Zagreb \u2013 Filmska ve\u010der: Povratak Martina Guerrea","author":"Branimir Jankovi\u0107","date":"20. travnja 2026.","format":false,"excerpt":"Klub studenata povijesti \u2013 ISHA Zagreb poziva Vas na filmsku ve\u010der na kojoj \u0107e se prikazivati \u201ePovratak Martina Guerrea\u201c, povijesna drama iz 1982. godine s radnjom smje\u0161tenom u 16. stolje\u0107u. Radnja je utemeljena na stvarnoj povijesnoj li\u010dnosti Martina Guerrea koji se nakon mnogo godina izbivanja vra\u0107a u svoje rodno mjesto\u2026","rel":"","context":"U &quot;Filmovi i serije&quot;","block_context":{"text":"Filmovi i serije","link":"https:\/\/historiografija.hr\/?cat=13"},"img":{"alt_text":"","src":"https:\/\/i0.wp.com\/historiografija.hr\/wp-content\/uploads\/2026\/04\/M-Guerre.png?fit=702%2C1006&ssl=1&resize=350%2C200","width":350,"height":200,"srcset":"https:\/\/i0.wp.com\/historiografija.hr\/wp-content\/uploads\/2026\/04\/M-Guerre.png?fit=702%2C1006&ssl=1&resize=350%2C200 1x, https:\/\/i0.wp.com\/historiografija.hr\/wp-content\/uploads\/2026\/04\/M-Guerre.png?fit=702%2C1006&ssl=1&resize=525%2C300 1.5x, https:\/\/i0.wp.com\/historiografija.hr\/wp-content\/uploads\/2026\/04\/M-Guerre.png?fit=702%2C1006&ssl=1&resize=700%2C400 2x"},"classes":[]},{"id":52628,"url":"https:\/\/historiografija.hr\/?p=52628","url_meta":{"origin":23298,"position":1},"title":"Predavanje dopisnog \u010dlana HAZU Alaina Finkielkrauta Izrael, Europa, antisemitizam","author":"Branimir Jankovi\u0107","date":"23. travnja 2026.","format":false,"excerpt":"Francuski filozof Alain Finkielkraut, redoviti \u010dlan Francuske akademije i dopisni \u010dlan HAZU, odr\u017eat \u0107e predavanje\u00a0Izrael, Europa, antisemitizam u utorak 28. travnja 2026. u 13 sati u Knji\u017enici HAZU,\u00a0Strossmayerov trg 14 u Zagrebu. Uvodne rije\u010di odr\u017eat \u0107e\u00a0akademkinja \u017deljka \u010corak i\u00a0akademik Dra\u017een Katunari\u0107. Predavanje \u0107e se odr\u017eati na francuskom jeziku uz konsekutivno\u2026","rel":"","context":"U &quot;Novosti&quot;","block_context":{"text":"Novosti","link":"https:\/\/historiografija.hr\/?cat=3"},"img":{"alt_text":"","src":"https:\/\/i0.wp.com\/historiografija.hr\/wp-content\/uploads\/2026\/04\/Alain_Finkielkraut.jpg?fit=350%2C407&ssl=1&resize=350%2C200","width":350,"height":200},"classes":[]},{"id":52543,"url":"https:\/\/historiografija.hr\/?p=52543","url_meta":{"origin":23298,"position":2},"title":"Znanstveno-stru\u010dni skup \u201eOto\u010dne pu\u010dke pobo\u017enosti: kontinuiteti i transformacije\u201c","author":"Branimir Jankovi\u0107","date":"20. travnja 2026.","format":false,"excerpt":"Najavljujemo\u00a0znanstveno-stru\u010dni skup \u201eOto\u010dne pu\u010dke pobo\u017enosti: kontinuiteti i transformacije\u201c,\u00a0koji \u0107e se odr\u017eati\u00a0u Rabu od 24. do 26. travnja 2026.,\u00a0u organizaciji i uz potporu\u00a0Instituta za etnologiju i folkloristiku, Zagreb, \u00a0Grada Raba, Pu\u010dkog otvorenog u\u010dili\u0161ta Rab i Centra za istra\u017eivanje srednjovjekovne ba\u0161tine Jadrana RIMAH. Skup okuplja vode\u0107e doma\u0107e stru\u010dnjake koji \u0107e kroz niz\u2026","rel":"","context":"U &quot;Novosti&quot;","block_context":{"text":"Novosti","link":"https:\/\/historiografija.hr\/?cat=3"},"img":{"alt_text":"","src":"https:\/\/i0.wp.com\/historiografija.hr\/wp-content\/uploads\/2026\/04\/Skup_Rab.jpg?fit=848%2C1200&ssl=1&resize=350%2C200","width":350,"height":200,"srcset":"https:\/\/i0.wp.com\/historiografija.hr\/wp-content\/uploads\/2026\/04\/Skup_Rab.jpg?fit=848%2C1200&ssl=1&resize=350%2C200 1x, https:\/\/i0.wp.com\/historiografija.hr\/wp-content\/uploads\/2026\/04\/Skup_Rab.jpg?fit=848%2C1200&ssl=1&resize=525%2C300 1.5x, https:\/\/i0.wp.com\/historiografija.hr\/wp-content\/uploads\/2026\/04\/Skup_Rab.jpg?fit=848%2C1200&ssl=1&resize=700%2C400 2x"},"classes":[]},{"id":52505,"url":"https:\/\/historiografija.hr\/?p=52505","url_meta":{"origin":23298,"position":3},"title":"Izlo\u017eba &#8220;Eschenstock \/ Jasenov prut&#8221;","author":"Branimir Jankovi\u0107","date":"17. travnja 2026.","format":false,"excerpt":"Srpsko narodno vije\u0107e (SNV) i Vizura aperta postavljaju izlo\u017ebu \u0161vicarskog slikara Velimira Ili\u0161evi\u0107a: Eschenstock \/ Jasenov prut. Izlo\u017eba se uz prisustvo autora otvara povodom 81. godi\u0161njice proboja logora\u0161a iz usta\u0161kog logora smrti Jasenovac 22. aprila 2026. u 19 sati u Srpskom kulturnom centru (SKC) u Preradovi\u0107evoj ulici 21 u Zagrebu.\u2026","rel":"","context":"U &quot;Izlo\u017ebe&quot;","block_context":{"text":"Izlo\u017ebe","link":"https:\/\/historiografija.hr\/?cat=10"},"img":{"alt_text":"","src":"https:\/\/i0.wp.com\/historiografija.hr\/wp-content\/uploads\/2026\/04\/Jasenov_prut.jpg?fit=1024%2C640&ssl=1&resize=350%2C200","width":350,"height":200,"srcset":"https:\/\/i0.wp.com\/historiografija.hr\/wp-content\/uploads\/2026\/04\/Jasenov_prut.jpg?fit=1024%2C640&ssl=1&resize=350%2C200 1x, https:\/\/i0.wp.com\/historiografija.hr\/wp-content\/uploads\/2026\/04\/Jasenov_prut.jpg?fit=1024%2C640&ssl=1&resize=525%2C300 1.5x, https:\/\/i0.wp.com\/historiografija.hr\/wp-content\/uploads\/2026\/04\/Jasenov_prut.jpg?fit=1024%2C640&ssl=1&resize=700%2C400 2x"},"classes":[]},{"id":52569,"url":"https:\/\/historiografija.hr\/?p=52569","url_meta":{"origin":23298,"position":4},"title":"[Predavanje] Ne \u010dekaju\u0107i inspiraciju \u2013 anga\u017eovane intelektualne, kulturalne i umetni\u010dke prakse u me\u0111uratnom periodu: teorija i praksa kriti\u010dke levice u jugoslovenskoj kulturi (YugoLab)","author":"Branimir Jankovi\u0107","date":"21. travnja 2026.","format":false,"excerpt":"U vreme agresivnog ja\u010danja globalne desnice, (pro)fa\u0161isti\u010dkih, rasisti\u010dkih i imperijalisti\u010dkih politika, dok je istovremeno globalna levica izrazito slaba, a progresivni pokreti atomizirani i fragmentisani, va\u017eno je iz savremene perspektive vratiti se revolucionarnim i emancipatorskim zbivanjima u jugoslovenskom (ali i s njima u vezi internacionalnim de\u0161avanjima), kao i dru\u0161tvenoj ulozi kulturalnih\u2026","rel":"","context":"U &quot;Novosti&quot;","block_context":{"text":"Novosti","link":"https:\/\/historiografija.hr\/?cat=3"},"img":{"alt_text":"","src":"","width":0,"height":0},"classes":[]},{"id":52563,"url":"https:\/\/historiografija.hr\/?p=52563","url_meta":{"origin":23298,"position":5},"title":"Predavanje Nenada Fabijani\u0107a o stadionu Poljud u Splitu","author":"Branimir Jankovi\u0107","date":"21. travnja 2026.","format":false,"excerpt":"Znanstveno vije\u0107e za arhitekturu, urbanizam i ure\u0111enje prostora Hrvatske akademije znanosti i umjetnosti organizira predavanje \u201cPo Poljudu\u201d koje \u0107e u srijedu 22. travnja 2026. s po\u010detkom u 14 sati u Knji\u017enici HAZU, Strossmayerov trg 14 u Zagrebu, odr\u017eati\u00a0prof. emerit. dr. art. Nenad Fabijani\u0107,\u00a0\u010dlan suradnik HAZU. Predavanje \u201ePo Poljudu\u201c (Projekt obnove)\u2026","rel":"","context":"U &quot;Novosti&quot;","block_context":{"text":"Novosti","link":"https:\/\/historiografija.hr\/?cat=3"},"img":{"alt_text":"","src":"https:\/\/i0.wp.com\/historiografija.hr\/wp-content\/uploads\/2026\/04\/Poljud-scaled.jpeg?fit=1200%2C800&ssl=1&resize=350%2C200","width":350,"height":200,"srcset":"https:\/\/i0.wp.com\/historiografija.hr\/wp-content\/uploads\/2026\/04\/Poljud-scaled.jpeg?fit=1200%2C800&ssl=1&resize=350%2C200 1x, https:\/\/i0.wp.com\/historiografija.hr\/wp-content\/uploads\/2026\/04\/Poljud-scaled.jpeg?fit=1200%2C800&ssl=1&resize=525%2C300 1.5x, https:\/\/i0.wp.com\/historiografija.hr\/wp-content\/uploads\/2026\/04\/Poljud-scaled.jpeg?fit=1200%2C800&ssl=1&resize=700%2C400 2x, https:\/\/i0.wp.com\/historiografija.hr\/wp-content\/uploads\/2026\/04\/Poljud-scaled.jpeg?fit=1200%2C800&ssl=1&resize=1050%2C600 3x"},"classes":[]}],"_links":{"self":[{"href":"https:\/\/historiografija.hr\/index.php?rest_route=\/wp\/v2\/posts\/23298","targetHints":{"allow":["GET"]}}],"collection":[{"href":"https:\/\/historiografija.hr\/index.php?rest_route=\/wp\/v2\/posts"}],"about":[{"href":"https:\/\/historiografija.hr\/index.php?rest_route=\/wp\/v2\/types\/post"}],"author":[{"embeddable":true,"href":"https:\/\/historiografija.hr\/index.php?rest_route=\/wp\/v2\/users\/2"}],"replies":[{"embeddable":true,"href":"https:\/\/historiografija.hr\/index.php?rest_route=%2Fwp%2Fv2%2Fcomments&post=23298"}],"version-history":[{"count":1,"href":"https:\/\/historiografija.hr\/index.php?rest_route=\/wp\/v2\/posts\/23298\/revisions"}],"predecessor-version":[{"id":23300,"href":"https:\/\/historiografija.hr\/index.php?rest_route=\/wp\/v2\/posts\/23298\/revisions\/23300"}],"wp:featuredmedia":[{"embeddable":true,"href":"https:\/\/historiografija.hr\/index.php?rest_route=\/wp\/v2\/media\/23299"}],"wp:attachment":[{"href":"https:\/\/historiografija.hr\/index.php?rest_route=%2Fwp%2Fv2%2Fmedia&parent=23298"}],"wp:term":[{"taxonomy":"category","embeddable":true,"href":"https:\/\/historiografija.hr\/index.php?rest_route=%2Fwp%2Fv2%2Fcategories&post=23298"},{"taxonomy":"post_tag","embeddable":true,"href":"https:\/\/historiografija.hr\/index.php?rest_route=%2Fwp%2Fv2%2Ftags&post=23298"}],"curies":[{"name":"wp","href":"https:\/\/api.w.org\/{rel}","templated":true}]}}