{"id":23294,"date":"2020-10-23T18:18:47","date_gmt":"2020-10-23T18:18:47","guid":{"rendered":"http:\/\/historiografija.hr\/?p=23294"},"modified":"2020-10-23T18:18:47","modified_gmt":"2020-10-23T18:18:47","slug":"enzo-traverso-istorija-kao-bojno-polje","status":"publish","type":"post","link":"https:\/\/historiografija.hr\/?p=23294","title":{"rendered":"Enzo Traverso, \u201cIstorija kao bojno polje\u201d"},"content":{"rendered":"\n<p>\u201cDebate o ratovima, revolucijama, fa\u0161izmima i genocidima koje su poslednjih decenija pro\u017eimale istoriografiju i, uop\u0161tenije uzev, dru\u0161tvene nauke \u2013 skiciraju obrise jednog novog pristupa savremenom svetu koji uveliko nadilazi granice istorijskog istra\u017eivanja. Mnogi istorijski radovi vi\u0161e nam govore o svojoj epohi, rasvetljavaju\u0107i njeno imaginarno i njene predstave, nego o pro\u0161losti u \u010dije bi misterije \u017eeleli da proniknu.\u201d<\/p>\n\n\n\n<p>&#8212;<\/p>\n\n\n\n<p><em><strong>Opis<\/strong><\/em><\/p>\n\n\n\n<p><em>Istorija se i dalje pi\u0161e u sada\u0161njem vremenu.<\/em><\/p>\n\n\n\n<p>Godina 1989. godina ne upisuje se u kontinuitet jedne linearne vremenitosti, ve\u0107 ozna\u010dava prag, <em>momentum<\/em>, kojim se okon\u010dava jedna epoha kako bi zapo\u010dela nova. 20. vek nije samo razotkrio iluzije istoricizma i ilustrovao brodolom ideje Napretka, on je i zabele\u017eio pomra\u010denje utopija upisanih u revolucionarna iskustva i omogu\u0107io povratak doga\u0111aja i uzlet globalne istorije.<\/p>\n\n\n\n<p>Debate o ratovima, revolucijama, fa\u0161izmima i genocidima koje su poslednjih decenija pro\u017eimale istoriografiju i, uop\u0161tenije uzev, dru\u0161tvene nauke \u2013 skiciraju obrise jednog novog pristupa savremenom svetu koji uveliko nadilazi granice istorijskog istra\u017eivanja. Mnogi istorijski radovi vi\u0161e nam govore o svojoj epohi, rasvetljavaju\u0107i njeno imaginarno i njene predstave, nego o pro\u0161losti u \u010dije bi misterije \u017eeleli da proniknu. U 21. veku istori\u010dari rade unutar novih politi\u010dkih i \u00bbepistemi\u010dkih\u00ab koordinata a mesta proizvodnje istorije ne ograni\u010davaju se na univerzitet, nego dodiruju medije u naj\u0161irem smislu re\u010di.<\/p>\n\n\n\n<hr class=\"wp-block-separator\"\/>\n\n\n\n<p><strong>Autor<\/strong><\/p>\n\n\n\n<p>Italijansko-francuski istori\u010dar koji se u svom radu bavi modernom i savremenom Evropom. Njegova istra\u017eivanja su usmerena na intelektualnu istoriju i politi\u010dke ideje 20. veka; melanholiju levice i komparativne analize fa\u0161izama 20. i 21. veka u uslovima neoliberalnog globalizma, na o\u017eivljavanje populisti\u010dkog stila i ja\u010danje kulture koja robove vidi kao pobunjene subjekte a ne kao objekte saose\u0107anja.<\/p>\n\n\n\n<hr class=\"wp-block-separator\"\/>\n\n\n\n<p><strong>Sadr\u017eaj<\/strong><\/p>\n\n\n\n<p>UVOD: Pisati istoriju na razme\u0111i vekova<\/p>\n\n\n\n<p>1. KRAJ VEKA: 20. vek Erika Hobsbauma<br>\/ Tetralogija<br>\/ Evrocentrizam<br>\/ Komunizam<br>\/ Varvarstvo<br>\/ Dugo trajanje<\/p>\n\n\n\n<p>2. REVOLUCIJE: 1789. i 1917. nakon 1989. O Fransoa Fireu i Arnou D\u017e. Majeru<br>\/ Matrica totalitarizma<br>\/ Furije<br>\/ Mit i istorija<\/p>\n\n\n\n<p>3. FA\u0160IZMI: O D\u017eord\u017eu L. Mosu, Zevu \u0160ternelu i Emiliju \u0110entileu<br>\/ Istorijske konstelacije<br>\/ Fa\u0161isti\u010dka kultura<br>\/ Ideologija<br>\/ Revolucija ili kontrarevolucija?<br>\/ Javna upotreba istorije<\/p>\n\n\n\n<p>4. NACIZAM: Debata izme\u0111u Martina Bro\u0161ata i<br>\/ Sola Fridlendera<br>\/ Jedna prepiska<\/p>\n\n\n\n<p>\/ Istorizacija<br>\/ Aporije<br>\/ Antisemitizam<br>\/ Integrisana istorija<\/p>\n\n\n\n<p>5. PORE\u0110ENJE \u0160OE: Otvorena pitanja<br>\/ Komparativizam<br>\/ Genocid<br>\/ Antisemitizam i rasizam<br>\/ Nacisti\u010dka Nema\u010dka i inkvizitorska \u0160panija<br>\/ Totalitarizam<br>\/ \u0160oa kao sinteza<\/p>\n\n\n\n<p>6. BIOMO\u0106: Kako su Mi\u0161el Fuko i \u0110or\u0111o Agamben kori\u0161\u0107eni u istoriografiji<br>\/ Biopolitika i istoriografija<br>\/ Fukoovski model<br>\/ Biomo\u0107 i suverenost<br>\/ Promi\u0161ljati 20. vek<\/p>\n\n\n\n<p>7. EGZIL I NASILJE: Hermeneutika distance<br>\/ Distanca i kritika<br>\/ Egzil i nasilje<br>\/ Egzil kao opservatorija<br>\/ Putuju\u0107a teorija<br>\/ Jevrejski egzil i crni Atlantik<\/p>\n\n\n\n<p>8. EVROPA I NJENA PAM\u0106ENJA: Uskrsnu\u0107a i sukobi<br>\/ Istorizovati pam\u0107enje<br>\/ Pomra\u010denje utopija<br>\/ Ulazak \u017ertava na scenu<br>\/ Evropski identiteti<br>\/ Memorijalni prostori<\/p>\n\n\n\n<p>Zaklju\u010dak<\/p>\n\n\n\n<hr class=\"wp-block-separator\"\/>\n\n\n\n<p>Edicija: Vreme tre\u0161anja<br>Prevod sa francuskog: Olja Petroni\u0107<br>Grafi\u010dko oblikovanje: Sr\u0111a Dragovi\u0107<\/p>\n\n\n\n<p>Obim: 322 strana<br>Format: 12 x 18 cm<br>Povez: bro\u0161iran<\/p>\n\n\n\n<p>Godina izdanja: 2020.<br>ISBN 978-86-81042-52-6<\/p>\n\n\n\n<hr class=\"wp-block-separator\"\/>\n\n\n\n<p>Izvor: <a href=\"https:\/\/knjige.fmk.edu.rs\/product\/istorija-kao-bojno-polje\/\">https:\/\/knjige.fmk.edu.rs\/product\/istorija-kao-bojno-polje\/<\/a><\/p>\n\n\n\n<hr class=\"wp-block-separator\"\/>\n","protected":false},"excerpt":{"rendered":"","protected":false},"author":2,"featured_media":23295,"comment_status":"open","ping_status":"open","sticky":false,"template":"","format":"standard","meta":{"_acf_changed":false,"jetpack_post_was_ever_published":false,"_jetpack_newsletter_access":"","_jetpack_dont_email_post_to_subs":false,"_jetpack_newsletter_tier_id":0,"_jetpack_memberships_contains_paywalled_content":false,"_jetpack_memberships_contains_paid_content":false,"footnotes":"","jetpack_publicize_message":"","jetpack_publicize_feature_enabled":true,"jetpack_social_post_already_shared":true,"jetpack_social_options":{"image_generator_settings":{"template":"highway","default_image_id":0,"font":"","enabled":false},"version":2}},"categories":[8,3],"tags":[],"class_list":["post-23294","post","type-post","status-publish","format-standard","has-post-thumbnail","hentry","category-knjige","category-novosti"],"acf":{"facebook_opis":""},"jetpack_publicize_connections":[],"jetpack_featured_media_url":"https:\/\/i0.wp.com\/historiografija.hr\/wp-content\/uploads\/2020\/10\/Istorija-kao-bojno-polje.gif?fit=318%2C501&ssl=1","jetpack_sharing_enabled":true,"jetpack-related-posts":[{"id":52496,"url":"https:\/\/historiografija.hr\/?p=52496","url_meta":{"origin":23294,"position":0},"title":"30 godina Podru\u017enice \u2013 Javno predavanje Matea \u010calu\u0161i\u0107a \u201eSlavonski Brod u Domovinskom ratu\u201c","author":"Branimir Jankovi\u0107","date":"17. travnja 2026.","format":false,"excerpt":"U 2026. navr\u0161ava se trideset godina od osnutka Podru\u017enice za povijest Slavonije, Srijema i Baranje Hrvatskoga instituta za povijest. Obilje\u017eavanje ove zna\u010dajne obljetnice zapo\u010dinje ciklusom javnih povijesnih predavanja znanstvenika Instituta. Tre\u0107e po redu je predavanje Matea \u010calu\u0161i\u0107a \u2013 \u201eSLAVONSKI BROD U DOMOVINSKOM RATU\u201c. Predavanje \u0107e se odr\u017eati 21. travnja 2026.\u2026","rel":"","context":"U &quot;Novosti&quot;","block_context":{"text":"Novosti","link":"https:\/\/historiografija.hr\/?cat=3"},"img":{"alt_text":"","src":"https:\/\/i0.wp.com\/historiografija.hr\/wp-content\/uploads\/2026\/04\/Predavanje-Calusic.png?fit=860%2C1200&ssl=1&resize=350%2C200","width":350,"height":200,"srcset":"https:\/\/i0.wp.com\/historiografija.hr\/wp-content\/uploads\/2026\/04\/Predavanje-Calusic.png?fit=860%2C1200&ssl=1&resize=350%2C200 1x, https:\/\/i0.wp.com\/historiografija.hr\/wp-content\/uploads\/2026\/04\/Predavanje-Calusic.png?fit=860%2C1200&ssl=1&resize=525%2C300 1.5x, https:\/\/i0.wp.com\/historiografija.hr\/wp-content\/uploads\/2026\/04\/Predavanje-Calusic.png?fit=860%2C1200&ssl=1&resize=700%2C400 2x"},"classes":[]},{"id":52536,"url":"https:\/\/historiografija.hr\/?p=52536","url_meta":{"origin":23294,"position":1},"title":"Kader Abdolah, \u201ePrije nego \u0161to bude kasno\u201c","author":"Branimir Jankovi\u0107","date":"20. travnja 2026.","format":false,"excerpt":"Kader Abdolah \u017eeli se vratiti ku\u0107i. Ali povratak je nemogu\u0107: u Iranu bi bio uhap\u0161en. Pod la\u017enim imenom i s krivotvorenim paso\u0161em ipak uspijeva u\u0107i u domovinu i sti\u017ee do roditeljske ku\u0107e, visoko u planinama. Majka ga ne prepoznaje, otac je mrtav, a sve \u0161to je tra\u017eio izmi\u010de mu pred\u2026","rel":"","context":"U &quot;Novosti&quot;","block_context":{"text":"Novosti","link":"https:\/\/historiografija.hr\/?cat=3"},"img":{"alt_text":"","src":"https:\/\/i0.wp.com\/historiografija.hr\/wp-content\/uploads\/2026\/04\/Prije-nego-sto-bude-kasno.webp?fit=566%2C872&ssl=1&resize=350%2C200","width":350,"height":200,"srcset":"https:\/\/i0.wp.com\/historiografija.hr\/wp-content\/uploads\/2026\/04\/Prije-nego-sto-bude-kasno.webp?fit=566%2C872&ssl=1&resize=350%2C200 1x, https:\/\/i0.wp.com\/historiografija.hr\/wp-content\/uploads\/2026\/04\/Prije-nego-sto-bude-kasno.webp?fit=566%2C872&ssl=1&resize=525%2C300 1.5x"},"classes":[]},{"id":52631,"url":"https:\/\/historiografija.hr\/?p=52631","url_meta":{"origin":23294,"position":2},"title":"Predavanje Ivana Tepe\u0161a: Djelovanje hrvatske politi\u010dke emigracije","author":"Branimir Jankovi\u0107","date":"23. travnja 2026.","format":false,"excerpt":"Odjel za me\u0111unarodnu suradnju i iseljeni\u0161tvo Matice hrvatske Predavanje Ivana Tepe\u0161a: Djelovanje hrvatske politi\u010dke emigracije Utorak, 28. travnja 2026. u 18:00 sati, Dvorana Ljudevita Jonkea (Mala dvorana MH), Strossmayerov trg 4, Zagreb dr. sc. Ivan Tepe\u0161, Institut za istra\u017eivanje migracija Hrvatska politi\u010dka emigracija obilje\u017eila je polustoljetnu hrvatsku povijest u drugoj\u2026","rel":"","context":"U &quot;Novosti&quot;","block_context":{"text":"Novosti","link":"https:\/\/historiografija.hr\/?cat=3"},"img":{"alt_text":"","src":"","width":0,"height":0},"classes":[]},{"id":52547,"url":"https:\/\/historiografija.hr\/?p=52547","url_meta":{"origin":23294,"position":3},"title":"ISHA Zagreb \u2013 Filmska ve\u010der: Povratak Martina Guerrea","author":"Branimir Jankovi\u0107","date":"20. travnja 2026.","format":false,"excerpt":"Klub studenata povijesti \u2013 ISHA Zagreb poziva Vas na filmsku ve\u010der na kojoj \u0107e se prikazivati \u201ePovratak Martina Guerrea\u201c, povijesna drama iz 1982. godine s radnjom smje\u0161tenom u 16. stolje\u0107u. Radnja je utemeljena na stvarnoj povijesnoj li\u010dnosti Martina Guerrea koji se nakon mnogo godina izbivanja vra\u0107a u svoje rodno mjesto\u2026","rel":"","context":"U &quot;Filmovi i serije&quot;","block_context":{"text":"Filmovi i serije","link":"https:\/\/historiografija.hr\/?cat=13"},"img":{"alt_text":"","src":"https:\/\/i0.wp.com\/historiografija.hr\/wp-content\/uploads\/2026\/04\/M-Guerre.png?fit=702%2C1006&ssl=1&resize=350%2C200","width":350,"height":200,"srcset":"https:\/\/i0.wp.com\/historiografija.hr\/wp-content\/uploads\/2026\/04\/M-Guerre.png?fit=702%2C1006&ssl=1&resize=350%2C200 1x, https:\/\/i0.wp.com\/historiografija.hr\/wp-content\/uploads\/2026\/04\/M-Guerre.png?fit=702%2C1006&ssl=1&resize=525%2C300 1.5x, https:\/\/i0.wp.com\/historiografija.hr\/wp-content\/uploads\/2026\/04\/M-Guerre.png?fit=702%2C1006&ssl=1&resize=700%2C400 2x"},"classes":[]},{"id":52607,"url":"https:\/\/historiografija.hr\/?p=52607","url_meta":{"origin":23294,"position":4},"title":"No\u0107 knjige: Kako je prije 410 godina smr\u0107u Shakespearea i Cervantesa zavr\u0161ilo razdoblje renesanse u knji\u017eevnosti","author":"Branimir Jankovi\u0107","date":"22. travnja 2026.","format":false,"excerpt":"\u010cetvrtak, 23. travnja 2026. u 18:00 sati, Knji\u017eara Matice hrvatske, Ulica Matice hrvatske 2, Zagreb Uvodna rije\u010d: dr. sc.\u00a0Dubravka Brezak Stama\u0107, pro\u010delnica Odjela za knji\u017eevnost Matice hrvatske Prof. dr. sc. Ivan Lupi\u0107, redoviti profesor u Odsjeku za anglistiku i Odsjeku za kroatistiku Sveu\u010dili\u0161ta u RijeciShakespeare, kazali\u0161te, glazbaKada se susre\u0107emo sa\u2026","rel":"","context":"U &quot;Novosti&quot;","block_context":{"text":"Novosti","link":"https:\/\/historiografija.hr\/?cat=3"},"img":{"alt_text":"","src":"https:\/\/i0.wp.com\/historiografija.hr\/wp-content\/uploads\/2026\/04\/noc_knjige_2026.jpg?fit=680%2C276&ssl=1&resize=350%2C200","width":350,"height":200,"srcset":"https:\/\/i0.wp.com\/historiografija.hr\/wp-content\/uploads\/2026\/04\/noc_knjige_2026.jpg?fit=680%2C276&ssl=1&resize=350%2C200 1x, https:\/\/i0.wp.com\/historiografija.hr\/wp-content\/uploads\/2026\/04\/noc_knjige_2026.jpg?fit=680%2C276&ssl=1&resize=525%2C300 1.5x"},"classes":[]},{"id":52575,"url":"https:\/\/historiografija.hr\/?p=52575","url_meta":{"origin":23294,"position":5},"title":"Izlo\u017eba dje\u010djih radova \u201cU po\u010detku bija\u0161e crte\u017e\u2026\u201d","author":"Branimir Jankovi\u0107","date":"21. travnja 2026.","format":false,"excerpt":"U subotu, 25. travnja 2026. u 11 sati u Galeriji Klovi\u0107evi dvori sve\u010dano otvaramo izlo\u017ebu dje\u010djih radova pod nazivom U po\u010detku bija\u0161e crte\u017e\u2026 Radovi su nastali u sklopu likovnih radionica uz izlo\u017ebu U po\u010detku bija\u0161e kraljevstvo \u2013 izlo\u017eba povodom 1100 godina Hrvatskoga Kraljevstva. Na brojnim likovnim radionicama, uz \u0161kolsku djecu,\u2026","rel":"","context":"U &quot;Izlo\u017ebe&quot;","block_context":{"text":"Izlo\u017ebe","link":"https:\/\/historiografija.hr\/?cat=10"},"img":{"alt_text":"","src":"https:\/\/i0.wp.com\/historiografija.hr\/wp-content\/uploads\/2025\/10\/Klovicevi_sluzbeni-plakat.png?fit=840%2C1200&ssl=1&resize=350%2C200","width":350,"height":200,"srcset":"https:\/\/i0.wp.com\/historiografija.hr\/wp-content\/uploads\/2025\/10\/Klovicevi_sluzbeni-plakat.png?fit=840%2C1200&ssl=1&resize=350%2C200 1x, https:\/\/i0.wp.com\/historiografija.hr\/wp-content\/uploads\/2025\/10\/Klovicevi_sluzbeni-plakat.png?fit=840%2C1200&ssl=1&resize=525%2C300 1.5x, https:\/\/i0.wp.com\/historiografija.hr\/wp-content\/uploads\/2025\/10\/Klovicevi_sluzbeni-plakat.png?fit=840%2C1200&ssl=1&resize=700%2C400 2x"},"classes":[]}],"_links":{"self":[{"href":"https:\/\/historiografija.hr\/index.php?rest_route=\/wp\/v2\/posts\/23294","targetHints":{"allow":["GET"]}}],"collection":[{"href":"https:\/\/historiografija.hr\/index.php?rest_route=\/wp\/v2\/posts"}],"about":[{"href":"https:\/\/historiografija.hr\/index.php?rest_route=\/wp\/v2\/types\/post"}],"author":[{"embeddable":true,"href":"https:\/\/historiografija.hr\/index.php?rest_route=\/wp\/v2\/users\/2"}],"replies":[{"embeddable":true,"href":"https:\/\/historiografija.hr\/index.php?rest_route=%2Fwp%2Fv2%2Fcomments&post=23294"}],"version-history":[{"count":1,"href":"https:\/\/historiografija.hr\/index.php?rest_route=\/wp\/v2\/posts\/23294\/revisions"}],"predecessor-version":[{"id":23296,"href":"https:\/\/historiografija.hr\/index.php?rest_route=\/wp\/v2\/posts\/23294\/revisions\/23296"}],"wp:featuredmedia":[{"embeddable":true,"href":"https:\/\/historiografija.hr\/index.php?rest_route=\/wp\/v2\/media\/23295"}],"wp:attachment":[{"href":"https:\/\/historiografija.hr\/index.php?rest_route=%2Fwp%2Fv2%2Fmedia&parent=23294"}],"wp:term":[{"taxonomy":"category","embeddable":true,"href":"https:\/\/historiografija.hr\/index.php?rest_route=%2Fwp%2Fv2%2Fcategories&post=23294"},{"taxonomy":"post_tag","embeddable":true,"href":"https:\/\/historiografija.hr\/index.php?rest_route=%2Fwp%2Fv2%2Ftags&post=23294"}],"curies":[{"name":"wp","href":"https:\/\/api.w.org\/{rel}","templated":true}]}}