{"id":2328,"date":"2016-06-01T22:00:05","date_gmt":"2016-06-01T22:00:05","guid":{"rendered":"http:\/\/historiografija.hr\/?p=2328"},"modified":"2016-06-01T22:00:05","modified_gmt":"2016-06-01T22:00:05","slug":"deseci-tisuca-gradana-poduprli-kurikularnu-reformu","status":"publish","type":"post","link":"https:\/\/historiografija.hr\/?p=2328","title":{"rendered":"Deseci tisu\u0107a gra\u0111ana poduprli kurikularnu reformu"},"content":{"rendered":"<p><font  size=\"3\">  <\/font><\/p>\n<p style=\"margin: 6pt 0cm 12pt; text-align: justify; line-height: 14.4pt; mso-outline-level: 2;\"><b><span style=\"color: black; font-family: &quot;Times New Roman&quot;,&quot;serif&quot;; font-size: 12pt; mso-fareast-font-family: &quot;Times New Roman&quot;; mso-fareast-language: EN-GB; mso-font-kerning: 18.0pt;\">25 tisu\u0107a gra\u0111ana poduprlo kurikularnu reformu<\/span><\/b><\/p>\n<p><font  size=\"3\">  <\/font><\/p>\n<p style=\"margin: 6pt 0cm 12pt; text-align: justify; line-height: 14.4pt; mso-outline-level: 2;\"><b><span style=\"color: black; font-family: &quot;Times New Roman&quot;,&quot;serif&quot;; font-size: 12pt; mso-fareast-font-family: &quot;Times New Roman&quot;; mso-fareast-language: EN-GB; mso-font-kerning: 18.0pt;\">&nbsp;<\/span><\/b><\/p>\n<p><font  size=\"3\">  <\/font><\/p>\n<p style=\"margin: 0cm 0cm 0pt; text-align: justify; line-height: 15.6pt;\"><span style=\"color: #595959; font-family: &quot;Times New Roman&quot;,&quot;serif&quot;; font-size: 12pt; mso-fareast-font-family: &quot;Times New Roman&quot;; mso-fareast-language: EN-GB;\">01. 06. 2016. &nbsp; <\/span><\/p>\n<p><font  size=\"3\">  <\/font><\/p>\n<p style=\"margin: 0cm 0cm 12pt; text-align: justify; line-height: 15.6pt; mso-margin-top-alt: auto;\"><b><span style=\"color: #111111; font-family: &quot;Times New Roman&quot;,&quot;serif&quot;; font-size: 12pt; mso-fareast-font-family: &quot;Times New Roman&quot;; mso-fareast-language: EN-GB;\">&nbsp;<\/span><\/b><\/p>\n<p><font  size=\"3\">  <\/font><\/p>\n<p style=\"margin: 0cm 0cm 12pt; text-align: justify; line-height: 15.6pt; mso-margin-top-alt: auto;\"><b><span style=\"color: #111111; font-family: &quot;Times New Roman&quot;,&quot;serif&quot;; font-size: 12pt; mso-fareast-font-family: &quot;Times New Roman&quot;; mso-fareast-language: EN-GB;\">Diljem zemlje odr\u017eavani su&nbsp;prosvjedi &#8220;Hrvatska mo\u017ee bolje&#8221;&nbsp;u znak potpore cjelovitoj kurikularnoj reformi. Iza inicijative stoji 300-tinjak udruga, sindikati i mnogobrojni gra\u0111ani.<\/p>\n<p> <\/span><\/b><span style=\"color: #111111; font-family: &quot;Times New Roman&quot;,&quot;serif&quot;; font-size: 12pt; mso-fareast-font-family: &quot;Times New Roman&quot;; mso-fareast-language: EN-GB;\">Na tisu\u0107e ljudi sudjelovalo je na prosvjedu na sredi\u0161njem zagreba\u010dkom trgu, gdje su s glavne pozornice u\u010denici poru\u010dili da ne \u017eele biti taoci neodgovornosti politi\u010dkih elita, a u\u010ditelji i profesori da \u017eele \u0161kolu iz koje \u0107e odlaziti obrazovana i slobodnomisle\u0107a djeca. <\/span><span lang=\"FR\" style=\"color: #111111; font-family: &quot;Times New Roman&quot;,&quot;serif&quot;; font-size: 12pt; mso-ansi-language: FR; mso-fareast-font-family: &quot;Times New Roman&quot;; mso-fareast-language: EN-GB;\">Na prosvjedu se prema policijskim procjenama okupilo 25 tisu\u0107a ljudi, a zasad nema informacija da se dogodio neki incident. Tijekom prosvjeda bio je zatvoren tramvajski promet. Oko 19.30 sati prosvjed je zavr\u0161en pjesmom <i>Kad bi svi ljudi na svijetu<\/i> \u010dije je stihove 1967. napisao <b>Arsen Dedi\u0107.<\/b><\/span><\/p>\n<p><font  size=\"3\">  <\/font><\/p>\n<p style=\"margin: 0cm 0cm 12pt; text-align: justify; line-height: 15.6pt; mso-margin-top-alt: auto;\"><b><span lang=\"FR\" style=\"color: #111111; font-family: &quot;Times New Roman&quot;,&quot;serif&quot;; font-size: 12pt; mso-ansi-language: FR; mso-fareast-font-family: &quot;Times New Roman&quot;; mso-fareast-language: EN-GB;\"><\/p>\n<p> <\/span><\/b><span lang=\"FR\" style=\"color: #111111; font-family: &quot;Times New Roman&quot;,&quot;serif&quot;; font-size: 12pt; mso-ansi-language: FR; mso-fareast-font-family: &quot;Times New Roman&quot;; mso-fareast-language: EN-GB;\">Inicijativa je na prepunom Trgu bana Jela\u010di\u0107a zatra\u017eila da se nastavi reforma \u0161kolstva koja je, tvrde, zastala zbog politi\u010dkih pritisaka i da se za provedbu te reforme osiguraju materijalna sredstva. Od Hrvatskog sabora tra\u017ee da jednoglasno donese zaklju\u010dak o podr\u0161ci reformi, timu i modelu.<\/span><\/p>\n<p><font  size=\"3\">  <\/font><\/p>\n<p style=\"margin: 0cm 0cm 12pt; text-align: justify; line-height: 15.6pt; mso-margin-top-alt: auto;\"><span lang=\"FR\" style=\"color: #111111; font-family: &quot;Times New Roman&quot;,&quot;serif&quot;; font-size: 12pt; mso-ansi-language: FR; mso-fareast-font-family: &quot;Times New Roman&quot;; mso-fareast-language: EN-GB;\"><\/p>\n<p> U\u010denik <b>Karlo Horvat<\/b> pozvao je odgovorene da ne diraju u reformu \u0161kolstva. <i>Pozivam ih da maknu svoje \u0161ape s procesa u koji je ugra\u0111eno bezbroj dobrovoljnih radnih sati, muke, \u017eelje, znanja i htijenja. Jer ako ne vjeruju, neka pogledaju ne samo mene, nego neka pogledaju u o\u010di sve u\u010denike i prosvjetne radnike ove zemlje dok im \u010distog srca poru\u010dujemo: Hrvatska mo\u017ee bolje, pa pogledajte koliko nas ima<\/i>, rekao je.<\/span><\/p>\n<p><font  size=\"3\">  <\/font><\/p>\n<p style=\"margin: 0cm 0cm 12pt; text-align: justify; line-height: 15.6pt; mso-margin-top-alt: auto;\"><span lang=\"FR\" style=\"color: #111111; font-family: &quot;Times New Roman&quot;,&quot;serif&quot;; font-size: 12pt; mso-ansi-language: FR; mso-fareast-font-family: &quot;Times New Roman&quot;; mso-fareast-language: EN-GB;\"><\/p>\n<p> <i>Hrvatska mo\u017ee bolje, u ovoj reformi sudjeluju u\u010ditelji i stru\u010dnjaci, ugradili su svoje iskustvo i entusijazam. Politika se ne smije upletati, ova reforma je nacionalni interes, moramo biti neovisni i stru\u010dni<\/i>, poru\u010dila je za HRT u\u010diteljica koja je sudjelovala u radu na cjelovitoj kurikularnoj reformi <b>Iva Loher<\/b>.<\/span><\/p>\n<p><font  size=\"3\">  <\/font><\/p>\n<p style=\"margin: 0cm 0cm 12pt; text-align: justify; line-height: 15.6pt; mso-margin-top-alt: auto;\"><span lang=\"FR\" style=\"color: #111111; font-family: &quot;Times New Roman&quot;,&quot;serif&quot;; font-size: 12pt; mso-ansi-language: FR; mso-fareast-font-family: &quot;Times New Roman&quot;; mso-fareast-language: EN-GB;\">&nbsp;<\/span><\/p>\n<p><font  size=\"3\">  <\/font><\/p>\n<p style=\"margin: 0cm 0cm 12pt; text-align: justify; line-height: 15.6pt;\"><span style=\"color: #111111; font-family: &quot;Times New Roman&quot;,&quot;serif&quot;; font-size: 12pt; mso-fareast-font-family: &quot;Times New Roman&quot;; mso-fareast-language: EN-GB;\"><\/p>\n<p> Profesor <b>Toni Milun<\/b> poru\u010dio je da kurikularna reforma donosi promjene u skladu s vremenom u kojem \u017eivimo jer od mladih korisnika novih tehnologija \u017eeli u\u010diniti stvaratelje sadr\u017eaja tih tehnologija. <i>Dovoljno je da reforma podr\u017eava budu\u0107nost, odnosno sada\u0161njost<\/i>, dodao je. Zaklju\u010dio je kako je kod u\u010denika bitno razviti one osobine koje su najtra\u017eenije na tr\u017ei\u0161tu rada: rje\u0161avanje kompleksnih problema, kriti\u010dno mi\u0161ljenje, kreativnost, timski rad.<\/span><\/p>\n<p><font  size=\"3\">  <\/font><\/p>\n<p style=\"margin: 0cm 0cm 12pt; text-align: justify; line-height: 15.6pt;\"><span style=\"color: #111111; font-family: &quot;Times New Roman&quot;,&quot;serif&quot;; font-size: 12pt; mso-fareast-font-family: &quot;Times New Roman&quot;; mso-fareast-language: EN-GB;\"><\/p>\n<p> Predstavnica sindikata <b>Sanja \u0160prem<\/b> rekla je da treba vjerovati stru\u010dnjacima i u\u010diteljima, njihovom znanju, po\u0161tenju i predanosti reformi.<\/span><\/p>\n<p><font  size=\"3\">  <\/font><\/p>\n<p style=\"margin: 0cm 0cm 12pt; text-align: justify; line-height: 15.6pt;\"><span style=\"color: #111111; font-family: &quot;Times New Roman&quot;,&quot;serif&quot;; font-size: 12pt; mso-fareast-font-family: &quot;Times New Roman&quot;; mso-fareast-language: EN-GB;\"><\/p>\n<p> Predstavnik Inicijative Hrvatska mo\u017ee bolje <b>Nikola Baketa<\/b> zatra\u017eio je od Sabora da odbaci zaklju\u010dke Odbora za obrazovanje i obrane reformu, dok je predstavnik sindikata <b>Darko \u0160eperi\u0107<\/b> zatra\u017eio da donese rezoluciju o obrazovanju kao nacionalnom strate\u0161kom interesu koja \u0107e obvezati sve vlade.<\/span><\/p>\n<p><font  size=\"3\">  <\/font><\/p>\n<p style=\"margin: 0cm 0cm 12pt; text-align: justify; line-height: 15.6pt;\"><span style=\"color: #111111; font-family: &quot;Times New Roman&quot;,&quot;serif&quot;; font-size: 12pt; mso-fareast-font-family: &quot;Times New Roman&quot;; mso-fareast-language: EN-GB;\"><\/p>\n<p> <b>Na Narodnom trgu u Zadru<\/b> okupilo se oko 1.000 ljudi, a kako su zadrani&nbsp; neskloni podr\u017eavanju bilo kakvog prosvjeda neovisno o temi, ovoga su puta iznenadili i pokazali koliko im je va\u017ena obrazovna reforma temeljena na stru\u010dnosti i koliko je va\u017eno svakome djetetu omogu\u0107iti stjecanje znanje koje \u0107e mu kasnije koristiti u \u017eivotu. S reformom treba krenuti \u0161to prije i omogu\u0107iti stru\u010dnjacima da nastave tamo gdje su stali&nbsp;&#8211; to su poru\u010dili zadarski govornici. <\/span><\/p>\n<p><font  size=\"3\">  <\/font><\/p>\n<p style=\"margin: 0cm 0cm 12pt; text-align: justify; line-height: 15.6pt;\"><span style=\"color: #111111; font-family: &quot;Times New Roman&quot;,&quot;serif&quot;; font-size: 12pt; mso-fareast-font-family: &quot;Times New Roman&quot;; mso-fareast-language: EN-GB;\"><\/p>\n<p> <b>Oko&nbsp;tisu\u0107u ljudi okupilo se u Osijeku<\/b> na Trgu svetog trojstva&nbsp;u Tvr\u0111i. Prosvjed je organizirala osje\u010dka Gra\u0111anska inicijativa. Svi su zajedno i poru\u010duju da \u017eele da reforma ide dalje i da je nije ispolitizirana. Jedna je stara profesorica rekla: <i>Na\u0161oj djeci se pu\u0161i iz glave kao iz parnog stroja&nbsp; &#8211; reforma to ru\u0161i<\/i>. U Osijeku je puno profesora, roditelja, u\u010denika, ali su se mogli vidjeti i neki politi\u010dari, me\u0111u njima i europarlamenatarka <b>Biljana Borzan<\/b> (SDP) koja je rekla da je tu kao politi\u010darka, ali i kao roditelj.<\/span><\/p>\n<p><font  size=\"3\">  <\/font><\/p>\n<p style=\"margin: 0cm 0cm 0pt; text-align: justify; line-height: 15.6pt;\"><span lang=\"FR\" style=\"color: #111111; font-family: &quot;Times New Roman&quot;,&quot;serif&quot;; font-size: 12pt; mso-ansi-language: FR; mso-fareast-font-family: &quot;Times New Roman&quot;; mso-fareast-language: EN-GB;\"><\/p>\n<p> <b>Na prosvjedu u Rijeci se okupilo oko 2.000 ljudi<\/b> prema procijenama novinara. &#8220;Djeca zaslu\u017euju obrazovanje&#8221;, &#8220;Struka da, politika ne&#8221;, &#8220;Za \u0161kole pune znanstvenih spoznaji a ne dogmi&#8221;, &#8220;Za dostojanstvo u\u010ditelja i u\u010denika&#8221;, \u010dulo se s govornice. Skup je zavr\u0161io oko 19 sati.<\/span><\/p>\n<p><font  size=\"3\">  <\/font><\/p>\n<p style=\"margin: 0cm 0cm 0pt; text-align: justify; line-height: 15.6pt;\"><span lang=\"FR\" style=\"color: #111111; font-family: &quot;Times New Roman&quot;,&quot;serif&quot;; font-size: 12pt; mso-ansi-language: FR; mso-fareast-font-family: &quot;Times New Roman&quot;; mso-fareast-language: EN-GB;\"><\/p>\n<p> <b>U Splitu<\/b> gdje je predve\u010der bilo nevrijeme s jakom ki\u0161om na trgu pokraj zgrade splitskog HNK okupilo se petstotinjak prosvjednika. Sa skupa su upu\u0107ene poruke kako djeca trebaju imati&nbsp;bolju budu\u0107nost,&nbsp;zatra\u017eeno je&nbsp;da se reforma nastavi, ali bez revizija. Politi\u010darima je&nbsp;poru\u010deno da se ne mije\u0161aju u obrazovanje.<\/span><\/p>\n<p><font  size=\"3\">  <\/font><\/p>\n<p style=\"margin: 0cm 0cm 0pt; text-align: justify; line-height: 15.6pt;\"><span lang=\"FR\" style=\"color: #111111; font-family: &quot;Times New Roman&quot;,&quot;serif&quot;; font-size: 12pt; mso-ansi-language: FR; mso-fareast-font-family: &quot;Times New Roman&quot;; mso-fareast-language: EN-GB;\"><\/p>\n<p> Prosvjed je odr\u017ean jo\u0161 u Slavonskom Brodu, Virovitici, Kri\u017eevcima, Vara\u017edinu, Pore\u010du, Puli, Zadru, Kor\u010duli, Dubrovniku,&nbsp;ali i simboli\u010dno u New Yorku, Londonu, Parizu, Budimpe\u0161ti i \u0160angaju. <\/span><\/p>\n<p><font  size=\"3\">  <\/font><\/p>\n<p style=\"margin: 0cm 0cm 0pt; text-align: justify; line-height: 15.6pt;\"><span lang=\"FR\" style=\"color: #111111; font-family: &quot;Times New Roman&quot;,&quot;serif&quot;; font-size: 12pt; mso-ansi-language: FR; mso-fareast-font-family: &quot;Times New Roman&quot;; mso-fareast-language: EN-GB;\">&nbsp;<\/span><\/p>\n<p><font  size=\"3\">  <\/font><\/p>\n<p style=\"margin: 0cm 0cm 12pt; text-align: justify; line-height: 15.6pt;\"><span lang=\"FR\" style=\"color: #111111; font-family: &quot;Times New Roman&quot;,&quot;serif&quot;; font-size: 12pt; mso-ansi-language: FR; mso-fareast-font-family: &quot;Times New Roman&quot;; mso-fareast-language: EN-GB;\"><br \/> <b>Danela \u017dagar<\/b> iz inicijative &#8220;Hrvatska mo\u017ee bolje&#8221; je izjavila da tijekom kampanje inicijativa je putem donacija sakupila oko 25.000 kuna (3.700 dolara). \u017dagar isti\u010de da je to i vi\u0161e od ciljanih 3.500 dolara, a novac \u0107e dijelom i\u0107i za tro\u0161kove prosvjeda, a dijelom za stipendiranje u\u010denika. <br style=\"mso-special-character: line-break;\"> <br style=\"mso-special-character: line-break;\"> <\/span><\/p>\n<p><font  size=\"3\">  <\/font><\/p>\n<p style=\"margin: 0cm 0cm 10pt; text-align: justify; line-height: 15.6pt;\"><span style=\"color: #111111; font-family: &quot;Times New Roman&quot;,&quot;serif&quot;; font-size: 12pt; mso-fareast-font-family: &quot;Times New Roman&quot;; mso-fareast-language: EN-GB;\"><\/p>\n<p> A ministar obrazovanja, znanosti&nbsp;i sporta <b>Predrag \u0160ustar<\/b> i danas&nbsp;je ponovio da nisu<i> <\/i>klju\u010dni Predrag i Boris ve\u0107 upravo reforma<i>.<\/i>&nbsp;<\/span><span lang=\"FR\" style=\"color: #111111; font-family: &quot;Times New Roman&quot;,&quot;serif&quot;; font-size: 12pt; mso-ansi-language: FR; mso-fareast-font-family: &quot;Times New Roman&quot;; mso-fareast-language: EN-GB;\">Kazao je i da ne planira dati ostavku.<i> Meni ne pada na pamet, ja nisam luzer, niti je to Boris. Posao treba odraditi, idemo danas odraditi. Zato ajmo danas odraditi lijepu fe\u0161tu&nbsp;te se&nbsp;vratiti u klupe i reformu privesti kraju,<\/i> rekao je \u0160ustar<i>.<\/p>\n<p> <\/i>Dan uo\u010di prosvjeda&nbsp;ministra&nbsp;<b>\u0160ustara<\/b> i voditelja stru\u010dne radne skupine<b>&nbsp;Joki\u0107a <\/b>primila je predsjednica Republike Kolinda Grabar-Kitarovi\u0107 na Pantov\u010daku.<\/span><\/p>\n<p><font  size=\"3\">  <\/font><\/p>\n<p style=\"margin: 0cm 0cm 10pt; text-align: justify; line-height: 15.6pt;\"><span lang=\"FR\" style=\"color: #111111; font-family: &quot;Times New Roman&quot;,&quot;serif&quot;; font-size: 12pt; mso-ansi-language: FR; mso-fareast-font-family: &quot;Times New Roman&quot;; mso-fareast-language: EN-GB;\">&nbsp;<\/span><\/p>\n<p><font  size=\"3\">  <\/font><\/p>\n<p style=\"margin: 0cm 0cm 10pt; text-align: justify;\"><span lang=\"FR\" style=\"line-height: 115%; font-family: &quot;Times New Roman&quot;,&quot;serif&quot;; font-size: 12pt; mso-ansi-language: FR;\">&nbsp;<\/span><\/p>\n<p><font  size=\"3\">  <\/font><\/p>\n<p style=\"margin: 0cm 0cm 10pt; text-align: justify;\"><span style=\"line-height: 115%; font-family: &quot;Times New Roman&quot;,&quot;serif&quot;; font-size: 12pt;\">Izvor:<span style=\"mso-spacerun: yes;\">&nbsp; <\/span>http:\/\/vijesti.hrt.hr\/337420\/prosvjed-hrvatska-moze-bolje-bit-ce-diljem-hrvatske<\/span><\/p>\n<p><font  size=\"3\">  <\/font><\/p>\n","protected":false},"excerpt":{"rendered":"","protected":false},"author":1,"featured_media":0,"comment_status":"open","ping_status":"open","sticky":false,"template":"","format":"standard","meta":{"_acf_changed":false,"jetpack_post_was_ever_published":false,"_jetpack_newsletter_access":"","_jetpack_dont_email_post_to_subs":false,"_jetpack_newsletter_tier_id":0,"_jetpack_memberships_contains_paywalled_content":false,"_jetpack_memberships_contains_paid_content":false,"footnotes":"","jetpack_publicize_message":"","jetpack_publicize_feature_enabled":true,"jetpack_social_post_already_shared":false,"jetpack_social_options":{"image_generator_settings":{"template":"highway","default_image_id":0,"font":"","enabled":false},"version":2}},"categories":[3],"tags":[],"class_list":["post-2328","post","type-post","status-publish","format-standard","hentry","category-novosti"],"acf":{"facebook_opis":""},"jetpack_publicize_connections":[],"jetpack_featured_media_url":"","jetpack_sharing_enabled":true,"jetpack-related-posts":[{"id":52439,"url":"https:\/\/historiografija.hr\/?p=52439","url_meta":{"origin":2328,"position":0},"title":"Tribina &#8220;Ahmi\u0107i 33 godine kasnije: Ne u na\u0161e ime&#8221;","author":"Branimir Jankovi\u0107","date":"16. travnja 2026.","format":false,"excerpt":"U \u010detvrtak, 16. travnja 2026. u 17 sati u Knji\u017enici i \u010ditaonici Bogdana Ogrizovi\u0107a u Zagrebu odr\u017eat \u0107e se tribina pod nazivom Ahmi\u0107i 33 godine kasnije: Ne u na\u0161e ime. Na tribini \u0107e govoriti Ivica \u0110iki\u0107, novinar, Mubera Masli\u0107 \u2013 \u017ddralovi\u0107, aktivistikinja, prevoditeljica za arapski, Domagoj Fuk, student politologije, \u010dlan\u2026","rel":"","context":"U &quot;Novosti&quot;","block_context":{"text":"Novosti","link":"https:\/\/historiografija.hr\/?cat=3"},"img":{"alt_text":"","src":"https:\/\/i0.wp.com\/historiografija.hr\/wp-content\/uploads\/2026\/04\/Zagreb_2026.jpeg?fit=1200%2C900&ssl=1&resize=350%2C200","width":350,"height":200,"srcset":"https:\/\/i0.wp.com\/historiografija.hr\/wp-content\/uploads\/2026\/04\/Zagreb_2026.jpeg?fit=1200%2C900&ssl=1&resize=350%2C200 1x, https:\/\/i0.wp.com\/historiografija.hr\/wp-content\/uploads\/2026\/04\/Zagreb_2026.jpeg?fit=1200%2C900&ssl=1&resize=525%2C300 1.5x, https:\/\/i0.wp.com\/historiografija.hr\/wp-content\/uploads\/2026\/04\/Zagreb_2026.jpeg?fit=1200%2C900&ssl=1&resize=700%2C400 2x, https:\/\/i0.wp.com\/historiografija.hr\/wp-content\/uploads\/2026\/04\/Zagreb_2026.jpeg?fit=1200%2C900&ssl=1&resize=1050%2C600 3x"},"classes":[]},{"id":52646,"url":"https:\/\/historiografija.hr\/?p=52646","url_meta":{"origin":2328,"position":1},"title":"5. MALI FESTIVAL POVIJESTI U LASTOVU","author":"Branimir Jankovi\u0107","date":"24. travnja 2026.","format":false,"excerpt":"Peti Mali festival povijesti odr\u017eava se od 25. do 27. travnja 2026. na Lastovu, u suradnji Zavoda za povijesne znanosti HAZU u Dubrovniku, Op\u0107ine Lastovo i Turisti\u010dke zajednice te uz potporu Dubrova\u010dko-neretvanske \u017eupanije. Predavanja: Dr. sc. Jasna \u010capo \u201eKu\u0107a kao zalog budu\u0107nosti i most izme\u0111u iseljenika i domovine\u201c Dr. sc.\u2026","rel":"","context":"U &quot;Novosti&quot;","block_context":{"text":"Novosti","link":"https:\/\/historiografija.hr\/?cat=3"},"img":{"alt_text":"","src":"https:\/\/i0.wp.com\/historiografija.hr\/wp-content\/uploads\/2026\/04\/Lastovo.jpg?fit=1200%2C700&ssl=1&resize=350%2C200","width":350,"height":200,"srcset":"https:\/\/i0.wp.com\/historiografija.hr\/wp-content\/uploads\/2026\/04\/Lastovo.jpg?fit=1200%2C700&ssl=1&resize=350%2C200 1x, https:\/\/i0.wp.com\/historiografija.hr\/wp-content\/uploads\/2026\/04\/Lastovo.jpg?fit=1200%2C700&ssl=1&resize=525%2C300 1.5x, https:\/\/i0.wp.com\/historiografija.hr\/wp-content\/uploads\/2026\/04\/Lastovo.jpg?fit=1200%2C700&ssl=1&resize=700%2C400 2x, https:\/\/i0.wp.com\/historiografija.hr\/wp-content\/uploads\/2026\/04\/Lastovo.jpg?fit=1200%2C700&ssl=1&resize=1050%2C600 3x"},"classes":[]},{"id":52539,"url":"https:\/\/historiografija.hr\/?p=52539","url_meta":{"origin":2328,"position":2},"title":"Drugi po redu studentski simpozij &#8220;In fonte veritas&#8221;","author":"Branimir Jankovi\u0107","date":"20. travnja 2026.","format":false,"excerpt":"U srijedu, 22. travnja 2026. godine, u dvorani C 0.4 na Hrvatskom katoli\u010dkom sveu\u010dili\u0161tu odr\u017eat \u0107e se drugi studentski simpozij \u201eIn fonte veritas\". Ovogodi\u0161nja sredi\u0161nja tema simpozija je Papinstvo. Kroz istra\u017eiva\u010dko suo\u010davanje s povijesnim izvorima deset \u0107e studenata predstaviti rezultate svojih istra\u017eivanja o instituciji koja je stolje\u0107ima oblikovala europsku i\u2026","rel":"","context":"U &quot;Novosti&quot;","block_context":{"text":"Novosti","link":"https:\/\/historiografija.hr\/?cat=3"},"img":{"alt_text":"","src":"https:\/\/i0.wp.com\/historiografija.hr\/wp-content\/uploads\/2026\/04\/Papinstvo.png?fit=1024%2C500&ssl=1&resize=350%2C200","width":350,"height":200,"srcset":"https:\/\/i0.wp.com\/historiografija.hr\/wp-content\/uploads\/2026\/04\/Papinstvo.png?fit=1024%2C500&ssl=1&resize=350%2C200 1x, https:\/\/i0.wp.com\/historiografija.hr\/wp-content\/uploads\/2026\/04\/Papinstvo.png?fit=1024%2C500&ssl=1&resize=525%2C300 1.5x, https:\/\/i0.wp.com\/historiografija.hr\/wp-content\/uploads\/2026\/04\/Papinstvo.png?fit=1024%2C500&ssl=1&resize=700%2C400 2x"},"classes":[]},{"id":52556,"url":"https:\/\/historiografija.hr\/?p=52556","url_meta":{"origin":2328,"position":3},"title":"ZagrebDox 2026.","author":"Branimir Jankovi\u0107","date":"20. travnja 2026.","format":false,"excerpt":"Me\u0111unarodni festival dokumentarnog filma 19. - 26. travnja 2026. Kaptol Boutique Cinema, Zagreb Program i dodatne obavijesti: https:\/\/zagrebdox.net\/hr","rel":"","context":"U &quot;Filmovi i serije&quot;","block_context":{"text":"Filmovi i serije","link":"https:\/\/historiografija.hr\/?cat=13"},"img":{"alt_text":"","src":"https:\/\/i0.wp.com\/historiografija.hr\/wp-content\/uploads\/2026\/04\/DOX-logo.jpg?fit=600%2C600&ssl=1&resize=350%2C200","width":350,"height":200,"srcset":"https:\/\/i0.wp.com\/historiografija.hr\/wp-content\/uploads\/2026\/04\/DOX-logo.jpg?fit=600%2C600&ssl=1&resize=350%2C200 1x, https:\/\/i0.wp.com\/historiografija.hr\/wp-content\/uploads\/2026\/04\/DOX-logo.jpg?fit=600%2C600&ssl=1&resize=525%2C300 1.5x"},"classes":[]},{"id":52699,"url":"https:\/\/historiografija.hr\/?p=52699","url_meta":{"origin":2328,"position":4},"title":"Sve\u010dano otvaranje Festivala povijesti Kliofest","author":"Filip \u0160imunjak","date":"28. travnja 2026.","format":false,"excerpt":"Pozivamo Vas na sve\u010dano otvaranje XIII. Festivala povijesti Kliofest, u utorak, 5. svibnja 2026. u Nacionalnoj i sveu\u010dili\u0161noj knji\u017enici u Zagrebu, s po\u010detkom u 11 sati. Cijeli program skupa mo\u017eete poglededati na www.kliofest.hr te https:\/\/historiografija.hr\/?p=52681.","rel":"","context":"U &quot;Novosti&quot;","block_context":{"text":"Novosti","link":"https:\/\/historiografija.hr\/?cat=3"},"img":{"alt_text":"","src":"https:\/\/i0.wp.com\/historiografija.hr\/wp-content\/uploads\/2026\/04\/Otvaranje-Kliofest-2026.jpg?fit=1200%2C566&ssl=1&resize=350%2C200","width":350,"height":200,"srcset":"https:\/\/i0.wp.com\/historiografija.hr\/wp-content\/uploads\/2026\/04\/Otvaranje-Kliofest-2026.jpg?fit=1200%2C566&ssl=1&resize=350%2C200 1x, https:\/\/i0.wp.com\/historiografija.hr\/wp-content\/uploads\/2026\/04\/Otvaranje-Kliofest-2026.jpg?fit=1200%2C566&ssl=1&resize=525%2C300 1.5x, https:\/\/i0.wp.com\/historiografija.hr\/wp-content\/uploads\/2026\/04\/Otvaranje-Kliofest-2026.jpg?fit=1200%2C566&ssl=1&resize=700%2C400 2x, https:\/\/i0.wp.com\/historiografija.hr\/wp-content\/uploads\/2026\/04\/Otvaranje-Kliofest-2026.jpg?fit=1200%2C566&ssl=1&resize=1050%2C600 3x"},"classes":[]},{"id":52613,"url":"https:\/\/historiografija.hr\/?p=52613","url_meta":{"origin":2328,"position":5},"title":"No\u0107 knjige u Hrvatskom dr\u017eavnom arhivu","author":"Branimir Jankovi\u0107","date":"22. travnja 2026.","format":false,"excerpt":"Predstavljanje knjige Rajke Bu\u0107in \u201dLije\u010denje i zbrinjavanje \u017didova u Bolnici sestara milosrdnica u Zagrebu 1941. \u2013 1945.\u201d u \u010detvrtak, 23. travnja 2026. u 13 sati u Hrvatskom dr\u017eavnom arhivu u Zagrebu. Izvor: https:\/\/www.arhiv.hr\/hr-hr\/Kulturno-prosvjetne-aktivnosti\/ArticleId\/1986\/oamid\/1633","rel":"","context":"U &quot;Novosti&quot;","block_context":{"text":"Novosti","link":"https:\/\/historiografija.hr\/?cat=3"},"img":{"alt_text":"","src":"https:\/\/i0.wp.com\/historiografija.hr\/wp-content\/uploads\/2026\/04\/noc_knjige_2026.jpg?fit=680%2C276&ssl=1&resize=350%2C200","width":350,"height":200,"srcset":"https:\/\/i0.wp.com\/historiografija.hr\/wp-content\/uploads\/2026\/04\/noc_knjige_2026.jpg?fit=680%2C276&ssl=1&resize=350%2C200 1x, https:\/\/i0.wp.com\/historiografija.hr\/wp-content\/uploads\/2026\/04\/noc_knjige_2026.jpg?fit=680%2C276&ssl=1&resize=525%2C300 1.5x"},"classes":[]}],"_links":{"self":[{"href":"https:\/\/historiografija.hr\/index.php?rest_route=\/wp\/v2\/posts\/2328","targetHints":{"allow":["GET"]}}],"collection":[{"href":"https:\/\/historiografija.hr\/index.php?rest_route=\/wp\/v2\/posts"}],"about":[{"href":"https:\/\/historiografija.hr\/index.php?rest_route=\/wp\/v2\/types\/post"}],"author":[{"embeddable":true,"href":"https:\/\/historiografija.hr\/index.php?rest_route=\/wp\/v2\/users\/1"}],"replies":[{"embeddable":true,"href":"https:\/\/historiografija.hr\/index.php?rest_route=%2Fwp%2Fv2%2Fcomments&post=2328"}],"version-history":[{"count":0,"href":"https:\/\/historiografija.hr\/index.php?rest_route=\/wp\/v2\/posts\/2328\/revisions"}],"wp:attachment":[{"href":"https:\/\/historiografija.hr\/index.php?rest_route=%2Fwp%2Fv2%2Fmedia&parent=2328"}],"wp:term":[{"taxonomy":"category","embeddable":true,"href":"https:\/\/historiografija.hr\/index.php?rest_route=%2Fwp%2Fv2%2Fcategories&post=2328"},{"taxonomy":"post_tag","embeddable":true,"href":"https:\/\/historiografija.hr\/index.php?rest_route=%2Fwp%2Fv2%2Ftags&post=2328"}],"curies":[{"name":"wp","href":"https:\/\/api.w.org\/{rel}","templated":true}]}}