{"id":23279,"date":"2020-10-23T17:06:25","date_gmt":"2020-10-23T17:06:25","guid":{"rendered":"http:\/\/historiografija.hr\/?p=23279"},"modified":"2020-10-23T17:07:35","modified_gmt":"2020-10-23T17:07:35","slug":"eui-doctoral-programme-in-history-and-civilization","status":"publish","type":"post","link":"https:\/\/historiografija.hr\/?p=23279","title":{"rendered":"EUI: Doctoral Programme in History and Civilization"},"content":{"rendered":"\n<p>The call for applications for the <strong>European University Institute<\/strong> (EUI) funded PhD programme is opening on 1 November 2020. The EUI<strong> Department of History and Civilization<\/strong> offers exceptional opportunities to study global connections within early modern and modern European history.<\/p>\n\n\n\n<hr class=\"wp-block-separator\"\/>\n\n\n\n<p>You may find more information on the below links:<\/p>\n\n\n\n<p>EUI History and Civilization PhD programme:<a href=\"https:\/\/eur03.safelinks.protection.outlook.com\/?url=https%3A%2F%2Fwww.eui.eu%2FDepartmentsAndCentres%2FHistoryAndCivilization%2FDoctoralProgramme&amp;data=02%7C01%7CFabrizio.Borchi%40eui.eu%7C0be5b46159534a1a625208d75d51d519%7Cd3f434ee643c409f94aa6db2f23545ce%7C0%7C0%7C637080478367569317&amp;sdata=5Q%2BnE81h6arF%2BYAjvfmvTng5A9iEXQ5hRwnuqqnJCFY%3D&amp;reserved=0\"> <\/a><\/p>\n\n\n\n<p><a href=\"https:\/\/eur03.safelinks.protection.outlook.com\/?url=https%3A%2F%2Fwww.eui.eu%2FDepartmentsAndCentres%2FHistoryAndCivilization%2FDoctoralProgramme&amp;data=02%7C01%7CFabrizio.Borchi%40eui.eu%7C0be5b46159534a1a625208d75d51d519%7Cd3f434ee643c409f94aa6db2f23545ce%7C0%7C0%7C637080478367569317&amp;sdata=5Q%2BnE81h6arF%2BYAjvfmvTng5A9iEXQ5hRwnuqqnJCFY%3D&amp;reserved=0\">https:\/\/www.eui.eu\/DepartmentsAndCentres\/HistoryAndCivilization\/DoctoralProgramme<\/a><\/p>\n\n\n\n<p>EUI PhD programme general information:<\/p>\n\n\n\n<p><a href=\"https:\/\/eur03.safelinks.protection.outlook.com\/?url=https%3A%2F%2Fwww.eui.eu%2FServicesAndAdmin%2FAcademicService%2FDoctoralProgramme&amp;data=02%7C01%7CFabrizio.Borchi%40eui.eu%7C0be5b46159534a1a625208d75d51d519%7Cd3f434ee643c409f94aa6db2f23545ce%7C0%7C0%7C637080478367559323&amp;sdata=oPYD8cBwc7dJ9iBa2pXKjM8P17pKxqOkFtUKQQ8ooNU%3D&amp;reserved=0\">https:\/\/www.eui.eu\/ServicesAndAdmin\/AcademicService\/DoctoralProgramme<\/a><\/p>\n\n\n\n<p>Deadline to submit applications: <strong>31 January 2021<\/strong><\/p>\n\n\n\n<hr class=\"wp-block-separator\"\/>\n\n\n\n<p>We are also organizing a <strong>series of live interactive webinars<\/strong> in which prospective applicants will be able to find out more about the History and Civilization PhD programme, by talking directly to its faculty and its researchers. After a short introduction to the EUI and the department, participants will be able to discuss and ask questions regarding the PhD, life at the EUI and Florence and more.<\/p>\n\n\n\n<hr class=\"wp-block-separator\"\/>\n\n\n\n<p><a>\u00a0<\/a><strong>29 October at 11:00 CET with Prof. Giorgio Riello and Prof. Lucy Riall (in English and Italian)<\/strong><\/p>\n\n\n\n<p><strong>link:\u00a0<\/strong><a rel=\"noreferrer noopener\" href=\"https:\/\/eur03.safelinks.protection.outlook.com\/?url=https%3A%2F%2Fwww.eui.eu%2Fevents%2Fdetail%3Feventid%3D533856&amp;data=04%7C01%7CAleksandra.Tobiasz%40eui.eu%7C41edb9f8af1b4154f87b08d87419552a%7Cd3f434ee643c409f94aa6db2f23545ce%7C0%7C0%7C637386999448448168%7CUnknown%7CTWFpbGZsb3d8eyJWIjoiMC4wLjAwMDAiLCJQIjoiV2luMzIiLCJBTiI6Ik1haWwiLCJXVCI6Mn0%3D%7C1000&amp;sdata=sqmPNvCsCYC0hQ9hLS6BSWvFSyq05TdCvcF5TAXpsyY%3D&amp;reserved=0\" target=\"_blank\">https:\/\/www.eui.eu\/events\/detail?eventid=533856<\/a>\u00a0<\/p>\n\n\n\n<hr class=\"wp-block-separator\"\/>\n\n\n\n<p><strong>&nbsp;4 November at 15:00 CET with Prof. Regina Grafe(in Spanish)<\/strong><\/p>\n\n\n\n<p><strong>link: <\/strong><a rel=\"noreferrer noopener\" href=\"https:\/\/eur03.safelinks.protection.outlook.com\/?url=https%3A%2F%2Fwww.eui.eu%2Fevents%2Fdetail%3Feventid%3D533935&amp;data=04%7C01%7CAleksandra.Tobiasz%40eui.eu%7C41edb9f8af1b4154f87b08d87419552a%7Cd3f434ee643c409f94aa6db2f23545ce%7C0%7C0%7C637386999448458162%7CUnknown%7CTWFpbGZsb3d8eyJWIjoiMC4wLjAwMDAiLCJQIjoiV2luMzIiLCJBTiI6Ik1haWwiLCJXVCI6Mn0%3D%7C1000&amp;sdata=baZkcZSAcdh1oduuD%2F1Uy3Od%2Bwfh%2FzhxCAsU7H0ffKE%3D&amp;reserved=0\" target=\"_blank\">https:\/\/www.eui.eu\/events\/detail?eventid=533935<\/a>\u00a0<\/p>\n\n\n\n<hr class=\"wp-block-separator\"\/>\n\n\n\n<p><strong>&nbsp;25 November at 15:00 CET with Prof. Glenda Sluga (in Polish and English)<\/strong><\/p>\n\n\n\n<p><strong>link: <\/strong><a rel=\"noreferrer noopener\" href=\"https:\/\/eur03.safelinks.protection.outlook.com\/?url=https%3A%2F%2Fwww.eui.eu%2Fevents%2Fdetail%3Feventid%3D533978&amp;data=04%7C01%7CAleksandra.Tobiasz%40eui.eu%7Cd4888cd84e2e4819c84208d8743846b8%7Cd3f434ee643c409f94aa6db2f23545ce%7C0%7C0%7C637387132367640254%7CUnknown%7CTWFpbGZsb3d8eyJWIjoiMC4wLjAwMDAiLCJQIjoiV2luMzIiLCJBTiI6Ik1haWwiLCJXVCI6Mn0%3D%7C1000&amp;sdata=fNuJ0tpkqYbgPd9Ex%2F8JV09do1Z4MukSgOd%2BpNjihNQ%3D&amp;reserved=0\" target=\"_blank\">https:\/\/www.eui.eu\/events\/detail?eventid=533978<\/a>\u00a0<\/p>\n\n\n\n<hr class=\"wp-block-separator\"\/>\n\n\n\n<p><strong>&nbsp;14 December at 15:00 CET with Prof. Pieter M. Judson, Prof. Corinna Ruth Unger and Prof. Giancarlo Casale (in English and German)<\/strong><\/p>\n\n\n\n<p><strong>link: <\/strong><a rel=\"noreferrer noopener\" href=\"https:\/\/eur03.safelinks.protection.outlook.com\/?url=https%3A%2F%2Fwww.eui.eu%2Fevents%2Fdetail%3Feventid%3D533983&amp;data=04%7C01%7CAleksandra.Tobiasz%40eui.eu%7C41edb9f8af1b4154f87b08d87419552a%7Cd3f434ee643c409f94aa6db2f23545ce%7C0%7C0%7C637386999448468159%7CUnknown%7CTWFpbGZsb3d8eyJWIjoiMC4wLjAwMDAiLCJQIjoiV2luMzIiLCJBTiI6Ik1haWwiLCJXVCI6Mn0%3D%7C1000&amp;sdata=DvXm0%2FjCs8MTgrnIlKYPyoqpnTs3nJt4Nv7q1DAF15Y%3D&amp;reserved=0\" target=\"_blank\">https:\/\/www.eui.eu\/events\/detail?eventid=533983<\/a><\/p>\n\n\n\n<hr class=\"wp-block-separator\"\/>\n\n\n\n<p><strong>Contact<br><\/strong>For any question about the <strong>programme, grants, requirements, application and selection procedures<\/strong>, please contact the <strong>EUI Admissions Office <\/strong>\u2013 e-mail:\u00a0 <a href=\"mailto:applyres@eui.eu\">applyres@eui.eu<\/a><\/p>\n\n\n\n<p>For any question about the webinar series, please contact Fabrizio Borchi &#8211; e-mail: <a href=\"mailto:fabrizio.borchi@eui.eu\">fabrizio.borchi@eui.eu<\/a>\u00a0<\/p>\n\n\n\n<hr class=\"wp-block-separator\"\/>\n","protected":false},"excerpt":{"rendered":"","protected":false},"author":2,"featured_media":3037,"comment_status":"open","ping_status":"open","sticky":false,"template":"","format":"standard","meta":{"_acf_changed":false,"jetpack_post_was_ever_published":false,"_jetpack_newsletter_access":"","_jetpack_dont_email_post_to_subs":false,"_jetpack_newsletter_tier_id":0,"_jetpack_memberships_contains_paywalled_content":false,"_jetpack_memberships_contains_paid_content":false,"footnotes":"","jetpack_publicize_message":"","jetpack_publicize_feature_enabled":true,"jetpack_social_post_already_shared":true,"jetpack_social_options":{"image_generator_settings":{"template":"highway","default_image_id":0,"font":"","enabled":false},"version":2}},"categories":[3,15],"tags":[],"class_list":["post-23279","post","type-post","status-publish","format-standard","has-post-thumbnail","hentry","category-novosti","category-stipendije"],"acf":{"facebook_opis":""},"jetpack_publicize_connections":[],"jetpack_featured_media_url":"https:\/\/i0.wp.com\/historiografija.hr\/wp-content\/uploads\/2017\/02\/European_University_Institute_logo_svg.png?fit=1280%2C614&ssl=1","jetpack_sharing_enabled":true,"jetpack-related-posts":[{"id":52520,"url":"https:\/\/historiografija.hr\/?p=52520","url_meta":{"origin":23279,"position":0},"title":"Predstavljanje knjige &#8220;Socialist Economics in Yugoslavia: A Critical History&#8221; u Zagrebu","author":"Branimir Jankovi\u0107","date":"17. travnja 2026.","format":false,"excerpt":"Pozivamo vas na predstavljanje knjige \"Socialist Economics in Yugoslavia: A Critical History\", autora Mislava \u00a0\u017ditka i Marka Grde\u0161i\u0107a (Routledge, 2026). Na predstavljanju \u0107e govoriti Branko Milanovi\u0107 (CUNY), Milica Uvali\u0107 (EUI), Zdravko Petak (FPZG) te autori.\u00a0 Predstavljanje \u0107e se odr\u017eati u srijedu 22. travnja u 16:00 sati na Fakultetu politi\u010dkih znanosti\u2026","rel":"","context":"U &quot;Novosti&quot;","block_context":{"text":"Novosti","link":"https:\/\/historiografija.hr\/?cat=3"},"img":{"alt_text":"","src":"https:\/\/i0.wp.com\/historiografija.hr\/wp-content\/uploads\/2026\/04\/Poziv-na-predstavljanje.png?fit=800%2C652&ssl=1&resize=350%2C200","width":350,"height":200,"srcset":"https:\/\/i0.wp.com\/historiografija.hr\/wp-content\/uploads\/2026\/04\/Poziv-na-predstavljanje.png?fit=800%2C652&ssl=1&resize=350%2C200 1x, https:\/\/i0.wp.com\/historiografija.hr\/wp-content\/uploads\/2026\/04\/Poziv-na-predstavljanje.png?fit=800%2C652&ssl=1&resize=525%2C300 1.5x, https:\/\/i0.wp.com\/historiografija.hr\/wp-content\/uploads\/2026\/04\/Poziv-na-predstavljanje.png?fit=800%2C652&ssl=1&resize=700%2C400 2x"},"classes":[]},{"id":52643,"url":"https:\/\/historiografija.hr\/?p=52643","url_meta":{"origin":23279,"position":1},"title":"BRACEWELL TRAVELLING SCHOLARSHIP\u202fFOR PHD STUDENTS (DEADLINE: 30TH APRIL 2026)","author":"Branimir Jankovi\u0107","date":"24. travnja 2026.","format":false,"excerpt":"The Bracewell Travelling Scholarship\u202fis funded by a gift from SSEES Emeritus Professor of History Wendy Bracewell, whose research examines South Slav history, and travel writing in eastern Europe. The Scholarship honours the long tradition of mutual curiosity between the UK and eastern, central and southeastern Europe by supporting PhD students\u2026","rel":"","context":"U &quot;Novosti&quot;","block_context":{"text":"Novosti","link":"https:\/\/historiografija.hr\/?cat=3"},"img":{"alt_text":"","src":"https:\/\/i0.wp.com\/historiografija.hr\/wp-content\/uploads\/2026\/04\/Bracewell-Travelling-Scholarship-.webp?fit=980%2C700&ssl=1&resize=350%2C200","width":350,"height":200,"srcset":"https:\/\/i0.wp.com\/historiografija.hr\/wp-content\/uploads\/2026\/04\/Bracewell-Travelling-Scholarship-.webp?fit=980%2C700&ssl=1&resize=350%2C200 1x, https:\/\/i0.wp.com\/historiografija.hr\/wp-content\/uploads\/2026\/04\/Bracewell-Travelling-Scholarship-.webp?fit=980%2C700&ssl=1&resize=525%2C300 1.5x, https:\/\/i0.wp.com\/historiografija.hr\/wp-content\/uploads\/2026\/04\/Bracewell-Travelling-Scholarship-.webp?fit=980%2C700&ssl=1&resize=700%2C400 2x"},"classes":[]},{"id":52531,"url":"https:\/\/historiografija.hr\/?p=52531","url_meta":{"origin":23279,"position":2},"title":"Jonathan G. Leslie, \u201eFear and Insecurity: Israel and the Iran Threat Narrative\u201c","author":"Branimir Jankovi\u0107","date":"17. travnja 2026.","format":false,"excerpt":"Why is Israel\u2019s former ally Iran now perceived as the country\u2019s greatest threat? Description To observers of the Iran-Israel conflict, its vitriolic rhetoric might suggest an ancient hatred between Jews and Muslims\u2013a biblical feud dating back hundreds, or thousands, of years. But this rivalry is a far more modern development.\u2026","rel":"","context":"U &quot;Knjige&quot;","block_context":{"text":"Knjige","link":"https:\/\/historiografija.hr\/?cat=8"},"img":{"alt_text":"","src":"https:\/\/i0.wp.com\/historiografija.hr\/wp-content\/uploads\/2026\/04\/Leslie.jpg?fit=391%2C612&ssl=1&resize=350%2C200","width":350,"height":200},"classes":[]},{"id":52641,"url":"https:\/\/historiografija.hr\/?p=52641","url_meta":{"origin":23279,"position":3},"title":"CfP: WHO OWNS THE PAST? VERNACULAR MEMORY, STATE MEMORY, AND THE POLITICS OF OWNERSHIP","author":"Branimir Jankovi\u0107","date":"24. travnja 2026.","format":false,"excerpt":"VIENNA, 31ST AUGUST\u20133RD SEPTEMBER 2026 (DEADLINE: 24TH APRIL 2026) The Center for Austrian Studies at the European Forum at the Hebrew University and the Austrian Academy of Sciences\/Institute of Culture Studies invite early postdocs, PhD candidates, and advanced Master\u2019s students from the Hebrew University of Jerusalem and universities and academic\u2026","rel":"","context":"U &quot;Novosti&quot;","block_context":{"text":"Novosti","link":"https:\/\/historiografija.hr\/?cat=3"},"img":{"alt_text":"","src":"https:\/\/i0.wp.com\/historiografija.hr\/wp-content\/uploads\/2017\/10\/hsozkult.png?fit=1006%2C241&ssl=1&resize=350%2C200","width":350,"height":200,"srcset":"https:\/\/i0.wp.com\/historiografija.hr\/wp-content\/uploads\/2017\/10\/hsozkult.png?fit=1006%2C241&ssl=1&resize=350%2C200 1x, https:\/\/i0.wp.com\/historiografija.hr\/wp-content\/uploads\/2017\/10\/hsozkult.png?fit=1006%2C241&ssl=1&resize=525%2C300 1.5x, https:\/\/i0.wp.com\/historiografija.hr\/wp-content\/uploads\/2017\/10\/hsozkult.png?fit=1006%2C241&ssl=1&resize=700%2C400 2x"},"classes":[]},{"id":52516,"url":"https:\/\/historiografija.hr\/?p=52516","url_meta":{"origin":23279,"position":4},"title":"Marko Grde\u0161i\u0107, Mislav \u017ditko, \u201eSocialist Economics in Yugoslavia: A Critical History\u201c","author":"Branimir Jankovi\u0107","date":"17. travnja 2026.","format":false,"excerpt":"This book presents a critical history of Yugoslav socialist economics, from its inception in the late 1940s to its dissolution in the late 1980s. After the dramatic break with the Soviet Union in 1948, Yugoslavia found itself in urgent need of a third way: A socialist trajectory which would not\u2026","rel":"","context":"U &quot;Knjige&quot;","block_context":{"text":"Knjige","link":"https:\/\/historiografija.hr\/?cat=8"},"img":{"alt_text":"","src":"https:\/\/i0.wp.com\/historiografija.hr\/wp-content\/uploads\/2026\/04\/Zitko_Grdesic.jpg?fit=350%2C535&ssl=1&resize=350%2C200","width":350,"height":200},"classes":[]},{"id":52580,"url":"https:\/\/historiografija.hr\/?p=52580","url_meta":{"origin":23279,"position":5},"title":"Conference &#8220;Living in the aftermaths: Trauma, politics and survival in Yugoslavia and successor states, 1945 \u2013 present&#8221;","author":"Branimir Jankovi\u0107","date":"21. travnja 2026.","format":false,"excerpt":"The conference aims to explore how war-related psychological distress was experienced, narrated, debated and reframed in Yugoslavia in the second half of the twentieth century. It asks how the theme of wounded psyche and wartime suffering was addressed and acknowledged in political, psychiatric and broader cultural discourses of socialist Yugoslavia,\u2026","rel":"","context":"U &quot;Novosti&quot;","block_context":{"text":"Novosti","link":"https:\/\/historiografija.hr\/?cat=3"},"img":{"alt_text":"","src":"https:\/\/i0.wp.com\/historiografija.hr\/wp-content\/uploads\/2026\/04\/Battle_of_Neretva_Picasso_poster-Conference-Living-in-the-aftermaths.webp?fit=564%2C954&ssl=1&resize=350%2C200","width":350,"height":200,"srcset":"https:\/\/i0.wp.com\/historiografija.hr\/wp-content\/uploads\/2026\/04\/Battle_of_Neretva_Picasso_poster-Conference-Living-in-the-aftermaths.webp?fit=564%2C954&ssl=1&resize=350%2C200 1x, https:\/\/i0.wp.com\/historiografija.hr\/wp-content\/uploads\/2026\/04\/Battle_of_Neretva_Picasso_poster-Conference-Living-in-the-aftermaths.webp?fit=564%2C954&ssl=1&resize=525%2C300 1.5x"},"classes":[]}],"_links":{"self":[{"href":"https:\/\/historiografija.hr\/index.php?rest_route=\/wp\/v2\/posts\/23279","targetHints":{"allow":["GET"]}}],"collection":[{"href":"https:\/\/historiografija.hr\/index.php?rest_route=\/wp\/v2\/posts"}],"about":[{"href":"https:\/\/historiografija.hr\/index.php?rest_route=\/wp\/v2\/types\/post"}],"author":[{"embeddable":true,"href":"https:\/\/historiografija.hr\/index.php?rest_route=\/wp\/v2\/users\/2"}],"replies":[{"embeddable":true,"href":"https:\/\/historiografija.hr\/index.php?rest_route=%2Fwp%2Fv2%2Fcomments&post=23279"}],"version-history":[{"count":2,"href":"https:\/\/historiografija.hr\/index.php?rest_route=\/wp\/v2\/posts\/23279\/revisions"}],"predecessor-version":[{"id":23281,"href":"https:\/\/historiografija.hr\/index.php?rest_route=\/wp\/v2\/posts\/23279\/revisions\/23281"}],"wp:featuredmedia":[{"embeddable":true,"href":"https:\/\/historiografija.hr\/index.php?rest_route=\/wp\/v2\/media\/3037"}],"wp:attachment":[{"href":"https:\/\/historiografija.hr\/index.php?rest_route=%2Fwp%2Fv2%2Fmedia&parent=23279"}],"wp:term":[{"taxonomy":"category","embeddable":true,"href":"https:\/\/historiografija.hr\/index.php?rest_route=%2Fwp%2Fv2%2Fcategories&post=23279"},{"taxonomy":"post_tag","embeddable":true,"href":"https:\/\/historiografija.hr\/index.php?rest_route=%2Fwp%2Fv2%2Ftags&post=23279"}],"curies":[{"name":"wp","href":"https:\/\/api.w.org\/{rel}","templated":true}]}}