{"id":2321,"date":"2016-05-31T22:00:05","date_gmt":"2016-05-31T22:00:05","guid":{"rendered":"http:\/\/historiografija.hr\/?p=2321"},"modified":"2016-05-31T22:00:05","modified_gmt":"2016-05-31T22:00:05","slug":"otvorenje-izlozbe-palez-u-sjecanjima-vzgano-v-spominih-bruciato-nei-ricordi-u-mackoljama","status":"publish","type":"post","link":"https:\/\/historiografija.hr\/?p=2321","title":{"rendered":"Otvorenje izlo\u017ebe \u201ePale\u017e u sje\u0107anjima \/ V\u017egano v spominih \/ Bruciato nei ricordi\u201c u Ma\u010dkoljama"},"content":{"rendered":"<style> <!--  \/* Font Definitions *\/  @font-face \t{font-family:Calibri; \tpanose-1:2 15 5 2 2 2 4 3 2 4; \tmso-font-charset:238; \tmso-generic-font-family:swiss; \tmso-font-pitch:variable; \tmso-font-signature:-1610611985 1073750139 0 0 159 0;}  \/* Style Definitions *\/  p.MsoNormal, li.MsoNormal, div.MsoNormal \t{mso-style-unhide:no; \tmso-style-qformat:yes; \tmso-style-parent:\"\"; \tmargin-top:0cm; \tmargin-right:0cm; \tmargin-bottom:10.0pt; \tmargin-left:0cm; \tline-height:115%; \tmso-pagination:widow-orphan; \tfont-size:11.0pt; \tfont-family:\"Calibri\",\"sans-serif\"; \tmso-ascii-font-family:Calibri; \tmso-ascii-theme-font:minor-latin; \tmso-fareast-font-family:Calibri; \tmso-fareast-theme-font:minor-latin; \tmso-hansi-font-family:Calibri; \tmso-hansi-theme-font:minor-latin; \tmso-bidi-font-family:\"Times New Roman\"; \tmso-bidi-theme-font:minor-bidi; \tmso-fareast-language:EN-US;} a:link, span.MsoHyperlink \t{mso-style-priority:99; \tcolor:blue; \tmso-themecolor:hyperlink; \ttext-decoration:underline; \ttext-underline:single;} a:visited, span.MsoHyperlinkFollowed \t{mso-style-noshow:yes; \tmso-style-priority:99; \tcolor:purple; \tmso-themecolor:followedhyperlink; \ttext-decoration:underline; \ttext-underline:single;} .MsoChpDefault \t{mso-style-type:export-only; \tmso-default-props:yes; \tmso-ascii-font-family:Calibri; \tmso-ascii-theme-font:minor-latin; \tmso-fareast-font-family:Calibri; \tmso-fareast-theme-font:minor-latin; \tmso-hansi-font-family:Calibri; \tmso-hansi-theme-font:minor-latin; \tmso-bidi-font-family:\"Times New Roman\"; \tmso-bidi-theme-font:minor-bidi; \tmso-fareast-language:EN-US;} .MsoPapDefault \t{mso-style-type:export-only; \tmargin-bottom:10.0pt; \tline-height:115%;} @page Section1 \t{size:612.0pt 792.0pt; \tmargin:70.85pt 70.85pt 70.85pt 70.85pt; \tmso-header-margin:36.0pt; \tmso-footer-margin:36.0pt; \tmso-paper-source:0;} div.Section1 \t{page:Section1;} --> <\/style>\n<p class=\"MsoNormal\" align=\"justify\">U srijedu, 1. lipnja 2016., u 19:30 sati u Ma\u010dkoljama (Caresana) kraj Trsta bit \u0107e otvorena izlo\u017eba \u201ePale\u017e u sje\u0107anjima \/ V\u017egano v spominih \/ Bruciato nei ricordi\u201c o spaljenim selima tijekom Drugoga svjetskog rata na podru\u010dju Julijske krajine.<\/p>\n<p class=\"MsoNormal\" align=\"justify\">&nbsp;<\/p>\n<p class=\"MsoNormal\" align=\"justify\">Putuju\u0107a fotografska izlo\u017eba dio je istoimenoga projeka financiranoga iz programa EU \u201eEuropa za gra\u0111ane\u201c, koji traje od kolovoza 2015. do sije\u010dnja 2017. godine. U sklopu \u0107e se projekta, kako bi se pobudilo sje\u0107anje na te doga\u0111aje, pripraviti i kratak dokumentarni film, organizirati okrugli stol u obliku internetskoga seminara te u odabranim spaljenim selima postaviti spomen-obilje\u017eja.<\/p>\n<p class=\"MsoNormal\" align=\"justify\">&nbsp;<\/p>\n<p class=\"MsoNormal\" align=\"justify\">Izlo\u017eba \u0107e nakon Ma\u010dkolja gostovati u \u0160marju kod Kopra, Lipi i \u017dminju. Voditelj je projekta Univerza na Primorskem, Znanstveno-raziskovalno sredi\u0161\u010de Koper, a ostali su partneri Associazione 47|04, Associazione Kinoatelje, Istarsko povijesno dru\u0161tvo \u2013 Societ\u00e0 storica istriana, Kulturno izobra\u017eevalno dru\u0161tvo PiNA, Ob\u010dina Dolina \u2013 Comune di San Dorligo della Valle i Udruga \u201e\u017dejane\u201c.<\/p>\n<p class=\"MsoNormal\" align=\"justify\">&nbsp;<\/p>\n<p class=\"MsoNormal\" align=\"justify\">Realizator izlo\u017ebe je Istarsko povijesno dru\u0161tvo.<\/p>\n<p class=\"MsoNormal\" align=\"justify\">&nbsp;<\/p>\n<p class=\"MsoNormal\" align=\"justify\">Izvor: <a href=\"http:\/\/ipd-ssi.hr\/\">http:\/\/ipd-ssi.hr\/<\/a><\/p>\n<p class=\"MsoNormal\">&nbsp;<\/p>\n","protected":false},"excerpt":{"rendered":"","protected":false},"author":1,"featured_media":0,"comment_status":"open","ping_status":"open","sticky":false,"template":"","format":"standard","meta":{"_acf_changed":false,"jetpack_post_was_ever_published":false,"_jetpack_newsletter_access":"","_jetpack_dont_email_post_to_subs":false,"_jetpack_newsletter_tier_id":0,"_jetpack_memberships_contains_paywalled_content":false,"_jetpack_memberships_contains_paid_content":false,"footnotes":"","jetpack_publicize_message":"","jetpack_publicize_feature_enabled":true,"jetpack_social_post_already_shared":false,"jetpack_social_options":{"image_generator_settings":{"template":"highway","default_image_id":0,"font":"","enabled":false},"version":2}},"categories":[3],"tags":[],"class_list":["post-2321","post","type-post","status-publish","format-standard","hentry","category-novosti"],"acf":{"facebook_opis":""},"jetpack_publicize_connections":[],"jetpack_featured_media_url":"","jetpack_sharing_enabled":true,"jetpack-related-posts":[{"id":52573,"url":"https:\/\/historiografija.hr\/?p=52573","url_meta":{"origin":2321,"position":0},"title":"Znanstvena konferencija &#8220;Filozofija odgoja: povijest, praksa, perspektive&#8221;","author":"Branimir Jankovi\u0107","date":"21. travnja 2026.","format":false,"excerpt":"Znanstvena konferencija \"Filozofija odgoja: povijest, praksa, perspektive\" odr\u017eat \u0107e se 23. i 24. travnja 2026. u Konferencijskoj dvorani Knji\u017enice Filozofskog fakulteta u Zagrebu (2. kat).\u00a0Konferencija je organizirana u okviru projekta\u00a0SUMKOS (voditeljica prof. dr. sc. Ivana Zagorac, financiran\u00a0sredstvima NextGenerationEU), uz potporu Odsjeka za filozofiju.\u00a0 Uz izlaga\u010dki dio, konferencija obuhva\u0107a i izlo\u017ebu\u2026","rel":"","context":"U &quot;Novosti&quot;","block_context":{"text":"Novosti","link":"https:\/\/historiografija.hr\/?cat=3"},"img":{"alt_text":"","src":"","width":0,"height":0},"classes":[]},{"id":52511,"url":"https:\/\/historiografija.hr\/?p=52511","url_meta":{"origin":2321,"position":1},"title":"Izlo\u017eba &#8220;Lica Sljemena&#8221;","author":"Branimir Jankovi\u0107","date":"17. travnja 2026.","format":false,"excerpt":"Srda\u010dno vas pozivamo na otvorenje izlo\u017ebe Lica Sljemena koje \u0107e se odr\u017eati u srijedu 22. travnja 2026. u 18 h ispred Muzeja Prigorja (Trg Dragutina Domjani\u0107a 5, Sesvete). Izlo\u017eba proizlazi iz istra\u017eivanja Nevene \u0160krbi\u0107 Alempijevi\u0107, Petre Kelemen i Sanje Potkonjak te intervjua sa Sljemena\u0161icama i Sljemena\u0161ima, koji su provedeni u\u2026","rel":"","context":"U &quot;Izlo\u017ebe&quot;","block_context":{"text":"Izlo\u017ebe","link":"https:\/\/historiografija.hr\/?cat=10"},"img":{"alt_text":"","src":"https:\/\/i0.wp.com\/historiografija.hr\/wp-content\/uploads\/2026\/04\/Izlozba-Lica-Sljemena.png?fit=1080%2C686&ssl=1&resize=350%2C200","width":350,"height":200,"srcset":"https:\/\/i0.wp.com\/historiografija.hr\/wp-content\/uploads\/2026\/04\/Izlozba-Lica-Sljemena.png?fit=1080%2C686&ssl=1&resize=350%2C200 1x, https:\/\/i0.wp.com\/historiografija.hr\/wp-content\/uploads\/2026\/04\/Izlozba-Lica-Sljemena.png?fit=1080%2C686&ssl=1&resize=525%2C300 1.5x, https:\/\/i0.wp.com\/historiografija.hr\/wp-content\/uploads\/2026\/04\/Izlozba-Lica-Sljemena.png?fit=1080%2C686&ssl=1&resize=700%2C400 2x, https:\/\/i0.wp.com\/historiografija.hr\/wp-content\/uploads\/2026\/04\/Izlozba-Lica-Sljemena.png?fit=1080%2C686&ssl=1&resize=1050%2C600 3x"},"classes":[]},{"id":52505,"url":"https:\/\/historiografija.hr\/?p=52505","url_meta":{"origin":2321,"position":2},"title":"Izlo\u017eba &#8220;Eschenstock \/ Jasenov prut&#8221;","author":"Branimir Jankovi\u0107","date":"17. travnja 2026.","format":false,"excerpt":"Srpsko narodno vije\u0107e (SNV) i Vizura aperta postavljaju izlo\u017ebu \u0161vicarskog slikara Velimira Ili\u0161evi\u0107a: Eschenstock \/ Jasenov prut. Izlo\u017eba se uz prisustvo autora otvara povodom 81. godi\u0161njice proboja logora\u0161a iz usta\u0161kog logora smrti Jasenovac 22. aprila 2026. u 19 sati u Srpskom kulturnom centru (SKC) u Preradovi\u0107evoj ulici 21 u Zagrebu.\u2026","rel":"","context":"U &quot;Izlo\u017ebe&quot;","block_context":{"text":"Izlo\u017ebe","link":"https:\/\/historiografija.hr\/?cat=10"},"img":{"alt_text":"","src":"https:\/\/i0.wp.com\/historiografija.hr\/wp-content\/uploads\/2026\/04\/Jasenov_prut.jpg?fit=1024%2C640&ssl=1&resize=350%2C200","width":350,"height":200,"srcset":"https:\/\/i0.wp.com\/historiografija.hr\/wp-content\/uploads\/2026\/04\/Jasenov_prut.jpg?fit=1024%2C640&ssl=1&resize=350%2C200 1x, https:\/\/i0.wp.com\/historiografija.hr\/wp-content\/uploads\/2026\/04\/Jasenov_prut.jpg?fit=1024%2C640&ssl=1&resize=525%2C300 1.5x, https:\/\/i0.wp.com\/historiografija.hr\/wp-content\/uploads\/2026\/04\/Jasenov_prut.jpg?fit=1024%2C640&ssl=1&resize=700%2C400 2x"},"classes":[]},{"id":52575,"url":"https:\/\/historiografija.hr\/?p=52575","url_meta":{"origin":2321,"position":3},"title":"Izlo\u017eba dje\u010djih radova \u201cU po\u010detku bija\u0161e crte\u017e\u2026\u201d","author":"Branimir Jankovi\u0107","date":"21. travnja 2026.","format":false,"excerpt":"U subotu, 25. travnja 2026. u 11 sati u Galeriji Klovi\u0107evi dvori sve\u010dano otvaramo izlo\u017ebu dje\u010djih radova pod nazivom U po\u010detku bija\u0161e crte\u017e\u2026 Radovi su nastali u sklopu likovnih radionica uz izlo\u017ebu U po\u010detku bija\u0161e kraljevstvo \u2013 izlo\u017eba povodom 1100 godina Hrvatskoga Kraljevstva. Na brojnim likovnim radionicama, uz \u0161kolsku djecu,\u2026","rel":"","context":"U &quot;Izlo\u017ebe&quot;","block_context":{"text":"Izlo\u017ebe","link":"https:\/\/historiografija.hr\/?cat=10"},"img":{"alt_text":"","src":"https:\/\/i0.wp.com\/historiografija.hr\/wp-content\/uploads\/2025\/10\/Klovicevi_sluzbeni-plakat.png?fit=840%2C1200&ssl=1&resize=350%2C200","width":350,"height":200,"srcset":"https:\/\/i0.wp.com\/historiografija.hr\/wp-content\/uploads\/2025\/10\/Klovicevi_sluzbeni-plakat.png?fit=840%2C1200&ssl=1&resize=350%2C200 1x, https:\/\/i0.wp.com\/historiografija.hr\/wp-content\/uploads\/2025\/10\/Klovicevi_sluzbeni-plakat.png?fit=840%2C1200&ssl=1&resize=525%2C300 1.5x, https:\/\/i0.wp.com\/historiografija.hr\/wp-content\/uploads\/2025\/10\/Klovicevi_sluzbeni-plakat.png?fit=840%2C1200&ssl=1&resize=700%2C400 2x"},"classes":[]},{"id":52539,"url":"https:\/\/historiografija.hr\/?p=52539","url_meta":{"origin":2321,"position":4},"title":"Drugi po redu studentski simpozij &#8220;In fonte veritas&#8221;","author":"Branimir Jankovi\u0107","date":"20. travnja 2026.","format":false,"excerpt":"U srijedu, 22. travnja 2026. godine, u dvorani C 0.4 na Hrvatskom katoli\u010dkom sveu\u010dili\u0161tu odr\u017eat \u0107e se drugi studentski simpozij \u201eIn fonte veritas\". Ovogodi\u0161nja sredi\u0161nja tema simpozija je Papinstvo. Kroz istra\u017eiva\u010dko suo\u010davanje s povijesnim izvorima deset \u0107e studenata predstaviti rezultate svojih istra\u017eivanja o instituciji koja je stolje\u0107ima oblikovala europsku i\u2026","rel":"","context":"U &quot;Novosti&quot;","block_context":{"text":"Novosti","link":"https:\/\/historiografija.hr\/?cat=3"},"img":{"alt_text":"","src":"https:\/\/i0.wp.com\/historiografija.hr\/wp-content\/uploads\/2026\/04\/Papinstvo.png?fit=1024%2C500&ssl=1&resize=350%2C200","width":350,"height":200,"srcset":"https:\/\/i0.wp.com\/historiografija.hr\/wp-content\/uploads\/2026\/04\/Papinstvo.png?fit=1024%2C500&ssl=1&resize=350%2C200 1x, https:\/\/i0.wp.com\/historiografija.hr\/wp-content\/uploads\/2026\/04\/Papinstvo.png?fit=1024%2C500&ssl=1&resize=525%2C300 1.5x, https:\/\/i0.wp.com\/historiografija.hr\/wp-content\/uploads\/2026\/04\/Papinstvo.png?fit=1024%2C500&ssl=1&resize=700%2C400 2x"},"classes":[]},{"id":52569,"url":"https:\/\/historiografija.hr\/?p=52569","url_meta":{"origin":2321,"position":5},"title":"[Predavanje] Ne \u010dekaju\u0107i inspiraciju \u2013 anga\u017eovane intelektualne, kulturalne i umetni\u010dke prakse u me\u0111uratnom periodu: teorija i praksa kriti\u010dke levice u jugoslovenskoj kulturi (YugoLab)","author":"Branimir Jankovi\u0107","date":"21. travnja 2026.","format":false,"excerpt":"U vreme agresivnog ja\u010danja globalne desnice, (pro)fa\u0161isti\u010dkih, rasisti\u010dkih i imperijalisti\u010dkih politika, dok je istovremeno globalna levica izrazito slaba, a progresivni pokreti atomizirani i fragmentisani, va\u017eno je iz savremene perspektive vratiti se revolucionarnim i emancipatorskim zbivanjima u jugoslovenskom (ali i s njima u vezi internacionalnim de\u0161avanjima), kao i dru\u0161tvenoj ulozi kulturalnih\u2026","rel":"","context":"U &quot;Novosti&quot;","block_context":{"text":"Novosti","link":"https:\/\/historiografija.hr\/?cat=3"},"img":{"alt_text":"","src":"","width":0,"height":0},"classes":[]}],"_links":{"self":[{"href":"https:\/\/historiografija.hr\/index.php?rest_route=\/wp\/v2\/posts\/2321","targetHints":{"allow":["GET"]}}],"collection":[{"href":"https:\/\/historiografija.hr\/index.php?rest_route=\/wp\/v2\/posts"}],"about":[{"href":"https:\/\/historiografija.hr\/index.php?rest_route=\/wp\/v2\/types\/post"}],"author":[{"embeddable":true,"href":"https:\/\/historiografija.hr\/index.php?rest_route=\/wp\/v2\/users\/1"}],"replies":[{"embeddable":true,"href":"https:\/\/historiografija.hr\/index.php?rest_route=%2Fwp%2Fv2%2Fcomments&post=2321"}],"version-history":[{"count":0,"href":"https:\/\/historiografija.hr\/index.php?rest_route=\/wp\/v2\/posts\/2321\/revisions"}],"wp:attachment":[{"href":"https:\/\/historiografija.hr\/index.php?rest_route=%2Fwp%2Fv2%2Fmedia&parent=2321"}],"wp:term":[{"taxonomy":"category","embeddable":true,"href":"https:\/\/historiografija.hr\/index.php?rest_route=%2Fwp%2Fv2%2Fcategories&post=2321"},{"taxonomy":"post_tag","embeddable":true,"href":"https:\/\/historiografija.hr\/index.php?rest_route=%2Fwp%2Fv2%2Ftags&post=2321"}],"curies":[{"name":"wp","href":"https:\/\/api.w.org\/{rel}","templated":true}]}}