{"id":2316,"date":"2016-05-30T22:00:05","date_gmt":"2016-05-30T22:00:05","guid":{"rendered":"http:\/\/historiografija.hr\/?p=2316"},"modified":"2016-05-30T22:00:05","modified_gmt":"2016-05-30T22:00:05","slug":"izlozba-ostavstina-ivana-kukuljevica-sakcinskog-iz-arhiva-i-knjiznice-hrvatske-akademije-znanosti-i-umjetnosti","status":"publish","type":"post","link":"https:\/\/historiografija.hr\/?p=2316","title":{"rendered":"Izlo\u017eba &#8220;Ostav\u0161tina Ivana Kukuljevi\u0107a Sakcinskog iz Arhiva i Knji\u017enice Hrvatske akademije znanosti i umjetnosti&#8221;"},"content":{"rendered":"<p align=\"justify\"><\/p>\n<p><font  size=\"3\"><\/p>\n<p align=\"justify\"><\/p>\n<p style=\"margin: 0cm 0cm 0pt;\"><b style=\"mso-bidi-font-weight: normal;\"><span lang=\"HR\" style=\"color: black; font-family: &quot;Calibri&quot;,&quot;sans-serif&quot;; mso-ascii-theme-font: minor-latin; mso-hansi-theme-font: minor-latin; mso-bidi-font-size: 12.0pt;\">&nbsp;<\/span><\/b><\/p>\n<p align=\"center\" style=\"margin: 0cm 0cm 0pt; text-align: center;\"><b style=\"mso-bidi-font-weight: normal;\"><span lang=\"HR\" style=\"color: black; font-family: &quot;Calibri&quot;,&quot;sans-serif&quot;; mso-ascii-theme-font: minor-latin; mso-hansi-theme-font: minor-latin; mso-bidi-font-size: 12.0pt;\">IZLO\u017dBA <i style=\"mso-bidi-font-style: normal;\">OSTAV\u0160TINA IVANA KUKULJEVI\u0106A SAKCINSKOG IZ ARHIVA I KNJI\u017dNICE HRVATSKE AKADEMIJE ZNANOSTI I UMJETNOSTI<\/i><\/span><\/b><\/p>\n<p align=\"justify\"><\/p>\n<p align=\"center\" style=\"margin: 0cm 0cm 0pt; text-align: center;\"><span lang=\"HR\" style=\"font-family: &quot;Calibri&quot;,&quot;sans-serif&quot;; mso-ascii-theme-font: minor-latin; mso-hansi-theme-font: minor-latin; mso-bidi-font-size: 12.0pt;\">&nbsp;<\/span><\/p>\n<p align=\"justify\"><\/p>\n<p style=\"margin: 0cm -1cm 0pt; text-align: justify;\"><b style=\"mso-bidi-font-weight: normal;\"><span lang=\"HR\" style=\"font-family: &quot;Calibri&quot;,&quot;sans-serif&quot;; mso-ascii-theme-font: minor-latin; mso-hansi-theme-font: minor-latin; mso-bidi-font-size: 12.0pt;\">Zagreb, 29. svibnja 2016. \u2013 <\/span><\/b><span lang=\"HR\" style=\"font-family: &quot;Calibri&quot;,&quot;sans-serif&quot;; mso-ascii-theme-font: minor-latin; mso-hansi-theme-font: minor-latin; mso-bidi-font-size: 12.0pt;\">Od ponedjeljka 30. svibnja u Knji\u017enici Hrvatske akademije znanosti i umjetnosti na Strossmayerovom trgu 14 u Zagrebu mo\u0107i \u0107e se razgledati izlo\u017eba pod nazivom <b style=\"mso-bidi-font-weight: normal;\"><i style=\"mso-bidi-font-style: normal;\"><span style=\"color: black;\">Ostav\u0161tina Ivana Kukuljevi\u0107a Sakcinskog iz Arhiva i Knji\u017enice Hrvatske akademije znanosti i umjetnosti<\/span><\/i><\/b><i style=\"mso-bidi-font-style: normal;\"><span style=\"color: black;\">. <\/span><\/i><span style=\"color: black;\">Izlo\u017ebu organiziraju Arhiv i Knji\u017enica HAZU p<\/span>ovodom jubilarne 200. godi\u0161njice ro\u0111enja jednog od najistaknutijih javnih djelatnika hrvatskog politi\u010dkog, znanstvenog, knji\u017eevnog i kulturnog \u017eivota 19. stolje\u0107a, \u010dlana Hrvatske akademije znanosti i umjetnosti zaslu\u017enog za osnutak njene Knji\u017enice i Arhiva. Cilj izlo\u017ebe je javnosti predstaviti dio arhivske gra\u0111e iz osobnog fonda Ivana Kukuljevi\u0107a Sakcinskog koja odra\u017eava njegovu plodnu i svestranu djelatnost. Autori izlo\u017ebe su <b style=\"mso-bidi-font-weight: normal;\">dr. sc. Marinko Vukovi\u0107<\/b> i <b style=\"mso-bidi-font-weight: normal;\">Ivana Burna\u0107<\/b>. <\/span><\/p>\n<p align=\"justify\"><\/p>\n<p style=\"margin: 0cm -1cm 0pt; text-align: justify;\"><span lang=\"HR\" style=\"font-family: &quot;Calibri&quot;,&quot;sans-serif&quot;; mso-ascii-theme-font: minor-latin; mso-hansi-theme-font: minor-latin; mso-bidi-font-size: 12.0pt;\">&nbsp;<\/span><\/p>\n<p align=\"justify\"><\/p>\n<p style=\"margin: 0cm -1cm 0pt; text-align: justify;\"><span lang=\"HR\" style=\"font-family: &quot;Calibri&quot;,&quot;sans-serif&quot;; mso-ascii-theme-font: minor-latin; mso-hansi-theme-font: minor-latin; mso-bidi-font-size: 12.0pt;\">Na izlo\u017ebi \u0107e po <b style=\"mso-bidi-font-weight: normal;\">prvi put biti izlo\u017een koncept Kukuljevi\u0107evog govora u Hrvatskom saboru<\/b> o potrebi uvo\u0111enja hrvatskog jezika i njegovu zna\u010daju odr\u017eanog 2. svibnja 1843., \u0161to je bio prvi saborski govor na hrvatskom jeziku, kao i tekstovi nekih od njegovih drama i pjesama.<\/span><\/p>\n<p align=\"justify\"><\/p>\n<p style=\"margin: 0cm -1cm 0pt; text-align: justify;\"><span lang=\"HR\" style=\"font-family: &quot;Calibri&quot;,&quot;sans-serif&quot;; mso-ascii-theme-font: minor-latin; mso-hansi-theme-font: minor-latin; mso-bidi-font-size: 12.0pt;\">&nbsp;<\/span><\/p>\n<p align=\"justify\"><\/p>\n<p style=\"margin: 0cm -1cm 0pt; text-align: justify;\"><span lang=\"HR\" style=\"font-family: &quot;Calibri&quot;,&quot;sans-serif&quot;; mso-ascii-theme-font: minor-latin; mso-hansi-theme-font: minor-latin; mso-bidi-font-size: 12.0pt;\">Posjetitelji \u0107e mo\u0107i vidjeti i predbilje\u017eni ugovor Jugoslavenske akademije o kupnji Kukuljevi\u0107eve knji\u017enice i arhiva s vi\u0161e od 12.000 svezaka za 20.000 forinti iz 1868., \u010dime su postavljeni temelji dana\u0161njoj Knji\u017enici HAZU od koje se 1892. odvojio Arhiv kao zasebna jedinica.<\/span><\/p>\n<p align=\"justify\"><\/p>\n<p style=\"margin: 0cm -1cm 0pt; text-align: justify;\"><span lang=\"HR\" style=\"font-family: &quot;Calibri&quot;,&quot;sans-serif&quot;; mso-ascii-theme-font: minor-latin; mso-hansi-theme-font: minor-latin; mso-bidi-font-size: 12.0pt;\">&nbsp;<\/span><\/p>\n<p align=\"justify\"><\/p>\n<p style=\"margin: 0cm -1cm 0pt; text-align: justify;\"><span lang=\"HR\" style=\"font-family: &quot;Calibri&quot;,&quot;sans-serif&quot;; mso-ascii-theme-font: minor-latin; mso-hansi-theme-font: minor-latin; mso-bidi-font-size: 12.0pt;\">Posebno mjesto na izlo\u017ebi zauzimaju povelje i diplome koje su Ivanu Kukuljevi\u0107u upu\u0107ene od najzna\u010dajnijih znanstvenih i kulturnih institucija i udruga u Hrvatskoj i inozemstvu, dok privatni segment Kukuljevi\u0107eva \u017eivota oslikava nekoliko listi\u0107a iz njegovog spomenara, iz razdoblja od 1835. do 1846., s posvetama njegovih prijatelja na hrvatskom i njema\u010dkom jeziku.<span style=\"mso-spacerun: yes;\">&nbsp; <\/span>Izlo\u017eena su i pisma koja je Kukuljevi\u0107 razmjenjivao s <b style=\"mso-bidi-font-weight: normal;\">Ljudevitom Gajem<\/b>, <b style=\"mso-bidi-font-weight: normal;\">Dimitrijem Demetrom<\/b> i <b style=\"mso-bidi-font-weight: normal;\">Dragutinom Rakovcem<\/b> te tada\u0161njim predsjednikom i tajnikom Akademije <b style=\"mso-bidi-font-weight: normal;\">Franjom Ra\u010dkim<\/b> i <b style=\"mso-bidi-font-weight: normal;\">Bogoslavom \u0160ulekom<\/b>. <\/span><\/p>\n<p align=\"justify\"><\/p>\n<p style=\"margin: 0cm -1cm 0pt; text-align: justify;\"><span lang=\"HR\" style=\"font-family: &quot;Calibri&quot;,&quot;sans-serif&quot;; mso-ascii-theme-font: minor-latin; mso-hansi-theme-font: minor-latin; mso-bidi-font-size: 12.0pt;\">&nbsp;<\/span><\/p>\n<p align=\"justify\"><\/p>\n<p style=\"margin: 0cm -1cm 0pt; text-align: justify;\"><span lang=\"HR\" style=\"font-family: &quot;Calibri&quot;,&quot;sans-serif&quot;; mso-ascii-theme-font: minor-latin; mso-hansi-theme-font: minor-latin; mso-bidi-font-size: 12.0pt;\">&nbsp;<\/span><\/p>\n<p align=\"justify\"><\/p>\n<p style=\"margin: 0cm -1cm 0pt; text-align: justify;\"><span lang=\"HR\" style=\"font-family: &quot;Calibri&quot;,&quot;sans-serif&quot;; mso-ascii-theme-font: minor-latin; mso-hansi-theme-font: minor-latin; mso-bidi-font-size: 12.0pt;\">Ivan Kukuljevi\u0107 Sakcinski ro\u0111en je 29. svibnja 1816. u plemenita\u0161koj obitelji u Vara\u017edinu, a umro 1. kolovoza 1889. u kuriji Puhakovec. Nakon zavr\u0161ene klasi\u010dne gimnazije boravi u plemi\u0107kom konviktu u Zagrebu gdje zapo\u010dinje studij filozofije. Prekinuv\u0161i \u0161kolovanje, 1833. se opredjeljuje za vojni\u010dku slu\u017ebu i poha\u0111a kadetsku \u0161kolu u Kremsu, a tri godine kasnije (1836.) postaje \u010dasnik u Be\u010du. U Milano je premje\u0161ten 1840., a ve\u0107 dvije godine kasnije podnio je ostavku na \u010dasni\u010dku slu\u017ebu i vratio se u Hrvatsku kao po\u010dasni sudac Zagreba\u010dke \u017eupanije. U borbi protiv ma\u0111arizacije i cenzure ubrzo postaje jedan od najistaknutijih pripadnika hrvatskog narodnog preporoda te vode\u0107a osoba Ilirske, kasnije Narodne stranke. Uz Ljudevita Gaja, Janka Dra\u0161kovi\u0107a, Mirka O\u017eegovi\u0107a i Hermana Bu\u017eana, Kukuljevi\u0107 se strastveno zala\u017ee za uvo\u0111enje narodnog jezika u javni \u017eivot, osnivanje hrvatske vlade neovisne o ugarskoj te za\u0161titu hrvatskih prava i narodnosti \u2013 \u0161to izri\u010de na zasjedanju Hrvatskog sabora 2. svibnja 1843. godine u znamenitom govoru na hrvatskom jeziku. Najpoznatije Kukuljevi\u0107evo knji\u017eevno djelo je <i style=\"mso-bidi-font-style: normal;\">Juran i Sofija<\/i>, <b style=\"mso-bidi-font-weight: normal;\">prva moderna hrvatska drama<\/b> premijerno izvedena 1839. <\/span><\/p>\n<p align=\"justify\"><\/p>\n<p style=\"margin: 0cm -1cm 0pt; text-align: justify;\"><span lang=\"HR\" style=\"font-family: &quot;Calibri&quot;,&quot;sans-serif&quot;; mso-ascii-theme-font: minor-latin; mso-hansi-theme-font: minor-latin; mso-bidi-font-size: 12.0pt;\">&nbsp;<\/span><\/p>\n<p align=\"justify\"><\/p>\n<p style=\"margin: 0cm -1cm 0pt; text-align: justify;\"><span lang=\"HR\" style=\"font-family: &quot;Calibri&quot;,&quot;sans-serif&quot;; mso-ascii-theme-font: minor-latin; mso-hansi-theme-font: minor-latin; mso-bidi-font-size: 12.0pt;\">Od 1861. do 1867. Kukuljevi\u0107 je bio veliki \u017eupan Zagreba\u010dke \u017eupanije, a od 1865. do 1867. i banski namjesnik, kao prista\u0161a Ivana Ma\u017eurani\u0107a i bana Josipa \u0160ok\u010devi\u0107a koji su se zalagali za nagodbu Hrvatske s Austrijom i federalizaciju monarhije. Nakon sklapanja Austro-ugarske nagodbe 1867. povukao se iz politi\u010dkog \u017eivota.<\/span><\/p>\n<p align=\"justify\"><\/p>\n<p style=\"margin: 0cm -1cm 0pt; text-align: justify;\"><span lang=\"HR\" style=\"font-family: &quot;Calibri&quot;,&quot;sans-serif&quot;; mso-ascii-theme-font: minor-latin; mso-hansi-theme-font: minor-latin; mso-bidi-font-size: 12.0pt;\">&nbsp;<\/span><\/p>\n<p align=\"justify\"><\/p>\n<p style=\"margin: 0cm -1cm 0pt; text-align: justify;\"><span lang=\"HR\" style=\"font-family: &quot;Calibri&quot;,&quot;sans-serif&quot;; mso-ascii-theme-font: minor-latin; mso-hansi-theme-font: minor-latin; mso-bidi-font-size: 12.0pt;\">Osim borbe za afirmaciju hrvatskog jezika i njegove uporabe u politici, znanosti i knji\u017eevnosti, u sredi\u0161tu Kukuljevi\u0107eva interesa nalazilo se otkrivanje, \u010duvanje i vrednovanje povijesne ba\u0161tine s ciljem o\u010duvanja nacionalnog identiteta, \u010dime je <b style=\"mso-bidi-font-weight: normal;\">stvorio temelje moderne hrvatske historiografije<\/b>. <b style=\"mso-bidi-font-weight: normal;\">Smatra ga se utemeljiteljem i niza drugih modernih znanstvenih disciplina<\/b> u Hrvatskoj, poput povijesti umjetnosti, arheologije, arhivistike, knji\u017eevne povijesti, etnologije i znanstvene bibliografije. Bio je osniva\u010d i predsjednik Dru\u0161tva za jugoslavensku povjestnicu i starine od 1850. do 1878., a zatim od 1878. do 1889. prvi predsjednik novoosnovanog Hrvatskog arheolo\u0161kog dru\u0161tva. Od 1874. do 1889. Kukuljevi\u0107 je bio i predsjednik Matice hrvatske. Bio je dopisni ili po\u010dasni \u010dlan tridesetak doma\u0107ih i inozemnih akademija, sveu\u010dili\u0161ta i dru\u0161tava. <\/span><\/p>\n<p align=\"justify\"><\/p>\n<p style=\"margin: 0cm -1cm 0pt; text-align: justify;\"><span lang=\"HR\" style=\"font-family: &quot;Calibri&quot;,&quot;sans-serif&quot;; mso-ascii-theme-font: minor-latin; mso-hansi-theme-font: minor-latin; mso-bidi-font-size: 12.0pt;\">&nbsp;<\/span><\/p>\n<p align=\"justify\"><\/p>\n<p style=\"margin: 0cm -1cm 0pt; text-align: justify;\"><span lang=\"HR\" style=\"font-family: &quot;Calibri&quot;,&quot;sans-serif&quot;; mso-ascii-theme-font: minor-latin; mso-hansi-theme-font: minor-latin; mso-bidi-font-size: 12.0pt;\">Izlo\u017eba <i style=\"mso-bidi-font-style: normal;\"><span style=\"color: black;\">Ostav\u0161tina Ivana Kukuljevi\u0107a Sakcinskog iz Arhiva i Knji\u017enice Hrvatske akademije znanosti i umjetnosti<\/span><\/i> mo\u017ee se besplatno razgledati svakog radnog dana od 9 do 15 sati. <\/span><\/p>\n<p align=\"justify\"><\/p>\n<p style=\"margin: 0cm -1cm 0pt;\"><span lang=\"HR\" style=\"font-family: &quot;Calibri&quot;,&quot;sans-serif&quot;; mso-ascii-theme-font: minor-latin; mso-hansi-theme-font: minor-latin; mso-bidi-font-size: 12.0pt;\">&nbsp;<\/span><\/p>\n<p align=\"justify\"><\/p>\n<p style=\"margin: 0cm -1cm 0pt; text-align: justify;\"><b style=\"mso-bidi-font-weight: normal;\"><span lang=\"HR\" style=\"font-family: &quot;Calibri&quot;,&quot;sans-serif&quot;; mso-ascii-theme-font: minor-latin; mso-hansi-theme-font: minor-latin; mso-bidi-font-size: 12.0pt;\">&nbsp;<\/span><\/b><\/p>\n<p align=\"justify\"><\/p>\n<p style=\"margin: 0cm -1cm 0pt; text-align: justify;\"><span lang=\"HR\" style=\"font-family: &quot;Calibri&quot;,&quot;sans-serif&quot;; mso-ascii-theme-font: minor-latin; mso-hansi-theme-font: minor-latin; mso-bidi-font-size: 12.0pt;\"><span style=\"mso-spacerun: yes;\">&nbsp;<\/span><\/span><\/p>\n<p align=\"justify\"><\/p>\n<p style=\"margin: 0cm -1cm 0pt;\"><span lang=\"HR\" style=\"font-family: &quot;Calibri&quot;,&quot;sans-serif&quot;; mso-ascii-theme-font: minor-latin; mso-hansi-theme-font: minor-latin; mso-bidi-font-size: 12.0pt;\">Marijan Lipovac<\/span><\/p>\n<p align=\"justify\"><\/p>\n<p style=\"margin: 0cm -1cm 0pt;\"><span lang=\"HR\" style=\"font-family: &quot;Calibri&quot;,&quot;sans-serif&quot;; mso-ascii-theme-font: minor-latin; mso-hansi-theme-font: minor-latin; mso-bidi-font-size: 12.0pt;\">Ured za odnose s javno\u0161\u0107u i medije HAZU<span style=\"mso-spacerun: yes;\">&nbsp;&nbsp; <\/span><\/span><\/p>\n<p align=\"justify\"><\/p>\n<p align=\"right\" style=\"margin: 0cm -1cm 0pt; text-align: right;\"><span lang=\"HR\" style=\"font-family: &quot;Calibri&quot;,&quot;sans-serif&quot;; mso-ascii-theme-font: minor-latin; mso-hansi-theme-font: minor-latin; mso-bidi-font-size: 12.0pt;\">&nbsp;<\/span><\/p>\n<p align=\"justify\"><\/p>\n<p style=\"margin: 0cm -1cm 0pt;\"><span lang=\"HR\" style=\"font-family: &quot;Calibri&quot;,&quot;sans-serif&quot;; mso-ascii-theme-font: minor-latin; mso-hansi-theme-font: minor-latin; mso-bidi-font-size: 12.0pt;\">&nbsp;<\/span><\/p>\n<p align=\"justify\"><\/p>\n<p style=\"margin: 0cm -1cm 0pt;\"><span lang=\"HR\" style=\"font-family: &quot;Calibri&quot;,&quot;sans-serif&quot;; mso-ascii-theme-font: minor-latin; mso-hansi-theme-font: minor-latin; mso-bidi-font-size: 12.0pt;\">Izvor: <a href=\"http:\/\/info.hazu.hr\/\">http:\/\/info.hazu.hr\/<\/a><\/span><\/p>\n<p style=\"margin: 0cm -1cm 0pt;\"><span lang=\"HR\" style=\"font-family: &quot;Calibri&quot;,&quot;sans-serif&quot;; mso-ascii-theme-font: minor-latin; mso-hansi-theme-font: minor-latin; mso-bidi-font-size: 12.0pt;\"><span style=\"mso-spacerun: yes;\">&nbsp;&nbsp;&nbsp;&nbsp;&nbsp;&nbsp;&nbsp;&nbsp;&nbsp;&nbsp;&nbsp;&nbsp;<\/span><\/span><\/p>\n<p align=\"justify\"><\/p>\n<p style=\"margin: 0cm 0cm 0pt;\"><span lang=\"HR\" style=\"mso-bidi-font-size: 12.0pt;\">&nbsp;<\/span><\/p>\n<p align=\"justify\"><\/p>\n<p style=\"margin: 0cm 0cm 0pt;\"><span lang=\"HR\" style=\"mso-bidi-font-size: 12.0pt;\">&nbsp;<\/span><\/p>\n<p align=\"justify\"><\/p>\n<p><\/font><\/p>\n<p align=\"justify\"><\/p>\n<p align=\"justify\" style=\"margin: 0cm 0cm 0pt;\"><span lang=\"HR\" style=\"mso-bidi-font-size: 12.0pt;\"><font  size=\"3\">&nbsp;<\/font><\/span><\/p>\n<p align=\"justify\"><font  size=\"3\">  <br \/><\/font><\/p>\n","protected":false},"excerpt":{"rendered":"","protected":false},"author":1,"featured_media":0,"comment_status":"open","ping_status":"open","sticky":false,"template":"","format":"standard","meta":{"_acf_changed":false,"jetpack_post_was_ever_published":false,"_jetpack_newsletter_access":"","_jetpack_dont_email_post_to_subs":false,"_jetpack_newsletter_tier_id":0,"_jetpack_memberships_contains_paywalled_content":false,"_jetpack_memberships_contains_paid_content":false,"footnotes":"","jetpack_publicize_message":"","jetpack_publicize_feature_enabled":true,"jetpack_social_post_already_shared":false,"jetpack_social_options":{"image_generator_settings":{"template":"highway","default_image_id":0,"font":"","enabled":false},"version":2}},"categories":[3],"tags":[],"class_list":["post-2316","post","type-post","status-publish","format-standard","hentry","category-novosti"],"acf":{"facebook_opis":""},"jetpack_publicize_connections":[],"jetpack_featured_media_url":"","jetpack_sharing_enabled":true,"jetpack-related-posts":[{"id":52578,"url":"https:\/\/historiografija.hr\/?p=52578","url_meta":{"origin":2316,"position":0},"title":"Poziv za sudjelovanje: XXII. Dani Julija Bene\u0161i\u0107a u Iloku","author":"Branimir Jankovi\u0107","date":"21. travnja 2026.","format":false,"excerpt":"Zavod za lingvisti\u010dka istra\u017eivanja Hrvatske akademije znanosti i umjetnosti, zajedno s Muzejom grada Iloka, organizira XXII. Dane Julija Bene\u0161i\u0107a, koji \u0107e se odr\u017eati od 28. do 30. listopada 2026. u Iloku.\u00a0Teme ovogodi\u0161njih Dana podijeljene su u dvije cjeline: Knji\u017eevno-jezikoslovni d\u00ecv\u0101n s Bene\u0161i\u0107em te Ilok i Srijem u povijesnim stalnicama i\u2026","rel":"","context":"U &quot;Novosti&quot;","block_context":{"text":"Novosti","link":"https:\/\/historiografija.hr\/?cat=3"},"img":{"alt_text":"","src":"https:\/\/i0.wp.com\/historiografija.hr\/wp-content\/uploads\/2019\/10\/HE2_Benesic.jpg?fit=413%2C591&ssl=1&resize=350%2C200","width":350,"height":200},"classes":[]},{"id":52499,"url":"https:\/\/historiografija.hr\/?p=52499","url_meta":{"origin":2316,"position":1},"title":"POTPISAN UGOVOR O ZNANSTVENO-ISTRA\u017dIVA\u010cKOJ SURADNJI: PROJEKT \u201eTEMELJI HRVATSKE SAMOSTALNOSTI\u201d","author":"Branimir Jankovi\u0107","date":"17. travnja 2026.","format":false,"excerpt":"Hrvatski institut za povijest, Sveu\u010dili\u0161te obrane i sigurnosti \u201eDr. Franjo Tu\u0111man\u201d, Institut dru\u0161tvenih znanosti Ivo Pilar i Hrvatski dr\u017eavni arhiv\u00a0potpisali su 23. o\u017eujka 2026.\u00a0Ugovor o znanstveno-istra\u017eiva\u010dkoj suradnji s ciljem provedbe projekta \u201eTemelji hrvatske samostalnosti\u201d. Tim projektom obuhva\u0107a se istra\u017eivanje arhivskoga gradiva, priprema znanstvenih publikacija, digitalizacija i javna prezentacija rezultata istra\u017eivanja\u2026","rel":"","context":"U &quot;Novosti&quot;","block_context":{"text":"Novosti","link":"https:\/\/historiografija.hr\/?cat=3"},"img":{"alt_text":"","src":"https:\/\/i0.wp.com\/historiografija.hr\/wp-content\/uploads\/2026\/04\/THS_sporazum.jpg?fit=1200%2C583&ssl=1&resize=350%2C200","width":350,"height":200,"srcset":"https:\/\/i0.wp.com\/historiografija.hr\/wp-content\/uploads\/2026\/04\/THS_sporazum.jpg?fit=1200%2C583&ssl=1&resize=350%2C200 1x, https:\/\/i0.wp.com\/historiografija.hr\/wp-content\/uploads\/2026\/04\/THS_sporazum.jpg?fit=1200%2C583&ssl=1&resize=525%2C300 1.5x, https:\/\/i0.wp.com\/historiografija.hr\/wp-content\/uploads\/2026\/04\/THS_sporazum.jpg?fit=1200%2C583&ssl=1&resize=700%2C400 2x, https:\/\/i0.wp.com\/historiografija.hr\/wp-content\/uploads\/2026\/04\/THS_sporazum.jpg?fit=1200%2C583&ssl=1&resize=1050%2C600 3x"},"classes":[]},{"id":52666,"url":"https:\/\/historiografija.hr\/?p=52666","url_meta":{"origin":2316,"position":2},"title":"Najava programa Festivala povijesti Kliofest (5-8. V. 2026)","author":"Branimir Jankovi\u0107","date":"24. travnja 2026.","format":false,"excerpt":"Po trinaesti put odr\u017eava se Festival povijesti Kliofest! Do petka \u0107emo odr\u017eati osam okruglih stolova i dva kolokvija te niz predstavljanja knjiga i projekata razli\u010dite tematike, od antike do suvremenosti. Bit \u0107e predstavljeno i nekoliko izlo\u017ebi te odr\u017ean jedan povijesni kviz. Prikazat \u0107emo i jedan film \u2013 o generalu Boroevi\u0107u.\u2026","rel":"","context":"U &quot;Novosti&quot;","block_context":{"text":"Novosti","link":"https:\/\/historiografija.hr\/?cat=3"},"img":{"alt_text":"","src":"https:\/\/i0.wp.com\/historiografija.hr\/wp-content\/uploads\/2026\/04\/Kliofest-2026.jpg?fit=526%2C526&ssl=1&resize=350%2C200","width":350,"height":200,"srcset":"https:\/\/i0.wp.com\/historiografija.hr\/wp-content\/uploads\/2026\/04\/Kliofest-2026.jpg?fit=526%2C526&ssl=1&resize=350%2C200 1x, https:\/\/i0.wp.com\/historiografija.hr\/wp-content\/uploads\/2026\/04\/Kliofest-2026.jpg?fit=526%2C526&ssl=1&resize=525%2C300 1.5x"},"classes":[]},{"id":52552,"url":"https:\/\/historiografija.hr\/?p=52552","url_meta":{"origin":2316,"position":3},"title":"Besplatni glazbeni antikvarijat","author":"Branimir Jankovi\u0107","date":"20. travnja 2026.","format":false,"excerpt":"Muzi\u010dka akademija Sveu\u010dili\u0161ta u Zagrebu 23. travnja 2026. od 10 do 17 sati Pozivamo Vas na Besplatni glazbeni antikvarijat, koji u sklopu manifestacije No\u0107 knjige 2026. organizira Hrvatska udruga muzi\u010dkih knji\u017enica, arhiva i dokumentacijskih centara (HUMKAD). Antikvarijat \u0107e se odr\u017eati na Svjetski dan knjige \u2013 u \u010detvrtak 23. travnja 2026.\u2026","rel":"","context":"U &quot;Novosti&quot;","block_context":{"text":"Novosti","link":"https:\/\/historiografija.hr\/?cat=3"},"img":{"alt_text":"","src":"https:\/\/i0.wp.com\/historiografija.hr\/wp-content\/uploads\/2026\/04\/Besplatni-glazbeni-antikvarijat-23.-4.-2026.jpg?fit=1200%2C848&ssl=1&resize=350%2C200","width":350,"height":200,"srcset":"https:\/\/i0.wp.com\/historiografija.hr\/wp-content\/uploads\/2026\/04\/Besplatni-glazbeni-antikvarijat-23.-4.-2026.jpg?fit=1200%2C848&ssl=1&resize=350%2C200 1x, https:\/\/i0.wp.com\/historiografija.hr\/wp-content\/uploads\/2026\/04\/Besplatni-glazbeni-antikvarijat-23.-4.-2026.jpg?fit=1200%2C848&ssl=1&resize=525%2C300 1.5x, https:\/\/i0.wp.com\/historiografija.hr\/wp-content\/uploads\/2026\/04\/Besplatni-glazbeni-antikvarijat-23.-4.-2026.jpg?fit=1200%2C848&ssl=1&resize=700%2C400 2x, https:\/\/i0.wp.com\/historiografija.hr\/wp-content\/uploads\/2026\/04\/Besplatni-glazbeni-antikvarijat-23.-4.-2026.jpg?fit=1200%2C848&ssl=1&resize=1050%2C600 3x"},"classes":[]},{"id":52563,"url":"https:\/\/historiografija.hr\/?p=52563","url_meta":{"origin":2316,"position":4},"title":"Predavanje Nenada Fabijani\u0107a o stadionu Poljud u Splitu","author":"Branimir Jankovi\u0107","date":"21. travnja 2026.","format":false,"excerpt":"Znanstveno vije\u0107e za arhitekturu, urbanizam i ure\u0111enje prostora Hrvatske akademije znanosti i umjetnosti organizira predavanje \u201cPo Poljudu\u201d koje \u0107e u srijedu 22. travnja 2026. s po\u010detkom u 14 sati u Knji\u017enici HAZU, Strossmayerov trg 14 u Zagrebu, odr\u017eati\u00a0prof. emerit. dr. art. Nenad Fabijani\u0107,\u00a0\u010dlan suradnik HAZU. Predavanje \u201ePo Poljudu\u201c (Projekt obnove)\u2026","rel":"","context":"U &quot;Novosti&quot;","block_context":{"text":"Novosti","link":"https:\/\/historiografija.hr\/?cat=3"},"img":{"alt_text":"","src":"https:\/\/i0.wp.com\/historiografija.hr\/wp-content\/uploads\/2026\/04\/Poljud-scaled.jpeg?fit=1200%2C800&ssl=1&resize=350%2C200","width":350,"height":200,"srcset":"https:\/\/i0.wp.com\/historiografija.hr\/wp-content\/uploads\/2026\/04\/Poljud-scaled.jpeg?fit=1200%2C800&ssl=1&resize=350%2C200 1x, https:\/\/i0.wp.com\/historiografija.hr\/wp-content\/uploads\/2026\/04\/Poljud-scaled.jpeg?fit=1200%2C800&ssl=1&resize=525%2C300 1.5x, https:\/\/i0.wp.com\/historiografija.hr\/wp-content\/uploads\/2026\/04\/Poljud-scaled.jpeg?fit=1200%2C800&ssl=1&resize=700%2C400 2x, https:\/\/i0.wp.com\/historiografija.hr\/wp-content\/uploads\/2026\/04\/Poljud-scaled.jpeg?fit=1200%2C800&ssl=1&resize=1050%2C600 3x"},"classes":[]},{"id":52511,"url":"https:\/\/historiografija.hr\/?p=52511","url_meta":{"origin":2316,"position":5},"title":"Izlo\u017eba &#8220;Lica Sljemena&#8221;","author":"Branimir Jankovi\u0107","date":"17. travnja 2026.","format":false,"excerpt":"Srda\u010dno vas pozivamo na otvorenje izlo\u017ebe Lica Sljemena koje \u0107e se odr\u017eati u srijedu 22. travnja 2026. u 18 h ispred Muzeja Prigorja (Trg Dragutina Domjani\u0107a 5, Sesvete). Izlo\u017eba proizlazi iz istra\u017eivanja Nevene \u0160krbi\u0107 Alempijevi\u0107, Petre Kelemen i Sanje Potkonjak te intervjua sa Sljemena\u0161icama i Sljemena\u0161ima, koji su provedeni u\u2026","rel":"","context":"U &quot;Izlo\u017ebe&quot;","block_context":{"text":"Izlo\u017ebe","link":"https:\/\/historiografija.hr\/?cat=10"},"img":{"alt_text":"","src":"https:\/\/i0.wp.com\/historiografija.hr\/wp-content\/uploads\/2026\/04\/Izlozba-Lica-Sljemena.png?fit=1080%2C686&ssl=1&resize=350%2C200","width":350,"height":200,"srcset":"https:\/\/i0.wp.com\/historiografija.hr\/wp-content\/uploads\/2026\/04\/Izlozba-Lica-Sljemena.png?fit=1080%2C686&ssl=1&resize=350%2C200 1x, https:\/\/i0.wp.com\/historiografija.hr\/wp-content\/uploads\/2026\/04\/Izlozba-Lica-Sljemena.png?fit=1080%2C686&ssl=1&resize=525%2C300 1.5x, https:\/\/i0.wp.com\/historiografija.hr\/wp-content\/uploads\/2026\/04\/Izlozba-Lica-Sljemena.png?fit=1080%2C686&ssl=1&resize=700%2C400 2x, https:\/\/i0.wp.com\/historiografija.hr\/wp-content\/uploads\/2026\/04\/Izlozba-Lica-Sljemena.png?fit=1080%2C686&ssl=1&resize=1050%2C600 3x"},"classes":[]}],"_links":{"self":[{"href":"https:\/\/historiografija.hr\/index.php?rest_route=\/wp\/v2\/posts\/2316","targetHints":{"allow":["GET"]}}],"collection":[{"href":"https:\/\/historiografija.hr\/index.php?rest_route=\/wp\/v2\/posts"}],"about":[{"href":"https:\/\/historiografija.hr\/index.php?rest_route=\/wp\/v2\/types\/post"}],"author":[{"embeddable":true,"href":"https:\/\/historiografija.hr\/index.php?rest_route=\/wp\/v2\/users\/1"}],"replies":[{"embeddable":true,"href":"https:\/\/historiografija.hr\/index.php?rest_route=%2Fwp%2Fv2%2Fcomments&post=2316"}],"version-history":[{"count":0,"href":"https:\/\/historiografija.hr\/index.php?rest_route=\/wp\/v2\/posts\/2316\/revisions"}],"wp:attachment":[{"href":"https:\/\/historiografija.hr\/index.php?rest_route=%2Fwp%2Fv2%2Fmedia&parent=2316"}],"wp:term":[{"taxonomy":"category","embeddable":true,"href":"https:\/\/historiografija.hr\/index.php?rest_route=%2Fwp%2Fv2%2Fcategories&post=2316"},{"taxonomy":"post_tag","embeddable":true,"href":"https:\/\/historiografija.hr\/index.php?rest_route=%2Fwp%2Fv2%2Ftags&post=2316"}],"curies":[{"name":"wp","href":"https:\/\/api.w.org\/{rel}","templated":true}]}}