{"id":2310,"date":"2016-05-29T22:00:05","date_gmt":"2016-05-29T22:00:05","guid":{"rendered":"http:\/\/historiografija.hr\/?p=2310"},"modified":"2016-05-29T22:00:05","modified_gmt":"2016-05-29T22:00:05","slug":"betonski-spavaci-dokumentarna-serija","status":"publish","type":"post","link":"https:\/\/historiografija.hr\/?p=2310","title":{"rendered":"Betonski spava\u010di, dokumentarna serija"},"content":{"rendered":"<p align=\"justify\"><font  size=\"3\">  <br \/><\/font><\/p>\n<p align=\"justify\" style=\"margin: 0cm 0cm 10pt;\"><font face=\"Calibri\" size=\"3\">Prvi program HTV-a, od ponedjeljka, 30. svibnja do \u010detvrtka, 2. lipnja 2016. u 17.30 sati<\/font><\/p>\n<p align=\"justify\"><font  size=\"3\">  <br \/><\/font><\/p>\n<p align=\"justify\" style=\"margin: 0cm 0cm 10pt;\"><font face=\"Calibri\" size=\"3\">&nbsp;<\/font><\/p>\n<p align=\"justify\"><font  size=\"3\">  <br \/><\/font><\/p>\n<p align=\"justify\" style=\"margin: 0cm 0cm 10pt;\"><a href=\"http:\/\/raspored.hrt.hr\/\"><font color=\"#0000ff\" face=\"Calibri\" size=\"3\">http:\/\/raspored.hrt.hr\/<\/font><\/a><\/p>\n<p align=\"justify\"><font  size=\"3\">  <br \/><\/font><\/p>\n<p align=\"justify\" style=\"margin: 0cm 0cm 10pt;\"><font face=\"Calibri\" size=\"3\">&nbsp;<\/font><\/p>\n<p align=\"justify\"><font  size=\"3\">  <br \/><\/font><\/p>\n<p align=\"justify\" style=\"margin: 0cm 0cm 10pt;\"><font face=\"Calibri\"><font size=\"3\"><b style=\"mso-bidi-font-weight: normal;\"><i style=\"mso-bidi-font-style: normal;\">Betonski spava\u010di<\/i><\/b>, dokumentarna serija (1\/4)<\/font><\/font><\/p>\n<p align=\"justify\"><font  size=\"3\">  <br \/><\/font><\/p>\n<p align=\"justify\" style=\"margin: 0cm 0cm 10pt;\"><font face=\"Calibri\" size=\"3\">&nbsp;<\/font><\/p>\n<p align=\"justify\"><font  size=\"3\">  <br \/><\/font><\/p>\n<p align=\"justify\" style=\"margin: 0cm 0cm 10pt;\"><font face=\"Calibri\" size=\"3\">Dokumentarna serija o modernisti\u010dkoj arhitekturi i hedonizmu na razme\u0111u Istoka i Zapada.<\/font><\/p>\n<p align=\"justify\"><font  size=\"3\">  <br \/><\/font><\/p>\n<p align=\"justify\" style=\"margin: 0cm 0cm 10pt;\"><font face=\"Calibri\" size=\"3\">&nbsp;<\/font><\/p>\n<p align=\"justify\"><font  size=\"3\">  <br \/><\/font><\/p>\n<p align=\"justify\" style=\"margin: 0cm 0cm 10pt;\"><font face=\"Calibri\" size=\"3\">Dokumentarna serija Betonski spava\u010di gradi pri\u010du oko moderne arhitekture u Hrvatskoj i regiji biv\u0161e Jugoslavije, podru\u010dju jedinstvenom po brojnim napu\u0161tenim i ru\u0161evnim zgradama iz 20. stolje\u0107a, iznimne arhitektonske vrijednosti.<\/font><\/p>\n<p align=\"justify\"><font  size=\"3\">  <br \/><\/font><\/p>\n<p align=\"justify\" style=\"margin: 0cm 0cm 10pt;\"><font face=\"Calibri\" size=\"3\">&nbsp;<\/font><\/p>\n<p align=\"justify\"><font  size=\"3\">  <br \/><\/font><\/p>\n<p align=\"justify\" style=\"margin: 0cm 0cm 10pt;\"><font face=\"Calibri\" size=\"3\">U \u010detiri epizode serija se bavi hrvatskom turisti\u010dkom arhitekturom toga vremena, mjestima na kojima su se u vrijeme hladnog rata i blokovskog rivalstva mogli susresti gra\u0111ani Istoka i Zapada i u trenucima dokolice zaboraviti na podjele. Svaka epizoda dramati\u010dna je pri\u010da o proturje\u010djima jugoslavenskog socijalisti\u010dkog dru\u0161tva smje\u0161tenog izme\u0111u Istoka i Zapada, demokracije i totalitarizma, pro\u017eetog utopijskom idejom da arhitektura mo\u017ee svijet u\u010diniti boljim.<\/font><\/p>\n<p align=\"justify\"><font  size=\"3\">  <br \/><\/font><\/p>\n<p align=\"justify\" style=\"margin: 0cm 0cm 10pt;\"><font face=\"Calibri\" size=\"3\">&nbsp;<\/font><\/p>\n<p align=\"justify\"><font  size=\"3\">  <br \/><\/font><\/p>\n<p align=\"justify\" style=\"margin: 0cm 0cm 10pt;\"><font face=\"Calibri\" size=\"3\">Nakon promjene dru\u0161tvenog sistema, nova politika i novi vlasni\u010dki odnosi promijenili su ekonomski, socijalni i urbani pejza\u017e regije. S vremenom moderna arhitektura, umjesto da je va\u017ean dio \u017eivota dru\u0161tva, postaje tek niz ru\u0161evina. Arhitekti feti\u0161isti\u010dki posje\u0107uju uni\u0161tene gra\u0111evine. Predatorski investitori nadaju se brzoj zaradi, lokalne vlasti ubiranju komunalnih naknada, a konzervatorske institucije tromo se odnose prema modernoj ba\u0161tini. U tom vrtlogu razli\u010ditih interesa, izvorne zamisli arhitekata i dru\u0161tva koje je idealisti\u010dki gradilo s mi\u0161lju o preobrazbi putem arhitekture odzvanjaju kao nostalgi\u010dno sje\u0107anje, ali i upozorenje.<\/font><\/p>\n<p align=\"justify\"><font  size=\"3\">  <br \/><\/font><\/p>\n<p align=\"justify\" style=\"margin: 0cm 0cm 10pt;\"><font face=\"Calibri\" size=\"3\">&nbsp;<\/font><\/p>\n<p align=\"justify\"><font  size=\"3\">  <br \/><\/font><\/p>\n<p align=\"justify\" style=\"margin: 0cm 0cm 10pt;\"><font face=\"Calibri\" size=\"3\">Objekti prikazani u seriji podsjetnik su na va\u017enost brige o javnom interesu, racionalnom raspolaganju resursima i uva\u017eavanju kulturnih dosega bliske povijesti.<\/font><\/p>\n<p align=\"justify\"><font  size=\"3\">  <br \/><\/font><\/p>\n<p align=\"justify\" style=\"margin: 0cm 0cm 10pt;\"><font face=\"Calibri\" size=\"3\">&nbsp;<\/font><\/p>\n<p align=\"justify\"><font  size=\"3\">  <br \/><\/font><\/p>\n<p align=\"justify\" style=\"margin: 0cm 0cm 10pt;\"><font face=\"Calibri\" size=\"3\">Godina proizvodnje:<span style=\"mso-spacerun: yes;\">&nbsp; <\/span>2016.<\/font><\/p>\n<p align=\"justify\"><font  size=\"3\">  <br \/><\/font><\/p>\n<p align=\"justify\" style=\"margin: 0cm 0cm 10pt;\"><font face=\"Calibri\" size=\"3\">Scenarij:<span style=\"mso-spacerun: yes;\">&nbsp; <\/span>Sa\u0161a Ban, Maroje Mrdulja\u0161, Nevenka Sabli\u0107<\/font><\/p>\n<p align=\"justify\"><font  size=\"3\">  <br \/><\/font><\/p>\n<p align=\"justify\" style=\"margin: 0cm 0cm 10pt;\"><font face=\"Calibri\" size=\"3\">Monta\u017ea:<span style=\"mso-spacerun: yes;\">&nbsp; <\/span>Vanja Siru\u010dek<\/font><\/p>\n<p align=\"justify\"><font  size=\"3\">  <br \/><\/font><\/p>\n<p align=\"justify\" style=\"margin: 0cm 0cm 10pt;\"><font face=\"Calibri\" size=\"3\">Snimatelj:<span style=\"mso-spacerun: yes;\">&nbsp; <\/span>Hrvoje Franji\u0107<\/font><\/p>\n<p align=\"justify\"><font  size=\"3\">  <br \/><\/font><\/p>\n<p align=\"justify\" style=\"margin: 0cm 0cm 10pt;\"><font face=\"Calibri\" size=\"3\">Re\u017eija:<span style=\"mso-spacerun: yes;\">&nbsp; <\/span>Sa\u0161a Ban<\/font><\/p>\n<p align=\"justify\"><font  size=\"3\">  <br \/><\/font><\/p>\n<p align=\"justify\" style=\"margin: 0cm 0cm 10pt;\"><font face=\"Calibri\" size=\"3\">Produkcija:<span style=\"mso-spacerun: yes;\">&nbsp; <\/span>HULAHOP za HTV<\/font><\/p>\n<p align=\"justify\"><font  size=\"3\">  <br \/><\/font><\/p>\n<p align=\"justify\" style=\"margin: 0cm 0cm 10pt;\"><font face=\"Calibri\" size=\"3\">Skladatelj:<span style=\"mso-spacerun: yes;\">&nbsp; <\/span>Nenad Kova\u010di\u0107<\/font><\/p>\n<p align=\"justify\"><font  size=\"3\">  <br \/><\/font><\/p>\n<p align=\"justify\" style=\"margin: 0cm 0cm 10pt;\"><font face=\"Calibri\" size=\"3\">Producenti:<span style=\"mso-spacerun: yes;\">&nbsp; <\/span>Miljenka \u010cogelja, Dana Budisavljevi\u0107<\/font><\/p>\n<p align=\"justify\"><font  size=\"3\">  <br \/><\/font><\/p>\n<p align=\"justify\" style=\"margin: 0cm 0cm 10pt;\"><font face=\"Calibri\" size=\"3\">&nbsp;<\/font><\/p>\n<p align=\"justify\"><font  size=\"3\">  <br \/><\/font><\/p>\n<p align=\"justify\" style=\"margin: 0cm 0cm 10pt;\"><font face=\"Calibri\" size=\"3\">Epizoda (broj):<span style=\"mso-spacerun: yes;\">&nbsp; <\/span>1.<\/font><\/p>\n<p align=\"justify\"><font  size=\"3\">  <br \/><\/font><\/p>\n<p align=\"justify\" style=\"margin: 0cm 0cm 10pt;\"><font face=\"Calibri\" size=\"3\">Epizoda (naslov):<span style=\"mso-spacerun: yes;\">&nbsp; <\/span>SOCIJALIZAM SUSRE\u0106E KAPITALIZAM<\/font><\/p>\n<p align=\"justify\"><font  size=\"3\">  <br \/><\/font><\/p>\n<p align=\"justify\" style=\"margin: 0cm 0cm 10pt;\"><font face=\"Calibri\" size=\"3\">&nbsp;<\/font><\/p>\n<p align=\"justify\"><font  size=\"3\">  <br \/><\/font><\/p>\n<p align=\"justify\" style=\"margin: 0cm 0cm 10pt;\"><font face=\"Calibri\" size=\"3\">Epizoda se bavi hotelskim kompleksom Haludovo na otoku Krku, danas gotovo mitskim mjestom oko kojeg se raspreda tisu\u0107u pri\u010da. Od burne povijesti kada je Haludovo bilo kockarska meka, mjesto susreta svjetskih diktatora i politi\u010dara, ameri\u010dkih vikend-kockara, jugoslavenske estrade i obi\u010dnih gra\u0111ana, do danas kada je tek nostalgi\u010dna uspomena na nekada\u0161nji susret hedonizma i egalitarizma. Od slavnih dana do privatizacije i propasti, a sve se to odigralo u samo \u010detrdesetak godina.<\/font><\/p>\n<p align=\"justify\"><font  size=\"3\">  <br \/><\/font><\/p>\n<p align=\"justify\" style=\"margin: 0cm 0cm 10pt;\"><font face=\"Calibri\" size=\"3\">&nbsp;<\/font><\/p>\n<p align=\"justify\"><font  size=\"3\">  <br \/><\/font><\/p>\n<p align=\"justify\" style=\"margin: 0cm 0cm 10pt;\"><font face=\"Calibri\" size=\"3\">Epizoda (broj):<span style=\"mso-spacerun: yes;\">&nbsp; <\/span>2.<\/font><\/p>\n<p align=\"justify\"><font  size=\"3\">  <br \/><\/font><\/p>\n<p align=\"justify\" style=\"margin: 0cm 0cm 10pt;\"><font face=\"Calibri\" size=\"3\">Epizoda (naslov):<span style=\"mso-spacerun: yes;\">&nbsp; <\/span>KRATKI SUSRETI UZ JADRANSKU CESTU<\/font><\/p>\n<p align=\"justify\"><font  size=\"3\">  <br \/><\/font><\/p>\n<p align=\"justify\" style=\"margin: 0cm 0cm 10pt;\"><font face=\"Calibri\" size=\"3\">&nbsp;<\/font><\/p>\n<p align=\"justify\"><font  size=\"3\">  <br \/><\/font><\/p>\n<p align=\"justify\" style=\"margin: 0cm 0cm 10pt;\"><font face=\"Calibri\" size=\"3\">U ovoj epizodi putujemo Jadranskom magistralom, prometnicom koja je korjenito promijenila \u017eivot uz obalu i postala dio kolektivnog sje\u0107anja za brojne turiste. Zaustavljamo se u motelima, mjestima kratkog boravka, me\u0111u kojima se posebno isti\u010du oni arhitekta Ivana Viti\u0107a. Njegova elegantna i moderna arhitektura danas je na razne na\u010din prepu\u0161tena propadanju.<\/font><\/p>\n<p align=\"justify\"><font  size=\"3\">  <br \/><\/font><\/p>\n<p align=\"justify\" style=\"margin: 0cm 0cm 10pt;\"><font face=\"Calibri\" size=\"3\">&nbsp;<\/font><\/p>\n<p align=\"justify\"><font  size=\"3\">  <br \/><\/font><\/p>\n<p align=\"justify\" style=\"margin: 0cm 0cm 10pt;\"><font face=\"Calibri\" size=\"3\">Epizoda (broj):<span style=\"mso-spacerun: yes;\">&nbsp; <\/span>3.<\/font><\/p>\n<p align=\"justify\"><font  size=\"3\">  <br \/><\/font><\/p>\n<p align=\"justify\" style=\"margin: 0cm 0cm 10pt;\"><font face=\"Calibri\" size=\"3\">Epizoda (naslov):<span style=\"mso-spacerun: yes;\">&nbsp; <\/span>TAJANSTVENI OBJEKT U BOROVOJ \u0160UMI<\/font><\/p>\n<p align=\"justify\"><font  size=\"3\">  <br \/><\/font><\/p>\n<p align=\"justify\" style=\"margin: 0cm 0cm 10pt;\"><font face=\"Calibri\" size=\"3\">&nbsp;<\/font><\/p>\n<p align=\"justify\"><font  size=\"3\">  <br \/><\/font><\/p>\n<p align=\"justify\" style=\"margin: 0cm 0cm 10pt;\"><font face=\"Calibri\" size=\"3\">Istra\u017eujemo mogu\u0107nosti revitalizacije tajanstvene zgrade neobi\u010dne ljepote u malom mjestu Krvavica pokraj Makarske. Zgradu koja nije ucrtana u urbanisti\u010dke planove i katastre izgradila je biv\u0161a JNA za potrebe lije\u010denja djece s plu\u0107nim bolestima. Na inicijativu arhitekata trajno je za\u0161ti\u0107ena kao kulturno dobro \u0161to je izazvalo negodovanje lokalnih vlasti. Danas stoji zapu\u0161tena i oplja\u010dkana, a Dr\u017eavni ured za upravljanje dr\u017eavnom imovinom jo\u0161 nije odlu\u010dio o sudbini ovako vrijedne gra\u0111evine.<\/font><\/p>\n<p align=\"justify\"><font  size=\"3\">  <br \/><\/font><\/p>\n<p align=\"justify\" style=\"margin: 0cm 0cm 10pt;\"><font face=\"Calibri\" size=\"3\">&nbsp;<\/font><\/p>\n<p align=\"justify\"><font  size=\"3\">  <br \/><\/font><\/p>\n<p align=\"justify\" style=\"margin: 0cm 0cm 10pt;\"><font face=\"Calibri\" size=\"3\">Epizoda (broj):<span style=\"mso-spacerun: yes;\">&nbsp; <\/span>4.<\/font><\/p>\n<p align=\"justify\"><font  size=\"3\">  <br \/><\/font><\/p>\n<p align=\"justify\" style=\"margin: 0cm 0cm 10pt;\"><font face=\"Calibri\" size=\"3\">Epizoda (naslov):<span style=\"mso-spacerun: yes;\">&nbsp; <\/span>MEGASTRUKTURE<\/font><\/p>\n<p align=\"justify\"><font  size=\"3\">  <br \/><\/font><\/p>\n<p align=\"justify\" style=\"margin: 0cm 0cm 10pt;\"><font face=\"Calibri\" size=\"3\">&nbsp;<\/font><\/p>\n<p align=\"justify\"><font  size=\"3\">  <br \/><\/font><\/p>\n<p align=\"justify\" style=\"margin: 0cm 0cm 10pt;\"><font face=\"Calibri\" size=\"3\">Bavimo se fenomenom masovnog turizma i megastrukturama, ku\u0107ama-gradovima koje su \u010desto mogle udomiti vi\u0161e gostiju od broja stanovnika povijesnih naselja u kojima su nastale. Iz na\u010dina na koji su ti hoteli golemog kapaciteta bili osmi\u0161ljeni mo\u017eemo u\u010diti o idejama modernizma, planskom razvoju jadranske obale i na\u010dinima na koje se mo\u017ee posti\u0107i ravnote\u017ea izme\u0111u ekonomskog rasta i o\u010duvanja zate\u010denih vrijednosti, izme\u0111u masovnog turizma i \u017eivota lokalnog stanovni\u0161tva.<\/font><\/p>\n<p align=\"justify\"><font  size=\"3\">  <br \/><\/font><\/p>\n","protected":false},"excerpt":{"rendered":"","protected":false},"author":1,"featured_media":0,"comment_status":"open","ping_status":"open","sticky":false,"template":"","format":"standard","meta":{"_acf_changed":false,"jetpack_post_was_ever_published":false,"_jetpack_newsletter_access":"","_jetpack_dont_email_post_to_subs":false,"_jetpack_newsletter_tier_id":0,"_jetpack_memberships_contains_paywalled_content":false,"_jetpack_memberships_contains_paid_content":false,"footnotes":"","jetpack_publicize_message":"","jetpack_publicize_feature_enabled":true,"jetpack_social_post_already_shared":false,"jetpack_social_options":{"image_generator_settings":{"template":"highway","default_image_id":0,"font":"","enabled":false},"version":2}},"categories":[3],"tags":[],"class_list":["post-2310","post","type-post","status-publish","format-standard","hentry","category-novosti"],"acf":{"facebook_opis":""},"jetpack_publicize_connections":[],"jetpack_featured_media_url":"","jetpack_sharing_enabled":true,"jetpack-related-posts":[{"id":52657,"url":"https:\/\/historiografija.hr\/?p=52657","url_meta":{"origin":2310,"position":0},"title":"[Predavanje] Jezik i drugost u (post)socijalisti\u010dkoj Srbiji: diskurzivne politike identiteta (YugoLab)","author":"Branimir Jankovi\u0107","date":"24. travnja 2026.","format":false,"excerpt":"U sklopu projekta Prizma \/ IMAGINATION (\u201eZami\u0161ljanje nacije: srpski nacionalni narativi u sporu (XX\u2013XXI vek)\u201c), koji se realizuje na Institutu za filozofiju i dru\u0161tvenu teoriju Univerziteta u Beogradu (2024\u20132027) uz finansijsku podr\u0161ku Fonda za nauku Republike Srbije, organizuje se serija predavanja na kojoj istra\u017eiva\u010di i istra\u017eiva\u010dice projekta predstavljaju rezultate svojih\u2026","rel":"","context":"U &quot;Novosti&quot;","block_context":{"text":"Novosti","link":"https:\/\/historiografija.hr\/?cat=3"},"img":{"alt_text":"","src":"https:\/\/i0.wp.com\/historiografija.hr\/wp-content\/uploads\/2026\/04\/IFDT_28_IV.png?fit=1200%2C675&ssl=1&resize=350%2C200","width":350,"height":200,"srcset":"https:\/\/i0.wp.com\/historiografija.hr\/wp-content\/uploads\/2026\/04\/IFDT_28_IV.png?fit=1200%2C675&ssl=1&resize=350%2C200 1x, https:\/\/i0.wp.com\/historiografija.hr\/wp-content\/uploads\/2026\/04\/IFDT_28_IV.png?fit=1200%2C675&ssl=1&resize=525%2C300 1.5x, https:\/\/i0.wp.com\/historiografija.hr\/wp-content\/uploads\/2026\/04\/IFDT_28_IV.png?fit=1200%2C675&ssl=1&resize=700%2C400 2x, https:\/\/i0.wp.com\/historiografija.hr\/wp-content\/uploads\/2026\/04\/IFDT_28_IV.png?fit=1200%2C675&ssl=1&resize=1050%2C600 3x"},"classes":[]},{"id":52505,"url":"https:\/\/historiografija.hr\/?p=52505","url_meta":{"origin":2310,"position":1},"title":"Izlo\u017eba &#8220;Eschenstock \/ Jasenov prut&#8221;","author":"Branimir Jankovi\u0107","date":"17. travnja 2026.","format":false,"excerpt":"Srpsko narodno vije\u0107e (SNV) i Vizura aperta postavljaju izlo\u017ebu \u0161vicarskog slikara Velimira Ili\u0161evi\u0107a: Eschenstock \/ Jasenov prut. Izlo\u017eba se uz prisustvo autora otvara povodom 81. godi\u0161njice proboja logora\u0161a iz usta\u0161kog logora smrti Jasenovac 22. aprila 2026. u 19 sati u Srpskom kulturnom centru (SKC) u Preradovi\u0107evoj ulici 21 u Zagrebu.\u2026","rel":"","context":"U &quot;Izlo\u017ebe&quot;","block_context":{"text":"Izlo\u017ebe","link":"https:\/\/historiografija.hr\/?cat=10"},"img":{"alt_text":"","src":"https:\/\/i0.wp.com\/historiografija.hr\/wp-content\/uploads\/2026\/04\/Jasenov_prut.jpg?fit=1024%2C640&ssl=1&resize=350%2C200","width":350,"height":200,"srcset":"https:\/\/i0.wp.com\/historiografija.hr\/wp-content\/uploads\/2026\/04\/Jasenov_prut.jpg?fit=1024%2C640&ssl=1&resize=350%2C200 1x, https:\/\/i0.wp.com\/historiografija.hr\/wp-content\/uploads\/2026\/04\/Jasenov_prut.jpg?fit=1024%2C640&ssl=1&resize=525%2C300 1.5x, https:\/\/i0.wp.com\/historiografija.hr\/wp-content\/uploads\/2026\/04\/Jasenov_prut.jpg?fit=1024%2C640&ssl=1&resize=700%2C400 2x"},"classes":[]}],"_links":{"self":[{"href":"https:\/\/historiografija.hr\/index.php?rest_route=\/wp\/v2\/posts\/2310","targetHints":{"allow":["GET"]}}],"collection":[{"href":"https:\/\/historiografija.hr\/index.php?rest_route=\/wp\/v2\/posts"}],"about":[{"href":"https:\/\/historiografija.hr\/index.php?rest_route=\/wp\/v2\/types\/post"}],"author":[{"embeddable":true,"href":"https:\/\/historiografija.hr\/index.php?rest_route=\/wp\/v2\/users\/1"}],"replies":[{"embeddable":true,"href":"https:\/\/historiografija.hr\/index.php?rest_route=%2Fwp%2Fv2%2Fcomments&post=2310"}],"version-history":[{"count":0,"href":"https:\/\/historiografija.hr\/index.php?rest_route=\/wp\/v2\/posts\/2310\/revisions"}],"wp:attachment":[{"href":"https:\/\/historiografija.hr\/index.php?rest_route=%2Fwp%2Fv2%2Fmedia&parent=2310"}],"wp:term":[{"taxonomy":"category","embeddable":true,"href":"https:\/\/historiografija.hr\/index.php?rest_route=%2Fwp%2Fv2%2Fcategories&post=2310"},{"taxonomy":"post_tag","embeddable":true,"href":"https:\/\/historiografija.hr\/index.php?rest_route=%2Fwp%2Fv2%2Ftags&post=2310"}],"curies":[{"name":"wp","href":"https:\/\/api.w.org\/{rel}","templated":true}]}}