{"id":23071,"date":"2020-10-14T10:56:12","date_gmt":"2020-10-14T10:56:12","guid":{"rendered":"http:\/\/historiografija.hr\/?p=23071"},"modified":"2020-10-14T10:56:12","modified_gmt":"2020-10-14T10:56:12","slug":"izlozba-i-predavanje-borbe-s-papirom-javna-knjiznica","status":"publish","type":"post","link":"https:\/\/historiografija.hr\/?p=23071","title":{"rendered":"Izlo\u017eba i predavanje: Borbe s papirom. Javna knji\u017enica"},"content":{"rendered":"\n<p>BORBE S PAPIROM<br>Javna knji\u017enica<\/p>\n\n\n\n<p>Galerija Nova, Teslina 7, Zagreb<br>Izlo\u017ebu osmislili i kroz nju vode: Marcell Mars i Tomislav Medak<\/p>\n\n\n\n<p>\u25ba Petak, 16.10. 2020.<br>18.00 Tomislav Medak i Marcell Mars, Politiziranje piratstva, prezentacija i projekcija*, MAMA, Preradovi\u0107eva 18, Zagreb<\/p>\n\n\n\n<p>20.00 otvorenje izlo\u017ebe, Galerija Nova, Teslina 7, Zagreb<\/p>\n\n\n\n<p>Izlo\u017eba ostaje otvorena do 24.10. 2020.<\/p>\n\n\n\n<p>Vodstva kroz izlo\u017ebu uz autore projekta bit \u0107e mogu\u0107a u subotu 17.10. i utorak 20.10. od 17 do 20 sati.<\/p>\n\n\n\n<p>Zbog ograni\u010denog broja publike, molimo da se za predavanje i vodstva prijavite na mail martina.whw@gmail.com.<\/p>\n\n\n\n<p>Izlo\u017eba Borbe s papirom nastavak je projekta Javna knji\u017enica. Projekt Javna knji\u017enica od 2012. godine izlo\u017ebama, publikacijama, izradom digitalnih alatki i javnom polemikom radi na promicanju op\u0107eg prava na pristup kulturi i znanju. Projekt kriti\u010dki i prakti\u010dki propituje kako re\u017eim intelektualnog vlasni\u0161tva ograni\u010dava to pravo i slu\u017ei kao regulatorni mehanizam nejednake dostupnosti koja produbljuje jaz u obrazovanju, stru\u010dnosti i dru\u0161tvenom napretku izme\u0111u ekonomski najrazvijenijih zemalja i zemalja (polu-)periferije poput na\u0161e.<\/p>\n\n\n\n<p>U sklopu izlo\u017ebe bit \u0107e izlo\u017eeni projekti: Pravni spor oko Rameshwari Photocopy Services; Kenneth Goldsmith: Printing out the Internet; Monoskop: Architecture i Anthropocene, Memory of the World: Catalogue by Slowrotation.<\/p>\n\n\n\n<p>Izlo\u017eba dokumentira kako se borbe oko pristupa znanju u uvjetima globalne ekonomske nejednakosti i nejednakosti u &#8220;dru\u0161tvu znanja&#8221; materijaliziraju kroz tisak, fotokopiranje i printanje.<br>Digitalne mre\u017ee olak\u0161ale su dostupnost znanja i drasti\u010dno pove\u0107ale koli\u010dinu dostupne tekstualne gra\u0111e u odnosu na dane tiska. Kada bismo htjeli otisnuti samo katalog knjiga koje mo\u017eemo smjestiti na disk osobnog ra\u010dunala ispunili bismo nekoliko velikih svezaka gustog teksta. Pa ipak u mnogim situacijama i u mnogim dru\u0161tvima \u010ditanje s papira ostaje povla\u0161teni oblik pristupa znanju.<\/p>\n\n\n\n<p>Istodobno, piratsko kopiranje i distribuiranje danas percipiramo kao fenomen digitalne kulture. Me\u0111utim, diseminacija znanja u pred-digitalnim danima temeljila se na fotokopiranju i piratskim izdanjima. Fotokopirane knjige i fotokopirani znanstveni \u010dlanci koji bi se fotokopirali s generacije na generaciju i od znanstvenika do znanstvenika omogu\u0107ili su mnogima da zavr\u0161e studije, djeluju kao znanstvenici i prenose znanja mla\u0111ima. &#8220;Dru\u0161tvo znanja&#8221; prije tri desetlje\u0107a ne bi postojalo bez ilegalnog dijeljenja znanja kao \u0161to ni dana\u0161nje &#8220;dru\u0161tvo znanja&#8221; ne postoji bez ilegalnog dijeljenja znanja.<\/p>\n\n\n\n<p>Pro\u0161lost i sada\u0161njost borbe oko dostupnosti znanja stoga mo\u017eemo sagledati kroz borbe s papirom.<\/p>\n\n\n\n<p>Marcell Mars je istra\u017eiva\u010d pri Centru za postdigitalne kulture na Sveu\u010dili\u0161tu Coventry. Jedan je od osniva\u010da Multimedijalnog instituta\/MAMA u Zagrebu. Njegov istra\u017eiva\u010dki projekt Studije vladaju\u0107e klase, koji je zapo\u010deo na Jan van Eyck Akademiji 2011. godine, preispituje procese digitalne inovacije, adaptacije i inteligencije u korporacijama kao \u0161to su Google, Amazon, Facebook i eBay. Doktorand je pri Laboratoriju za istra\u017eivanje digitalnih kultura na Sveu\u010dili\u0161tu Leuphana, gdje pi\u0161e tezu pod naslovom Foreshadowed Libraries. S Tomislavom Medakom pokrenuo je projekt Memory of the World\/Public Library za koji razvija i odr\u017eava softversku infrastrukturu.<\/p>\n\n\n\n<p>Tomislav Medak je doktorand pri Centru za postdigitalne kulture Sveu\u010dili\u0161ta Coventry. \u010clan je teorijskog i izdava\u010dkog tima Multimedijalnog instituta i knji\u017eni\u010dar-amater projekta Memory of the World\/Public Library. U istra\u017eiva\u010dkom radu bavi se pitanjima tehnologija, kapitalizma i postkapitalisti\u010dke tranzicije, s posebnim fokusom na ekonomiji intelektualnog vlasni\u0161tva i nejednakoj razvijenosti znanosti i tehnologija. Autor je dvaju ogleda: The Hard Matter of Abstracion \u2013 A Guidebook to Domination by Abstraction i Shit Tech for A Shitty World. S Marcellom Marsom uredio je zbornik Javna knji\u017enica i pamflet Guerilla Open Access<\/p>\n\n\n\n<p>*Prezentacija i projekcija realizirana je u sklopu WHW programa Brinu\u0107i jedni za druge, radikalne politike bri\u017enosti koji se sastoji od filmskih, video i diskurzivnih programa koji se bave problematikom emancipatorskih i dekoloniziraju\u0107ih perspektiva u odnosu na intimne i politi\u010dke aspekte brige i bri\u017enosti u kontekstu borbe za dru\u0161tvene promjene i solidarnost.<\/p>\n\n\n\n<p>Producirali: Multimedijalni institut, Centar za postdigitalne kulture Sveu\u010dili\u0161ta Coventry i WHW\/\u0160to, kako i za koga<\/p>\n\n\n\n<p>Program podr\u017eavaju:<br>Grad Zagreb<br>European Cultural Foundation<br>Hrvatski audiovizualni centar<br>Ministarstvo kulture i medija Republike Hrvatske<br>Zaklada Kultura nova<\/p>\n\n\n\n<p>Zahvaljujemo: Du\u0161anu Baroku, Kennethu Goldsmithu, Lawrenceu Liangu, Kaji Marczewskoj, Rabindra Patra, Shubigi Rao, Alexu Sainsburyju i Mohammadu Salemyju.<\/p>\n\n\n\n<p>Radno vrijeme galerije:<br>utorak \u2013 petak: 12.00 \u2013 20.00<br>subota: 11.00 \u2013 14.00<\/p>\n\n\n\n<p>[English]<\/p>\n\n\n\n<p>PAPER STRUGGLES<br>Public Library<br>Gallery Nova, Teslina 7, Zagreb<br>Conception and guidance through the exhibition: Marcell Mars i Tomislav Medak<\/p>\n\n\n\n<p>\u25ba Friday, 16.10. 2020.<br>18.00 Tomislav Medak &amp; Marcell Mars: Politicising Piracy, presentation and screening* programme, MAMA, Preradovi\u0107eva ul. 18, Zagreb<\/p>\n\n\n\n<p>20.00 exhibition opening, Gallery Nova, Teslina 7, Zagreb<br>Exhibition will be open until 24.10. 2020.<\/p>\n\n\n\n<p>Exhibition guided tours with the authors of the project will be possible on Saturday 17.10. and Tuesday 20.10. from 5 to 8 p.m.<\/p>\n\n\n\n<p>Due to the limited number of audience, please register for the lecture and guide tour by sending email at martina.whw@gmail.com.<\/p>\n\n\n\n<p>The exhibition Paper struggles is an extension of the Public Library project. Since 2012 Public Library has developed exhibitions, publications, digital tools and public debate to further the cause of the universal access to knowledge and culture. The project is a critical and practical investigation of how the intellectual property regime limits that right and serves as a regulatory mechanism of uneven access to culture, science and research that results in a growing gap in education, expertise and social development between the economically most advanced countries and countries of (semi-)peripheries such as Croatia.<\/p>\n\n\n\n<p>The exhibition features projects: Rameshwari Photocopy Services legal case, Kenneth Goldsmith\u2019s Printing out the Internet; Monoskop\u2019s Architercture &amp; Anthropocene, Memory of the World\u2019s Catalogue by Slowrotation. The exhibition documents how struggles over access to knowledge, in the context of global economic inequalities and inequalities in the \u201eknowledge society\u201d, materialise in the form of print, photocopy and printout. The digital networks have expanded the volume of available text exponentially since to the days of print. So much so that if we were to print out a catalogue of books that we can store a personal computer hard-drive, the catalogue would require a couple of large volumes of fine print. Yet, in many situations and many societies, reading from paper still remains the preferred way of accessing knowledge.<\/p>\n\n\n\n<p>At the same time, pirate copying and distribution we tend to perceive as a phenomenon of digital culture. However, the dissemination of knowledge before the digital depended crucially on photocopying and pirate re-prints. Photocopied books and articles passed down from generation to generation and from scientist to scientist have enabled many to finish their studies, to become scientists and to teach younger generations. The \u201eknowledge society\u201d three decades ago would not have been conceivable without the illegal sharing of knowledge, just as the \u201eknowledge society\u201d today isn&#8217;t conceivable without the illegal sharing of knowledge.<br>Therefore, the past and the future of struggles over access to knowledge can be gleaned from paper struggles.<\/p>\n\n\n\n<p>Marcell Mars is a research fellow at the Centre for Postdigital Cultures. Mars is one of the founders of Multimedia Institute\/MAMA in Zagreb. His research Ruling Class Studies, started at the Jan van Eyck Academy (2011), examines state-of-the-art digital innovation, adaptation, and intelligence created by corporations such as Google, Amazon, Facebook, and eBay. He is a doctoral student at Digital Cultures Research Lab at Leuphana University, writing a thesis on Foreshadowed Libraries. Together with Tomislav Medak he founded Memory of the World project, for which he develops and maintains software infrastructure.<\/p>\n\n\n\n<p>Tomislav Medak is a doctoral student at the Centre for Postdigital Cultures. Medak is a member of the theory and publishing team of the Multimedia Institute\/MAMA in Zagreb, as well as an amateur librarian for the Memory of the World. His research focuses on technologies, capitalist development, and postcapitalist transition, particularly on economies of intellectual property and unevenness of technoscience. He authored two short volumes: The Hard Matter of Abstraction\u2014A Guidebook to Domination by Abstraction and Shit Tech for A Shitty World. Together with Marcell Mars he co-edited \u2018Public Library\u2019 and \u2018Guerrilla Open Access\u2019.<\/p>\n\n\n\n<p>* Presentation and screening program are part of WHW&#8217;s Caring for one another, radical politics of caring comprising of film, video and discursive programs focusing on achieving emancipatory and decolonising prospects through intimate and political aspects of care and caring in the context of social of social change and solidarity.<\/p>\n\n\n\n<p>Produced by: Multimedia Institute, Coventry University&#8217;s Centre for Postdigital Cultures and WHW, What, how and for whom<\/p>\n\n\n\n<p>Supported by:<br>City of Zagreb<br>European Cultural Foundation<br>Croatian Audiovisual Centre (HAVC)<br>Ministry of Culture and Media, Republic of Croatia<br>Kultura nova Foundation<\/p>\n\n\n\n<p>We wish to thank: Du\u0161an Barok, Kenneth Goldsmith, Lawrence Liang, Kaja Marczewska, Rabinda Patra, Shubigi Rao, Alex Sainsbury and Mohammad Salemy.<\/p>\n\n\n\n<p>Gallery opening hours:<br>Tuesday &#8211; Friday: 12.00 \u2013 20.00<br>Saturday: 11.00 \u2013 14.00<\/p>\n\n\n\n<p>Izvor:<\/p>\n\n\n\n<p><a href=\"https:\/\/www.facebook.com\/events\/380907473084056\/\">https:\/\/www.facebook.com\/events\/380907473084056\/<\/a><\/p>\n\n\n\n<hr class=\"wp-block-separator\"\/>\n","protected":false},"excerpt":{"rendered":"","protected":false},"author":2,"featured_media":23072,"comment_status":"open","ping_status":"open","sticky":false,"template":"","format":"standard","meta":{"_acf_changed":false,"jetpack_post_was_ever_published":false,"_jetpack_newsletter_access":"","_jetpack_dont_email_post_to_subs":false,"_jetpack_newsletter_tier_id":0,"_jetpack_memberships_contains_paywalled_content":false,"_jetpack_memberships_contains_paid_content":false,"footnotes":"","jetpack_publicize_message":"","jetpack_publicize_feature_enabled":true,"jetpack_social_post_already_shared":true,"jetpack_social_options":{"image_generator_settings":{"template":"highway","default_image_id":0,"font":"","enabled":false},"version":2}},"categories":[10,3],"tags":[],"class_list":["post-23071","post","type-post","status-publish","format-standard","has-post-thumbnail","hentry","category-izlozbe","category-novosti"],"acf":{"facebook_opis":""},"jetpack_publicize_connections":[],"jetpack_featured_media_url":"https:\/\/i0.wp.com\/historiografija.hr\/wp-content\/uploads\/2020\/10\/Borbe-s-papirom.jpg?fit=960%2C720&ssl=1","jetpack_sharing_enabled":true,"jetpack-related-posts":[{"id":52760,"url":"https:\/\/historiografija.hr\/?p=52760","url_meta":{"origin":23071,"position":0},"title":"Izlo\u017eba \u201cLo\u0161injski brodovi, njihove zastave i ljudi\u201d, 4. svibnja u 19h","author":"Filip \u0160imunjak","date":"30. travnja 2026.","format":false,"excerpt":"Hrvatski pomorski muzej Split, Glagolja\u0161a 18 (Tvr\u0111ava Gripe) Nakon \u0161to je u rujnu 2025. godine na otoku Lo\u0161inju, u suradnji Lo\u0161injskog muzeja i Hrvatskog pomorskog muzeja Split, predstavljena izlo\u017eba posve\u0107ena bogatoj pomorskoj ba\u0161tini otoka, njezino pro\u0161ireno izdanje postavlja se u Splitu. Uo\u010di blagdana svetog Dujma splitskoj \u0107e se publici predstaviti\u2026","rel":"","context":"U &quot;Izlo\u017ebe&quot;","block_context":{"text":"Izlo\u017ebe","link":"https:\/\/historiografija.hr\/?cat=10"},"img":{"alt_text":"","src":"https:\/\/i0.wp.com\/historiografija.hr\/wp-content\/uploads\/2026\/04\/Losinjski-brodovi-Izlozba-1-scaled.webp?fit=840%2C1200&ssl=1&resize=350%2C200","width":350,"height":200,"srcset":"https:\/\/i0.wp.com\/historiografija.hr\/wp-content\/uploads\/2026\/04\/Losinjski-brodovi-Izlozba-1-scaled.webp?fit=840%2C1200&ssl=1&resize=350%2C200 1x, https:\/\/i0.wp.com\/historiografija.hr\/wp-content\/uploads\/2026\/04\/Losinjski-brodovi-Izlozba-1-scaled.webp?fit=840%2C1200&ssl=1&resize=525%2C300 1.5x, https:\/\/i0.wp.com\/historiografija.hr\/wp-content\/uploads\/2026\/04\/Losinjski-brodovi-Izlozba-1-scaled.webp?fit=840%2C1200&ssl=1&resize=700%2C400 2x"},"classes":[]},{"id":52511,"url":"https:\/\/historiografija.hr\/?p=52511","url_meta":{"origin":23071,"position":1},"title":"Izlo\u017eba &#8220;Lica Sljemena&#8221;","author":"Branimir Jankovi\u0107","date":"17. travnja 2026.","format":false,"excerpt":"Srda\u010dno vas pozivamo na otvorenje izlo\u017ebe Lica Sljemena koje \u0107e se odr\u017eati u srijedu 22. travnja 2026. u 18 h ispred Muzeja Prigorja (Trg Dragutina Domjani\u0107a 5, Sesvete). Izlo\u017eba proizlazi iz istra\u017eivanja Nevene \u0160krbi\u0107 Alempijevi\u0107, Petre Kelemen i Sanje Potkonjak te intervjua sa Sljemena\u0161icama i Sljemena\u0161ima, koji su provedeni u\u2026","rel":"","context":"U &quot;Izlo\u017ebe&quot;","block_context":{"text":"Izlo\u017ebe","link":"https:\/\/historiografija.hr\/?cat=10"},"img":{"alt_text":"","src":"https:\/\/i0.wp.com\/historiografija.hr\/wp-content\/uploads\/2026\/04\/Izlozba-Lica-Sljemena.png?fit=1080%2C686&ssl=1&resize=350%2C200","width":350,"height":200,"srcset":"https:\/\/i0.wp.com\/historiografija.hr\/wp-content\/uploads\/2026\/04\/Izlozba-Lica-Sljemena.png?fit=1080%2C686&ssl=1&resize=350%2C200 1x, https:\/\/i0.wp.com\/historiografija.hr\/wp-content\/uploads\/2026\/04\/Izlozba-Lica-Sljemena.png?fit=1080%2C686&ssl=1&resize=525%2C300 1.5x, https:\/\/i0.wp.com\/historiografija.hr\/wp-content\/uploads\/2026\/04\/Izlozba-Lica-Sljemena.png?fit=1080%2C686&ssl=1&resize=700%2C400 2x, https:\/\/i0.wp.com\/historiografija.hr\/wp-content\/uploads\/2026\/04\/Izlozba-Lica-Sljemena.png?fit=1080%2C686&ssl=1&resize=1050%2C600 3x"},"classes":[]},{"id":52575,"url":"https:\/\/historiografija.hr\/?p=52575","url_meta":{"origin":23071,"position":2},"title":"Izlo\u017eba dje\u010djih radova \u201cU po\u010detku bija\u0161e crte\u017e\u2026\u201d","author":"Branimir Jankovi\u0107","date":"21. travnja 2026.","format":false,"excerpt":"U subotu, 25. travnja 2026. u 11 sati u Galeriji Klovi\u0107evi dvori sve\u010dano otvaramo izlo\u017ebu dje\u010djih radova pod nazivom U po\u010detku bija\u0161e crte\u017e\u2026 Radovi su nastali u sklopu likovnih radionica uz izlo\u017ebu U po\u010detku bija\u0161e kraljevstvo \u2013 izlo\u017eba povodom 1100 godina Hrvatskoga Kraljevstva. Na brojnim likovnim radionicama, uz \u0161kolsku djecu,\u2026","rel":"","context":"U &quot;Izlo\u017ebe&quot;","block_context":{"text":"Izlo\u017ebe","link":"https:\/\/historiografija.hr\/?cat=10"},"img":{"alt_text":"","src":"https:\/\/i0.wp.com\/historiografija.hr\/wp-content\/uploads\/2025\/10\/Klovicevi_sluzbeni-plakat.png?fit=840%2C1200&ssl=1&resize=350%2C200","width":350,"height":200,"srcset":"https:\/\/i0.wp.com\/historiografija.hr\/wp-content\/uploads\/2025\/10\/Klovicevi_sluzbeni-plakat.png?fit=840%2C1200&ssl=1&resize=350%2C200 1x, https:\/\/i0.wp.com\/historiografija.hr\/wp-content\/uploads\/2025\/10\/Klovicevi_sluzbeni-plakat.png?fit=840%2C1200&ssl=1&resize=525%2C300 1.5x, https:\/\/i0.wp.com\/historiografija.hr\/wp-content\/uploads\/2025\/10\/Klovicevi_sluzbeni-plakat.png?fit=840%2C1200&ssl=1&resize=700%2C400 2x"},"classes":[]},{"id":52505,"url":"https:\/\/historiografija.hr\/?p=52505","url_meta":{"origin":23071,"position":3},"title":"Izlo\u017eba &#8220;Eschenstock \/ Jasenov prut&#8221;","author":"Branimir Jankovi\u0107","date":"17. travnja 2026.","format":false,"excerpt":"Srpsko narodno vije\u0107e (SNV) i Vizura aperta postavljaju izlo\u017ebu \u0161vicarskog slikara Velimira Ili\u0161evi\u0107a: Eschenstock \/ Jasenov prut. Izlo\u017eba se uz prisustvo autora otvara povodom 81. godi\u0161njice proboja logora\u0161a iz usta\u0161kog logora smrti Jasenovac 22. aprila 2026. u 19 sati u Srpskom kulturnom centru (SKC) u Preradovi\u0107evoj ulici 21 u Zagrebu.\u2026","rel":"","context":"U &quot;Izlo\u017ebe&quot;","block_context":{"text":"Izlo\u017ebe","link":"https:\/\/historiografija.hr\/?cat=10"},"img":{"alt_text":"","src":"https:\/\/i0.wp.com\/historiografija.hr\/wp-content\/uploads\/2026\/04\/Jasenov_prut.jpg?fit=1024%2C640&ssl=1&resize=350%2C200","width":350,"height":200,"srcset":"https:\/\/i0.wp.com\/historiografija.hr\/wp-content\/uploads\/2026\/04\/Jasenov_prut.jpg?fit=1024%2C640&ssl=1&resize=350%2C200 1x, https:\/\/i0.wp.com\/historiografija.hr\/wp-content\/uploads\/2026\/04\/Jasenov_prut.jpg?fit=1024%2C640&ssl=1&resize=525%2C300 1.5x, https:\/\/i0.wp.com\/historiografija.hr\/wp-content\/uploads\/2026\/04\/Jasenov_prut.jpg?fit=1024%2C640&ssl=1&resize=700%2C400 2x"},"classes":[]},{"id":52619,"url":"https:\/\/historiografija.hr\/?p=52619","url_meta":{"origin":23071,"position":4},"title":"Predavanje \u0110ur\u0111ice Vitkovi\u0107 &#8220;Izme\u0111u pera i objektiva: Zagorka i Foto Tonka&#8221;","author":"Branimir Jankovi\u0107","date":"23. travnja 2026.","format":false,"excerpt":"Memorijalni stan Marije Juri\u0107 Zagorke poziva Vas na predavanje \u0110ur\u0111ice Vitkovi\u0107 \u201eIzme\u0111u pera i objektiva: Zagorka i Foto Tonka\u201c koje \u0107e se odr\u017eati u utorak, 28. travnja 2026. s po\u010detkom u 18 h u sklopu Ciklusa predavanja u Memorijalnom stanu Marije Juri\u0107 Zagorke. Kako su se susrele knji\u017eevnost i fotografija\u2026","rel":"","context":"U &quot;Novosti&quot;","block_context":{"text":"Novosti","link":"https:\/\/historiografija.hr\/?cat=3"},"img":{"alt_text":"","src":"https:\/\/i0.wp.com\/historiografija.hr\/wp-content\/uploads\/2024\/11\/Zagorka_ciklus.jpg?fit=1200%2C1006&ssl=1&resize=350%2C200","width":350,"height":200,"srcset":"https:\/\/i0.wp.com\/historiografija.hr\/wp-content\/uploads\/2024\/11\/Zagorka_ciklus.jpg?fit=1200%2C1006&ssl=1&resize=350%2C200 1x, https:\/\/i0.wp.com\/historiografija.hr\/wp-content\/uploads\/2024\/11\/Zagorka_ciklus.jpg?fit=1200%2C1006&ssl=1&resize=525%2C300 1.5x, https:\/\/i0.wp.com\/historiografija.hr\/wp-content\/uploads\/2024\/11\/Zagorka_ciklus.jpg?fit=1200%2C1006&ssl=1&resize=700%2C400 2x, https:\/\/i0.wp.com\/historiografija.hr\/wp-content\/uploads\/2024\/11\/Zagorka_ciklus.jpg?fit=1200%2C1006&ssl=1&resize=1050%2C600 3x"},"classes":[]},{"id":52499,"url":"https:\/\/historiografija.hr\/?p=52499","url_meta":{"origin":23071,"position":5},"title":"POTPISAN UGOVOR O ZNANSTVENO-ISTRA\u017dIVA\u010cKOJ SURADNJI: PROJEKT \u201eTEMELJI HRVATSKE SAMOSTALNOSTI\u201d","author":"Branimir Jankovi\u0107","date":"17. travnja 2026.","format":false,"excerpt":"Hrvatski institut za povijest, Sveu\u010dili\u0161te obrane i sigurnosti \u201eDr. Franjo Tu\u0111man\u201d, Institut dru\u0161tvenih znanosti Ivo Pilar i Hrvatski dr\u017eavni arhiv\u00a0potpisali su 23. o\u017eujka 2026.\u00a0Ugovor o znanstveno-istra\u017eiva\u010dkoj suradnji s ciljem provedbe projekta \u201eTemelji hrvatske samostalnosti\u201d. Tim projektom obuhva\u0107a se istra\u017eivanje arhivskoga gradiva, priprema znanstvenih publikacija, digitalizacija i javna prezentacija rezultata istra\u017eivanja\u2026","rel":"","context":"U &quot;Novosti&quot;","block_context":{"text":"Novosti","link":"https:\/\/historiografija.hr\/?cat=3"},"img":{"alt_text":"","src":"https:\/\/i0.wp.com\/historiografija.hr\/wp-content\/uploads\/2026\/04\/THS_sporazum.jpg?fit=1200%2C583&ssl=1&resize=350%2C200","width":350,"height":200,"srcset":"https:\/\/i0.wp.com\/historiografija.hr\/wp-content\/uploads\/2026\/04\/THS_sporazum.jpg?fit=1200%2C583&ssl=1&resize=350%2C200 1x, https:\/\/i0.wp.com\/historiografija.hr\/wp-content\/uploads\/2026\/04\/THS_sporazum.jpg?fit=1200%2C583&ssl=1&resize=525%2C300 1.5x, https:\/\/i0.wp.com\/historiografija.hr\/wp-content\/uploads\/2026\/04\/THS_sporazum.jpg?fit=1200%2C583&ssl=1&resize=700%2C400 2x, https:\/\/i0.wp.com\/historiografija.hr\/wp-content\/uploads\/2026\/04\/THS_sporazum.jpg?fit=1200%2C583&ssl=1&resize=1050%2C600 3x"},"classes":[]}],"_links":{"self":[{"href":"https:\/\/historiografija.hr\/index.php?rest_route=\/wp\/v2\/posts\/23071","targetHints":{"allow":["GET"]}}],"collection":[{"href":"https:\/\/historiografija.hr\/index.php?rest_route=\/wp\/v2\/posts"}],"about":[{"href":"https:\/\/historiografija.hr\/index.php?rest_route=\/wp\/v2\/types\/post"}],"author":[{"embeddable":true,"href":"https:\/\/historiografija.hr\/index.php?rest_route=\/wp\/v2\/users\/2"}],"replies":[{"embeddable":true,"href":"https:\/\/historiografija.hr\/index.php?rest_route=%2Fwp%2Fv2%2Fcomments&post=23071"}],"version-history":[{"count":1,"href":"https:\/\/historiografija.hr\/index.php?rest_route=\/wp\/v2\/posts\/23071\/revisions"}],"predecessor-version":[{"id":23073,"href":"https:\/\/historiografija.hr\/index.php?rest_route=\/wp\/v2\/posts\/23071\/revisions\/23073"}],"wp:featuredmedia":[{"embeddable":true,"href":"https:\/\/historiografija.hr\/index.php?rest_route=\/wp\/v2\/media\/23072"}],"wp:attachment":[{"href":"https:\/\/historiografija.hr\/index.php?rest_route=%2Fwp%2Fv2%2Fmedia&parent=23071"}],"wp:term":[{"taxonomy":"category","embeddable":true,"href":"https:\/\/historiografija.hr\/index.php?rest_route=%2Fwp%2Fv2%2Fcategories&post=23071"},{"taxonomy":"post_tag","embeddable":true,"href":"https:\/\/historiografija.hr\/index.php?rest_route=%2Fwp%2Fv2%2Ftags&post=23071"}],"curies":[{"name":"wp","href":"https:\/\/api.w.org\/{rel}","templated":true}]}}