{"id":23058,"date":"2020-10-14T10:05:40","date_gmt":"2020-10-14T10:05:40","guid":{"rendered":"http:\/\/historiografija.hr\/?p=23058"},"modified":"2020-10-14T10:05:40","modified_gmt":"2020-10-14T10:05:40","slug":"program-zagreb-film-u-dvorani-gorgona-dokumentarni-blok-tranzicije-migracije-gastarbajteri","status":"publish","type":"post","link":"https:\/\/historiografija.hr\/?p=23058","title":{"rendered":"Program Zagreb film u dvorani Gorgona: dokumentarni blok &#8220;Tranzicije, migracije, gastarbajteri&#8221;"},"content":{"rendered":"\n<p>U sklopu velike multimedijske izlo\u017ebe&nbsp;<em>Od imaginacije do animacije<\/em>:&nbsp;<em>\u0161est desetlje\u0107a Zagreb filma<\/em>&nbsp;u Muzeju suvremene umjetnosti, nastavljamo s popratnim filmskim programom&nbsp;<em>Zagreb film u dvorani Gorgona&nbsp;<\/em>u okviru kojeg \u0107e ljubitelji filma imati priliku pogledati tematski izbor dokumentarnih i igranih filmova nastalih u produkciji Zagreb filma. <strong>U srijedu, 14. listopada 2020. u 15 sati&nbsp;<\/strong>na programu je dokumentarni blok<strong> &#8220;Tranzicije, migracije, gastarbajteri&#8221;&nbsp;<\/strong>koji&nbsp;donosi antologijske naslove hrvatske dokumentaristike.<\/p>\n\n\n\n<p>Uz autore poput Kre\u0161e Golika, Rudolfa Sremeca, Ante Babaje, Krste Papi\u0107a, Petra Krelje, Bogdana \u017di\u017ei\u0107a, Zorana Tadi\u0107a i drugih, ta institucija dala je izniman doprinos ugledu i pozicioniranju hrvatske kinematografije na me\u0111unarodnoj filmskoj i umjetni\u010dkoj sceni. \u017delja nam je ovim programom podsjetiti na\u0161u publiku na umjetni\u010dka postignu\u0107a Zagreb filma koji je, uz vrhunsku i uspje\u0161nu produkciju animiranog filma, bio i jedan od me\u0111unarodno najuspje\u0161nijih hrvatskih producenata kratkometra\u017enih igranih i dokumentarnih filmova.<\/p>\n\n\n\n<p>U listopadu, u samoj zavr\u0161nici izlo\u017ebe, na programu je dokumentarni blok <strong>&#8220;Tranzicije, migracije, gastarbajteri&#8221;&nbsp;<\/strong>kojidonosi antologijske naslove hrvatske dokumentaristike poput &#8220;Halo M\u00fcnchen&#8221; i &#8220;Specijalni vlakovi&#8221; Krste Papi\u0107a, &#8220;Ljudi na to\u010dkovima&#8221; Rudolfa Sremeca, &#8220;Gastarbeiter&#8221; Bogdana \u017di\u017ei\u0107a te &#8220;Dernek&#8221;Zorana Tadi\u0107a, a bavi se na\u0161im trajnim temama &#8211; ekonomskim i politi\u010dkim uzrocima migracija. Za Muzej suvremene umjetnosti posebno je zanimljiv naslov &#8220;Gastarbeiter&#8221; u kojem redatelj Bogdan \u017di\u017ei\u0107 prati \u017eivot gastarbajtera \u2013 umjetnika Dragu Trumbeta\u0161a, vi\u0161estruko nadarenog autodidakta, koji u svojem likovnom i knji\u017eevnom stvarala\u0161tvu tematizira polo\u017eaj stranaca i \u017eivot na marginama razvijenog zapadnoeuropskog dru\u0161tva. Djelo &#8220;Arhipelag Gastarbeiter&#8221; Drage Trumbeta\u0161a nalazilo se u stalnom postavu Zbirki u pokretu od 2009. do 2019. godine i dio je fundusa Zbirke marginalnih umjetnosti MSU-a.<\/p>\n\n\n\n<p>U sklopu programa,&nbsp;<strong>u srijedu, 14. listopada u 15 sati<\/strong>&nbsp;uz projekciju filmova najavljujemo i razgovor s gostima, redateljicom Katarinom Zrinkom Matijevi\u0107 i demografom dr. sc. Stjepanom \u0160tercom.<\/p>\n\n\n\n<p><strong>DOK blok<\/strong><\/p>\n\n\n\n<p><strong><em>Tranzicije, migracije, gastarbajteri<\/em><\/strong><\/p>\n\n\n\n<p><em>Halo M\u00fcnchen<\/em>, K. Papi\u0107, 1967.<\/p>\n\n\n\n<p><em>Ljudi na to\u010dkovima<\/em>, R. Sremec, 1963.<\/p>\n\n\n\n<p><em>Specijalni vlakovi<\/em>, K. Papi\u0107, 1971.<\/p>\n\n\n\n<p><em>Dernek<\/em>, Z. Tadi\u0107, 1975.<\/p>\n\n\n\n<p><em>Gastarbeiter<\/em>, B. \u017di\u017ei\u0107, 1977.<\/p>\n\n\n\n<p><strong>Reprizna projekcija filmova je u \u010detvrtak, 15. listopada u 16 sati.<\/strong><\/p>\n\n\n\n<p>Program&nbsp;<em>Zagreb film u dvorani Gorgona<\/em>&nbsp;realiziran je uz potporu Hrvatskog audiovizualnog centra.<\/p>\n\n\n\n<p>Izvor: <a href=\"http:\/\/www.msu.hr\/dogadanja\/program-zagreb-film-u-dvorani-gorgona-dokumentarni-blok-tranzicije-migracije-gastarbajteri\/537.html\">http:\/\/www.msu.hr\/dogadanja\/program-zagreb-film-u-dvorani-gorgona-dokumentarni-blok-tranzicije-migracije-gastarbajteri\/537.html<\/a><\/p>\n\n\n\n<hr class=\"wp-block-separator\"\/>\n","protected":false},"excerpt":{"rendered":"","protected":false},"author":2,"featured_media":23059,"comment_status":"open","ping_status":"open","sticky":false,"template":"","format":"standard","meta":{"_acf_changed":false,"jetpack_post_was_ever_published":false,"_jetpack_newsletter_access":"","_jetpack_dont_email_post_to_subs":false,"_jetpack_newsletter_tier_id":0,"_jetpack_memberships_contains_paywalled_content":false,"_jetpack_memberships_contains_paid_content":false,"footnotes":"","jetpack_publicize_message":"","jetpack_publicize_feature_enabled":true,"jetpack_social_post_already_shared":true,"jetpack_social_options":{"image_generator_settings":{"template":"highway","default_image_id":0,"font":"","enabled":false},"version":2}},"categories":[13,3],"tags":[],"class_list":["post-23058","post","type-post","status-publish","format-standard","has-post-thumbnail","hentry","category-filmovi-i-serije","category-novosti"],"acf":{"facebook_opis":""},"jetpack_publicize_connections":[],"jetpack_featured_media_url":"https:\/\/i0.wp.com\/historiografija.hr\/wp-content\/uploads\/2020\/10\/gastarbajteri.jpg?fit=1280%2C681&ssl=1","jetpack_sharing_enabled":true,"jetpack-related-posts":[{"id":52631,"url":"https:\/\/historiografija.hr\/?p=52631","url_meta":{"origin":23058,"position":0},"title":"Predavanje Ivana Tepe\u0161a: Djelovanje hrvatske politi\u010dke emigracije","author":"Branimir Jankovi\u0107","date":"23. travnja 2026.","format":false,"excerpt":"Odjel za me\u0111unarodnu suradnju i iseljeni\u0161tvo Matice hrvatske Predavanje Ivana Tepe\u0161a: Djelovanje hrvatske politi\u010dke emigracije Utorak, 28. travnja 2026. u 18:00 sati, Dvorana Ljudevita Jonkea (Mala dvorana MH), Strossmayerov trg 4, Zagreb dr. sc. Ivan Tepe\u0161, Institut za istra\u017eivanje migracija Hrvatska politi\u010dka emigracija obilje\u017eila je polustoljetnu hrvatsku povijest u drugoj\u2026","rel":"","context":"U &quot;Novosti&quot;","block_context":{"text":"Novosti","link":"https:\/\/historiografija.hr\/?cat=3"},"img":{"alt_text":"","src":"","width":0,"height":0},"classes":[]},{"id":52499,"url":"https:\/\/historiografija.hr\/?p=52499","url_meta":{"origin":23058,"position":1},"title":"POTPISAN UGOVOR O ZNANSTVENO-ISTRA\u017dIVA\u010cKOJ SURADNJI: PROJEKT \u201eTEMELJI HRVATSKE SAMOSTALNOSTI\u201d","author":"Branimir Jankovi\u0107","date":"17. travnja 2026.","format":false,"excerpt":"Hrvatski institut za povijest, Sveu\u010dili\u0161te obrane i sigurnosti \u201eDr. Franjo Tu\u0111man\u201d, Institut dru\u0161tvenih znanosti Ivo Pilar i Hrvatski dr\u017eavni arhiv\u00a0potpisali su 23. o\u017eujka 2026.\u00a0Ugovor o znanstveno-istra\u017eiva\u010dkoj suradnji s ciljem provedbe projekta \u201eTemelji hrvatske samostalnosti\u201d. Tim projektom obuhva\u0107a se istra\u017eivanje arhivskoga gradiva, priprema znanstvenih publikacija, digitalizacija i javna prezentacija rezultata istra\u017eivanja\u2026","rel":"","context":"U &quot;Novosti&quot;","block_context":{"text":"Novosti","link":"https:\/\/historiografija.hr\/?cat=3"},"img":{"alt_text":"","src":"https:\/\/i0.wp.com\/historiografija.hr\/wp-content\/uploads\/2026\/04\/THS_sporazum.jpg?fit=1200%2C583&ssl=1&resize=350%2C200","width":350,"height":200,"srcset":"https:\/\/i0.wp.com\/historiografija.hr\/wp-content\/uploads\/2026\/04\/THS_sporazum.jpg?fit=1200%2C583&ssl=1&resize=350%2C200 1x, https:\/\/i0.wp.com\/historiografija.hr\/wp-content\/uploads\/2026\/04\/THS_sporazum.jpg?fit=1200%2C583&ssl=1&resize=525%2C300 1.5x, https:\/\/i0.wp.com\/historiografija.hr\/wp-content\/uploads\/2026\/04\/THS_sporazum.jpg?fit=1200%2C583&ssl=1&resize=700%2C400 2x, https:\/\/i0.wp.com\/historiografija.hr\/wp-content\/uploads\/2026\/04\/THS_sporazum.jpg?fit=1200%2C583&ssl=1&resize=1050%2C600 3x"},"classes":[]},{"id":52607,"url":"https:\/\/historiografija.hr\/?p=52607","url_meta":{"origin":23058,"position":2},"title":"No\u0107 knjige: Kako je prije 410 godina smr\u0107u Shakespearea i Cervantesa zavr\u0161ilo razdoblje renesanse u knji\u017eevnosti","author":"Branimir Jankovi\u0107","date":"22. travnja 2026.","format":false,"excerpt":"\u010cetvrtak, 23. travnja 2026. u 18:00 sati, Knji\u017eara Matice hrvatske, Ulica Matice hrvatske 2, Zagreb Uvodna rije\u010d: dr. sc.\u00a0Dubravka Brezak Stama\u0107, pro\u010delnica Odjela za knji\u017eevnost Matice hrvatske Prof. dr. sc. Ivan Lupi\u0107, redoviti profesor u Odsjeku za anglistiku i Odsjeku za kroatistiku Sveu\u010dili\u0161ta u RijeciShakespeare, kazali\u0161te, glazbaKada se susre\u0107emo sa\u2026","rel":"","context":"U &quot;Novosti&quot;","block_context":{"text":"Novosti","link":"https:\/\/historiografija.hr\/?cat=3"},"img":{"alt_text":"","src":"https:\/\/i0.wp.com\/historiografija.hr\/wp-content\/uploads\/2026\/04\/noc_knjige_2026.jpg?fit=680%2C276&ssl=1&resize=350%2C200","width":350,"height":200,"srcset":"https:\/\/i0.wp.com\/historiografija.hr\/wp-content\/uploads\/2026\/04\/noc_knjige_2026.jpg?fit=680%2C276&ssl=1&resize=350%2C200 1x, https:\/\/i0.wp.com\/historiografija.hr\/wp-content\/uploads\/2026\/04\/noc_knjige_2026.jpg?fit=680%2C276&ssl=1&resize=525%2C300 1.5x"},"classes":[]},{"id":52556,"url":"https:\/\/historiografija.hr\/?p=52556","url_meta":{"origin":23058,"position":3},"title":"ZagrebDox 2026.","author":"Branimir Jankovi\u0107","date":"20. travnja 2026.","format":false,"excerpt":"Me\u0111unarodni festival dokumentarnog filma 19. - 26. travnja 2026. Kaptol Boutique Cinema, Zagreb Program i dodatne obavijesti: https:\/\/zagrebdox.net\/hr","rel":"","context":"U &quot;Filmovi i serije&quot;","block_context":{"text":"Filmovi i serije","link":"https:\/\/historiografija.hr\/?cat=13"},"img":{"alt_text":"","src":"https:\/\/i0.wp.com\/historiografija.hr\/wp-content\/uploads\/2026\/04\/DOX-logo.jpg?fit=600%2C600&ssl=1&resize=350%2C200","width":350,"height":200,"srcset":"https:\/\/i0.wp.com\/historiografija.hr\/wp-content\/uploads\/2026\/04\/DOX-logo.jpg?fit=600%2C600&ssl=1&resize=350%2C200 1x, https:\/\/i0.wp.com\/historiografija.hr\/wp-content\/uploads\/2026\/04\/DOX-logo.jpg?fit=600%2C600&ssl=1&resize=525%2C300 1.5x"},"classes":[]},{"id":52547,"url":"https:\/\/historiografija.hr\/?p=52547","url_meta":{"origin":23058,"position":4},"title":"ISHA Zagreb \u2013 Filmska ve\u010der: Povratak Martina Guerrea","author":"Branimir Jankovi\u0107","date":"20. travnja 2026.","format":false,"excerpt":"Klub studenata povijesti \u2013 ISHA Zagreb poziva Vas na filmsku ve\u010der na kojoj \u0107e se prikazivati \u201ePovratak Martina Guerrea\u201c, povijesna drama iz 1982. godine s radnjom smje\u0161tenom u 16. stolje\u0107u. Radnja je utemeljena na stvarnoj povijesnoj li\u010dnosti Martina Guerrea koji se nakon mnogo godina izbivanja vra\u0107a u svoje rodno mjesto\u2026","rel":"","context":"U &quot;Filmovi i serije&quot;","block_context":{"text":"Filmovi i serije","link":"https:\/\/historiografija.hr\/?cat=13"},"img":{"alt_text":"","src":"https:\/\/i0.wp.com\/historiografija.hr\/wp-content\/uploads\/2026\/04\/M-Guerre.png?fit=702%2C1006&ssl=1&resize=350%2C200","width":350,"height":200,"srcset":"https:\/\/i0.wp.com\/historiografija.hr\/wp-content\/uploads\/2026\/04\/M-Guerre.png?fit=702%2C1006&ssl=1&resize=350%2C200 1x, https:\/\/i0.wp.com\/historiografija.hr\/wp-content\/uploads\/2026\/04\/M-Guerre.png?fit=702%2C1006&ssl=1&resize=525%2C300 1.5x, https:\/\/i0.wp.com\/historiografija.hr\/wp-content\/uploads\/2026\/04\/M-Guerre.png?fit=702%2C1006&ssl=1&resize=700%2C400 2x"},"classes":[]},{"id":52633,"url":"https:\/\/historiografija.hr\/?p=52633","url_meta":{"origin":23058,"position":5},"title":"POVIJEST TRE\u0160NJEVA\u010cKE GLAZBE: prikupljanje virtualnog fundusa Muzeja susjedstva Tre\u0161njevka","author":"Branimir Jankovi\u0107","date":"23. travnja 2026.","format":false,"excerpt":"utorak 28. 4. 2026. 14 - 18 h Nova BAZA, Nova cesta 66, Zagreb Prvi su dani ljeta 1957. godine. Bo\u017eica Kalafati\u0107 poha\u0111a drugi razred Osnovne \u0161kole Bratstvo i jedinstvo, danas kralja Tomislava, a ide i na muzi\u010dke satove u Mo\u0161\u0107eni\u010dkoj ulici. Na fotografiji s harmonikom u rukama stoji u\u2026","rel":"","context":"U &quot;Novosti&quot;","block_context":{"text":"Novosti","link":"https:\/\/historiografija.hr\/?cat=3"},"img":{"alt_text":"","src":"https:\/\/i0.wp.com\/historiografija.hr\/wp-content\/uploads\/2026\/04\/MST_prikupljanje.jpg?fit=380%2C475&ssl=1&resize=350%2C200","width":350,"height":200},"classes":[]}],"_links":{"self":[{"href":"https:\/\/historiografija.hr\/index.php?rest_route=\/wp\/v2\/posts\/23058","targetHints":{"allow":["GET"]}}],"collection":[{"href":"https:\/\/historiografija.hr\/index.php?rest_route=\/wp\/v2\/posts"}],"about":[{"href":"https:\/\/historiografija.hr\/index.php?rest_route=\/wp\/v2\/types\/post"}],"author":[{"embeddable":true,"href":"https:\/\/historiografija.hr\/index.php?rest_route=\/wp\/v2\/users\/2"}],"replies":[{"embeddable":true,"href":"https:\/\/historiografija.hr\/index.php?rest_route=%2Fwp%2Fv2%2Fcomments&post=23058"}],"version-history":[{"count":1,"href":"https:\/\/historiografija.hr\/index.php?rest_route=\/wp\/v2\/posts\/23058\/revisions"}],"predecessor-version":[{"id":23060,"href":"https:\/\/historiografija.hr\/index.php?rest_route=\/wp\/v2\/posts\/23058\/revisions\/23060"}],"wp:featuredmedia":[{"embeddable":true,"href":"https:\/\/historiografija.hr\/index.php?rest_route=\/wp\/v2\/media\/23059"}],"wp:attachment":[{"href":"https:\/\/historiografija.hr\/index.php?rest_route=%2Fwp%2Fv2%2Fmedia&parent=23058"}],"wp:term":[{"taxonomy":"category","embeddable":true,"href":"https:\/\/historiografija.hr\/index.php?rest_route=%2Fwp%2Fv2%2Fcategories&post=23058"},{"taxonomy":"post_tag","embeddable":true,"href":"https:\/\/historiografija.hr\/index.php?rest_route=%2Fwp%2Fv2%2Ftags&post=23058"}],"curies":[{"name":"wp","href":"https:\/\/api.w.org\/{rel}","templated":true}]}}