{"id":23036,"date":"2020-10-13T15:15:53","date_gmt":"2020-10-13T15:15:53","guid":{"rendered":"http:\/\/historiografija.hr\/?p=23036"},"modified":"2020-10-13T15:15:53","modified_gmt":"2020-10-13T15:15:53","slug":"izlozba-hommage-a-jelacic-vratio-se-ban-u-muzeju-matija-skurjeni-u-zapresicu","status":"publish","type":"post","link":"https:\/\/historiografija.hr\/?p=23036","title":{"rendered":"Izlo\u017eba \u201eHommage \u00e0 Jela\u010di\u0107 \u2013 Vratio se Ban\u201c u Muzeju Matija Skurjeni u Zapre\u0161i\u0107u"},"content":{"rendered":"\n<p>Izlo\u017eba <strong>\u201e<\/strong><em><strong>Hommage \u00e0 Jela\u010di\u0107 \u2013 Vratio se Ban\u201c<\/strong><\/em>, koja se otvara 15.10.2020. u 19:00 (uo\u010di 219. godi\u0161njice ro\u0111enja), zajedni\u010dka je suradnja Hrvatskog dr\u017eavnog arhiva, Hrvatskog povijesnog muzeja i Muzeja Matija Skurjeni. Ovom izlo\u017ebom memoriramo jedan va\u017ean jubilej (30 god.) i podsje\u0107amo se kako se \u201cizbrisani\u201c i rastavljeni (ali hvala dr. Antunu Baueru, ne i pretopljeni) konjani\u010dki spomenik bana Jela\u010di\u0107a sve\u010dano vratio na mjesto koje je vi\u0161e nego zaslu\u017eio. Tog \u201edavnog\u201c 16. 10. 1990., uz prisustvo predstavnika kulturne, dru\u0161tvene, politi\u010dke i vjerske elite, bron\u010dani ban svojom sabljom ponovo je branio poga\u017eena prava i marginalizirani Narod. Konjani\u010dki spomenik, koji je izradio jedan od najve\u0107ih austrijskih kipara toga vremena, Anton Dominik Fernkorn, jedna od najljep\u0161ih marko-aurelijevskih konjani\u010dkih skulptura u Europi, vra\u0107ena je na sredi\u0161nji zagreba\u010dki trg.<\/p>\n\n\n\n<p><strong>Josip pl. Jela\u010di\u0107<\/strong> (Petrovaradin, 16. listopada 1801. \u2013 Zagreb, 20. svibnja 1859.) bio je ban Kraljevine Hrvatske, Slavonije i Dalmacije, civilni upravitelj Dalmacije i Rijeke, zapovjednik kraji\u0161kih pukovnija, te je (nakratko) uspio ujediniti hrvatske zemlje unutar slo\u017eene Habsbur\u0161ke Monarhije. Nepravedno je klevetan i opstruiran od samoga progla\u0161enja za bana 1848. do gotovo potpunog brisanja iz zahvalne kolektivne memorije hrvatskoga naroda, a \u0161to je kulminiralo sramnim micanjem njegovoga spomenika, u no\u0107i sa 25. na 26. srpnja 1947.<\/p>\n\n\n\n<p>Ova izlo\u017eba, koja nema ambicije u bilo kojem obliku konkurirati onoj iz 2009. Hrvatskog povijesnog muzeja, naziva \u201e<em>Uspomene (na) jednoga bana\u201c<\/em>, prvenstveno ima obrazovno-edukativni i memorijski karakter. Sje\u0107amo se na\u0161ega velikana i dobrotvora, bez kojega i ova na\u0161a sredina nikad ne bi iskoraknula iz feudalnog ruralnog sustava u napredno gra\u0111ansko dru\u0161tvo.<\/p>\n\n\n\n<p>Do sada neizlagane amaterske c\/b fotografije, iz foto albuma <em>Novi dvori<\/em>, vjerojatno su najve\u0107e nepoznate dragocjenosti ove izlo\u017ebe. One nam prikazuju bezbri\u017eni aristokratski \u017eivot, na ovom posebnom mjestu, a koje je (gotovo) oduvijek u na\u0161oj memoriji prostor samo (polu)ru\u0161evnih zgrada. Kako je Grad Zapre\u0161i\u0107, po oporuci zadnje vlasnice vlastelinstva Anke pl. Jela\u010di\u0107, postao vlasnik i svojevrsni pravni nasljednik Jela\u010di\u0107eve grofovske titule, u obavezi je svoga \u010dasnog predka i \u201eprvog stanovnika\u201c javno prezentirati i raditi na njegovom ponovnom vra\u0107anju u dvorac-kuriju Nove dvore. Nadamo se kako \u0107e se, uskoro, zapu\u0161teni perivoj, gospodarske zgrade, kuru\u017earnik, muzej i povijesni dvorac obnoviti europskom solidarno\u0161\u0107u. To je i po\u0161teno i na taj na\u010din \u0107e se zatvoriti jedan krug, koji je po\u010deo 23. 3. 1848. izborom manje poznatog grani\u010darskog pukovnika Jela\u010di\u0107a za hrvatskoga bana.<\/p>\n\n\n\n<p>Izlo\u017eba je realizirana sredstvima Ministarstva kulture RH, zagreba\u010dke \u017eupanije i Grada Zapre\u0161i\u0107a, a mo\u0107i \u0107e se pogledati do 10. prosinca 2020.<\/p>\n\n\n\n<p>Izvor: <a href=\"http:\/\/muzej-matija-skurjeni.hr\/2020\/10\/06\/izlozba-hommage-a-jelacic-vratio-se-ban-otvara-se-15-10-2020-u-1900-sati\/\">http:\/\/muzej-matija-skurjeni.hr\/2020\/10\/06\/izlozba-hommage-a-jelacic-vratio-se-ban-otvara-se-15-10-2020-u-1900-sati\/<\/a><\/p>\n\n\n\n<hr class=\"wp-block-separator\"\/>\n","protected":false},"excerpt":{"rendered":"","protected":false},"author":2,"featured_media":23037,"comment_status":"open","ping_status":"open","sticky":false,"template":"","format":"standard","meta":{"_acf_changed":false,"jetpack_post_was_ever_published":false,"_jetpack_newsletter_access":"","_jetpack_dont_email_post_to_subs":false,"_jetpack_newsletter_tier_id":0,"_jetpack_memberships_contains_paywalled_content":false,"_jetpack_memberships_contains_paid_content":false,"footnotes":"","jetpack_publicize_message":"","jetpack_publicize_feature_enabled":true,"jetpack_social_post_already_shared":true,"jetpack_social_options":{"image_generator_settings":{"template":"highway","default_image_id":0,"font":"","enabled":false},"version":2}},"categories":[10,3],"tags":[],"class_list":["post-23036","post","type-post","status-publish","format-standard","has-post-thumbnail","hentry","category-izlozbe","category-novosti"],"acf":{"facebook_opis":""},"jetpack_publicize_connections":[],"jetpack_featured_media_url":"https:\/\/i0.wp.com\/historiografija.hr\/wp-content\/uploads\/2020\/10\/NOVI-DVORI.jpg?fit=834%2C313&ssl=1","jetpack_sharing_enabled":true,"jetpack-related-posts":[{"id":52760,"url":"https:\/\/historiografija.hr\/?p=52760","url_meta":{"origin":23036,"position":0},"title":"Izlo\u017eba \u201cLo\u0161injski brodovi, njihove zastave i ljudi\u201d, 4. svibnja u 19h","author":"Filip \u0160imunjak","date":"30. travnja 2026.","format":false,"excerpt":"Hrvatski pomorski muzej Split, Glagolja\u0161a 18 (Tvr\u0111ava Gripe) Nakon \u0161to je u rujnu 2025. godine na otoku Lo\u0161inju, u suradnji Lo\u0161injskog muzeja i Hrvatskog pomorskog muzeja Split, predstavljena izlo\u017eba posve\u0107ena bogatoj pomorskoj ba\u0161tini otoka, njezino pro\u0161ireno izdanje postavlja se u Splitu. Uo\u010di blagdana svetog Dujma splitskoj \u0107e se publici predstaviti\u2026","rel":"","context":"U &quot;Izlo\u017ebe&quot;","block_context":{"text":"Izlo\u017ebe","link":"https:\/\/historiografija.hr\/?cat=10"},"img":{"alt_text":"","src":"https:\/\/i0.wp.com\/historiografija.hr\/wp-content\/uploads\/2026\/04\/Losinjski-brodovi-Izlozba-1-scaled.webp?fit=840%2C1200&ssl=1&resize=350%2C200","width":350,"height":200,"srcset":"https:\/\/i0.wp.com\/historiografija.hr\/wp-content\/uploads\/2026\/04\/Losinjski-brodovi-Izlozba-1-scaled.webp?fit=840%2C1200&ssl=1&resize=350%2C200 1x, https:\/\/i0.wp.com\/historiografija.hr\/wp-content\/uploads\/2026\/04\/Losinjski-brodovi-Izlozba-1-scaled.webp?fit=840%2C1200&ssl=1&resize=525%2C300 1.5x, https:\/\/i0.wp.com\/historiografija.hr\/wp-content\/uploads\/2026\/04\/Losinjski-brodovi-Izlozba-1-scaled.webp?fit=840%2C1200&ssl=1&resize=700%2C400 2x"},"classes":[]},{"id":52666,"url":"https:\/\/historiografija.hr\/?p=52666","url_meta":{"origin":23036,"position":1},"title":"Najava programa Festivala povijesti Kliofest (5-8. V. 2026)","author":"Branimir Jankovi\u0107","date":"24. travnja 2026.","format":false,"excerpt":"Po trinaesti put odr\u017eava se Festival povijesti Kliofest! Do petka \u0107emo odr\u017eati osam okruglih stolova i dva kolokvija te niz predstavljanja knjiga i projekata razli\u010dite tematike, od antike do suvremenosti. Bit \u0107e predstavljeno i nekoliko izlo\u017ebi te odr\u017ean jedan povijesni kviz. Prikazat \u0107emo i jedan film \u2013 o generalu Boroevi\u0107u.\u2026","rel":"","context":"U &quot;Novosti&quot;","block_context":{"text":"Novosti","link":"https:\/\/historiografija.hr\/?cat=3"},"img":{"alt_text":"","src":"https:\/\/i0.wp.com\/historiografija.hr\/wp-content\/uploads\/2026\/04\/Kliofest-2026.jpg?fit=526%2C526&ssl=1&resize=350%2C200","width":350,"height":200,"srcset":"https:\/\/i0.wp.com\/historiografija.hr\/wp-content\/uploads\/2026\/04\/Kliofest-2026.jpg?fit=526%2C526&ssl=1&resize=350%2C200 1x, https:\/\/i0.wp.com\/historiografija.hr\/wp-content\/uploads\/2026\/04\/Kliofest-2026.jpg?fit=526%2C526&ssl=1&resize=525%2C300 1.5x"},"classes":[]},{"id":52511,"url":"https:\/\/historiografija.hr\/?p=52511","url_meta":{"origin":23036,"position":2},"title":"Izlo\u017eba &#8220;Lica Sljemena&#8221;","author":"Branimir Jankovi\u0107","date":"17. travnja 2026.","format":false,"excerpt":"Srda\u010dno vas pozivamo na otvorenje izlo\u017ebe Lica Sljemena koje \u0107e se odr\u017eati u srijedu 22. travnja 2026. u 18 h ispred Muzeja Prigorja (Trg Dragutina Domjani\u0107a 5, Sesvete). Izlo\u017eba proizlazi iz istra\u017eivanja Nevene \u0160krbi\u0107 Alempijevi\u0107, Petre Kelemen i Sanje Potkonjak te intervjua sa Sljemena\u0161icama i Sljemena\u0161ima, koji su provedeni u\u2026","rel":"","context":"U &quot;Izlo\u017ebe&quot;","block_context":{"text":"Izlo\u017ebe","link":"https:\/\/historiografija.hr\/?cat=10"},"img":{"alt_text":"","src":"https:\/\/i0.wp.com\/historiografija.hr\/wp-content\/uploads\/2026\/04\/Izlozba-Lica-Sljemena.png?fit=1080%2C686&ssl=1&resize=350%2C200","width":350,"height":200,"srcset":"https:\/\/i0.wp.com\/historiografija.hr\/wp-content\/uploads\/2026\/04\/Izlozba-Lica-Sljemena.png?fit=1080%2C686&ssl=1&resize=350%2C200 1x, https:\/\/i0.wp.com\/historiografija.hr\/wp-content\/uploads\/2026\/04\/Izlozba-Lica-Sljemena.png?fit=1080%2C686&ssl=1&resize=525%2C300 1.5x, https:\/\/i0.wp.com\/historiografija.hr\/wp-content\/uploads\/2026\/04\/Izlozba-Lica-Sljemena.png?fit=1080%2C686&ssl=1&resize=700%2C400 2x, https:\/\/i0.wp.com\/historiografija.hr\/wp-content\/uploads\/2026\/04\/Izlozba-Lica-Sljemena.png?fit=1080%2C686&ssl=1&resize=1050%2C600 3x"},"classes":[]},{"id":52633,"url":"https:\/\/historiografija.hr\/?p=52633","url_meta":{"origin":23036,"position":3},"title":"POVIJEST TRE\u0160NJEVA\u010cKE GLAZBE: prikupljanje virtualnog fundusa Muzeja susjedstva Tre\u0161njevka","author":"Branimir Jankovi\u0107","date":"23. travnja 2026.","format":false,"excerpt":"utorak 28. 4. 2026. 14 - 18 h Nova BAZA, Nova cesta 66, Zagreb Prvi su dani ljeta 1957. godine. Bo\u017eica Kalafati\u0107 poha\u0111a drugi razred Osnovne \u0161kole Bratstvo i jedinstvo, danas kralja Tomislava, a ide i na muzi\u010dke satove u Mo\u0161\u0107eni\u010dkoj ulici. Na fotografiji s harmonikom u rukama stoji u\u2026","rel":"","context":"U &quot;Novosti&quot;","block_context":{"text":"Novosti","link":"https:\/\/historiografija.hr\/?cat=3"},"img":{"alt_text":"","src":"https:\/\/i0.wp.com\/historiografija.hr\/wp-content\/uploads\/2026\/04\/MST_prikupljanje.jpg?fit=380%2C475&ssl=1&resize=350%2C200","width":350,"height":200},"classes":[]},{"id":52536,"url":"https:\/\/historiografija.hr\/?p=52536","url_meta":{"origin":23036,"position":4},"title":"Kader Abdolah, \u201ePrije nego \u0161to bude kasno\u201c","author":"Branimir Jankovi\u0107","date":"20. travnja 2026.","format":false,"excerpt":"Kader Abdolah \u017eeli se vratiti ku\u0107i. Ali povratak je nemogu\u0107: u Iranu bi bio uhap\u0161en. Pod la\u017enim imenom i s krivotvorenim paso\u0161em ipak uspijeva u\u0107i u domovinu i sti\u017ee do roditeljske ku\u0107e, visoko u planinama. Majka ga ne prepoznaje, otac je mrtav, a sve \u0161to je tra\u017eio izmi\u010de mu pred\u2026","rel":"","context":"U &quot;Novosti&quot;","block_context":{"text":"Novosti","link":"https:\/\/historiografija.hr\/?cat=3"},"img":{"alt_text":"","src":"https:\/\/i0.wp.com\/historiografija.hr\/wp-content\/uploads\/2026\/04\/Prije-nego-sto-bude-kasno.webp?fit=566%2C872&ssl=1&resize=350%2C200","width":350,"height":200,"srcset":"https:\/\/i0.wp.com\/historiografija.hr\/wp-content\/uploads\/2026\/04\/Prije-nego-sto-bude-kasno.webp?fit=566%2C872&ssl=1&resize=350%2C200 1x, https:\/\/i0.wp.com\/historiografija.hr\/wp-content\/uploads\/2026\/04\/Prije-nego-sto-bude-kasno.webp?fit=566%2C872&ssl=1&resize=525%2C300 1.5x"},"classes":[]},{"id":52575,"url":"https:\/\/historiografija.hr\/?p=52575","url_meta":{"origin":23036,"position":5},"title":"Izlo\u017eba dje\u010djih radova \u201cU po\u010detku bija\u0161e crte\u017e\u2026\u201d","author":"Branimir Jankovi\u0107","date":"21. travnja 2026.","format":false,"excerpt":"U subotu, 25. travnja 2026. u 11 sati u Galeriji Klovi\u0107evi dvori sve\u010dano otvaramo izlo\u017ebu dje\u010djih radova pod nazivom U po\u010detku bija\u0161e crte\u017e\u2026 Radovi su nastali u sklopu likovnih radionica uz izlo\u017ebu U po\u010detku bija\u0161e kraljevstvo \u2013 izlo\u017eba povodom 1100 godina Hrvatskoga Kraljevstva. Na brojnim likovnim radionicama, uz \u0161kolsku djecu,\u2026","rel":"","context":"U &quot;Izlo\u017ebe&quot;","block_context":{"text":"Izlo\u017ebe","link":"https:\/\/historiografija.hr\/?cat=10"},"img":{"alt_text":"","src":"https:\/\/i0.wp.com\/historiografija.hr\/wp-content\/uploads\/2025\/10\/Klovicevi_sluzbeni-plakat.png?fit=840%2C1200&ssl=1&resize=350%2C200","width":350,"height":200,"srcset":"https:\/\/i0.wp.com\/historiografija.hr\/wp-content\/uploads\/2025\/10\/Klovicevi_sluzbeni-plakat.png?fit=840%2C1200&ssl=1&resize=350%2C200 1x, https:\/\/i0.wp.com\/historiografija.hr\/wp-content\/uploads\/2025\/10\/Klovicevi_sluzbeni-plakat.png?fit=840%2C1200&ssl=1&resize=525%2C300 1.5x, https:\/\/i0.wp.com\/historiografija.hr\/wp-content\/uploads\/2025\/10\/Klovicevi_sluzbeni-plakat.png?fit=840%2C1200&ssl=1&resize=700%2C400 2x"},"classes":[]}],"_links":{"self":[{"href":"https:\/\/historiografija.hr\/index.php?rest_route=\/wp\/v2\/posts\/23036","targetHints":{"allow":["GET"]}}],"collection":[{"href":"https:\/\/historiografija.hr\/index.php?rest_route=\/wp\/v2\/posts"}],"about":[{"href":"https:\/\/historiografija.hr\/index.php?rest_route=\/wp\/v2\/types\/post"}],"author":[{"embeddable":true,"href":"https:\/\/historiografija.hr\/index.php?rest_route=\/wp\/v2\/users\/2"}],"replies":[{"embeddable":true,"href":"https:\/\/historiografija.hr\/index.php?rest_route=%2Fwp%2Fv2%2Fcomments&post=23036"}],"version-history":[{"count":1,"href":"https:\/\/historiografija.hr\/index.php?rest_route=\/wp\/v2\/posts\/23036\/revisions"}],"predecessor-version":[{"id":23038,"href":"https:\/\/historiografija.hr\/index.php?rest_route=\/wp\/v2\/posts\/23036\/revisions\/23038"}],"wp:featuredmedia":[{"embeddable":true,"href":"https:\/\/historiografija.hr\/index.php?rest_route=\/wp\/v2\/media\/23037"}],"wp:attachment":[{"href":"https:\/\/historiografija.hr\/index.php?rest_route=%2Fwp%2Fv2%2Fmedia&parent=23036"}],"wp:term":[{"taxonomy":"category","embeddable":true,"href":"https:\/\/historiografija.hr\/index.php?rest_route=%2Fwp%2Fv2%2Fcategories&post=23036"},{"taxonomy":"post_tag","embeddable":true,"href":"https:\/\/historiografija.hr\/index.php?rest_route=%2Fwp%2Fv2%2Ftags&post=23036"}],"curies":[{"name":"wp","href":"https:\/\/api.w.org\/{rel}","templated":true}]}}