{"id":2302,"date":"2016-05-26T22:00:05","date_gmt":"2016-05-26T22:00:05","guid":{"rendered":"http:\/\/historiografija.hr\/?p=2302"},"modified":"2016-05-26T22:00:05","modified_gmt":"2016-05-26T22:00:05","slug":"objavljena-knjiga-ivane-cvijovic-javorina-od-ovih-je-njemacki-jezik-za-nas-bez-dvojbe-najvazniji","status":"publish","type":"post","link":"https:\/\/historiografija.hr\/?p=2302","title":{"rendered":"Objavljena knjiga Ivane Cvijovi\u0107 Javorina \u201eOd ovih je njema\u010dki jezik za nas bez dvojbe najva\u017eniji&#8230;\u201d"},"content":{"rendered":"<p class=\"MsoNormal\" style=\"text-align:left;mso-layout-grid-align: none;text-autospace:none\" align=\"justify\"><span style=\"mso-bidi-font-size:12.0pt\">U izdanju Centra za komparativnohistorijske i interkulturne studije, poslijediplomskoga doktorskog studija <\/span><span style=\"mso-bidi-font-size:12.0pt;mso-fareast-font-family: \" times=\"\" new=\"\" roman\";mso-fareast-language:hr;mso-bidi-font-weight:bold\"=\"\">\u201e<\/span><span style=\"mso-bidi-font-size:12.0pt\">Moderna i suvremena hrvatska povijest u europskom i svjetskom kontekstu<\/span><span style=\"mso-bidi-font-size:12.0pt; mso-fareast-font-family:\" times=\"\" new=\"\" roman\";mso-fareast-language:hr;mso-bidi-font-weight:=\"\" bold\"=\"\">\u201d<\/span><span style=\"mso-bidi-font-size:12.0pt\"> i FF pressa objavljena je knjiga Ivane Cvijovi\u0107 Javorina <\/span><i style=\"mso-bidi-font-style:normal\"><span style=\"mso-bidi-font-size:12.0pt;mso-fareast-font-family:\" times=\"\" new=\"\" roman\";=\"\" mso-fareast-language:hr;mso-bidi-font-weight:bold\"=\"\">\u201eOd ovih je njema\u010dki jezik za nas bez dvojbe najva\u017eniji&#8230;\u201d. Prilozi za povijest nastave njema\u010dkog jezika i studija germanistike na Mudroslovnom fakultetu u Zagrebu 1876. \u2013 1904.<\/span><\/i><span style=\"mso-bidi-font-size:12.0pt;mso-fareast-font-family:\" times=\"\" new=\"\" roman\";=\"\" mso-fareast-language:hr;mso-bidi-font-weight:bold\"=\"\"> kao 9. svezak biblioteke <i style=\"mso-bidi-font-style:normal\">Dijalog s povodom<\/i>.<\/span><\/p>\n<p class=\"MsoNormal\" style=\"text-align:left;mso-layout-grid-align: none;text-autospace:none\" align=\"justify\"><i style=\"mso-bidi-font-style:normal\"><span style=\"mso-bidi-font-size:12.0pt;mso-fareast-font-family:\" times=\"\" new=\"\" roman\";=\"\" mso-fareast-language:hr;mso-bidi-font-weight:bold\"=\"\">&nbsp;<\/span><\/i><\/p>\n<p class=\"MsoNormal\" style=\"text-align:left;mso-layout-grid-align: none;text-autospace:none\" align=\"justify\"><span style=\"mso-bidi-font-size:12.0pt;mso-fareast-font-family: \" times=\"\" new=\"\" roman\";mso-fareast-language:hr;mso-bidi-font-weight:bold\"=\"\">U knjizi nastaloj u<\/span><span style=\"mso-bidi-font-size:12.0pt;mso-bidi-font-style:italic\"> povodu 120. obljetnice utemeljenja Odsjeka za germanistiku Filozofskog fakulteta Sveu\u010dili\u0161ta u Zagrebu obra\u0111uju se prva desetlje\u0107a razvitka zagreba\u010dke germanistike, od uteljenja lektorata u ljetnom semestru 1875.\/76. godine do osnutka Seminara za njema\u010dku filologiju 1904. godine. Osim odabranih arhivskih dokumenata va\u017enih za povijest zagreba\u010dke sveu\u010dili\u0161ne germanistike i slikovnih priloga, knjiga sadr\u017ei i rad na njema\u010dkom jeziku <\/span><span style=\"mso-bidi-font-size: 12.0pt\">\u201eDeutschunterricht und Germanistikstudium an der Philosophischen Fakult\u00e4t in Zagreb 1876\u20131904\u201c, pripremljen za objavljivanje u fakultetskom \u010dasopisu <i style=\"mso-bidi-font-style:normal\">Zagreber Germanistische Beitr\u00e4ge<\/i>.<\/span><\/p>\n<p class=\"MsoNormal\" style=\"text-align:left;mso-layout-grid-align: none;text-autospace:none\" align=\"justify\"><span style=\"mso-bidi-font-size:12.0pt\">&nbsp;<\/span><\/p>\n<p class=\"MsoNormal\" style=\"mso-layout-grid-align:none;text-autospace:none\" align=\"justify\"><span style=\"mso-bidi-font-size:12.0pt\">Ivana Cvijovi\u0107 Javorina (Zagreb, 1985.) studentica je poslijediplomskoga doktorskog studija <i>Moderna i suvremena hrvatska povijest u europskom i svjetskom kontekstu <\/i>Odsjeka za povijest Filozofskog fakulteta u Zagrebu. Na istom je fakultetu stekla zanimanje profesora povijesti i njema\u010dkog jezika i knji\u017eevnosti. Zaposlena je u III. gimnaziji u Zagrebu kao nastavnica njema\u010dkog jezika. Uredila je desetak publikacija, uklju\u010duju\u0107i sedam zbornika radova sa znanstvenih skupova <i>Desni\u010dini susreti<\/i>. Autorica je nekoliko stru\u010dnih i znanstvenih \u010dlanaka, a aktivna je i kao prevoditeljica historiografskih tekstova s njema\u010dkog jezika.<\/span><\/p>\n<p class=\"MsoNormal\" style=\"text-align:left;mso-layout-grid-align: none;text-autospace:none\" align=\"justify\"><span style=\"mso-bidi-font-size:12.0pt\">&nbsp;<\/span><\/p>\n<p class=\"MsoNormal\" style=\"text-align:left;mso-layout-grid-align: none;text-autospace:none\" align=\"justify\"><span style=\"mso-bidi-font-size:12.0pt\">&nbsp;<\/span><\/p>\n<p class=\"MsoNormal\" style=\"text-align:center;mso-layout-grid-align: none;text-autospace:none\" align=\"justify\"><span style=\"mso-bidi-font-size:12.0pt\">* * *<\/span><\/p>\n<p class=\"MsoNormal\" style=\"text-align:center;mso-layout-grid-align: none;text-autospace:none\" align=\"justify\"><span style=\"mso-bidi-font-size:12.0pt\"><br \/><\/span><\/p>\n<p class=\"MsoNormal\" style=\"mso-layout-grid-align:none;text-autospace:none\" align=\"justify\"><span style=\"mso-bidi-font-size:12.0pt\">\u201eIzuzetno va\u017ean i izvoran rad o dosad neistra\u017eenoj povijesti hrvatske germanistike, napisan \u017eivim jezikom i s darom za slikovit ilustrativan detalj. (\u2026) Predmet je va\u017ean jer govori o ranim danima germanistike na Sveu\u010dili\u0161tu u Zagrebu, a djelo posve izvorno i vrlo va\u017eno za poznavanje razvoja znanstvenih disciplina u Hrvatskoj. Neki aspekti podsje\u0107aju na najbolja djela iz povijesti hrvatske filologije (Jonke, Vince). Pristup je prikladan, terminologija uskla\u0111ena s ekvivalentnom terminologijom na velikim svjetskim jezicima, a bit \u0107e od interesa ne samo za specijaliste, nego i za \u0161iru \u010ditateljsku javnost.\u201c<\/span><\/p>\n<p class=\"MsoNormal\" style=\"mso-layout-grid-align:none;text-autospace:none\" align=\"justify\"><span style=\"mso-bidi-font-size:12.0pt\">&nbsp;<\/span><\/p>\n<p class=\"MsoNormal\" style=\"mso-layout-grid-align:none;text-autospace:none\" align=\"justify\"><span style=\"mso-bidi-font-size:12.0pt\">prof. dr. sc. Ivo Banac (iz recenzije)<\/span><\/p>\n<p class=\"MsoNormal\" style=\"mso-layout-grid-align:none;text-autospace:none\" align=\"justify\"><span style=\"mso-bidi-font-size:12.0pt\">&nbsp;<\/span><\/p>\n<p class=\"MsoNormal\" style=\"mso-layout-grid-align:none;text-autospace:none\" align=\"justify\"><span style=\"mso-bidi-font-size:12.0pt\">&nbsp;<\/span><\/p>\n<p class=\"MsoNormal\" style=\"mso-layout-grid-align:none;text-autospace:none\" align=\"justify\"><span style=\"mso-bidi-font-size:12.0pt\">\u201eUvidom u izvornu i objavljenu gra\u0111u autorica je podastrla niz novih, dosad nepoznatih \u010dinjenica o naporima, dosezima i rezultatima uvo\u0111enja njema\u010dkog jezika u nastavu zagreba\u010dkog Mudroslovnog fakulteta. Pritom je osvijetlila djelovanje glavnih protagonista spomenutog projekta \u010dijom je zaslugom bio otvoren put fakultetskoj nastavi zagreba\u010dke sveu\u010dili\u0161ne germanistike. (\u2026) Od posebnog je zna\u010denja u gotovo dvadesetogodi\u0161njem organiziranju zagreba\u010dke sveu\u010dili\u0161ne germanistike autori\u010dina analiza uzajamne povezanosti i isprepletenosti odnosa i kontroverzi izme\u0111u pojedinih profesora njema\u010dkog jezika, akademske zajednice i dnevne politike. Stavljaju\u0107i te odnose u \u0161iri povijesni kontekst autorica je jasno\u0107om svojih zaklju\u010daka dala preciznu sliku doga\u0111aja i njihovih aktera. Prikazav\u0161i put od lektorata 1876. do utemeljenja seminara 1904., Cvijovi\u0107 Javorina zaklju\u010dila je kako je u kona\u010dnici bio uspje\u0161no zatvoren ciklus institucionalnog konstituiranja germanistike u Hrvatskoj, uvijek u skladu sa strujanjima u srednjoeuropskoj germanistici.\u201c<\/span><\/p>\n<p class=\"MsoNormal\" align=\"justify\"><span style=\"mso-bidi-font-size:12.0pt\">&nbsp;<\/span><\/p>\n<p class=\"MsoNormal\" align=\"justify\"><span style=\"mso-bidi-font-size:12.0pt\">prof. dr. sc. Bo\u017eena Vranje\u0161-\u0160oljan (iz recenzije)<\/span><\/p>\n<p class=\"MsoNormal\" align=\"justify\"><span style=\"mso-bidi-font-size:12.0pt\">&nbsp;<\/span><\/p>\n<p class=\"MsoNormal\" align=\"justify\"><span style=\"mso-bidi-font-size:12.0pt\">&nbsp;<\/span><\/p>\n<p class=\"MsoNormal\" style=\"text-align:center\" align=\"justify\"><span style=\"mso-bidi-font-size:12.0pt\">* * *<\/span><\/p>\n<p class=\"MsoNormal\" align=\"justify\"><span style=\"mso-bidi-font-size:12.0pt\">&nbsp;<\/span><\/p>\n<div align=\"justify\"><b>  <\/b><\/div>\n<p class=\"MsoNormal\" style=\"text-align:left\" align=\"justify\"><b><span style=\"mso-bidi-font-size: 12.0pt;mso-bidi-font-weight:bold\">Sadr\u017eaj, Predgovor, Uvod i Uredni\u010dki pogovor<\/span><span style=\"mso-bidi-font-size:12.0pt\"> dostupni su u pdf-formatu na poveznici: <\/span><\/b><\/p>\n<p class=\"MsoNormal\" style=\"text-align:left\" align=\"justify\"><span style=\"mso-bidi-font-size: 12.0pt\"><\/span><\/p>\n<p class=\"MsoNormal\" style=\"text-align:left\" align=\"justify\"><span style=\"mso-bidi-font-size: 12.0pt\"><\/span><\/p>\n<p class=\"MsoNormal\" style=\"text-align:left\" align=\"justify\"><span style=\"mso-bidi-font-size: 12.0pt\"><\/span><a href=\"http:\/\/kula-jankovica.unizg.hr\/hr\/desnicini-susreti\/izdanja-centra\/biblioteka-dijalog\/\"><\/a>             <\/p>\n<style> <!--  \/* Font Definitions *\/  @font-face \t{font-family:Calibri; \tpanose-1:2 15 5 2 2 2 4 3 2 4; \tmso-font-charset:238; \tmso-generic-font-family:swiss; \tmso-font-pitch:variable; \tmso-font-signature:-1610611985 1073750139 0 0 159 0;}  \/* Style Definitions *\/  p.MsoNormal, li.MsoNormal, div.MsoNormal \t{mso-style-unhide:no; \tmso-style-qformat:yes; \tmso-style-parent:\"\"; \tmargin:0cm; \tmargin-bottom:.0001pt; \ttext-align:justify; \tmso-pagination:widow-orphan; \tfont-size:12.0pt; \tmso-bidi-font-size:11.0pt; \tfont-family:\"Times New Roman\",\"serif\"; \tmso-fareast-font-family:Calibri; \tmso-fareast-theme-font:minor-latin; \tmso-fareast-language:EN-US;} .MsoChpDefault \t{mso-style-type:export-only; \tmso-default-props:yes; \tfont-size:12.0pt; \tmso-ansi-font-size:12.0pt; \tmso-fareast-font-family:Calibri; \tmso-fareast-theme-font:minor-latin; \tmso-fareast-language:EN-US;} .MsoPapDefault \t{mso-style-type:export-only; \ttext-align:justify;} @page Section1 \t{size:612.0pt 792.0pt; \tmargin:70.85pt 70.85pt 70.85pt 70.85pt; \tmso-header-margin:36.0pt; \tmso-footer-margin:36.0pt; \tmso-paper-source:0;} div.Section1 \t{page:Section1;} --> <\/style>\n<p>     <span style=\"font-size:12.0pt;mso-bidi-font-size:11.0pt; font-family:&quot;Times New Roman&quot;,&quot;serif&quot;;mso-fareast-font-family:Calibri; mso-fareast-theme-font:minor-latin;mso-ansi-language:HR;mso-fareast-language: EN-US;mso-bidi-language:AR-SA\">http:\/\/kula-jankovica.unizg.hr\/hr\/desnicini-susreti\/centar\/biblioteka-dijalog\/<\/span><\/p>\n<p class=\"MsoNormal\" style=\"text-align:left\" align=\"justify\"><span style=\"font-size:12.0pt;mso-bidi-font-size:11.0pt; font-family:&quot;Times New Roman&quot;,&quot;serif&quot;;mso-fareast-font-family:Calibri; mso-fareast-theme-font:minor-latin;mso-ansi-language:HR;mso-fareast-language: EN-US;mso-bidi-language:AR-SA\"><\/span><\/p>\n<p class=\"MsoNormal\" style=\"text-align:left\" align=\"justify\"><span style=\"font-size:12.0pt;mso-bidi-font-size:11.0pt; font-family:&quot;Times New Roman&quot;,&quot;serif&quot;;mso-fareast-font-family:Calibri; mso-fareast-theme-font:minor-latin;mso-ansi-language:HR;mso-fareast-language: EN-US;mso-bidi-language:AR-SA\"><br \/><\/span>    <\/p>\n<p class=\"MsoNormal\" style=\"text-align:left\" align=\"justify\"><\/p>\n<p class=\"MsoNormal\" style=\"text-align:left\" align=\"justify\"><\/p>\n<p class=\"MsoNormal\" style=\"text-align:left\" align=\"justify\"><\/p>\n<p class=\"MsoNormal\" style=\"text-align:left\" align=\"justify\"><a href=\"http:\/\/kula-jankovica.unizg.hr\/hr\/desnicini-susreti\/izdanja-centra\/biblioteka-dijalog\/\"><\/a><span style=\"font-size:11.0pt;font-family:\" agaramondpro-regular\",\"serif\";mso-bidi-font-family:=\"\" agaramondpro-regular\"=\"\"><\/span><\/p>\n","protected":false},"excerpt":{"rendered":"","protected":false},"author":1,"featured_media":0,"comment_status":"open","ping_status":"open","sticky":false,"template":"","format":"standard","meta":{"_acf_changed":false,"jetpack_post_was_ever_published":false,"_jetpack_newsletter_access":"","_jetpack_dont_email_post_to_subs":false,"_jetpack_newsletter_tier_id":0,"_jetpack_memberships_contains_paywalled_content":false,"_jetpack_memberships_contains_paid_content":false,"footnotes":"","jetpack_publicize_message":"","jetpack_publicize_feature_enabled":true,"jetpack_social_post_already_shared":false,"jetpack_social_options":{"image_generator_settings":{"template":"highway","default_image_id":0,"font":"","enabled":false},"version":2}},"categories":[3],"tags":[],"class_list":["post-2302","post","type-post","status-publish","format-standard","hentry","category-novosti"],"acf":{"facebook_opis":""},"jetpack_publicize_connections":[],"jetpack_featured_media_url":"","jetpack_sharing_enabled":true,"jetpack-related-posts":[{"id":52528,"url":"https:\/\/historiografija.hr\/?p=52528","url_meta":{"origin":2302,"position":0},"title":"[Promocija knjige] Banja Luka u ratu: Etnopolitika i svakodnevica (1990\u20131995) (ActiveLab, YugoLab)","author":"Branimir Jankovi\u0107","date":"17. travnja 2026.","format":false,"excerpt":"Institut za filozofiju i dru\u0161tvenu teoriju i O\u0161tra Nula organizuju promociju knjige Banja Luka u ratu: Etnopolitika i svakodnevica (1990\u20131995) autorke Armine Galija\u0161, koja \u0107e se odr\u017eati 20. aprila 2026. u 12.00 sati u prostorijama Instituta (Kraljice Natalije 45, Beograd). Re\u010d je o prvom nau\u010dno utemeljenom i sistematskom radu koji\u2026","rel":"","context":"U &quot;Novosti&quot;","block_context":{"text":"Novosti","link":"https:\/\/historiografija.hr\/?cat=3"},"img":{"alt_text":"","src":"https:\/\/i0.wp.com\/historiografija.hr\/wp-content\/uploads\/2026\/04\/20-april-RS.jpg?fit=1200%2C675&ssl=1&resize=350%2C200","width":350,"height":200,"srcset":"https:\/\/i0.wp.com\/historiografija.hr\/wp-content\/uploads\/2026\/04\/20-april-RS.jpg?fit=1200%2C675&ssl=1&resize=350%2C200 1x, https:\/\/i0.wp.com\/historiografija.hr\/wp-content\/uploads\/2026\/04\/20-april-RS.jpg?fit=1200%2C675&ssl=1&resize=525%2C300 1.5x, https:\/\/i0.wp.com\/historiografija.hr\/wp-content\/uploads\/2026\/04\/20-april-RS.jpg?fit=1200%2C675&ssl=1&resize=700%2C400 2x, https:\/\/i0.wp.com\/historiografija.hr\/wp-content\/uploads\/2026\/04\/20-april-RS.jpg?fit=1200%2C675&ssl=1&resize=1050%2C600 3x"},"classes":[]},{"id":52733,"url":"https:\/\/historiografija.hr\/?p=52733","url_meta":{"origin":2302,"position":1},"title":"Vlado Raji\u0107 \u201eGranica na kraju stolje\u0107a\u201c","author":"Filip \u0160imunjak","date":"29. travnja 2026.","format":false,"excerpt":"U suizdanju Durieuxa i Beletre objavljena je 2025. godine knjiga Granica na kraju stolje\u0107a autora Vlade Raji\u0107a.\u00a0 O knjizi\u00a0 Romansirana biografija Vladimira Iblera mnogo je vi\u0161e od zanimljive pri\u010de o privatnom \u017eivotu i impresivnoj profesionalnoj karijeri istaknutog stru\u010dnjaka za me\u0111unarodno pravo i dugo\u00adgodi\u0161njeg profesora na zagreba\u010dkom Pravnom fakultetu, akademika, koji\u2026","rel":"","context":"U &quot;Knjige&quot;","block_context":{"text":"Knjige","link":"https:\/\/historiografija.hr\/?cat=8"},"img":{"alt_text":"","src":"https:\/\/i0.wp.com\/historiografija.hr\/wp-content\/uploads\/2026\/04\/VLADO-RAJIC-GRANICA-NA-KRAJU-STOLJECA.jpg?fit=450%2C650&ssl=1&resize=350%2C200","width":350,"height":200},"classes":[]},{"id":52669,"url":"https:\/\/historiografija.hr\/?p=52669","url_meta":{"origin":2302,"position":2},"title":"Predavanje Igora Dude &#8220;Odmor kao \u017eivotna potreba: o slobodnom vremenu u socijalisti\u010dkoj Jugoslaviji&#8221;","author":"Branimir Jankovi\u0107","date":"27. travnja 2026.","format":false,"excerpt":"U sklopu proljetnog ciklusa programa\u00a0Kriti\u010dka dramaturgija: pauza, u\u00a0subotu, 25. travnja 2026. u 19 sati\u00a0u prostoru Udru\u017eenja hrvatskih arhitekata povjesni\u010dar Igor Duda\u00a0odr\u017eao je predavanje naslovljeno\u00a0Odmor kao \u017eivotna potreba: o slobodnom vremenu u socijalisti\u010dkoj Jugoslaviji. Industrijalizacija i urbanizacija dru\u0161tava u povijesti su zna\u010dile i prelazak s predindustrijskog na industrijsko shva\u0107anje vremena. Ono\u2026","rel":"","context":"U &quot;Novosti&quot;","block_context":{"text":"Novosti","link":"https:\/\/historiografija.hr\/?cat=3"},"img":{"alt_text":"","src":"https:\/\/i0.wp.com\/historiografija.hr\/wp-content\/uploads\/2026\/04\/Duda.png?fit=1200%2C628&ssl=1&resize=350%2C200","width":350,"height":200,"srcset":"https:\/\/i0.wp.com\/historiografija.hr\/wp-content\/uploads\/2026\/04\/Duda.png?fit=1200%2C628&ssl=1&resize=350%2C200 1x, https:\/\/i0.wp.com\/historiografija.hr\/wp-content\/uploads\/2026\/04\/Duda.png?fit=1200%2C628&ssl=1&resize=525%2C300 1.5x, https:\/\/i0.wp.com\/historiografija.hr\/wp-content\/uploads\/2026\/04\/Duda.png?fit=1200%2C628&ssl=1&resize=700%2C400 2x, https:\/\/i0.wp.com\/historiografija.hr\/wp-content\/uploads\/2026\/04\/Duda.png?fit=1200%2C628&ssl=1&resize=1050%2C600 3x"},"classes":[]},{"id":52704,"url":"https:\/\/historiografija.hr\/?p=52704","url_meta":{"origin":2302,"position":3},"title":"Predstavljanje knjige &#8220;Vladimir Vasiljevi\u0107: Moji do\u017eivljaji. Dnevni\u010dki zapisi iz Prvoga svjetskog rata i poratnoga vremena&#8221;","author":"Filip \u0160imunjak","date":"29. travnja 2026.","format":false,"excerpt":"Doga\u0111anja ovogodi\u0161njega Festivala povijesti Kliofest zapo\u010dinjemo ve\u0107 i prije samoga slu\u017ebenog otvaranja, predstavljanjem knjige \u201eMoji do\u017eivljaji. Dnevni\u010dki zapisi iz Prvoga svjetskog rata i poratnoga vremena\u201d Vladimira Vasiljevi\u0107a, koju su priredili Karlo Rukavina i Damir Agi\u010di\u0107. Pozivamo Vas na predstavljanje koje \u0107e se odr\u017eati u ponedjeljak 4. svibnja, s po\u010detkom u\u2026","rel":"","context":"U &quot;Knjige&quot;","block_context":{"text":"Knjige","link":"https:\/\/historiografija.hr\/?cat=8"},"img":{"alt_text":"","src":"https:\/\/i0.wp.com\/historiografija.hr\/wp-content\/uploads\/2026\/04\/Naslovna-V.-Vasiljevic.webp?fit=1200%2C600&ssl=1&resize=350%2C200","width":350,"height":200,"srcset":"https:\/\/i0.wp.com\/historiografija.hr\/wp-content\/uploads\/2026\/04\/Naslovna-V.-Vasiljevic.webp?fit=1200%2C600&ssl=1&resize=350%2C200 1x, https:\/\/i0.wp.com\/historiografija.hr\/wp-content\/uploads\/2026\/04\/Naslovna-V.-Vasiljevic.webp?fit=1200%2C600&ssl=1&resize=525%2C300 1.5x, https:\/\/i0.wp.com\/historiografija.hr\/wp-content\/uploads\/2026\/04\/Naslovna-V.-Vasiljevic.webp?fit=1200%2C600&ssl=1&resize=700%2C400 2x, https:\/\/i0.wp.com\/historiografija.hr\/wp-content\/uploads\/2026\/04\/Naslovna-V.-Vasiljevic.webp?fit=1200%2C600&ssl=1&resize=1050%2C600 3x"},"classes":[]},{"id":52657,"url":"https:\/\/historiografija.hr\/?p=52657","url_meta":{"origin":2302,"position":4},"title":"[Predavanje] Jezik i drugost u (post)socijalisti\u010dkoj Srbiji: diskurzivne politike identiteta (YugoLab)","author":"Branimir Jankovi\u0107","date":"24. travnja 2026.","format":false,"excerpt":"U sklopu projekta Prizma \/ IMAGINATION (\u201eZami\u0161ljanje nacije: srpski nacionalni narativi u sporu (XX\u2013XXI vek)\u201c), koji se realizuje na Institutu za filozofiju i dru\u0161tvenu teoriju Univerziteta u Beogradu (2024\u20132027) uz finansijsku podr\u0161ku Fonda za nauku Republike Srbije, organizuje se serija predavanja na kojoj istra\u017eiva\u010di i istra\u017eiva\u010dice projekta predstavljaju rezultate svojih\u2026","rel":"","context":"U &quot;Novosti&quot;","block_context":{"text":"Novosti","link":"https:\/\/historiografija.hr\/?cat=3"},"img":{"alt_text":"","src":"https:\/\/i0.wp.com\/historiografija.hr\/wp-content\/uploads\/2026\/04\/IFDT_28_IV.png?fit=1200%2C675&ssl=1&resize=350%2C200","width":350,"height":200,"srcset":"https:\/\/i0.wp.com\/historiografija.hr\/wp-content\/uploads\/2026\/04\/IFDT_28_IV.png?fit=1200%2C675&ssl=1&resize=350%2C200 1x, https:\/\/i0.wp.com\/historiografija.hr\/wp-content\/uploads\/2026\/04\/IFDT_28_IV.png?fit=1200%2C675&ssl=1&resize=525%2C300 1.5x, https:\/\/i0.wp.com\/historiografija.hr\/wp-content\/uploads\/2026\/04\/IFDT_28_IV.png?fit=1200%2C675&ssl=1&resize=700%2C400 2x, https:\/\/i0.wp.com\/historiografija.hr\/wp-content\/uploads\/2026\/04\/IFDT_28_IV.png?fit=1200%2C675&ssl=1&resize=1050%2C600 3x"},"classes":[]},{"id":52502,"url":"https:\/\/historiografija.hr\/?p=52502","url_meta":{"origin":2302,"position":5},"title":"Novi znanstveni projekt Hrvatskog instituta za povijest: \u201c\u017drtve ratova i dr\u017eavnog\/politi\u010dkog nasilja u hrvatskoj povijesti 20. stolje\u0107a\u201d","author":"Branimir Jankovi\u0107","date":"17. travnja 2026.","format":false,"excerpt":"Na redovitoj sjednici Vlade RH, 16. travnja 2026., donijet je Zaklju\u010dak kojim se pokre\u0107e znanstveni projekt \u201c\u017drtve ratova i dr\u017eavnog\/politi\u010dkog nasilja u hrvatskoj povijesti 20. stolje\u0107a\u201d. Projekt \u0107e provoditi i koordinirati Hrvatski institut za povijest u razdoblju trajanja projekta od pet godina. Zakljucak Vlade RH Iz teksta projektnog prijedloga: Problematika\u2026","rel":"","context":"U &quot;Novosti&quot;","block_context":{"text":"Novosti","link":"https:\/\/historiografija.hr\/?cat=3"},"img":{"alt_text":"","src":"https:\/\/i0.wp.com\/historiografija.hr\/wp-content\/uploads\/2026\/04\/Vlada-RH.jpg?fit=1200%2C557&ssl=1&resize=350%2C200","width":350,"height":200,"srcset":"https:\/\/i0.wp.com\/historiografija.hr\/wp-content\/uploads\/2026\/04\/Vlada-RH.jpg?fit=1200%2C557&ssl=1&resize=350%2C200 1x, https:\/\/i0.wp.com\/historiografija.hr\/wp-content\/uploads\/2026\/04\/Vlada-RH.jpg?fit=1200%2C557&ssl=1&resize=525%2C300 1.5x, https:\/\/i0.wp.com\/historiografija.hr\/wp-content\/uploads\/2026\/04\/Vlada-RH.jpg?fit=1200%2C557&ssl=1&resize=700%2C400 2x, https:\/\/i0.wp.com\/historiografija.hr\/wp-content\/uploads\/2026\/04\/Vlada-RH.jpg?fit=1200%2C557&ssl=1&resize=1050%2C600 3x"},"classes":[]}],"_links":{"self":[{"href":"https:\/\/historiografija.hr\/index.php?rest_route=\/wp\/v2\/posts\/2302","targetHints":{"allow":["GET"]}}],"collection":[{"href":"https:\/\/historiografija.hr\/index.php?rest_route=\/wp\/v2\/posts"}],"about":[{"href":"https:\/\/historiografija.hr\/index.php?rest_route=\/wp\/v2\/types\/post"}],"author":[{"embeddable":true,"href":"https:\/\/historiografija.hr\/index.php?rest_route=\/wp\/v2\/users\/1"}],"replies":[{"embeddable":true,"href":"https:\/\/historiografija.hr\/index.php?rest_route=%2Fwp%2Fv2%2Fcomments&post=2302"}],"version-history":[{"count":0,"href":"https:\/\/historiografija.hr\/index.php?rest_route=\/wp\/v2\/posts\/2302\/revisions"}],"wp:attachment":[{"href":"https:\/\/historiografija.hr\/index.php?rest_route=%2Fwp%2Fv2%2Fmedia&parent=2302"}],"wp:term":[{"taxonomy":"category","embeddable":true,"href":"https:\/\/historiografija.hr\/index.php?rest_route=%2Fwp%2Fv2%2Fcategories&post=2302"},{"taxonomy":"post_tag","embeddable":true,"href":"https:\/\/historiografija.hr\/index.php?rest_route=%2Fwp%2Fv2%2Ftags&post=2302"}],"curies":[{"name":"wp","href":"https:\/\/api.w.org\/{rel}","templated":true}]}}