{"id":2296,"date":"2016-05-24T22:00:05","date_gmt":"2016-05-24T22:00:05","guid":{"rendered":"http:\/\/historiografija.hr\/?p=2296"},"modified":"2016-05-24T22:00:05","modified_gmt":"2016-05-24T22:00:05","slug":"podrska-cjelovitoj-kurikularnoj-reformi","status":"publish","type":"post","link":"https:\/\/historiografija.hr\/?p=2296","title":{"rendered":"Podr\u0161ka Cjelovitoj kurikularnoj reformi"},"content":{"rendered":"<style> <!--  \/* Font Definitions *\/  @font-face \t{font-family:Calibri; \tpanose-1:2 15 5 2 2 2 4 3 2 4; \tmso-font-charset:238; \tmso-generic-font-family:swiss; \tmso-font-pitch:variable; \tmso-font-signature:-1610611985 1073750139 0 0 159 0;}  \/* Style Definitions *\/  p.MsoNormal, li.MsoNormal, div.MsoNormal \t{mso-style-unhide:no; \tmso-style-qformat:yes; \tmso-style-parent:\"\"; \tmargin-top:0cm; \tmargin-right:0cm; \tmargin-bottom:10.0pt; \tmargin-left:0cm; \tline-height:115%; \tmso-pagination:widow-orphan; \tfont-size:11.0pt; \tfont-family:\"Calibri\",\"sans-serif\"; \tmso-ascii-font-family:Calibri; \tmso-ascii-theme-font:minor-latin; \tmso-fareast-font-family:Calibri; \tmso-fareast-theme-font:minor-latin; \tmso-hansi-font-family:Calibri; \tmso-hansi-theme-font:minor-latin; \tmso-bidi-font-family:\"Times New Roman\"; \tmso-bidi-theme-font:minor-bidi; \tmso-ansi-language:EN-GB; \tmso-fareast-language:EN-US;} .MsoChpDefault \t{mso-style-type:export-only; \tmso-default-props:yes; \tmso-ascii-font-family:Calibri; \tmso-ascii-theme-font:minor-latin; \tmso-fareast-font-family:Calibri; \tmso-fareast-theme-font:minor-latin; \tmso-hansi-font-family:Calibri; \tmso-hansi-theme-font:minor-latin; \tmso-bidi-font-family:\"Times New Roman\"; \tmso-bidi-theme-font:minor-bidi; \tmso-ansi-language:EN-GB; \tmso-fareast-language:EN-US;} .MsoPapDefault \t{mso-style-type:export-only; \tmargin-bottom:10.0pt; \tline-height:115%;} @page Section1 \t{size:612.0pt 792.0pt; \tmargin:70.85pt 70.85pt 70.85pt 70.85pt; \tmso-header-margin:36.0pt; \tmso-footer-margin:36.0pt; \tmso-paper-source:0;} div.Section1 \t{page:Section1;} --> <\/style>\n<p class=\"MsoNormal\" align=\"justify\"><span lang=\"EN-GB\">Povodom dana\u0161njeg zahtjeva za razrje\u0161enjem voditelja i \u010dlanova Ekspertne radne skupine za provo\u0111enje Cjelovite kurikularne reforme portal Historiografija.hr izra\u017eava svoju potpunu podr\u0161ku provedbi Cjelovite kurikularne reforme.<\/span><\/p>\n<p class=\"MsoNormal\" align=\"justify\"><span lang=\"EN-GB\">&nbsp;<\/span><\/p>\n<p class=\"MsoNormal\" align=\"justify\"><span lang=\"EN-GB\">&#8212;<\/span><\/p>\n<p class=\"MsoNormal\" align=\"justify\"><b style=\"mso-bidi-font-weight:normal\"><span lang=\"EN-GB\">&nbsp;<\/span><\/b><\/p>\n<p class=\"MsoNormal\" align=\"justify\"><b style=\"mso-bidi-font-weight:normal\"><span lang=\"EN-GB\">Odstupila radna skupina za reformu kurikuluma; \u0160ustar ne prihva\u0107a razrje\u0161enje<\/span><\/b><\/p>\n<p class=\"MsoNormal\" align=\"justify\"><span lang=\"EN-GB\">&nbsp;<\/span><\/p>\n<p class=\"MsoNormal\" align=\"justify\"><b style=\"mso-bidi-font-weight:normal\"><i style=\"mso-bidi-font-style: normal\"><span lang=\"EN-GB\">Ministar znanosti, obrazovanja i sporta Predrag \u0160ustar kazao je da kurikularna reforma ide dalje i da je u tome dobila jednoglasnu potporu Vlade RH. Ne prihva\u0107am zatra\u017eeno razrje\u0161nje ekspertne radne skupine. Ako smo uistinu posve\u0107eni provedbi cjelovite kurikularne reforme, preuzmimo odgovornosti koje su nam povjerene.<\/span><\/i><\/b><\/p>\n<p class=\"MsoNormal\" align=\"justify\"><span lang=\"EN-GB\">&nbsp;<\/span><\/p>\n<p class=\"MsoNormal\" align=\"justify\"><span lang=\"EN-GB\">Vi\u0161e o ovoj temi bit \u0107e na konferenciji za novinare 27. svibnja u 10 sati u Ministarstvu znanosti, obrazovanja i sporta.<span style=\"mso-spacerun:yes\">&nbsp; <\/span><\/span><\/p>\n<p class=\"MsoNormal\" align=\"justify\"><span lang=\"EN-GB\">&nbsp;<\/span><\/p>\n<p class=\"MsoNormal\" align=\"justify\"><span lang=\"EN-GB\">Prijepodne je Boris Joki\u0107, govore\u0107i u ime ekspertne radne skupine za provo\u0111enje kurikularne reforme kazao: &#8220;Struka mora biti ispred politike. Bili smo spremni na pro\u0161irenje ove skupine, ali ne mo\u017eemo pristati na politi\u010dke pritiske &#8211; zato od ministra tra\u017eimo na\u0161e razrje\u0161enje&#8221;. Nadamo se da \u0107e se proces nastaviti i spremni smo u tome pomo\u0107i, poru\u010dio je te dodao kako dru\u0161tvo mora &#8216;odrasti&#8217; i pomiriti se s \u010dinjenicom da u nekim stvarima za politiku nema mjesta.<\/span><\/p>\n<p class=\"MsoNormal\" align=\"justify\"><span lang=\"EN-GB\">&nbsp;<\/span><\/p>\n<p class=\"MsoNormal\" align=\"justify\"><span lang=\"EN-GB\">Joki\u0107 smatra kako ministar znanosti, obrazovanja i sporta Predrag \u0160ustar \u017eeli ovu reformu, ali &#8220;da su utjecaj na klju\u010dne odluke u dru\u0161tvu dobile neke marginalne skuupine i stranke&#8221;. &#8220;Hrast je skupina koja vr\u0161i pritiske&#8221;, odgovorio je na pitanje novinara Joki\u0107. &#8220;Nemamo moralni integritet nastaviti na ovakav na\u010din i iskreno se nadam da \u0107e hrvatska smo\u0107i snage da nastavi ovaj proces&#8221;, zaklju\u010dio je Joki\u0107. Zahvalio je svim \u010dlanovima radne skupine za reformu \u0161kolstva, ravnateljima i obrazovnim djelatnicima, djelatnicima Ministarstva, sindikatima, vjerskim skupinama, biv\u0161im ministrima te svim \u010dlanovima koji su radili na dokumentima i sudjelovali raspravi o kurikularnoj reformi. Zahvalio se i predsjednici republike Kolindi Grabar-Kitarovi\u0107 te \u0161efu HDZ-a Tomislavu Karamarku.<\/span><\/p>\n<p class=\"MsoNormal\" align=\"justify\"><span lang=\"EN-GB\">&nbsp;<\/span><\/p>\n<p class=\"MsoNormal\" align=\"justify\"><span lang=\"EN-GB\">&nbsp;<\/span><\/p>\n<p class=\"MsoNormal\" align=\"justify\"><span lang=\"EN-GB\">&nbsp;<\/span><\/p>\n<p class=\"MsoNormal\" align=\"justify\"><span lang=\"EN-GB\">&nbsp;<\/span><\/p>\n<p class=\"MsoNormal\" align=\"justify\"><span lang=\"EN-GB\">Predsjednica saborskog Odbora za obrazovanje Gordana Rusak kazala je da joj je \u017eao zbog ostavke Ekspertne skupine za provedbu kurikularne reforme na \u010delu s Borisom Joki\u0107em . Oni koji su &#8216;za&#8217; reformu su po tome i za Joki\u0107a, dok su oni koji su &#8216;protiv&#8217; njega ujedno i protiv reforme. To je potpuno pogre\u0161an pristup, kazala je.<\/span><\/p>\n<p class=\"MsoNormal\" align=\"justify\"><span lang=\"EN-GB\">&nbsp;<\/span><\/p>\n<p class=\"MsoNormal\" align=\"justify\"><span lang=\"EN-GB\">&#8220;Ljudima koji su radili na kurikularnoj reformi cijela Hrvatska treba zahvaliti&#8221;, izjavila je \u010dlanica saborskog odbora za znanost Sabina Glasovac (SDP). &#8220;Ovo je jedina reforma koju je Vlada mogla provesti u ovom trenutku. Nekomu o\u010dito ne odgovara stru\u010dnost, nego bi radije da se ovim putem mijenjaju svjetonazorska pitanja&#8221;, poru\u010dila je Glasovac koja je uime SDP-a zatra\u017eila ostavku ministra Predraga \u0160ustara. &#8220;Propustio je reagirati, brani se \u0161utnjom, a odluke u njegovom resoru donosi netko drugi&#8221;, naglasila je. &#8220;SDP i dalje inzistira na provo\u0111enju obraznovne reforme kako bi na\u0161a djeca nakon zavr\u0161etka \u0161kolovanja postala samomisle\u0107i ljudi&#8221;, dodala je te poru\u010dila kako \u0107e &#8220;veoma brzo do\u0107i vrijeme kad \u0107e ova destruktivna Vlada morati mjesto prepustiti drugima&#8221;.<\/span><\/p>\n<p class=\"MsoNormal\" align=\"justify\"><span lang=\"EN-GB\">&nbsp;<\/span><\/p>\n<p class=\"MsoNormal\" align=\"justify\"><span lang=\"EN-GB\">&nbsp;<\/span><\/p>\n<p class=\"MsoNormal\" align=\"justify\"><span lang=\"EN-GB\">&nbsp;<\/span><\/p>\n<p class=\"MsoNormal\" align=\"justify\"><span lang=\"EN-GB\">&nbsp;<\/span><\/p>\n<p class=\"MsoNormal\" align=\"justify\"><span lang=\"EN-GB\">Sindikat Preporod ocijenio je da vlast nije iskoristila posljednju priliku da sa\u010duva svoj reformski karakter. &#8220;Umjesto da se prihvate opravdani zahtjevi \u010dlanova skupine, napose da se isplate svi dugovi prema u\u010diteljima i nastavnicima uklju\u010denima u projekt, vlast je dovela u pitanje nastavak projekta i upropa\u0161ten je ozbiljan posao vi\u0161e stotina entuzijasta. Nakon \u0161to je zahtjeve hrabro od\u0161utio, Predragu \u0160ustaru preostalo je tek podnijeti neopozivu ostavku i tako spasiti barem vlastiti obraz&#8221;, navodi u priop\u0107enju predsjednik sindikata \u017deljko Stipi\u0107.<\/span><\/p>\n<p class=\"MsoNormal\" align=\"justify\"><span lang=\"EN-GB\">&nbsp;<\/span><\/p>\n<p class=\"MsoNormal\" align=\"justify\"><span lang=\"EN-GB\">Nacionalno vije\u0107e u\u010denika Republike Hrvatske izra\u017eava duboko \u017ealjenje zbog zahtjeva za razrje\u0161enje voditelja i \u010dlanova stru\u010dne radne skupine koja je radila na cjelovitoj kurikularnoj reformi. Svi profesori i stru\u010dnjaci koji su radili na ovoj reformi vi\u0161e od 16 mjeseci (njih vi\u0161e od 400) ulo\u017eili su golemi trud u izradu novih kurikularnih dokumenata kako bi pobolj\u0161ali obrazovni sustav RH. Nacionalno vije\u0107e u\u010denika, kao najve\u0107e predstavni\u010dko tijelo u\u010denika u RH izra\u017eava veliko nezadovoljstvo zbog uplitanja politike u ovu reformu. Smatramo da je ovo jedna od rijetkih pozitivnih inicijativa u na\u0161oj dr\u017eavi i da je struka morala imati prednost ispred politike, navodi, me\u0111u ostalim, Nacionalno vije\u0107e u\u010denika RH.<\/span><\/p>\n<p class=\"MsoNormal\" align=\"justify\"><span lang=\"EN-GB\">&nbsp;<\/span><\/p>\n<p class=\"MsoNormal\" align=\"justify\"><span lang=\"EN-GB\">U HNS-u ostavku \u010dlanova radne skupine za reformu \u0161kolstva ocjenjuju najve\u0107om sramotom ove Vlade koja je svojim mije\u0161anjem u reformu onemogu\u0107ila neovisni rad stru\u010dnjaka. &#8220;Umjesto da u 21. stolje\u0107u govorimo o napretku i cjelo\u017eivotnom obrazovanju kao neminovnosti dana\u0161njeg vremena, Hrvatska se, na na\u0161u \u017ealost, susre\u0107e sa stopiranjem najva\u017enije od svih reformi &#8211; reforme \u0161kolstva&#8221;, ka\u017eu u priop\u0107enju.<\/span><\/p>\n<p class=\"MsoNormal\" align=\"justify\"><span lang=\"EN-GB\">&nbsp;<\/span><\/p>\n<p class=\"MsoNormal\" align=\"justify\"><span lang=\"EN-GB\">Stranka Hrid usprotivila se svakom politi\u010dkom pritisku na stru\u010dnjake uklju\u010dene u posao u vezi s kurikularnom reformom. &#8220;Apeliramo da se prestane raditi po \u0161tetnom principu da sa svakom novom smjenom vlasti po\u010dinje &#8216;nova era&#8217;. Zar ni u \u010demu ne mo\u017ee biti kontinuiteta?! Pita li se itko od njih kako \u0107e 65 tisu\u0107a u\u010ditelja i nastavnika nakon posljednjih doga\u0111aja biti motivirani i anga\u017eirani da bi mogli obrazovati u\u010denike na druk\u010diji na\u010din i pripremiti ih za budu\u0107nost&#8221;, ocijenili su u Hridu.<\/span><\/p>\n<p class=\"MsoNormal\" align=\"justify\"><span lang=\"EN-GB\">&nbsp;<\/span><\/p>\n<p class=\"MsoNormal\" align=\"justify\"><span lang=\"EN-GB\">Ina\u010de, skupina za provedbu reforme kurikuluma je prije dva dana dala rok ministru znanosti, obrazovanja i sporta Predragu \u0160ustaru da se danas do 10 sati o\u010dituje o njihovim zahtjevima ili \u0107e odstupiti. Zahtijevali su da ministar odbaci zaklju\u010dke saborskog Odbora za znanost, koji smatra da ekspertnu skupinu treba pro\u0161iriti s deset \u010dlanova iz razli\u010ditih podru\u010dja kako bi u pro\u0161irenom sastavu razmotrili prijedloge iz stru\u010dne i javne rasprave i primijenili one koje ocijene relevantnima. \u010clanovi stru\u010dne skupine smatraju da se tako zapravo njima iskazuje nepovjerenje, a reforma obrazovanja prekida. Ministar \u0160ustar najavio je svoju konferenciju za novinare &#8211; tek za petak.<\/span><\/p>\n<p class=\"MsoNormal\" align=\"justify\"><span lang=\"EN-GB\">&nbsp;<\/span><\/p>\n<p class=\"MsoNormal\" align=\"justify\"><span lang=\"EN-GB\">Izvor: http:\/\/vijesti.hrt.hr\/336421\/odstupa-li-ekspertna-radna-skupina-za-reformu-kurikuluma<\/span><\/p>\n<p class=\"MsoNormal\"><span lang=\"EN-GB\">&nbsp;<\/span><\/p>\n<p class=\"MsoNormal\"><span lang=\"EN-GB\">&nbsp;<\/span><\/p>\n","protected":false},"excerpt":{"rendered":"","protected":false},"author":1,"featured_media":0,"comment_status":"open","ping_status":"open","sticky":false,"template":"","format":"standard","meta":{"_acf_changed":false,"jetpack_post_was_ever_published":false,"_jetpack_newsletter_access":"","_jetpack_dont_email_post_to_subs":false,"_jetpack_newsletter_tier_id":0,"_jetpack_memberships_contains_paywalled_content":false,"_jetpack_memberships_contains_paid_content":false,"footnotes":"","jetpack_publicize_message":"","jetpack_publicize_feature_enabled":true,"jetpack_social_post_already_shared":false,"jetpack_social_options":{"image_generator_settings":{"template":"highway","default_image_id":0,"font":"","enabled":false},"version":2}},"categories":[3],"tags":[],"class_list":["post-2296","post","type-post","status-publish","format-standard","hentry","category-novosti"],"acf":{"facebook_opis":""},"jetpack_publicize_connections":[],"jetpack_featured_media_url":"","jetpack_sharing_enabled":true,"jetpack-related-posts":[{"id":52505,"url":"https:\/\/historiografija.hr\/?p=52505","url_meta":{"origin":2296,"position":0},"title":"Izlo\u017eba &#8220;Eschenstock \/ Jasenov prut&#8221;","author":"Branimir Jankovi\u0107","date":"17. travnja 2026.","format":false,"excerpt":"Srpsko narodno vije\u0107e (SNV) i Vizura aperta postavljaju izlo\u017ebu \u0161vicarskog slikara Velimira Ili\u0161evi\u0107a: Eschenstock \/ Jasenov prut. Izlo\u017eba se uz prisustvo autora otvara povodom 81. godi\u0161njice proboja logora\u0161a iz usta\u0161kog logora smrti Jasenovac 22. aprila 2026. u 19 sati u Srpskom kulturnom centru (SKC) u Preradovi\u0107evoj ulici 21 u Zagrebu.\u2026","rel":"","context":"U &quot;Izlo\u017ebe&quot;","block_context":{"text":"Izlo\u017ebe","link":"https:\/\/historiografija.hr\/?cat=10"},"img":{"alt_text":"","src":"https:\/\/i0.wp.com\/historiografija.hr\/wp-content\/uploads\/2026\/04\/Jasenov_prut.jpg?fit=1024%2C640&ssl=1&resize=350%2C200","width":350,"height":200,"srcset":"https:\/\/i0.wp.com\/historiografija.hr\/wp-content\/uploads\/2026\/04\/Jasenov_prut.jpg?fit=1024%2C640&ssl=1&resize=350%2C200 1x, https:\/\/i0.wp.com\/historiografija.hr\/wp-content\/uploads\/2026\/04\/Jasenov_prut.jpg?fit=1024%2C640&ssl=1&resize=525%2C300 1.5x, https:\/\/i0.wp.com\/historiografija.hr\/wp-content\/uploads\/2026\/04\/Jasenov_prut.jpg?fit=1024%2C640&ssl=1&resize=700%2C400 2x"},"classes":[]},{"id":52439,"url":"https:\/\/historiografija.hr\/?p=52439","url_meta":{"origin":2296,"position":1},"title":"Tribina &#8220;Ahmi\u0107i 33 godine kasnije: Ne u na\u0161e ime&#8221;","author":"Branimir Jankovi\u0107","date":"16. travnja 2026.","format":false,"excerpt":"U \u010detvrtak, 16. travnja 2026. u 17 sati u Knji\u017enici i \u010ditaonici Bogdana Ogrizovi\u0107a u Zagrebu odr\u017eat \u0107e se tribina pod nazivom Ahmi\u0107i 33 godine kasnije: Ne u na\u0161e ime. Na tribini \u0107e govoriti Ivica \u0110iki\u0107, novinar, Mubera Masli\u0107 \u2013 \u017ddralovi\u0107, aktivistikinja, prevoditeljica za arapski, Domagoj Fuk, student politologije, \u010dlan\u2026","rel":"","context":"U &quot;Novosti&quot;","block_context":{"text":"Novosti","link":"https:\/\/historiografija.hr\/?cat=3"},"img":{"alt_text":"","src":"https:\/\/i0.wp.com\/historiografija.hr\/wp-content\/uploads\/2026\/04\/Zagreb_2026.jpeg?fit=1200%2C900&ssl=1&resize=350%2C200","width":350,"height":200,"srcset":"https:\/\/i0.wp.com\/historiografija.hr\/wp-content\/uploads\/2026\/04\/Zagreb_2026.jpeg?fit=1200%2C900&ssl=1&resize=350%2C200 1x, https:\/\/i0.wp.com\/historiografija.hr\/wp-content\/uploads\/2026\/04\/Zagreb_2026.jpeg?fit=1200%2C900&ssl=1&resize=525%2C300 1.5x, https:\/\/i0.wp.com\/historiografija.hr\/wp-content\/uploads\/2026\/04\/Zagreb_2026.jpeg?fit=1200%2C900&ssl=1&resize=700%2C400 2x, https:\/\/i0.wp.com\/historiografija.hr\/wp-content\/uploads\/2026\/04\/Zagreb_2026.jpeg?fit=1200%2C900&ssl=1&resize=1050%2C600 3x"},"classes":[]},{"id":52539,"url":"https:\/\/historiografija.hr\/?p=52539","url_meta":{"origin":2296,"position":2},"title":"Drugi po redu studentski simpozij &#8220;In fonte veritas&#8221;","author":"Branimir Jankovi\u0107","date":"20. travnja 2026.","format":false,"excerpt":"U srijedu, 22. travnja 2026. godine, u dvorani C 0.4 na Hrvatskom katoli\u010dkom sveu\u010dili\u0161tu odr\u017eat \u0107e se drugi studentski simpozij \u201eIn fonte veritas\". Ovogodi\u0161nja sredi\u0161nja tema simpozija je Papinstvo. Kroz istra\u017eiva\u010dko suo\u010davanje s povijesnim izvorima deset \u0107e studenata predstaviti rezultate svojih istra\u017eivanja o instituciji koja je stolje\u0107ima oblikovala europsku i\u2026","rel":"","context":"U &quot;Novosti&quot;","block_context":{"text":"Novosti","link":"https:\/\/historiografija.hr\/?cat=3"},"img":{"alt_text":"","src":"https:\/\/i0.wp.com\/historiografija.hr\/wp-content\/uploads\/2026\/04\/Papinstvo.png?fit=1024%2C500&ssl=1&resize=350%2C200","width":350,"height":200,"srcset":"https:\/\/i0.wp.com\/historiografija.hr\/wp-content\/uploads\/2026\/04\/Papinstvo.png?fit=1024%2C500&ssl=1&resize=350%2C200 1x, https:\/\/i0.wp.com\/historiografija.hr\/wp-content\/uploads\/2026\/04\/Papinstvo.png?fit=1024%2C500&ssl=1&resize=525%2C300 1.5x, https:\/\/i0.wp.com\/historiografija.hr\/wp-content\/uploads\/2026\/04\/Papinstvo.png?fit=1024%2C500&ssl=1&resize=700%2C400 2x"},"classes":[]},{"id":52556,"url":"https:\/\/historiografija.hr\/?p=52556","url_meta":{"origin":2296,"position":3},"title":"ZagrebDox 2026.","author":"Branimir Jankovi\u0107","date":"20. travnja 2026.","format":false,"excerpt":"Me\u0111unarodni festival dokumentarnog filma 19. - 26. travnja 2026. Kaptol Boutique Cinema, Zagreb Program i dodatne obavijesti: https:\/\/zagrebdox.net\/hr","rel":"","context":"U &quot;Filmovi i serije&quot;","block_context":{"text":"Filmovi i serije","link":"https:\/\/historiografija.hr\/?cat=13"},"img":{"alt_text":"","src":"https:\/\/i0.wp.com\/historiografija.hr\/wp-content\/uploads\/2026\/04\/DOX-logo.jpg?fit=600%2C600&ssl=1&resize=350%2C200","width":350,"height":200,"srcset":"https:\/\/i0.wp.com\/historiografija.hr\/wp-content\/uploads\/2026\/04\/DOX-logo.jpg?fit=600%2C600&ssl=1&resize=350%2C200 1x, https:\/\/i0.wp.com\/historiografija.hr\/wp-content\/uploads\/2026\/04\/DOX-logo.jpg?fit=600%2C600&ssl=1&resize=525%2C300 1.5x"},"classes":[]},{"id":52699,"url":"https:\/\/historiografija.hr\/?p=52699","url_meta":{"origin":2296,"position":4},"title":"Sve\u010dano otvaranje Festivala povijesti Kliofest","author":"Filip \u0160imunjak","date":"28. travnja 2026.","format":false,"excerpt":"Pozivamo Vas na sve\u010dano otvaranje XIII. Festivala povijesti Kliofest, u utorak, 5. svibnja 2026. u Nacionalnoj i sveu\u010dili\u0161noj knji\u017enici u Zagrebu, s po\u010detkom u 11 sati. Cijeli program skupa mo\u017eete poglededati na www.kliofest.hr te https:\/\/historiografija.hr\/?p=52681.","rel":"","context":"U &quot;Novosti&quot;","block_context":{"text":"Novosti","link":"https:\/\/historiografija.hr\/?cat=3"},"img":{"alt_text":"","src":"https:\/\/i0.wp.com\/historiografija.hr\/wp-content\/uploads\/2026\/04\/Otvaranje-Kliofest-2026.jpg?fit=1200%2C566&ssl=1&resize=350%2C200","width":350,"height":200,"srcset":"https:\/\/i0.wp.com\/historiografija.hr\/wp-content\/uploads\/2026\/04\/Otvaranje-Kliofest-2026.jpg?fit=1200%2C566&ssl=1&resize=350%2C200 1x, https:\/\/i0.wp.com\/historiografija.hr\/wp-content\/uploads\/2026\/04\/Otvaranje-Kliofest-2026.jpg?fit=1200%2C566&ssl=1&resize=525%2C300 1.5x, https:\/\/i0.wp.com\/historiografija.hr\/wp-content\/uploads\/2026\/04\/Otvaranje-Kliofest-2026.jpg?fit=1200%2C566&ssl=1&resize=700%2C400 2x, https:\/\/i0.wp.com\/historiografija.hr\/wp-content\/uploads\/2026\/04\/Otvaranje-Kliofest-2026.jpg?fit=1200%2C566&ssl=1&resize=1050%2C600 3x"},"classes":[]},{"id":52613,"url":"https:\/\/historiografija.hr\/?p=52613","url_meta":{"origin":2296,"position":5},"title":"No\u0107 knjige u Hrvatskom dr\u017eavnom arhivu","author":"Branimir Jankovi\u0107","date":"22. travnja 2026.","format":false,"excerpt":"Predstavljanje knjige Rajke Bu\u0107in \u201dLije\u010denje i zbrinjavanje \u017didova u Bolnici sestara milosrdnica u Zagrebu 1941. \u2013 1945.\u201d u \u010detvrtak, 23. travnja 2026. u 13 sati u Hrvatskom dr\u017eavnom arhivu u Zagrebu. Izvor: https:\/\/www.arhiv.hr\/hr-hr\/Kulturno-prosvjetne-aktivnosti\/ArticleId\/1986\/oamid\/1633","rel":"","context":"U &quot;Novosti&quot;","block_context":{"text":"Novosti","link":"https:\/\/historiografija.hr\/?cat=3"},"img":{"alt_text":"","src":"https:\/\/i0.wp.com\/historiografija.hr\/wp-content\/uploads\/2026\/04\/noc_knjige_2026.jpg?fit=680%2C276&ssl=1&resize=350%2C200","width":350,"height":200,"srcset":"https:\/\/i0.wp.com\/historiografija.hr\/wp-content\/uploads\/2026\/04\/noc_knjige_2026.jpg?fit=680%2C276&ssl=1&resize=350%2C200 1x, https:\/\/i0.wp.com\/historiografija.hr\/wp-content\/uploads\/2026\/04\/noc_knjige_2026.jpg?fit=680%2C276&ssl=1&resize=525%2C300 1.5x"},"classes":[]}],"_links":{"self":[{"href":"https:\/\/historiografija.hr\/index.php?rest_route=\/wp\/v2\/posts\/2296","targetHints":{"allow":["GET"]}}],"collection":[{"href":"https:\/\/historiografija.hr\/index.php?rest_route=\/wp\/v2\/posts"}],"about":[{"href":"https:\/\/historiografija.hr\/index.php?rest_route=\/wp\/v2\/types\/post"}],"author":[{"embeddable":true,"href":"https:\/\/historiografija.hr\/index.php?rest_route=\/wp\/v2\/users\/1"}],"replies":[{"embeddable":true,"href":"https:\/\/historiografija.hr\/index.php?rest_route=%2Fwp%2Fv2%2Fcomments&post=2296"}],"version-history":[{"count":0,"href":"https:\/\/historiografija.hr\/index.php?rest_route=\/wp\/v2\/posts\/2296\/revisions"}],"wp:attachment":[{"href":"https:\/\/historiografija.hr\/index.php?rest_route=%2Fwp%2Fv2%2Fmedia&parent=2296"}],"wp:term":[{"taxonomy":"category","embeddable":true,"href":"https:\/\/historiografija.hr\/index.php?rest_route=%2Fwp%2Fv2%2Fcategories&post=2296"},{"taxonomy":"post_tag","embeddable":true,"href":"https:\/\/historiografija.hr\/index.php?rest_route=%2Fwp%2Fv2%2Ftags&post=2296"}],"curies":[{"name":"wp","href":"https:\/\/api.w.org\/{rel}","templated":true}]}}