{"id":22952,"date":"2020-10-07T07:56:00","date_gmt":"2020-10-07T07:56:00","guid":{"rendered":"http:\/\/historiografija.hr\/?p=22952"},"modified":"2020-10-07T07:57:54","modified_gmt":"2020-10-07T07:57:54","slug":"41-zagrebacki-knjizevni-razgovori-knjizevnost-i-pamcenje","status":"publish","type":"post","link":"https:\/\/historiografija.hr\/?p=22952","title":{"rendered":"41. Zagreba\u010dki knji\u017eevni razgovori \u2013 Knji\u017eevnost i pam\u0107enje"},"content":{"rendered":"\n<p>Dru\u0161tvo hrvatskih knji\u017eevnika po\u010detkom listopada tradicionalno organizira Zagreba\u010dke knji\u017eevne razgovore \u2013&nbsp; jednu od najdugovje\u010dnijih knji\u017eevnih manifestacija u Republici Hrvatskoj i \u0161ire. Rije\u010d je o kultnom knji\u017eevnom susretanju utemeljenom koncem \u0161ezdesetih godina pro\u0161log stolje\u0107a, koje u Zagrebu ugo\u0161\u0107uje ugledne pisce, jezikoslovce, knji\u017eevne kriti\u010dare, prevoditelje i kulturologe iz zemlje i svijeta. Objavljivanjem osobito zapa\u017eenih predavanja i tekstova, koje je na Zagreba\u010dkim knji\u017eevnim razgovorima do sada izlo\u017eilo gotovo tisu\u0107u (!) sudionika, ostvaruje se dvojaka uloga ove manifestacije: poti\u010de se knji\u017eevni govor, ali i pisano pam\u0107enje. Izlo\u017eena predavanja i tekstovi objavljuje i periodika DHK-a (\u010dasopisi &#8220;Republika&#8221; i &#8220;Most&#8221;) \u010dime se stje\u010de uvid u razvoj promi\u0161ljanja knji\u017eevnosti, a Zagreba\u010dki knji\u017eevni razgovori kao i Dru\u0161tvo hrvatskih knji\u017eevnika postavljaju temelje za nova kulturolo\u0161ka istra\u017eivanja.<\/p>\n\n\n\n<p><br>U godini izazova kakvima su pandemija uzrokovana COVID-19 te nizovi potresa u gradu Zagrebu ovogodi\u0161nji Zagreba\u010dki knji\u017eevni razgovori naslovljeni su <em>Knji\u017eevnost i pam\u0107enje<\/em>. Nazivom se simboli\u010dki poziva na promi\u0161ljanje 2020. godine kao godine u kojoj je kultura pomicala granice svoga uobi\u010dajenog djelovanja, a naslovnicom programske publikacije na pam\u0107enje razornog djelovanja potresa i \u0161tete nastale u prostorima DHK-a koje je 22. o\u017eujka 2020. zabilje\u017eila Maja Kolman Maksimiljanovi\u0107. Podsje\u0107amo da je upravo 2020. Dru\u0161tvo hrvatskih knji\u017eevnika napunilo 120 godina, ali ih jo\u0161 nije uspjelo proslaviti.<\/p>\n\n\n\n<p><br>Unato\u010d brojnim izazovima 41. Zagreba\u010dki knji\u017eevni razgovori odr\u017eat \u0107e se u obnovljenim prostorima DHK-a te \u0107e se time ujedno i radno i skromno proslaviti nastavak djelovanja Dru\u0161tva smje\u0161tenog na Trgu Bana Jela\u010di\u0107a.<\/p>\n\n\n\n<p><br>U 41. Zagreba\u010dkim knji\u017eevnim razgovorima u\u017eivo i putem video-veze o\u010dekujemo sudjelovanje 12 sudionika iz zemlje i inozemstva. Poveznice&nbsp;za pra\u0107enje&nbsp;&#8220;live streaminga&#8221; (platforme: Youtube, Facebook) objavit \u0107emo u narednim danima na webu DHK-a.<\/p>\n\n\n\n<p>P R O G R A M&nbsp;<\/p>\n\n\n\n<p>Srijeda, 7. listopada 2020.<br>20.00 SVE\u010cANO OTVARANJE, Pozdravna rije\u010d Zlatko Krili\u0107, predsjednik DHK i Dubravko Jela\u010di\u0107 Bu\u017eimski predsjednik Povjerenstva za Zagreba\u010dke knji\u017eevne razgovore<br><br><strong>\u010cetvrtak, 8. listopada 2020.&nbsp;<\/strong><\/p>\n\n\n\n<p>PRVA RADNA SJEDNICA<br>10.00 \u2013 10.30<br>Maciej Czerwi\u0144ski (Poljska): Kakvu istinu pamti fikcija<br>10.30 -11.00<br>Mirko \u0106uri\u0107 (Hrvatska): Mjere protiv sile \u2013 uloga pam\u0107enja u odnosu prema knji\u017eevnosti i vlasti kod Maria Vargasa Llose i Ive Andri\u0107a<br>11.00-11.30<br>Tihomir Glowatzky (Njema\u010dka): Kultura pam\u0107enja u romanima Nedjeljka Fabrija<br>11.30 \u201312.30 STANKA<br>12.30 \u2013 13.00<br>Svjetlan Lacko Viduli\u0107 (Hrvatska): Knji\u017eevnost, pam\u0107enje, zaborav: Peter Handke<br>13.00 \u2013 13.30<br>Leszek Ma\u0142czak (Poljska): Poljsko pam\u0107enje o hrvatskoj kulturnoj ba\u0161tini i prijevodi starijih djela hrvatske knji\u017eevnosti na poljski jezik<br>13.30 \u2013 14.00<br>Lahorka Pleji\u0107 Poje (Hrvatska): Uplakana Hrvatska, pam\u0107enje i zaborav<\/p>\n\n\n\n<p><strong>Petak, 9. listopada 2020.&nbsp;<\/strong><\/p>\n\n\n\n<p>DRUGA RADNA SJEDNICA<br>10.00 \u2013 10.30<br>Branko Ru\u017ei\u0107 (Velika Britanija): Nevidljive niti memorije (od Prousta do Eliota)<br>10.30 \u2013 11.00<br>Jelena \u0160esni\u0107 (Hrvatska): Goli otok kao \u201emjesto sje\u0107anja\u201c u knji\u017eevnosti svjedo\u010denja<br>11.00 \u2013 11.30<br>Ivan Trojan (Hrvatska): Dvojica zatomljenih hrvatskih kazali\u0161nih kriti\u010dara: Martin Roboti\u0107 i Mirko Jirsak<br>11.30 \u2013 12.30 STANKA<br>12.30 \u2013 13.00<br>Davor Velni\u0107 (Hrvatska): Zavi\u010daj je grobi\u0161te<br>13.00 \u2013 13.30<br>Igor \u017dic (Hrvatska): Gabriele D&#8217;Annunzio i Rijeka: politika, knji\u017eevnost, sje\u0107anja<br>13.30 \u2013 14.00<br>Tomislav \u017digmanov (Srbija): Sadr\u017eaj sje\u0107anja na Domovinski rat u knji\u017eevnosti Hrvata u Vojvodini<\/p>\n\n\n\n<p>Voditeljica ZKR: Maja Kolman Maksimiljanovi\u0107<br>Financijska potpora: Ministarstvo kulture i medija RH i Grad Zagreb<br>*doga\u0111aj se odr\u017eava uz pridr\u017eavanje svih epidemiol\u0161kih mjera<br>Ulaz na sva izlaganja je slobodan, ukoliko niste u mogu\u0107nosti do\u0107i pozivamo Vas da se izravno uklju\u010dite preko FB stranice DHK i Youtube kanala (Poveznicu \u0107emo objaviti uskoro).<\/p>\n\n\n\n<p>Izvor: <a href=\"http:\/\/dhk.hr\/zagrebacki-knjizevni-razgovori\/hrvatska\/41.-zagrebacki-knjizevni-razgovori-knjizevnost-i-pamcenje\">http:\/\/dhk.hr\/zagrebacki-knjizevni-razgovori\/hrvatska\/41.-zagrebacki-knjizevni-razgovori-knjizevnost-i-pamcenje<\/a><\/p>\n\n\n\n<hr class=\"wp-block-separator\"\/>\n","protected":false},"excerpt":{"rendered":"","protected":false},"author":2,"featured_media":22953,"comment_status":"open","ping_status":"open","sticky":false,"template":"","format":"standard","meta":{"_acf_changed":false,"jetpack_post_was_ever_published":false,"_jetpack_newsletter_access":"","_jetpack_dont_email_post_to_subs":false,"_jetpack_newsletter_tier_id":0,"_jetpack_memberships_contains_paywalled_content":false,"_jetpack_memberships_contains_paid_content":false,"footnotes":"","jetpack_publicize_message":"","jetpack_publicize_feature_enabled":true,"jetpack_social_post_already_shared":true,"jetpack_social_options":{"image_generator_settings":{"template":"highway","default_image_id":0,"font":"","enabled":false},"version":2}},"categories":[3,9],"tags":[],"class_list":["post-22952","post","type-post","status-publish","format-standard","has-post-thumbnail","hentry","category-novosti","category-skupovi"],"acf":{"facebook_opis":""},"jetpack_publicize_connections":[],"jetpack_featured_media_url":"https:\/\/i0.wp.com\/historiografija.hr\/wp-content\/uploads\/2020\/10\/41_zkr_program.jpg?fit=800%2C581&ssl=1","jetpack_sharing_enabled":true,"jetpack-related-posts":[{"id":52657,"url":"https:\/\/historiografija.hr\/?p=52657","url_meta":{"origin":22952,"position":0},"title":"[Predavanje] Jezik i drugost u (post)socijalisti\u010dkoj Srbiji: diskurzivne politike identiteta (YugoLab)","author":"Branimir Jankovi\u0107","date":"24. travnja 2026.","format":false,"excerpt":"U sklopu projekta Prizma \/ IMAGINATION (\u201eZami\u0161ljanje nacije: srpski nacionalni narativi u sporu (XX\u2013XXI vek)\u201c), koji se realizuje na Institutu za filozofiju i dru\u0161tvenu teoriju Univerziteta u Beogradu (2024\u20132027) uz finansijsku podr\u0161ku Fonda za nauku Republike Srbije, organizuje se serija predavanja na kojoj istra\u017eiva\u010di i istra\u017eiva\u010dice projekta predstavljaju rezultate svojih\u2026","rel":"","context":"U &quot;Novosti&quot;","block_context":{"text":"Novosti","link":"https:\/\/historiografija.hr\/?cat=3"},"img":{"alt_text":"","src":"https:\/\/i0.wp.com\/historiografija.hr\/wp-content\/uploads\/2026\/04\/IFDT_28_IV.png?fit=1200%2C675&ssl=1&resize=350%2C200","width":350,"height":200,"srcset":"https:\/\/i0.wp.com\/historiografija.hr\/wp-content\/uploads\/2026\/04\/IFDT_28_IV.png?fit=1200%2C675&ssl=1&resize=350%2C200 1x, https:\/\/i0.wp.com\/historiografija.hr\/wp-content\/uploads\/2026\/04\/IFDT_28_IV.png?fit=1200%2C675&ssl=1&resize=525%2C300 1.5x, https:\/\/i0.wp.com\/historiografija.hr\/wp-content\/uploads\/2026\/04\/IFDT_28_IV.png?fit=1200%2C675&ssl=1&resize=700%2C400 2x, https:\/\/i0.wp.com\/historiografija.hr\/wp-content\/uploads\/2026\/04\/IFDT_28_IV.png?fit=1200%2C675&ssl=1&resize=1050%2C600 3x"},"classes":[]},{"id":52619,"url":"https:\/\/historiografija.hr\/?p=52619","url_meta":{"origin":22952,"position":1},"title":"Predavanje \u0110ur\u0111ice Vitkovi\u0107 &#8220;Izme\u0111u pera i objektiva: Zagorka i Foto Tonka&#8221;","author":"Branimir Jankovi\u0107","date":"23. travnja 2026.","format":false,"excerpt":"Memorijalni stan Marije Juri\u0107 Zagorke poziva Vas na predavanje \u0110ur\u0111ice Vitkovi\u0107 \u201eIzme\u0111u pera i objektiva: Zagorka i Foto Tonka\u201c koje \u0107e se odr\u017eati u utorak, 28. travnja 2026. s po\u010detkom u 18 h u sklopu Ciklusa predavanja u Memorijalnom stanu Marije Juri\u0107 Zagorke. Kako su se susrele knji\u017eevnost i fotografija\u2026","rel":"","context":"U &quot;Novosti&quot;","block_context":{"text":"Novosti","link":"https:\/\/historiografija.hr\/?cat=3"},"img":{"alt_text":"","src":"https:\/\/i0.wp.com\/historiografija.hr\/wp-content\/uploads\/2024\/11\/Zagorka_ciklus.jpg?fit=1200%2C1006&ssl=1&resize=350%2C200","width":350,"height":200,"srcset":"https:\/\/i0.wp.com\/historiografija.hr\/wp-content\/uploads\/2024\/11\/Zagorka_ciklus.jpg?fit=1200%2C1006&ssl=1&resize=350%2C200 1x, https:\/\/i0.wp.com\/historiografija.hr\/wp-content\/uploads\/2024\/11\/Zagorka_ciklus.jpg?fit=1200%2C1006&ssl=1&resize=525%2C300 1.5x, https:\/\/i0.wp.com\/historiografija.hr\/wp-content\/uploads\/2024\/11\/Zagorka_ciklus.jpg?fit=1200%2C1006&ssl=1&resize=700%2C400 2x, https:\/\/i0.wp.com\/historiografija.hr\/wp-content\/uploads\/2024\/11\/Zagorka_ciklus.jpg?fit=1200%2C1006&ssl=1&resize=1050%2C600 3x"},"classes":[]},{"id":52496,"url":"https:\/\/historiografija.hr\/?p=52496","url_meta":{"origin":22952,"position":2},"title":"30 godina Podru\u017enice \u2013 Javno predavanje Matea \u010calu\u0161i\u0107a \u201eSlavonski Brod u Domovinskom ratu\u201c","author":"Branimir Jankovi\u0107","date":"17. travnja 2026.","format":false,"excerpt":"U 2026. navr\u0161ava se trideset godina od osnutka Podru\u017enice za povijest Slavonije, Srijema i Baranje Hrvatskoga instituta za povijest. Obilje\u017eavanje ove zna\u010dajne obljetnice zapo\u010dinje ciklusom javnih povijesnih predavanja znanstvenika Instituta. Tre\u0107e po redu je predavanje Matea \u010calu\u0161i\u0107a \u2013 \u201eSLAVONSKI BROD U DOMOVINSKOM RATU\u201c. Predavanje \u0107e se odr\u017eati 21. travnja 2026.\u2026","rel":"","context":"U &quot;Novosti&quot;","block_context":{"text":"Novosti","link":"https:\/\/historiografija.hr\/?cat=3"},"img":{"alt_text":"","src":"https:\/\/i0.wp.com\/historiografija.hr\/wp-content\/uploads\/2026\/04\/Predavanje-Calusic.png?fit=860%2C1200&ssl=1&resize=350%2C200","width":350,"height":200,"srcset":"https:\/\/i0.wp.com\/historiografija.hr\/wp-content\/uploads\/2026\/04\/Predavanje-Calusic.png?fit=860%2C1200&ssl=1&resize=350%2C200 1x, https:\/\/i0.wp.com\/historiografija.hr\/wp-content\/uploads\/2026\/04\/Predavanje-Calusic.png?fit=860%2C1200&ssl=1&resize=525%2C300 1.5x, https:\/\/i0.wp.com\/historiografija.hr\/wp-content\/uploads\/2026\/04\/Predavanje-Calusic.png?fit=860%2C1200&ssl=1&resize=700%2C400 2x"},"classes":[]},{"id":52646,"url":"https:\/\/historiografija.hr\/?p=52646","url_meta":{"origin":22952,"position":3},"title":"5. MALI FESTIVAL POVIJESTI U LASTOVU","author":"Branimir Jankovi\u0107","date":"24. travnja 2026.","format":false,"excerpt":"Peti Mali festival povijesti odr\u017eava se od 25. do 27. travnja 2026. na Lastovu, u suradnji Zavoda za povijesne znanosti HAZU u Dubrovniku, Op\u0107ine Lastovo i Turisti\u010dke zajednice te uz potporu Dubrova\u010dko-neretvanske \u017eupanije. Predavanja: Dr. sc. Jasna \u010capo \u201eKu\u0107a kao zalog budu\u0107nosti i most izme\u0111u iseljenika i domovine\u201c Dr. sc.\u2026","rel":"","context":"U &quot;Novosti&quot;","block_context":{"text":"Novosti","link":"https:\/\/historiografija.hr\/?cat=3"},"img":{"alt_text":"","src":"https:\/\/i0.wp.com\/historiografija.hr\/wp-content\/uploads\/2026\/04\/Lastovo.jpg?fit=1200%2C700&ssl=1&resize=350%2C200","width":350,"height":200,"srcset":"https:\/\/i0.wp.com\/historiografija.hr\/wp-content\/uploads\/2026\/04\/Lastovo.jpg?fit=1200%2C700&ssl=1&resize=350%2C200 1x, https:\/\/i0.wp.com\/historiografija.hr\/wp-content\/uploads\/2026\/04\/Lastovo.jpg?fit=1200%2C700&ssl=1&resize=525%2C300 1.5x, https:\/\/i0.wp.com\/historiografija.hr\/wp-content\/uploads\/2026\/04\/Lastovo.jpg?fit=1200%2C700&ssl=1&resize=700%2C400 2x, https:\/\/i0.wp.com\/historiografija.hr\/wp-content\/uploads\/2026\/04\/Lastovo.jpg?fit=1200%2C700&ssl=1&resize=1050%2C600 3x"},"classes":[]},{"id":52631,"url":"https:\/\/historiografija.hr\/?p=52631","url_meta":{"origin":22952,"position":4},"title":"Predavanje Ivana Tepe\u0161a: Djelovanje hrvatske politi\u010dke emigracije","author":"Branimir Jankovi\u0107","date":"23. travnja 2026.","format":false,"excerpt":"Odjel za me\u0111unarodnu suradnju i iseljeni\u0161tvo Matice hrvatske Predavanje Ivana Tepe\u0161a: Djelovanje hrvatske politi\u010dke emigracije Utorak, 28. travnja 2026. u 18:00 sati, Dvorana Ljudevita Jonkea (Mala dvorana MH), Strossmayerov trg 4, Zagreb dr. sc. Ivan Tepe\u0161, Institut za istra\u017eivanje migracija Hrvatska politi\u010dka emigracija obilje\u017eila je polustoljetnu hrvatsku povijest u drugoj\u2026","rel":"","context":"U &quot;Novosti&quot;","block_context":{"text":"Novosti","link":"https:\/\/historiografija.hr\/?cat=3"},"img":{"alt_text":"","src":"","width":0,"height":0},"classes":[]},{"id":52654,"url":"https:\/\/historiografija.hr\/?p=52654","url_meta":{"origin":22952,"position":5},"title":"Gostuju\u0107e predavanje &#8211; Danijel D\u017eino \u201eKasnoanti\u010dke i ranosrednjovjekovne gra\u0111evine u Brezi: Spomenici nepotpune biografije\u201c","author":"Branimir Jankovi\u0107","date":"24. travnja 2026.","format":false,"excerpt":"Doktorski studij predmoderne povijesti poziva na predavanje \"Kasnoanti\u010dke i ranosrednjovjekovne gra\u0111evine u Brezi: Spomenici nepotpune biografije\u201d koje \u0107e odr\u017eati profesor Danijel D\u017eino sa Sveu\u010dili\u0161ta Macquarie u Sydneyu u\u00a0utorak 28. travnja 2026. u 17h u Konferencijskoj dvorani Knji\u017enice Filozofskog fakulteta u Zagrebu. Predavanje \u0107e predo\u010diti nova saznanja dobivena kroz arhivsko-dokumentarna istra\u017eivanja\u2026","rel":"","context":"U &quot;Novosti&quot;","block_context":{"text":"Novosti","link":"https:\/\/historiografija.hr\/?cat=3"},"img":{"alt_text":"","src":"https:\/\/i0.wp.com\/historiografija.hr\/wp-content\/uploads\/2026\/04\/Dzino.jpg?fit=980%2C819&ssl=1&resize=350%2C200","width":350,"height":200,"srcset":"https:\/\/i0.wp.com\/historiografija.hr\/wp-content\/uploads\/2026\/04\/Dzino.jpg?fit=980%2C819&ssl=1&resize=350%2C200 1x, https:\/\/i0.wp.com\/historiografija.hr\/wp-content\/uploads\/2026\/04\/Dzino.jpg?fit=980%2C819&ssl=1&resize=525%2C300 1.5x, https:\/\/i0.wp.com\/historiografija.hr\/wp-content\/uploads\/2026\/04\/Dzino.jpg?fit=980%2C819&ssl=1&resize=700%2C400 2x"},"classes":[]}],"_links":{"self":[{"href":"https:\/\/historiografija.hr\/index.php?rest_route=\/wp\/v2\/posts\/22952","targetHints":{"allow":["GET"]}}],"collection":[{"href":"https:\/\/historiografija.hr\/index.php?rest_route=\/wp\/v2\/posts"}],"about":[{"href":"https:\/\/historiografija.hr\/index.php?rest_route=\/wp\/v2\/types\/post"}],"author":[{"embeddable":true,"href":"https:\/\/historiografija.hr\/index.php?rest_route=\/wp\/v2\/users\/2"}],"replies":[{"embeddable":true,"href":"https:\/\/historiografija.hr\/index.php?rest_route=%2Fwp%2Fv2%2Fcomments&post=22952"}],"version-history":[{"count":2,"href":"https:\/\/historiografija.hr\/index.php?rest_route=\/wp\/v2\/posts\/22952\/revisions"}],"predecessor-version":[{"id":22955,"href":"https:\/\/historiografija.hr\/index.php?rest_route=\/wp\/v2\/posts\/22952\/revisions\/22955"}],"wp:featuredmedia":[{"embeddable":true,"href":"https:\/\/historiografija.hr\/index.php?rest_route=\/wp\/v2\/media\/22953"}],"wp:attachment":[{"href":"https:\/\/historiografija.hr\/index.php?rest_route=%2Fwp%2Fv2%2Fmedia&parent=22952"}],"wp:term":[{"taxonomy":"category","embeddable":true,"href":"https:\/\/historiografija.hr\/index.php?rest_route=%2Fwp%2Fv2%2Fcategories&post=22952"},{"taxonomy":"post_tag","embeddable":true,"href":"https:\/\/historiografija.hr\/index.php?rest_route=%2Fwp%2Fv2%2Ftags&post=22952"}],"curies":[{"name":"wp","href":"https:\/\/api.w.org\/{rel}","templated":true}]}}