{"id":2295,"date":"2016-05-24T22:00:05","date_gmt":"2016-05-24T22:00:05","guid":{"rendered":"http:\/\/historiografija.hr\/?p=2295"},"modified":"2016-05-24T22:00:05","modified_gmt":"2016-05-24T22:00:05","slug":"medunarodni-znanstveni-skup-negotiating-limits-between-early-modern-sovereignties-venetian-dalmatia-and-ottoman-bosnia-15th-early-18th-centuries","status":"publish","type":"post","link":"https:\/\/historiografija.hr\/?p=2295","title":{"rendered":"Me\u0111unarodni znanstveni skup &#8220;Negotiating Limits Between Early Modern Sovereignties: Venetian Dalmatia and Ottoman Bosnia 15th \u2013 Early 18th Centuries&#8221;"},"content":{"rendered":"<style> <!--  \/* Font Definitions *\/  @font-face \t{font-family:Calibri; \tpanose-1:2 15 5 2 2 2 4 3 2 4; \tmso-font-charset:238; \tmso-generic-font-family:swiss; \tmso-font-pitch:variable; \tmso-font-signature:-1610611985 1073750139 0 0 159 0;}  \/* Style Definitions *\/  p.MsoNormal, li.MsoNormal, div.MsoNormal \t{mso-style-unhide:no; \tmso-style-qformat:yes; \tmso-style-parent:\"\"; \tmargin-top:0cm; \tmargin-right:0cm; \tmargin-bottom:10.0pt; \tmargin-left:0cm; \tline-height:115%; \tmso-pagination:widow-orphan; \tfont-size:11.0pt; \tfont-family:\"Calibri\",\"sans-serif\"; \tmso-ascii-font-family:Calibri; \tmso-ascii-theme-font:minor-latin; \tmso-fareast-font-family:Calibri; \tmso-fareast-theme-font:minor-latin; \tmso-hansi-font-family:Calibri; \tmso-hansi-theme-font:minor-latin; \tmso-bidi-font-family:\"Times New Roman\"; \tmso-bidi-theme-font:minor-bidi; \tmso-ansi-language:EN-GB; \tmso-fareast-language:EN-US;} a:link, span.MsoHyperlink \t{mso-style-priority:99; \tcolor:blue; \tmso-themecolor:hyperlink; \ttext-decoration:underline; \ttext-underline:single;} a:visited, span.MsoHyperlinkFollowed \t{mso-style-noshow:yes; \tmso-style-priority:99; \tcolor:purple; \tmso-themecolor:followedhyperlink; \ttext-decoration:underline; \ttext-underline:single;} .MsoChpDefault \t{mso-style-type:export-only; \tmso-default-props:yes; \tmso-ascii-font-family:Calibri; \tmso-ascii-theme-font:minor-latin; \tmso-fareast-font-family:Calibri; \tmso-fareast-theme-font:minor-latin; \tmso-hansi-font-family:Calibri; \tmso-hansi-theme-font:minor-latin; \tmso-bidi-font-family:\"Times New Roman\"; \tmso-bidi-theme-font:minor-bidi; \tmso-ansi-language:EN-GB; \tmso-fareast-language:EN-US;} .MsoPapDefault \t{mso-style-type:export-only; \tmargin-bottom:10.0pt; \tline-height:115%;} @page Section1 \t{size:612.0pt 792.0pt; \tmargin:70.85pt 70.85pt 70.85pt 70.85pt; \tmso-header-margin:36.0pt; \tmso-footer-margin:36.0pt; \tmso-paper-source:0;} div.Section1 \t{page:Section1;} --> <\/style>\n<p class=\"MsoNormal\" align=\"justify\"><span lang=\"EN-GB\">Odjel za geografiju i Odjel za povijest Sveu\u010dili\u0161ta u Zadru te Harpur College i The Fernand Braudel Center Sveu\u010dili\u0161ta Binghamton (NY, SAD) prire\u0111uju me\u0111unarodni znanstveni skup Negotiating Limits Between Early Modern Sovereignties: Venetian Dalmatia and Ottoman Bosnia 15th \u2013 Early 18th Centuries. Znanstveni skup, koji se odr\u017eava pod pokroviteljstvom The Gladys Krieble Delmas Foundation i Villa I Tatti \u2013 The Harvard University Center for Italian Renaissance Studies (The Lila Acheson Wallace Special Project Grant) odr\u017eat \u0107e se u Dvorani PDS-a u zgradi Rektorata Sveu\u010dili\u0161ta u Zadru od 25. do 27. svibnja 2016.<\/span><\/p>\n<p class=\"MsoNormal\" align=\"justify\"><span lang=\"EN-GB\">&nbsp;<\/span><\/p>\n<p class=\"MsoNormal\" align=\"justify\"><span lang=\"EN-GB\">Program skupa u obliku plakata mo\u017eete preuzeti ovdje:<\/span><\/p>\n<p class=\"MsoNormal\" align=\"justify\"><span lang=\"EN-GB\">&nbsp;<\/span><\/p>\n<p class=\"MsoNormal\" align=\"justify\"><span lang=\"EN-GB\">http:\/\/www.unizd.hr\/Portals\/0\/Negotiating%20Limits%20poster.pdf<\/span><\/p>\n<p class=\"MsoNormal\" align=\"justify\"><span lang=\"EN-GB\"><br \/><\/span><\/p>\n<p class=\"MsoNormal\" align=\"justify\"><span lang=\"EN-GB\">&nbsp;<\/span><span lang=\"EN-GB\">a u obliku deplijana ovdje: <\/span>  <\/p>\n<p class=\"MsoNormal\" align=\"justify\"><span lang=\"EN-GB\">&nbsp;<\/span><\/p>\n<p class=\"MsoNormal\" align=\"justify\"><span lang=\"EN-GB\"><a href=\"http:\/\/www.unizd.hr\/Portals\/0\/Negotiating%20Limits%20Leaflet.pdf\">http:\/\/www.unizd.hr\/Portals\/0\/Negotiating%20Limits%20Leaflet.pdf<\/a><\/span><\/p>\n<p class=\"MsoNormal\" align=\"justify\"><span lang=\"EN-GB\">&nbsp;<\/span><\/p>\n<p class=\"MsoNormal\" align=\"justify\"><span lang=\"EN-GB\">&nbsp;<\/span><\/p>\n<p class=\"MsoNormal\" align=\"justify\"><span lang=\"EN-GB\">Izvor: <span style=\"mso-spacerun:yes\">&nbsp;<\/span><a href=\"http:\/\/www.unizd.hr\/\">http:\/\/www.unizd.hr\/<\/a><\/span><\/p>\n","protected":false},"excerpt":{"rendered":"","protected":false},"author":1,"featured_media":0,"comment_status":"open","ping_status":"open","sticky":false,"template":"","format":"standard","meta":{"_acf_changed":false,"jetpack_post_was_ever_published":false,"_jetpack_newsletter_access":"","_jetpack_dont_email_post_to_subs":false,"_jetpack_newsletter_tier_id":0,"_jetpack_memberships_contains_paywalled_content":false,"_jetpack_memberships_contains_paid_content":false,"footnotes":"","jetpack_publicize_message":"","jetpack_publicize_feature_enabled":true,"jetpack_social_post_already_shared":false,"jetpack_social_options":{"image_generator_settings":{"template":"highway","default_image_id":0,"font":"","enabled":false},"version":2}},"categories":[3],"tags":[],"class_list":["post-2295","post","type-post","status-publish","format-standard","hentry","category-novosti"],"acf":{"facebook_opis":""},"jetpack_publicize_connections":[],"jetpack_featured_media_url":"","jetpack_sharing_enabled":true,"jetpack-related-posts":[{"id":52641,"url":"https:\/\/historiografija.hr\/?p=52641","url_meta":{"origin":2295,"position":0},"title":"CfP: WHO OWNS THE PAST? VERNACULAR MEMORY, STATE MEMORY, AND THE POLITICS OF OWNERSHIP","author":"Branimir Jankovi\u0107","date":"24. travnja 2026.","format":false,"excerpt":"VIENNA, 31ST AUGUST\u20133RD SEPTEMBER 2026 (DEADLINE: 24TH APRIL 2026) The Center for Austrian Studies at the European Forum at the Hebrew University and the Austrian Academy of Sciences\/Institute of Culture Studies invite early postdocs, PhD candidates, and advanced Master\u2019s students from the Hebrew University of Jerusalem and universities and academic\u2026","rel":"","context":"U &quot;Novosti&quot;","block_context":{"text":"Novosti","link":"https:\/\/historiografija.hr\/?cat=3"},"img":{"alt_text":"","src":"https:\/\/i0.wp.com\/historiografija.hr\/wp-content\/uploads\/2017\/10\/hsozkult.png?fit=1006%2C241&ssl=1&resize=350%2C200","width":350,"height":200,"srcset":"https:\/\/i0.wp.com\/historiografija.hr\/wp-content\/uploads\/2017\/10\/hsozkult.png?fit=1006%2C241&ssl=1&resize=350%2C200 1x, https:\/\/i0.wp.com\/historiografija.hr\/wp-content\/uploads\/2017\/10\/hsozkult.png?fit=1006%2C241&ssl=1&resize=525%2C300 1.5x, https:\/\/i0.wp.com\/historiografija.hr\/wp-content\/uploads\/2017\/10\/hsozkult.png?fit=1006%2C241&ssl=1&resize=700%2C400 2x"},"classes":[]},{"id":52586,"url":"https:\/\/historiografija.hr\/?p=52586","url_meta":{"origin":2295,"position":1},"title":"Aur\u00e9lie Daher, \u201eHezbollah: Mobilisation and Power\u201c","author":"Branimir Jankovi\u0107","date":"22. travnja 2026.","format":false,"excerpt":"Morning Star \u2018Book of the Year\u2019 Social movement, liberation party or terrorist group? With Hezbollah\u2019s growing involvement in the war in Syria, this study of its impact on Lebanon, drawing heavily on first-hand interviews, could not be more timely. Description Almost forty years after its foundation, Hezbollah remains an enigma.\u2026","rel":"","context":"U &quot;Knjige&quot;","block_context":{"text":"Knjige","link":"https:\/\/historiografija.hr\/?cat=8"},"img":{"alt_text":"","src":"https:\/\/i0.wp.com\/historiografija.hr\/wp-content\/uploads\/2026\/04\/Daher-Hezbollah.jpg?fit=600%2C931&ssl=1&resize=350%2C200","width":350,"height":200,"srcset":"https:\/\/i0.wp.com\/historiografija.hr\/wp-content\/uploads\/2026\/04\/Daher-Hezbollah.jpg?fit=600%2C931&ssl=1&resize=350%2C200 1x, https:\/\/i0.wp.com\/historiografija.hr\/wp-content\/uploads\/2026\/04\/Daher-Hezbollah.jpg?fit=600%2C931&ssl=1&resize=525%2C300 1.5x"},"classes":[]}],"_links":{"self":[{"href":"https:\/\/historiografija.hr\/index.php?rest_route=\/wp\/v2\/posts\/2295","targetHints":{"allow":["GET"]}}],"collection":[{"href":"https:\/\/historiografija.hr\/index.php?rest_route=\/wp\/v2\/posts"}],"about":[{"href":"https:\/\/historiografija.hr\/index.php?rest_route=\/wp\/v2\/types\/post"}],"author":[{"embeddable":true,"href":"https:\/\/historiografija.hr\/index.php?rest_route=\/wp\/v2\/users\/1"}],"replies":[{"embeddable":true,"href":"https:\/\/historiografija.hr\/index.php?rest_route=%2Fwp%2Fv2%2Fcomments&post=2295"}],"version-history":[{"count":0,"href":"https:\/\/historiografija.hr\/index.php?rest_route=\/wp\/v2\/posts\/2295\/revisions"}],"wp:attachment":[{"href":"https:\/\/historiografija.hr\/index.php?rest_route=%2Fwp%2Fv2%2Fmedia&parent=2295"}],"wp:term":[{"taxonomy":"category","embeddable":true,"href":"https:\/\/historiografija.hr\/index.php?rest_route=%2Fwp%2Fv2%2Fcategories&post=2295"},{"taxonomy":"post_tag","embeddable":true,"href":"https:\/\/historiografija.hr\/index.php?rest_route=%2Fwp%2Fv2%2Ftags&post=2295"}],"curies":[{"name":"wp","href":"https:\/\/api.w.org\/{rel}","templated":true}]}}