{"id":22935,"date":"2020-10-06T14:32:19","date_gmt":"2020-10-06T14:32:19","guid":{"rendered":"http:\/\/historiografija.hr\/?p=22935"},"modified":"2020-10-06T14:32:19","modified_gmt":"2020-10-06T14:32:19","slug":"izlozba-suncana-strana-modernizma-turisticka-arhitektura-u-hrvatskoj-1962-1972","status":"publish","type":"post","link":"https:\/\/historiografija.hr\/?p=22935","title":{"rendered":"Izlo\u017eba \u201cSun\u010dana strana modernizma: Turisti\u010dka arhitektura u Hrvatskoj 1962. \u2013 1972.\u201d"},"content":{"rendered":"\n<p><strong>U \u010detvrtak 8. listopada 2020. u 19 sati, u Oris Ku\u0107i arhitekture (Kralja Dr\u017eislava 3) u Zagrebu, otvara se izlo\u017eba <em>SUN\u010cANA STRANA MODERNIZMA: Turisti\u010dka arhitektura u Hrvatskoj 1962. \u2013 1972.&nbsp;<\/em><\/strong><\/p>\n\n\n\n<p>Tijekom 1960-ih i u prvoj polovici 1970-ih Jadranska obala u Hrvatskoj i Jugoslaviji prolazi kroz temeljitu preobrazbu bitno pokrenutu ekonomijom i socijalnim dinamikama masovnog turizma.<\/p>\n\n\n\n<p>Neo\u010dekivano, upravo komodificirana i visoko normirana tipologija hotela postaje jedan od glavnih poligona arhitektonskih istra\u017eivanja. U svega desetak godina odvija se brza evolucija koncepata i estetika, od visokog modernizma do brutalizma, od regionalizma do strukturalizma. Svim tim istra\u017eivanjima zajedni\u010dko je nastojanje da se prilikom <em>projektiranja za najve\u0107e brojeve<\/em> uspostavi balans me\u0111u razli\u010ditim proturje\u010dnostima: izme\u0111u individualnog i kolektivnog, lokalnog i internacionalnog, prirode i artificijelnosti, <em>popularne<\/em> i <em>visoke<\/em> kulture, instrumentalnih ciljeva i humanisti\u010dkih vrijednosti. Va\u017eni su partneri arhitektima urbanisti koji razvijaju opse\u017enu planersku aktivnost i metodologiju <em>integralnog planiranja<\/em> u razli\u010ditim teritorijalnim mjerilima. Oblikovanje interijera tako\u0111er je va\u017eno polje istra\u017eivanja u kojem se isku\u0161avaju postavke <em>sinteze<\/em> <em>plasti\u010dkih umjetnosti <\/em>pa hoteli udomljuju impresivne kolekcije umjetni\u010dkih i dizajnerskih radova.<\/p>\n\n\n\n<p>Rade\u0107i u osjetljivim ambijentima obilje\u017eenima bogatom urbanom i graditeljskom tradicijom, niz arhitekata koristi upravo turisti\u010dku arhitekturu za izgradnju novog urbano-kulturnog sloja u kojem se poku\u0161avaju definirati odrednice <em>na\u0161e arhitekture<\/em>. Ta arhitektura korespondira s internacionalnim kretanjima, no ona odgovara i na lokalne kulturne, topografske i klimatske datosti te se time razvija i autenti\u010dnost. Turizam tako pokre\u0107e izgradnju <em>sun\u010dane strane<\/em> Hrvatske i tada\u0161nje Jugoslavije, a hoteli i prate\u0107a infrastruktura postaju optimisti\u010dni ambijenti u kojima su pouke mediteranske kulture prenesene u specifi\u010dne oblike privremenog habitata i socijalnih praksi dokolice.<\/p>\n\n\n\n<p>Projekti prikazani na izlo\u017ebi pokazuju homogenost i visoku razinu lokalne arhitektonske kulture, ali i razli\u010ditost pojedina\u010dnih pristupa i poetika.<\/p>\n\n\n\n<p>Va\u017ean dio izlo\u017ebe \u010dini serija realizacija turisti\u010dkih projekata, a dio kojih je uklju\u010den u selekciju izlo\u017ebe <em>Concrete Utopia<\/em> u njujor\u0161kom Muzeju moderne umjetnosti (MoMA).&nbsp;<\/p>\n\n\n\n<p>U sklopu izlo\u017ebe bit \u0107e prikazani i projekti arhitekata Ante Ro\u017ei\u0107a, Julija DeLuce, Matije Salaja, Borisa Maga\u0161a, Branka \u017dnidareca, Petra Ku\u0161ana uz originalne radove umjetnika Ede Murti\u0107a, Jagode Bui\u0107 i Du\u0161ana D\u017eamonje.&nbsp;<\/p>\n\n\n\n<p>Projekti prikazani na izlo\u017ebi: Hotel Maestral (Julije DeLuca, Ante Ro\u017ei\u0107, Matija Salaj, interijer: Bernardo Bernardi, 1962. \u2013 1965.), Brela, Hotel Berulia (Ante Ro\u017ei\u0107, interijer: Bernardo Bernardi, 1968. \u2013 1970.), Brela, Vila Berulia (Ante Ro\u017ei\u0107, 1967. \u2013 1970.), Brela, Turisti\u010dki centar Brela (Ante Ro\u017ei\u0107, interijer: Bernardo Bernardi, 1967. \u2013 1969.), Hotel Solaris (Boris Maga\u0161, 1967. \u2013 1968.), Zabla\u0107e pored \u0160ibenika, Hotelski kompleks Haludovo (Boris Maga\u0161, 1969. \u2013 1972.), Malinska, Hotel Adriatic II (Branko \u017dnidarec, 1971.), Opatija, Hotel Plat (Petar Ku\u0161an, 1969. \u2013 1971.), Mlini, Hotel Soline (Julije de Luca, J. Duma\u010di\u0107, 1973. \u2013 1982.), Brela&nbsp;<\/p>\n\n\n\n<p>Autor izlo\u017ebe: Maroje Mrdulja\u0161&nbsp;<\/p>\n\n\n\n<p>Koautor izlo\u017ebe: Mira Stani\u0107<\/p>\n\n\n\n<p>Suradnici:&nbsp;<\/p>\n\n\n\n<p>Irena Baki\u0107, Sonja Halapir (aksonometrijski prikazi)<\/p>\n\n\n\n<p>Tin Jakopec, Nikola Brlek (makete)<\/p>\n\n\n\n<p>Miho K\u00e1rolyi (digitalizacija i obrada fotografija)<\/p>\n\n\n\n<p>Sr\u0111an Kova\u010devi\u0107 (snimanje i monta\u017ea video-intervjua s Borisom Maga\u0161em)<\/p>\n\n\n\n<p>Senad Zemunovi\u0107 (snimanje i monta\u017ea video-intervjua s Antom Ro\u017ei\u0107em)<\/p>\n\n\n\n<p>Libertas Means Freedom, Jadran film<\/p>\n\n\n\n<p>Fotografije: Aleksandar K\u00e1rolyi, CCN Images, Zagreb<\/p>\n\n\n\n<p>Izlo\u017eba se oslanja na umjetni\u010dko-istra\u017eiva\u010dki projekt <em>Turisti\u010dka arhitektura i njene performanse<\/em> proveden na Arhitektonskom fakultetu Sveu\u010dili\u0161ta u Zagrebu, voditelj umjetni\u010dko-istra\u017eiva\u010dkog projekta: Goran Rako<\/p>\n\n\n\n<p>Otvorenje izlo\u017ebe odr\u017eat \u0107e se sukladno Preporukama za sprje\u010davanje zaraze bole\u0161\u0107u COVID-19 tijekom odr\u017eavanja javnih doga\u0111anja i okupljanja, izdanim od Hrvatskog zavoda za javno zdravstvo.<\/p>\n\n\n\n<p><strong>Izlo\u017ebu mo\u017eete pogledati do 31. listopada 2020., radnim danom od 9 do 19 i subotom od 10 do 13 sati.<\/strong><\/p>\n\n\n\n<p>Izvor: <a href=\"http:\/\/www.oris.hr\/hr\/oris-plus\/suncana-strana-modernizma-turisticka-arhitektura-u-hrvatskoj-1962---1972,3005.html\">http:\/\/www.oris.hr\/hr\/oris-plus\/suncana-strana-modernizma-turisticka-arhitektura-u-hrvatskoj-1962&#8212;1972,3005.html<\/a><\/p>\n\n\n\n<hr class=\"wp-block-separator\"\/>\n","protected":false},"excerpt":{"rendered":"","protected":false},"author":2,"featured_media":22936,"comment_status":"open","ping_status":"open","sticky":false,"template":"","format":"standard","meta":{"_acf_changed":false,"jetpack_post_was_ever_published":false,"_jetpack_newsletter_access":"","_jetpack_dont_email_post_to_subs":false,"_jetpack_newsletter_tier_id":0,"_jetpack_memberships_contains_paywalled_content":false,"_jetpack_memberships_contains_paid_content":false,"footnotes":"","jetpack_publicize_message":"","jetpack_publicize_feature_enabled":true,"jetpack_social_post_already_shared":true,"jetpack_social_options":{"image_generator_settings":{"template":"highway","default_image_id":0,"font":"","enabled":false},"version":2}},"categories":[10,3],"tags":[],"class_list":["post-22935","post","type-post","status-publish","format-standard","has-post-thumbnail","hentry","category-izlozbe","category-novosti"],"acf":{"facebook_opis":""},"jetpack_publicize_connections":[],"jetpack_featured_media_url":"https:\/\/i0.wp.com\/historiografija.hr\/wp-content\/uploads\/2020\/10\/Oris-izlozba.jpg?fit=540%2C360&ssl=1","jetpack_sharing_enabled":true,"jetpack-related-posts":[{"id":52505,"url":"https:\/\/historiografija.hr\/?p=52505","url_meta":{"origin":22935,"position":0},"title":"Izlo\u017eba &#8220;Eschenstock \/ Jasenov prut&#8221;","author":"Branimir Jankovi\u0107","date":"17. travnja 2026.","format":false,"excerpt":"Srpsko narodno vije\u0107e (SNV) i Vizura aperta postavljaju izlo\u017ebu \u0161vicarskog slikara Velimira Ili\u0161evi\u0107a: Eschenstock \/ Jasenov prut. Izlo\u017eba se uz prisustvo autora otvara povodom 81. godi\u0161njice proboja logora\u0161a iz usta\u0161kog logora smrti Jasenovac 22. aprila 2026. u 19 sati u Srpskom kulturnom centru (SKC) u Preradovi\u0107evoj ulici 21 u Zagrebu.\u2026","rel":"","context":"U &quot;Izlo\u017ebe&quot;","block_context":{"text":"Izlo\u017ebe","link":"https:\/\/historiografija.hr\/?cat=10"},"img":{"alt_text":"","src":"https:\/\/i0.wp.com\/historiografija.hr\/wp-content\/uploads\/2026\/04\/Jasenov_prut.jpg?fit=1024%2C640&ssl=1&resize=350%2C200","width":350,"height":200,"srcset":"https:\/\/i0.wp.com\/historiografija.hr\/wp-content\/uploads\/2026\/04\/Jasenov_prut.jpg?fit=1024%2C640&ssl=1&resize=350%2C200 1x, https:\/\/i0.wp.com\/historiografija.hr\/wp-content\/uploads\/2026\/04\/Jasenov_prut.jpg?fit=1024%2C640&ssl=1&resize=525%2C300 1.5x, https:\/\/i0.wp.com\/historiografija.hr\/wp-content\/uploads\/2026\/04\/Jasenov_prut.jpg?fit=1024%2C640&ssl=1&resize=700%2C400 2x"},"classes":[]},{"id":52660,"url":"https:\/\/historiografija.hr\/?p=52660","url_meta":{"origin":22935,"position":1},"title":"Medijski odjeci \u010dlanka Steve \u0110ura\u0161kovi\u0107a \u201e\u017dupanovljeva ne\u017eeljena djeca: ideolo\u0161ko pribli\u017eavanje neoliberala i kr\u0161\u0107anske radikalne desnice u Hrvatskoj\u201c","author":"Branimir Jankovi\u0107","date":"24. travnja 2026.","format":false,"excerpt":"U sklopu projekta \u201eIzazovi intelektualne povijesti: recepcije, preobrazbe i upotrebe politi\u010dkih ideja\u201c objavljen je polemi\u010dki \u010dlanak Steve \u0110ura\u0161kovi\u0107a \u201e\u017dupanovljeva ne\u017eeljena djeca: ideolo\u0161ko pribli\u017eavanje neoliberala i kr\u0161\u0107anske radikalne desnice u Hrvatskoj\u201c, koji je izazvao odre\u0111ene medijske reakcije. Stevo \u0110ura\u0161kovi\u0107 \u017dupanovljeva ne\u017eeljena djeca: ideolo\u0161ko pribli\u017eavanje neoliberala i kr\u0161\u0107anske radikalne desnice u Hrvatskoj\u2026","rel":"","context":"U &quot;Novosti&quot;","block_context":{"text":"Novosti","link":"https:\/\/historiografija.hr\/?cat=3"},"img":{"alt_text":"","src":"https:\/\/i0.wp.com\/historiografija.hr\/wp-content\/uploads\/2026\/04\/SD.png?fit=809%2C821&ssl=1&resize=350%2C200","width":350,"height":200,"srcset":"https:\/\/i0.wp.com\/historiografija.hr\/wp-content\/uploads\/2026\/04\/SD.png?fit=809%2C821&ssl=1&resize=350%2C200 1x, https:\/\/i0.wp.com\/historiografija.hr\/wp-content\/uploads\/2026\/04\/SD.png?fit=809%2C821&ssl=1&resize=525%2C300 1.5x, https:\/\/i0.wp.com\/historiografija.hr\/wp-content\/uploads\/2026\/04\/SD.png?fit=809%2C821&ssl=1&resize=700%2C400 2x"},"classes":[]},{"id":52575,"url":"https:\/\/historiografija.hr\/?p=52575","url_meta":{"origin":22935,"position":2},"title":"Izlo\u017eba dje\u010djih radova \u201cU po\u010detku bija\u0161e crte\u017e\u2026\u201d","author":"Branimir Jankovi\u0107","date":"21. travnja 2026.","format":false,"excerpt":"U subotu, 25. travnja 2026. u 11 sati u Galeriji Klovi\u0107evi dvori sve\u010dano otvaramo izlo\u017ebu dje\u010djih radova pod nazivom U po\u010detku bija\u0161e crte\u017e\u2026 Radovi su nastali u sklopu likovnih radionica uz izlo\u017ebu U po\u010detku bija\u0161e kraljevstvo \u2013 izlo\u017eba povodom 1100 godina Hrvatskoga Kraljevstva. Na brojnim likovnim radionicama, uz \u0161kolsku djecu,\u2026","rel":"","context":"U &quot;Izlo\u017ebe&quot;","block_context":{"text":"Izlo\u017ebe","link":"https:\/\/historiografija.hr\/?cat=10"},"img":{"alt_text":"","src":"https:\/\/i0.wp.com\/historiografija.hr\/wp-content\/uploads\/2025\/10\/Klovicevi_sluzbeni-plakat.png?fit=840%2C1200&ssl=1&resize=350%2C200","width":350,"height":200,"srcset":"https:\/\/i0.wp.com\/historiografija.hr\/wp-content\/uploads\/2025\/10\/Klovicevi_sluzbeni-plakat.png?fit=840%2C1200&ssl=1&resize=350%2C200 1x, https:\/\/i0.wp.com\/historiografija.hr\/wp-content\/uploads\/2025\/10\/Klovicevi_sluzbeni-plakat.png?fit=840%2C1200&ssl=1&resize=525%2C300 1.5x, https:\/\/i0.wp.com\/historiografija.hr\/wp-content\/uploads\/2025\/10\/Klovicevi_sluzbeni-plakat.png?fit=840%2C1200&ssl=1&resize=700%2C400 2x"},"classes":[]},{"id":52502,"url":"https:\/\/historiografija.hr\/?p=52502","url_meta":{"origin":22935,"position":3},"title":"Novi znanstveni projekt Hrvatskog instituta za povijest: \u201c\u017drtve ratova i dr\u017eavnog\/politi\u010dkog nasilja u hrvatskoj povijesti 20. stolje\u0107a\u201d","author":"Branimir Jankovi\u0107","date":"17. travnja 2026.","format":false,"excerpt":"Na redovitoj sjednici Vlade RH, 16. travnja 2026., donijet je Zaklju\u010dak kojim se pokre\u0107e znanstveni projekt \u201c\u017drtve ratova i dr\u017eavnog\/politi\u010dkog nasilja u hrvatskoj povijesti 20. stolje\u0107a\u201d. Projekt \u0107e provoditi i koordinirati Hrvatski institut za povijest u razdoblju trajanja projekta od pet godina. Zakljucak Vlade RH Iz teksta projektnog prijedloga: Problematika\u2026","rel":"","context":"U &quot;Novosti&quot;","block_context":{"text":"Novosti","link":"https:\/\/historiografija.hr\/?cat=3"},"img":{"alt_text":"","src":"https:\/\/i0.wp.com\/historiografija.hr\/wp-content\/uploads\/2026\/04\/Vlada-RH.jpg?fit=1200%2C557&ssl=1&resize=350%2C200","width":350,"height":200,"srcset":"https:\/\/i0.wp.com\/historiografija.hr\/wp-content\/uploads\/2026\/04\/Vlada-RH.jpg?fit=1200%2C557&ssl=1&resize=350%2C200 1x, https:\/\/i0.wp.com\/historiografija.hr\/wp-content\/uploads\/2026\/04\/Vlada-RH.jpg?fit=1200%2C557&ssl=1&resize=525%2C300 1.5x, https:\/\/i0.wp.com\/historiografija.hr\/wp-content\/uploads\/2026\/04\/Vlada-RH.jpg?fit=1200%2C557&ssl=1&resize=700%2C400 2x, https:\/\/i0.wp.com\/historiografija.hr\/wp-content\/uploads\/2026\/04\/Vlada-RH.jpg?fit=1200%2C557&ssl=1&resize=1050%2C600 3x"},"classes":[]},{"id":52760,"url":"https:\/\/historiografija.hr\/?p=52760","url_meta":{"origin":22935,"position":4},"title":"Izlo\u017eba \u201cLo\u0161injski brodovi, njihove zastave i ljudi\u201d, 4. svibnja u 19h","author":"Filip \u0160imunjak","date":"30. travnja 2026.","format":false,"excerpt":"Hrvatski pomorski muzej Split, Glagolja\u0161a 18 (Tvr\u0111ava Gripe) Nakon \u0161to je u rujnu 2025. godine na otoku Lo\u0161inju, u suradnji Lo\u0161injskog muzeja i Hrvatskog pomorskog muzeja Split, predstavljena izlo\u017eba posve\u0107ena bogatoj pomorskoj ba\u0161tini otoka, njezino pro\u0161ireno izdanje postavlja se u Splitu. Uo\u010di blagdana svetog Dujma splitskoj \u0107e se publici predstaviti\u2026","rel":"","context":"U &quot;Izlo\u017ebe&quot;","block_context":{"text":"Izlo\u017ebe","link":"https:\/\/historiografija.hr\/?cat=10"},"img":{"alt_text":"","src":"https:\/\/i0.wp.com\/historiografija.hr\/wp-content\/uploads\/2026\/04\/Losinjski-brodovi-Izlozba-1-scaled.webp?fit=840%2C1200&ssl=1&resize=350%2C200","width":350,"height":200,"srcset":"https:\/\/i0.wp.com\/historiografija.hr\/wp-content\/uploads\/2026\/04\/Losinjski-brodovi-Izlozba-1-scaled.webp?fit=840%2C1200&ssl=1&resize=350%2C200 1x, https:\/\/i0.wp.com\/historiografija.hr\/wp-content\/uploads\/2026\/04\/Losinjski-brodovi-Izlozba-1-scaled.webp?fit=840%2C1200&ssl=1&resize=525%2C300 1.5x, https:\/\/i0.wp.com\/historiografija.hr\/wp-content\/uploads\/2026\/04\/Losinjski-brodovi-Izlozba-1-scaled.webp?fit=840%2C1200&ssl=1&resize=700%2C400 2x"},"classes":[]},{"id":52666,"url":"https:\/\/historiografija.hr\/?p=52666","url_meta":{"origin":22935,"position":5},"title":"Najava programa Festivala povijesti Kliofest (5-8. V. 2026)","author":"Branimir Jankovi\u0107","date":"24. travnja 2026.","format":false,"excerpt":"Po trinaesti put odr\u017eava se Festival povijesti Kliofest! Do petka \u0107emo odr\u017eati osam okruglih stolova i dva kolokvija te niz predstavljanja knjiga i projekata razli\u010dite tematike, od antike do suvremenosti. Bit \u0107e predstavljeno i nekoliko izlo\u017ebi te odr\u017ean jedan povijesni kviz. Prikazat \u0107emo i jedan film \u2013 o generalu Boroevi\u0107u.\u2026","rel":"","context":"U &quot;Novosti&quot;","block_context":{"text":"Novosti","link":"https:\/\/historiografija.hr\/?cat=3"},"img":{"alt_text":"","src":"https:\/\/i0.wp.com\/historiografija.hr\/wp-content\/uploads\/2026\/04\/Kliofest-2026.jpg?fit=526%2C526&ssl=1&resize=350%2C200","width":350,"height":200,"srcset":"https:\/\/i0.wp.com\/historiografija.hr\/wp-content\/uploads\/2026\/04\/Kliofest-2026.jpg?fit=526%2C526&ssl=1&resize=350%2C200 1x, https:\/\/i0.wp.com\/historiografija.hr\/wp-content\/uploads\/2026\/04\/Kliofest-2026.jpg?fit=526%2C526&ssl=1&resize=525%2C300 1.5x"},"classes":[]}],"_links":{"self":[{"href":"https:\/\/historiografija.hr\/index.php?rest_route=\/wp\/v2\/posts\/22935","targetHints":{"allow":["GET"]}}],"collection":[{"href":"https:\/\/historiografija.hr\/index.php?rest_route=\/wp\/v2\/posts"}],"about":[{"href":"https:\/\/historiografija.hr\/index.php?rest_route=\/wp\/v2\/types\/post"}],"author":[{"embeddable":true,"href":"https:\/\/historiografija.hr\/index.php?rest_route=\/wp\/v2\/users\/2"}],"replies":[{"embeddable":true,"href":"https:\/\/historiografija.hr\/index.php?rest_route=%2Fwp%2Fv2%2Fcomments&post=22935"}],"version-history":[{"count":1,"href":"https:\/\/historiografija.hr\/index.php?rest_route=\/wp\/v2\/posts\/22935\/revisions"}],"predecessor-version":[{"id":22937,"href":"https:\/\/historiografija.hr\/index.php?rest_route=\/wp\/v2\/posts\/22935\/revisions\/22937"}],"wp:featuredmedia":[{"embeddable":true,"href":"https:\/\/historiografija.hr\/index.php?rest_route=\/wp\/v2\/media\/22936"}],"wp:attachment":[{"href":"https:\/\/historiografija.hr\/index.php?rest_route=%2Fwp%2Fv2%2Fmedia&parent=22935"}],"wp:term":[{"taxonomy":"category","embeddable":true,"href":"https:\/\/historiografija.hr\/index.php?rest_route=%2Fwp%2Fv2%2Fcategories&post=22935"},{"taxonomy":"post_tag","embeddable":true,"href":"https:\/\/historiografija.hr\/index.php?rest_route=%2Fwp%2Fv2%2Ftags&post=22935"}],"curies":[{"name":"wp","href":"https:\/\/api.w.org\/{rel}","templated":true}]}}