{"id":22921,"date":"2020-10-02T18:12:58","date_gmt":"2020-10-02T18:12:58","guid":{"rendered":"http:\/\/historiografija.hr\/?p=22921"},"modified":"2020-10-02T18:12:58","modified_gmt":"2020-10-02T18:12:58","slug":"livia-prull-christian-george-frank-huther-hg-universitatsgeschichte-schreiben-inhalte-methoden-fallbeispiele","status":"publish","type":"post","link":"https:\/\/historiografija.hr\/?p=22921","title":{"rendered":"Livia Pr\u00fcll\/Christian George\/Frank H\u00fcther (Hg.), &#8220;Universit\u00e4tsgeschichte schreiben. Inhalte \u2013 Methoden \u2013 Fallbeispiele&#8221;"},"content":{"rendered":"\n<p>In preparation of the 75th anniversary of the Johannes Gutenberg University Mainz the Research Alliance for the university history gathered scholars from Germany, Austria and Switzerland. This volume presents the proceedings of this meeting. The volume focuses on the recent history of the university as a field of research as well as methods to explore the history of the university after 1945. A contribution on the history of the university in the German Democratic Republic (GDR) highlights the current state of research. Two examples convey how universities cope with their recent history.<\/p>\n\n\n\n<p>In Vorbereitung auf die 75-Jahrfeier der Johannes Gutenberg-Universit\u00e4t Mainz hat der Forschungsverbund Universit\u00e4tsgeschichte Wissenschaftlerinnen und Wissenschaftler aus Deutschland, \u00d6sterreich und der Schweiz versammelt. Dieser Band pr\u00e4sentiert die Ergebnisse dieser Zusammenkunft. Im Zentrum stehen die Fragen nach dem Forschungsgegenstand der neueren Universit\u00e4tsgeschichte sowie nach Methoden und Zug\u00e4ngen zur Erforschung der Universit\u00e4tsgeschichte nach 1945. Erg\u00e4nzt um einen Beitrag zur Universit\u00e4tsgeschichte der DDR wird dabei der aktuelle Forschungsstand beleuchtet. Zwei Einzelbeispiele vermitteln schlie\u00dflich den Umgang von Universit\u00e4ten mit ihrer j\u00fcngeren Geschichte.<\/p>\n\n\n\n<p><a href=\"https:\/\/www.vandenhoeck-ruprecht-verlage.com\/themen-entdecken\/geschichte\/zeitgeschichte-ab-1949\/51249\/universitaetsgeschichte-schreiben\">https:\/\/www.vandenhoeck-ruprecht-verlage.com\/themen-entdecken\/geschichte\/zeitgeschichte-ab-1949\/51249\/universitaetsgeschichte-schreiben<\/a><\/p>\n\n\n\n<hr class=\"wp-block-separator\"\/>\n","protected":false},"excerpt":{"rendered":"","protected":false},"author":2,"featured_media":22922,"comment_status":"open","ping_status":"open","sticky":false,"template":"","format":"standard","meta":{"_acf_changed":false,"jetpack_post_was_ever_published":false,"_jetpack_newsletter_access":"","_jetpack_dont_email_post_to_subs":false,"_jetpack_newsletter_tier_id":0,"_jetpack_memberships_contains_paywalled_content":false,"_jetpack_memberships_contains_paid_content":false,"footnotes":"","jetpack_publicize_message":"","jetpack_publicize_feature_enabled":true,"jetpack_social_post_already_shared":true,"jetpack_social_options":{"image_generator_settings":{"template":"highway","default_image_id":0,"font":"","enabled":false},"version":2}},"categories":[8,3],"tags":[],"class_list":["post-22921","post","type-post","status-publish","format-standard","has-post-thumbnail","hentry","category-knjige","category-novosti"],"acf":{"facebook_opis":""},"jetpack_publicize_connections":[],"jetpack_featured_media_url":"https:\/\/i0.wp.com\/historiografija.hr\/wp-content\/uploads\/2020\/10\/Uni.jpg?fit=401%2C600&ssl=1","jetpack_sharing_enabled":true,"jetpack-related-posts":[{"id":52586,"url":"https:\/\/historiografija.hr\/?p=52586","url_meta":{"origin":22921,"position":0},"title":"Aur\u00e9lie Daher, \u201eHezbollah: Mobilisation and Power\u201c","author":"Branimir Jankovi\u0107","date":"22. travnja 2026.","format":false,"excerpt":"Morning Star \u2018Book of the Year\u2019 Social movement, liberation party or terrorist group? With Hezbollah\u2019s growing involvement in the war in Syria, this study of its impact on Lebanon, drawing heavily on first-hand interviews, could not be more timely. Description Almost forty years after its foundation, Hezbollah remains an enigma.\u2026","rel":"","context":"U &quot;Knjige&quot;","block_context":{"text":"Knjige","link":"https:\/\/historiografija.hr\/?cat=8"},"img":{"alt_text":"","src":"https:\/\/i0.wp.com\/historiografija.hr\/wp-content\/uploads\/2026\/04\/Daher-Hezbollah.jpg?fit=600%2C931&ssl=1&resize=350%2C200","width":350,"height":200,"srcset":"https:\/\/i0.wp.com\/historiografija.hr\/wp-content\/uploads\/2026\/04\/Daher-Hezbollah.jpg?fit=600%2C931&ssl=1&resize=350%2C200 1x, https:\/\/i0.wp.com\/historiografija.hr\/wp-content\/uploads\/2026\/04\/Daher-Hezbollah.jpg?fit=600%2C931&ssl=1&resize=525%2C300 1.5x"},"classes":[]},{"id":52664,"url":"https:\/\/historiografija.hr\/?p=52664","url_meta":{"origin":22921,"position":1},"title":"CfP: CONFERENCE OF THE HISTORY OF CONCEPTS GROUP, HELSINKI, 19TH\u201321ST AUGUST 2026 (DEADLINE: 30TH APRIL 2026)","author":"Branimir Jankovi\u0107","date":"24. travnja 2026.","format":false,"excerpt":"The annual conference of the History of Concepts Group is held at the University of Helsinki, 19-21 August 2026. Conference of the History of Concepts Group Conceptual history studies the use of concepts and tries to understand how historical actors have linguistically articulated views of the world. Studying concepts from\u2026","rel":"","context":"U &quot;Novosti&quot;","block_context":{"text":"Novosti","link":"https:\/\/historiografija.hr\/?cat=3"},"img":{"alt_text":"","src":"https:\/\/i0.wp.com\/historiografija.hr\/wp-content\/uploads\/2017\/10\/hsozkult.png?fit=1006%2C241&ssl=1&resize=350%2C200","width":350,"height":200,"srcset":"https:\/\/i0.wp.com\/historiografija.hr\/wp-content\/uploads\/2017\/10\/hsozkult.png?fit=1006%2C241&ssl=1&resize=350%2C200 1x, https:\/\/i0.wp.com\/historiografija.hr\/wp-content\/uploads\/2017\/10\/hsozkult.png?fit=1006%2C241&ssl=1&resize=525%2C300 1.5x, https:\/\/i0.wp.com\/historiografija.hr\/wp-content\/uploads\/2017\/10\/hsozkult.png?fit=1006%2C241&ssl=1&resize=700%2C400 2x"},"classes":[]},{"id":52531,"url":"https:\/\/historiografija.hr\/?p=52531","url_meta":{"origin":22921,"position":2},"title":"Jonathan G. Leslie, \u201eFear and Insecurity: Israel and the Iran Threat Narrative\u201c","author":"Branimir Jankovi\u0107","date":"17. travnja 2026.","format":false,"excerpt":"Why is Israel\u2019s former ally Iran now perceived as the country\u2019s greatest threat? Description To observers of the Iran-Israel conflict, its vitriolic rhetoric might suggest an ancient hatred between Jews and Muslims\u2013a biblical feud dating back hundreds, or thousands, of years. But this rivalry is a far more modern development.\u2026","rel":"","context":"U &quot;Knjige&quot;","block_context":{"text":"Knjige","link":"https:\/\/historiografija.hr\/?cat=8"},"img":{"alt_text":"","src":"https:\/\/i0.wp.com\/historiografija.hr\/wp-content\/uploads\/2026\/04\/Leslie.jpg?fit=391%2C612&ssl=1&resize=350%2C200","width":350,"height":200},"classes":[]},{"id":52688,"url":"https:\/\/historiografija.hr\/?p=52688","url_meta":{"origin":22921,"position":3},"title":"Eleonora Naxidou and Yura Konstantinova \u201eBalkan Perspectives of Europe: Between East and West\u201c","author":"Filip \u0160imunjak","date":"28. travnja 2026.","format":false,"excerpt":"Through the lens of the Balkan nations, this volume makes a valuable and significant contribution to the fields of European and Southeast European studies by reconsidering the East\/West dichotomy \u2013 both in terms of the Orient\u2013Occident divide and the Eastern\u2013Western Europe binary. Balkan Perspectives of Europe focuses on concepts of\u2026","rel":"","context":"U &quot;Knjige&quot;","block_context":{"text":"Knjige","link":"https:\/\/historiografija.hr\/?cat=8"},"img":{"alt_text":"","src":"https:\/\/i0.wp.com\/historiografija.hr\/wp-content\/uploads\/2026\/04\/Balkan-Perspectives-of-Europe-Between-East-and-West.jpg?fit=350%2C525&ssl=1&resize=350%2C200","width":350,"height":200},"classes":[]},{"id":52641,"url":"https:\/\/historiografija.hr\/?p=52641","url_meta":{"origin":22921,"position":4},"title":"CfP: WHO OWNS THE PAST? VERNACULAR MEMORY, STATE MEMORY, AND THE POLITICS OF OWNERSHIP","author":"Branimir Jankovi\u0107","date":"24. travnja 2026.","format":false,"excerpt":"VIENNA, 31ST AUGUST\u20133RD SEPTEMBER 2026 (DEADLINE: 24TH APRIL 2026) The Center for Austrian Studies at the European Forum at the Hebrew University and the Austrian Academy of Sciences\/Institute of Culture Studies invite early postdocs, PhD candidates, and advanced Master\u2019s students from the Hebrew University of Jerusalem and universities and academic\u2026","rel":"","context":"U &quot;Novosti&quot;","block_context":{"text":"Novosti","link":"https:\/\/historiografija.hr\/?cat=3"},"img":{"alt_text":"","src":"https:\/\/i0.wp.com\/historiografija.hr\/wp-content\/uploads\/2017\/10\/hsozkult.png?fit=1006%2C241&ssl=1&resize=350%2C200","width":350,"height":200,"srcset":"https:\/\/i0.wp.com\/historiografija.hr\/wp-content\/uploads\/2017\/10\/hsozkult.png?fit=1006%2C241&ssl=1&resize=350%2C200 1x, https:\/\/i0.wp.com\/historiografija.hr\/wp-content\/uploads\/2017\/10\/hsozkult.png?fit=1006%2C241&ssl=1&resize=525%2C300 1.5x, https:\/\/i0.wp.com\/historiografija.hr\/wp-content\/uploads\/2017\/10\/hsozkult.png?fit=1006%2C241&ssl=1&resize=700%2C400 2x"},"classes":[]},{"id":52679,"url":"https:\/\/historiografija.hr\/?p=52679","url_meta":{"origin":22921,"position":5},"title":"CfP: CHOSEN NATION(S): HISTORICAL AND CULTURAL INTERPRETATIONS OF EXCEPTIONALISM, BUDAPEST, 10TH\u201311TH JUNE 2026 (DEADLINE: 1ST MAY 2026)","author":"Branimir Jankovi\u0107","date":"27. travnja 2026.","format":false,"excerpt":"The Ludovika University of Public Service (NKE) and the Jewish Theological Seminary \u2013 University of Jewish Studies (OR-ZSE) are pleased to announce a joint academic conference on \u201cChosen Nation(s): Historical and Cultural Interpretations of Exceptionalism\u201d, to be held in Budapest, Hungary. Chosen Nation(s): Historical and Cultural Interpretations of Exceptionalism Keynote\u2026","rel":"","context":"U &quot;Novosti&quot;","block_context":{"text":"Novosti","link":"https:\/\/historiografija.hr\/?cat=3"},"img":{"alt_text":"","src":"https:\/\/i0.wp.com\/historiografija.hr\/wp-content\/uploads\/2017\/10\/hsozkult.png?fit=1006%2C241&ssl=1&resize=350%2C200","width":350,"height":200,"srcset":"https:\/\/i0.wp.com\/historiografija.hr\/wp-content\/uploads\/2017\/10\/hsozkult.png?fit=1006%2C241&ssl=1&resize=350%2C200 1x, https:\/\/i0.wp.com\/historiografija.hr\/wp-content\/uploads\/2017\/10\/hsozkult.png?fit=1006%2C241&ssl=1&resize=525%2C300 1.5x, https:\/\/i0.wp.com\/historiografija.hr\/wp-content\/uploads\/2017\/10\/hsozkult.png?fit=1006%2C241&ssl=1&resize=700%2C400 2x"},"classes":[]}],"_links":{"self":[{"href":"https:\/\/historiografija.hr\/index.php?rest_route=\/wp\/v2\/posts\/22921","targetHints":{"allow":["GET"]}}],"collection":[{"href":"https:\/\/historiografija.hr\/index.php?rest_route=\/wp\/v2\/posts"}],"about":[{"href":"https:\/\/historiografija.hr\/index.php?rest_route=\/wp\/v2\/types\/post"}],"author":[{"embeddable":true,"href":"https:\/\/historiografija.hr\/index.php?rest_route=\/wp\/v2\/users\/2"}],"replies":[{"embeddable":true,"href":"https:\/\/historiografija.hr\/index.php?rest_route=%2Fwp%2Fv2%2Fcomments&post=22921"}],"version-history":[{"count":1,"href":"https:\/\/historiografija.hr\/index.php?rest_route=\/wp\/v2\/posts\/22921\/revisions"}],"predecessor-version":[{"id":22923,"href":"https:\/\/historiografija.hr\/index.php?rest_route=\/wp\/v2\/posts\/22921\/revisions\/22923"}],"wp:featuredmedia":[{"embeddable":true,"href":"https:\/\/historiografija.hr\/index.php?rest_route=\/wp\/v2\/media\/22922"}],"wp:attachment":[{"href":"https:\/\/historiografija.hr\/index.php?rest_route=%2Fwp%2Fv2%2Fmedia&parent=22921"}],"wp:term":[{"taxonomy":"category","embeddable":true,"href":"https:\/\/historiografija.hr\/index.php?rest_route=%2Fwp%2Fv2%2Fcategories&post=22921"},{"taxonomy":"post_tag","embeddable":true,"href":"https:\/\/historiografija.hr\/index.php?rest_route=%2Fwp%2Fv2%2Ftags&post=22921"}],"curies":[{"name":"wp","href":"https:\/\/api.w.org\/{rel}","templated":true}]}}